{"id":6718,"date":"1991-07-12T16:23:40","date_gmt":"1991-07-12T16:23:40","guid":{"rendered":"\/?p=6718"},"modified":"2017-05-18T15:23:49","modified_gmt":"2017-05-18T15:23:49","slug":"lolivier-1-partie","status":"publish","type":"post","link":"https:\/\/www.servir.caef.net\/?p=6718","title":{"rendered":"L&rsquo;olivier (1\u00b0 partie)"},"content":{"rendered":"<h1 style=\"text-align: center;\">L&rsquo;olivier (1\u00b0 partie)<\/h1>\n<p>&nbsp;<\/p>\n<p style=\"text-align: center;\">\u00a0<a href=\"\/wp-content\/uploads\/2008\/05\/feuillage.gif\"><img loading=\"lazy\" decoding=\"async\" class=\" wp-image-8339 aligncenter\" src=\"\/wp-content\/uploads\/2008\/05\/feuillage.gif\" alt=\"feuillage\" width=\"347\" height=\"241\" \/><\/a><\/p>\n<p style=\"text-align: right;\"><span style=\"color: #b22222;\"><strong><a href=\"\/wp-content\/uploads\/1991\/pdf1991\/1991_04_22_lolivier1et2.pdf\" target=\"_blank\"><br \/> <\/a><\/strong><\/span><\/p>\n<p><span style=\"color: #b22222;\"><span style=\"font-size: 16px;\"><strong>par Jean Metz<sub>1<\/sub><\/strong><\/span><\/span><\/p>\n<p><strong><br \/> <\/strong><\/p>\n<p style=\"text-align: justify;\"><strong>Cet arbre occupe une place de choix dans la Bible, dans la vie du peuple de Dieu et dans le plan de Dieu.<\/strong><\/p>\n<p style=\"text-align: justify;\">\u00a0<\/p>\n<p>&nbsp;<\/p>\n<p style=\"text-align: justify;\">L&rsquo;olivier cultiv\u00e9 appartient \u00e0 la famille des ol\u00e9ac\u00e9es, avec le jasmin et le lilas bien connus. Bien qu&rsquo;appel\u00e9 <em>olea europea<\/em> il est, en fait, originaire d&rsquo;Asie. Il s&rsquo;est r\u00e9pandu depuis l&rsquo;Antiquit\u00e9 dans tout le bassin de la M\u00e9diterran\u00e9e, apport\u00e9 par les Grecs et les Romains sous les noms d&rsquo;<em>\u00e9loio<\/em> et d&rsquo;<em>oliva,<\/em> tandis que les Arabes le r\u00e9pandaient jusqu&rsquo;en Espagne sous un nom proche de l&rsquo;h\u00e9breu (<em>zait<\/em>), \u00ab\u00a0<em>zeitun<\/em>\u00a0\u00bb qui est rest\u00e9 \u00ab\u00a0<em>aceituna<\/em>\u00a0\u00bb en espagnol jusqu&rsquo;\u00e0 aujourd&rsquo;hui.<\/p>\n<p style=\"text-align: justify;\"><!--more--><\/p>\n<p style=\"text-align: justify;\"><strong><a href=\"\/wp-content\/uploads\/1991\/pdf1991\/1991_04_22_lolivier1et2.pdf\" target=\"_blank\"><img loading=\"lazy\" decoding=\"async\" title=\"iconePDF\" src=\"\/wp-content\/uploads\/2011\/01\/iconePDF.jpg\" alt=\"\" width=\"81\" height=\"76\" align=\"right\" hspace=\"8\" vspace=\"8\" \/><\/a><\/strong><\/p>\n<p style=\"text-align: right;\"><strong><a href=\"\/wp-content\/uploads\/1991\/pdf1991\/1991_04_22_lolivier1et2.pdf\" target=\"_blank\">T\u00e9l\u00e9charger la version compl\u00e8te<\/a><\/strong><\/p>\n<p style=\"text-align: justify;\">\u00a0<\/p>\n<p style=\"text-align: justify;\">Pour les profanes, l&rsquo;olivier appara\u00eet, au premier abord, comme un arbre bizarre, presque quelconque, et malheur \u00e0 celui qui, voyant pour la premi\u00e8re fois un olivier charg\u00e9 de fruits, se jette sur une olive pour la go\u00fbter ; il recrache aussit\u00f4t cet \u00e2cre fruit sans rapport avec l&rsquo;olive famili\u00e8re de nos tables. Les peuples m\u00e9diterran\u00e9ens, eux, l&rsquo;ont au contraire trouv\u00e9 si utile, qu&rsquo;ils l&rsquo;ont r\u00e9pandu plus qu&rsquo;aucun autre, et lui ont attribu\u00e9 &#8212; aussi loin que remonte le souvenir &#8211; les plus pr\u00e9cieuses qualit\u00e9s. L&rsquo;olivier est un don de Dieu. Il symbolise tant et tant de qualit\u00e9s qu&rsquo;on devrait se demander plut\u00f4t ce qu&rsquo;il ne symbolise pas.<\/p>\n<p style=\"text-align: justify;\">\u00a0<\/p>\n<p style=\"text-align: justify;\">\u00a0<\/p>\n<h2>Le premier rameau<\/h2>\n<p style=\"text-align: justify;\">\u00a0<\/p>\n<p style=\"text-align: justify;\"><strong><a href=\"\/wp-content\/uploads\/1991\/pdf1991\/1991_04_22_lolivier1.pdf\" target=\"_blank\"><img loading=\"lazy\" decoding=\"async\" title=\"iconePDF\" src=\"\/wp-content\/uploads\/2011\/01\/iconePDF.jpg\" alt=\"\" width=\"81\" height=\"76\" align=\"right\" hspace=\"8\" vspace=\"8\" \/><\/a><\/strong>Le premier symbole remonte \u00e0 No\u00e9 qui tend sa main par la fen\u00eatre de l&rsquo;arche pour y recevoir la colombe rapportant dans son bec un rameau d&rsquo;olivier ; c&rsquo;\u00e9tait l&rsquo;esp\u00e9rance que la vie allait reprendre sur la terre. L&rsquo;olivier est aussi un symbole de foi : il faut le voir vivre de si peu, s&rsquo;accrocher sur la roche presque nue et y tenir bon durant des si\u00e8cles. En m\u00eame temps, et comme par contradiction, il est un symbole d&rsquo;abondance et de b\u00e9n\u00e9diction divine : savez-vous qu&rsquo;il faut trente ans \u00e0 cet arbre pour devenir adulte, mais qu&rsquo;il produit ensuite, pendant des si\u00e8cles, ses cinquante \u00e0 cent kilos d&rsquo;olives r\u00e9guli\u00e8rement.<\/p>\n<p style=\"text-align: justify;\">\u00a0<\/p>\n<p style=\"text-align: justify;\"><a href=\"\/wp-content\/uploads\/2012\/11\/commentaire-Bible.jpg\"><img loading=\"lazy\" decoding=\"async\" class=\" wp-image-7966 alignleft\" style=\"margin: 10px;\" src=\"\/wp-content\/uploads\/2012\/11\/commentaire-Bible.jpg\" alt=\"commentaire Bible\" width=\"120\" height=\"174\" \/><\/a>Une curieuse histoire nous est cont\u00e9e dans la Bible, au livre des <span style=\"background-color: #add8e6;\"><em>Juges (9.8)<\/em><\/span>. Elle met en sc\u00e8ne les arbres qui se concertent pour se donner un roi. Le premier auquel ils s&rsquo;adressent est l&rsquo;olivier. Quel symbole de sagesse et de mod\u00e9ration dans sa r\u00e9ponse, voire m\u00eame d&rsquo;humour !<\/p>\n<p style=\"text-align: justify;\">\u00a0<\/p>\n<p style=\"text-align: justify;\">Voici ce qu&rsquo;il dit : \u00ab\u00a0Renoncerais-je \u00e0 mon huile qui m&rsquo;assure les hommages de Dieu et des hommes pour aller planer sur les arbres ?\u00a0\u00bb Sur ce refus, les arbres se tournent vers le figuier, puis vers la vigne et finissent par le buisson d&rsquo;\u00e9pines. L&rsquo;olivier repr\u00e9sente la sagesse et la mod\u00e9ration.<\/p>\n<p style=\"text-align: justify;\">\u00a0<\/p>\n<p style=\"text-align: justify;\">Dans un tout autre ordre d&rsquo;id\u00e9e, il symbolise en m\u00eame temps la victoire et la gloire : c&rsquo;\u00e9tait une couronne de feuilles d&rsquo;olivier qui r\u00e9compensait le vainqueur aux Jeux Olympiques, ou bien encore, ceignait la t\u00eate des empereurs.<\/p>\n<p style=\"text-align: justify;\">\u00a0<\/p>\n<p style=\"text-align: justify;\">\u00a0<\/p>\n<h2>Le plus beau des arbres<\/h2>\n<p style=\"text-align: justify;\">\u00a0<\/p>\n<p style=\"text-align: justify;\">Cet arbre se pla\u00eet dans les r\u00e9gions chaudes et s\u00e8ches de la M\u00e9diterran\u00e9e. Dans un paysage souvent aride, il est une note de verdure, de fra\u00eecheur et de beaut\u00e9 n\u00e9cessaire. Atteignant jusqu&rsquo;\u00e0 vingt m\u00e8tres de haut, demeurant toujours vert au plus fort de la s\u00e9cheresse, il ne pouvait que figurer la magnificence et la beaut\u00e9.<\/p>\n<p style=\"text-align: justify;\">\u00a0<\/p>\n<p style=\"text-align: justify;\">Dieu dit, en parlant d&rsquo;Isra\u00ebl, son peuple : <span style=\"background-color: #add8e6;\"><em>\u00ab\u00a0II aura la magnificence de l&rsquo;olivier !\u00a0\u00bb (Os 14.6)<\/em><\/span>. Enfin citons la paix, la joie et la fraternit\u00e9, mais en pr\u00e9cisant que ces trois vertus font penser \u00e0 la principale vertu de l&rsquo;olivier, la plus cach\u00e9e \u00e0 premi\u00e8re vue, car son fruit seul la renferme : c&rsquo;est l&rsquo;huile de l&rsquo;olive.<\/p>\n<p style=\"text-align: justify;\">\u00a0<\/p>\n<p style=\"text-align: justify;\">Voil\u00e0 la cl\u00e9 du myst\u00e8re et la raison d&rsquo;\u00eatre de cet arbre, don de Dieu et joie des hommes. Il faut encore ajouter que le reste de l&rsquo;arbre, et son bois pour commencer, se pr\u00eate \u00e0 mille travaux : objets en bois d&rsquo;olivier, lisses au toucher, vein\u00e9s de brun, admirables \u00e0 l&rsquo;oeil et inusables.<\/p>\n<p style=\"text-align: justify;\">\u00a0<\/p>\n<p style=\"text-align: justify;\">On ne coupe pas un olivier pour lui ravir son bois ; il est sacr\u00e9 \u00e0 cause de sa production d&rsquo;huile. Seul, l&rsquo;olivier sauvage \u00e9tait utilis\u00e9 couramment pour son bois. Le grand Salomon avait ainsi re\u00e7u l&rsquo;ordre de Dieu de tailler les grands ch\u00e9rubins et les portes m\u00eame du sanctuaire dans du bois d&rsquo;olivier sauvage. Ce qu&rsquo;il fit.<\/p>\n<p style=\"text-align: justify;\">\u00a0<\/p>\n<p style=\"text-align: justify;\">\u00a0<\/p>\n<h2>Un miracle permanent<\/h2>\n<p style=\"text-align: justify;\">\u00a0<\/p>\n<p style=\"text-align: justify;\">Terminons l\u00e0 et retenons, qu&rsquo;entre beaucoup d&rsquo;arbres, l&rsquo;olivier est, par excellence, le t\u00e9moignage du miracle permanent de Dieu. Peut-on appeler autrement que \u00abmiracle permanent\u00bb sa facult\u00e9 de braver les si\u00e8cles, en ne tirant sa substance que du rocher aride, et nourrissant, de plus, inlassablement, les g\u00e9n\u00e9rations qui se suivent, de sa production la plus d\u00e9lectable.<\/p>\n<p style=\"text-align: justify;\">\u00a0<\/p>\n<p style=\"text-align: justify;\">D\u00e9j\u00e0, au temps de l&rsquo;Exode et de Mo\u00efse, Dieu n&rsquo;a voulu d&rsquo;autre titre que celui du \u00ab Dieu capable de faire l&rsquo;impossible\u00a0\u00bb&#8230; et il rappelle comment II s&rsquo;est servi, pour cela, de l&rsquo;olivier : \u00ab\u00a0L&rsquo;Eternel seul, <strong>seul<\/strong>, a conduit son peuple, II lui a fait sucer le miel du rocher, l&rsquo;huile qui sort du rocher le plus dur\u00bb. Oui, l&rsquo;impossible, Dieu peut le r\u00e9aliser. Du rocher le plus dur, de la st\u00e9rilit\u00e9 m\u00eame, de la situation la plus insupportable, II peut faire jaillir la paix, la joie et la fraternit\u00e9. C&rsquo;est Son huile qui sort du rocher le plus dur&#8230;<\/p>\n<p style=\"text-align: right;\"><em>A suivre&#8230;<br \/> <\/em><\/p>\n<p style=\"text-align: center;\">\u00a0<\/p>\n<p style=\"text-align: center;\">J.M.<\/p>\n<hr \/>\n<p style=\"text-align: justify;\">Note<\/p>\n<p style=\"text-align: justify;\">\u00a0<\/p>\n<p style=\"text-align: justify;\"><strong>1.<\/strong> : Jean Metz fut un des fondateurs de l&rsquo;Assembl\u00e9e de la Bonne Nouvelle \u00e0 Strasbourg. Professeur dans un lyc\u00e9e technique, il partit comme missionnaire au Tchad en 1951 et cr\u00e9a l&rsquo;\u00e9cole et l&rsquo;\u00e9glise de Moukoulou.<\/p>\n","protected":false},"excerpt":{"rendered":"<p>L&rsquo;olivier (1\u00b0 partie) &nbsp; \u00a0 par Jean Metz1 Cet arbre occupe une place de choix dans la Bible, dans la vie du peuple de Dieu et dans le plan de Dieu. \u00a0 &nbsp; L&rsquo;olivier cultiv\u00e9 appartient \u00e0 la famille des ol\u00e9ac\u00e9es, avec le jasmin et le lilas bien connus. Bien qu&rsquo;appel\u00e9 olea europea il est, [&hellip;]<\/p>\n","protected":false},"author":175,"featured_media":0,"comment_status":"closed","ping_status":"closed","sticky":false,"template":"","format":"standard","meta":{"footnotes":""},"categories":[26,21],"tags":[],"class_list":["post-6718","post","type-post","status-publish","format-standard","hentry","category-la-bible","category-ethique"],"_links":{"self":[{"href":"https:\/\/www.servir.caef.net\/index.php?rest_route=\/wp\/v2\/posts\/6718","targetHints":{"allow":["GET"]}}],"collection":[{"href":"https:\/\/www.servir.caef.net\/index.php?rest_route=\/wp\/v2\/posts"}],"about":[{"href":"https:\/\/www.servir.caef.net\/index.php?rest_route=\/wp\/v2\/types\/post"}],"author":[{"embeddable":true,"href":"https:\/\/www.servir.caef.net\/index.php?rest_route=\/wp\/v2\/users\/175"}],"replies":[{"embeddable":true,"href":"https:\/\/www.servir.caef.net\/index.php?rest_route=%2Fwp%2Fv2%2Fcomments&post=6718"}],"version-history":[{"count":0,"href":"https:\/\/www.servir.caef.net\/index.php?rest_route=\/wp\/v2\/posts\/6718\/revisions"}],"wp:attachment":[{"href":"https:\/\/www.servir.caef.net\/index.php?rest_route=%2Fwp%2Fv2%2Fmedia&parent=6718"}],"wp:term":[{"taxonomy":"category","embeddable":true,"href":"https:\/\/www.servir.caef.net\/index.php?rest_route=%2Fwp%2Fv2%2Fcategories&post=6718"},{"taxonomy":"post_tag","embeddable":true,"href":"https:\/\/www.servir.caef.net\/index.php?rest_route=%2Fwp%2Fv2%2Ftags&post=6718"}],"curies":[{"name":"wp","href":"https:\/\/api.w.org\/{rel}","templated":true}]}}