{"id":6748,"date":"1989-01-18T09:31:09","date_gmt":"1989-01-18T09:31:09","guid":{"rendered":"\/?p=6748"},"modified":"2015-12-16T10:33:00","modified_gmt":"2015-12-16T10:33:00","slug":"rencontres-avec-jesus","status":"publish","type":"post","link":"https:\/\/www.servir.caef.net\/?p=6748","title":{"rendered":"Rencontres avec J\u00e9sus"},"content":{"rendered":"<h1 style=\"text-align: center;\">Rencontres avec J\u00e9sus<\/h1>\n<p>\u00a0<a href=\"\/wp-content\/uploads\/2012\/07\/vitraux-2.jpg\"><img loading=\"lazy\" decoding=\"async\" class=\"size-full wp-image-7375 aligncenter\" src=\"\/wp-content\/uploads\/2012\/07\/vitraux-2.jpg\" alt=\"vitraux-2\" width=\"147\" height=\"435\" srcset=\"https:\/\/www.servir.caef.net\/wp-content\/uploads\/2012\/07\/vitraux-2.jpg 147w, https:\/\/www.servir.caef.net\/wp-content\/uploads\/2012\/07\/vitraux-2-101x300.jpg 101w\" sizes=\"auto, (max-width: 147px) 100vw, 147px\" \/><\/a><\/p>\n<p><span style=\"color: #b22222;\"><span style=\"font-size: 16px;\"><strong>par Francis ESTEVE<\/strong><\/span><\/span><\/p>\n<p>&nbsp;<\/p>\n<p><strong><br \/> <\/strong><\/p>\n<p>&nbsp;<\/p>\n<p style=\"text-align: justify;\"><strong>Nous vous proposons une petite s\u00e9rie d&rsquo;articles sur quel-ques personnages qui ont rencontr\u00e9 J\u00e9sus dans l&rsquo;Evangile de Jean. Notre objectif est simple : nous aider \u00e0 c\u00f4toyer notre Sauveur dans l&rsquo;intimit\u00e9, \u00e0 dialoguer avec lui, \u00e0 vouloir le conna\u00eetre encore plus profond\u00e9ment ; tout cela au travers de certains textes-dialogues de cette \u0153uvre si personnelle qu&rsquo;est la Bonne Nouvelle selon Saint Jean. On a souvent remarqu\u00e9 que <span style=\"background-color: #add8e6;\"><em>\u00ab\u00a0le disciple que J\u00e9sus aimait\u00a0\u00bb<\/em><\/span>, sans doute Jean lui-m\u00eame, pr\u00e9f\u00e9rait narrer des entretiens individuels plut\u00f4t que des sc\u00e8nes o\u00f9 grouillent les foules.<\/strong><\/p>\n<p style=\"text-align: justify;\"><strong><br \/> <\/strong><\/p>\n<p style=\"text-align: justify;\"><strong>A deux reprises, l&rsquo;auteur exprime clairement son but : <span style=\"background-color: #add8e6;\"><em>\u00ab\u00a0Celui qui l&rsquo;a vu en a rendu t\u00e9moignage, et son t\u00e9moignage est vrai ; et il sait qu&rsquo;il dit vrai, afin que vous croyiez aussi.\u00a0\u00bb (19.35)<\/em><\/span> et : <span style=\"background-color: #add8e6;\"><em>\u00ab\u00a0Ces choses ont \u00e9t\u00e9 \u00e9crites afin que vous croyiez que J\u00e9sus est le Christ, le Fils de Dieu, et qu&rsquo;en croyant vous ayez la vie en son nom.\u00a0\u00bb (20.31).<\/em><\/span><\/strong><\/p>\n<p style=\"text-align: justify;\"><strong>Connaissons-nous bien J\u00e9sus ? Avons-nous conscience de cette vie nouvelle qu&rsquo;il nous a donn\u00e9e ? Notre foi a-t-elle le m\u00eame but que celui de l&rsquo;\u00e9vang\u00e9liste lorsqu&rsquo;il \u00e9crivait son r\u00e9cit de la vie du Ma\u00eetre ?<\/strong><\/p>\n<p style=\"text-align: justify;\">\u00a0<\/p>\n<p style=\"text-align: justify;\"><!--more--><\/p>\n<p style=\"text-align: justify;\">\u00a0<\/p>\n<h1 style=\"text-align: center;\">Jean le Baptiseur et ses disciples<\/h1>\n<h1 style=\"text-align: center;\">rencontrent le Christ<\/h1>\n<p style=\"text-align: justify;\">\u00a0<\/p>\n<p style=\"text-align: justify;\">\u00a0<\/p>\n<h2>LA SEMAINE INAUGURALE <span style=\"background-color: #add8e6;\"><em>(Jean 1.15-2.11)<\/em><\/span><\/h2>\n<p style=\"text-align: justify;\">\u00a0<\/p>\n<p style=\"text-align: justify;\"><strong><a href=\"..\/wp-content\/uploads\/1989\/pdf1989\/1989_01_02_rencontresavecjesus.pdf\" target=\"_blank\"><img loading=\"lazy\" decoding=\"async\" src=\"\/wp-content\/uploads\/2011\/01\/iconePDF.jpg\" alt=\"\" width=\"81\" height=\"76\" name=\"images1\" align=\"RIGHT\" border=\"1\" hspace=\"8\" vspace=\"8\" \/><\/a><\/strong>Jean nous propose un texte tr\u00e8s travaill\u00e9, plein de d\u00e9tails souvent charg\u00e9s de sens. Ainsi dans cette premi\u00e8re partie l&rsquo;expression <span style=\"background-color: #add8e6;\"><em>\u00ab\u00a0le lendemain\u00a0\u00bb<\/em><\/span> revient trois fois <span style=\"background-color: #add8e6;\"><em>(1.29,35,43)<\/em><\/span>, \u00e0 quoi il faut ajouter les <span style=\"background-color: #add8e6;\"><em>\u00ab\u00a0trois jours apr\u00e8s\u00a0\u00bb<\/em><\/span> de<span style=\"background-color: #add8e6;\"><em> 2.1<\/em><\/span>. Simples pr\u00e9cisions chronologiques direz-vous, \u00e9tonnant tout de m\u00eame de dater si pr\u00e9cis\u00e9ment les faits seulement \u00e0 cet endroit (au tout d\u00e9but du minist\u00e8re) et dans le r\u00e9cit de la Passion. Si l&rsquo;on compte bien, trois \u00ab\u00a0lendemains\u00a0\u00bb plus \u00ab\u00a0trois jours apr\u00e8s\u00a0\u00bb nous donnent une semaine, une semaine qui n&rsquo;est pas sans nous rappeler celle de la cr\u00e9ation du monde (surtout quand il commence aussi son livre par les m\u00eames mots que la Gen\u00e8se: <span style=\"background-color: #add8e6;\"><em>\u00ab\u00a0Au commencement&#8230;\u00a0\u00bb (Gn 1.1)<\/em><\/span>.<\/p>\n<p style=\"text-align: justify;\">\u00a0<\/p>\n<p style=\"text-align: justify;\">Le prologue <span style=\"background-color: #add8e6;\"><em>(Jean 1.1-12)<\/em><\/span> nous parlait de la Parole \u00ab\u00a0l\u00e0-haut\u00a0\u00bb hors du temps cosmique, \u00e0 pr\u00e9sent nous sommes sur terre dans un syst\u00e8me dat\u00e9. L&rsquo;\u00e9vang\u00e9liste n&rsquo;attend pas la Passion pour dresser le proc\u00e8s de J\u00e9sus, il commence d&#8217;embl\u00e9e : le cas J\u00e9sus doit \u00eatre instruit, il faut apporter des preuves ; alors, qu&rsquo;on appelle le premier t\u00e9moin \u00e0 la barre : Jean le Baptiseur.<\/p>\n<h3>\u00a0<\/h3>\n<h3>Premier jour\u00a0: le Baptiseur devant le tribunal nie \u00eatre le Messie <span style=\"background-color: #add8e6;\"><em>(1.19-28)<\/em><\/span><\/h3>\n<p style=\"text-align: justify;\">\u00a0<\/p>\n<p style=\"text-align: justify;\">Les autorit\u00e9s juridiques d\u00e9l\u00e9gu\u00e9es par les hautes instances de J\u00e9rusalem sont descendues tout expr\u00e8s \u00e0 B\u00e9thanie <span style=\"background-color: #add8e6;\"><em>(1.28)<\/em><\/span> ou Bethabara en P\u00e9r\u00e9e (notez le d\u00e9tail : <span style=\"background-color: #add8e6;\"><em>\u00ab\u00a0de l&rsquo;autre c\u00f4t\u00e9 du Jourdain\u00a0\u00bb<\/em><\/span>, l&rsquo;action du Seigneur se situe hors de la Jud\u00e9e). Pr\u00eatres et L\u00e9vites sont venus interroger le Baptiseur, et d\u00e8s le d\u00e9part ils posent la question cl\u00e9 : <span style=\"background-color: #add8e6;\"><em>\u00ab\u00a0Qui es-tu ?\u00a0\u00bb (1.19)<\/em><\/span> La r\u00e9ponse est instantan\u00e9e, c&rsquo;est une affirmation claire et sans tergiversation : <span style=\"background-color: #add8e6;\"><em>\u00ab\u00a0Je ne suis pas le Messie !\u00a0\u00bb<\/em><\/span> Celui-ci vous ne le connaissez pas <span style=\"background-color: #add8e6;\"><em>(1.26)<\/em><\/span>, il ne va pas tarder \u00e0 se faire remarquer, et il est bien sup\u00e9rieur \u00e0 moi <span style=\"background-color: #add8e6;\"><em>(1 27)<\/em><\/span>.<\/p>\n<p style=\"text-align: justify;\">\u00a0<\/p>\n<h3>Deuxi\u00e8me jour\u00a0: le Baptiseur pr\u00e9sente l&rsquo;Agneau <span style=\"background-color: #add8e6;\"><em>(1.29-34)<\/em><\/span><\/h3>\n<p style=\"text-align: justify;\">\u00a0<\/p>\n<p style=\"text-align: justify;\">C&rsquo;est toujours J\u00e9sus qui vient le premier, m\u00eame si dans certains cas (comme Nicod\u00e8me ou la Samaritaine) l&rsquo;individu semble \u00eatre celui qui fait la d\u00e9marche d&rsquo;aller vers lui. Il ne faut jamais oublier que cela n&rsquo;est possible que parce que Lui, le premier, a volontairement <span style=\"background-color: #add8e6;\"><em>\u00ab\u00a0plant\u00e9 sa tente\u00a0\u00bb (1.14)<\/em><\/span> pr\u00e8s de la n\u00f4tre.<\/p>\n<p style=\"text-align: justify;\">\u00a0<\/p>\n<p style=\"text-align: justify;\">On ne sait \u00e0 qui le Baptiseur s&rsquo;adressait en disant <span style=\"background-color: #add8e6;\"><em>\u00ab\u00a0<strong>Voici l&rsquo;Agneau de Dieu<\/strong> qui \u00f4te le p\u00e9ch\u00e9 du monde\u00a0\u00bb<\/em><\/span>. Sont-ce les autorit\u00e9s judiciaires rest\u00e9es pour enqu\u00eater ou simplement ses disciples ou la foule pr\u00e9sente \u00e0 ce moment pr\u00e9cis du deuxi\u00e8me jour ?<\/p>\n<p style=\"text-align: justify;\">\u00a0<\/p>\n<p style=\"text-align: justify;\">Si l&rsquo;image de l&rsquo;Agneau de Dieu nous est famili\u00e8re, il n&rsquo;est pas facile d&rsquo;en trouver l&rsquo;origine exacte. La r\u00e9f\u00e9rence \u00e0 l&rsquo;agneau pascal est \u00e9vidente, cependant il n&rsquo;avait pas pour fonction d&rsquo;enlever le p\u00e9ch\u00e9 mais d&rsquo;\u00e9pargner de la mort les premiers-n\u00e9s juifs <span style=\"background-color: #add8e6;\"><em>(Exode 12.1-13)<\/em><\/span>. On doit aussi penser \u00e0 la <span style=\"background-color: #add8e6;\"><em>brebis muette<\/em><\/span> <span style=\"background-color: #add8e6;\"><em>Esa\u00efe 53<\/em><\/span> qui a port\u00e9 nos douleurs et les p\u00e9ch\u00e9s de beaucoup ; et de qui nombreux seront ceux qui d\u00e9tourneront leur visage, n&rsquo;en faisant aucun cas. Pr\u00e9cis\u00e9ment Jean n&rsquo;a qu&rsquo;un but en t\u00eate : ramener les regards sur J\u00e9sus et qu&rsquo;on le reconnaisse comme le Messie.<\/p>\n<p style=\"text-align: justify;\">\u00a0<\/p>\n<p style=\"text-align: justify;\">On peut enfin penser aux divers holocaustes journaliers <span style=\"background-color: #add8e6;\"><em>(Exode 29.38-39)<\/em><\/span> et sp\u00e9cialement au bouc du Yom Kippur <span style=\"background-color: #add8e6;\"><em>(L\u00e9vitique 16)<\/em><\/span>. En fait c&rsquo;est dans le Nouveau Testament que nous trouvons le sens exact de cette image <span style=\"background-color: #add8e6;\"><em>(1 Pierre 1.18-19)<\/em><\/span> et tout sp\u00e9cialement dans l&rsquo;Apocalypse o\u00f9 l&rsquo;Agneau n&rsquo;est pas seulement sacrifi\u00e9 mais glorifi\u00e9 (<span style=\"background-color: #add8e6;\"><em>Ap 5.6-13<\/em><\/span> parmi tant d&rsquo;autres passages !).<\/p>\n<p style=\"text-align: justify;\">\u00a0<\/p>\n<p style=\"text-align: justify;\">Encore un d\u00e9tail dans cette expression <em>\u00ab\u00a0\u00f4ter le p\u00e9ch\u00e9 du monde\u00a0\u00bb<\/em>. Combien cela nous semble normal, habituel&#8230; mais comme cela a d\u00fb choquer les Juifs d&rsquo;entendre ces mots. \u00ab\u00a0Leur\u00a0\u00bb Messie, \u00ab\u00a0leur\u00a0\u00bb agneau pascal destin\u00e9 \u00e0 les marquer \u00ab\u00a0eux\u00a0\u00bb pour les prot\u00e9ger \u00ab\u00a0eux seulement\u00a0\u00bb du ch\u00e2timent bien m\u00e9rit\u00e9 des \u00ab\u00a0pa\u00efens\u00a0\u00bb Egyptiens, \u00ab\u00a0leur\u00a0\u00bb Lib\u00e9rateur allait-il aussi pardonner les nations ennemies ? Dieu venait sauver le monde entier et non plus uniquement les Juifs, cette affirmation universaliste a \u00e9t\u00e9 bien difficile \u00e0 admettre par les premiers jud\u00e9o-chr\u00e9tiens <span style=\"background-color: #add8e6;\"><em>(Actes 11.17-18:21.20-21 )<\/em><\/span>.<\/p>\n<p style=\"text-align: justify;\">\u00a0<\/p>\n<p style=\"text-align: justify;\"><strong>Le fait que J\u00e9sus existait avant le Baptiseur<\/strong> est une de ces nombreuses petites phrases charg\u00e9es de sens. Si on se rappelle que le Baptiseur est n\u00e9 quelque six mois avant J\u00e9sus (Luc 1.36) comment donc ce dernier pouvait-il (au pass\u00e9 !) \u00eatre avant lui ? Il ne peut s&rsquo;agir d&rsquo;une simple primaut\u00e9 humaine (au contraire, Jean \u00e9tait de souche sacerdotale, ce qui ne semble pas le cas de J\u00e9sus), mais bien de l&rsquo;affirmation de l&rsquo;existence \u00e9ternelle de J\u00e9sus.<\/p>\n<p style=\"text-align: justify;\">\u00a0<\/p>\n<p style=\"text-align: justify;\">Mais le probl\u00e8me, avec les t\u00e9moignages, c&rsquo;est qu&rsquo;ils sont humains et donc faillibles. Le Baptiseur n&rsquo;a pas de raison d&rsquo;\u00e9chapper \u00e0 cette r\u00e8gle, alors comment \u00eatre s\u00fbr de son t\u00e9moignage ? La preuve d\u00e9finitive ne pouvait \u00eatre que l&rsquo;oeuvre de Dieu : l&rsquo;Eternel lui avait fait savoir d&rsquo;avance ce qui s&rsquo;est effectivement r\u00e9alis\u00e9 : l&rsquo;Esprit devait descendre comme une colombe sur un seul homme et c&rsquo;est celui qui vient maintenant vers vous ! C&rsquo;est donc clair, s\u00fbr, certain : il n&rsquo;est autre que le Fils de Dieu <span style=\"background-color: #add8e6;\"><em>(1.34)<\/em><\/span>.<\/p>\n<p style=\"text-align: justify;\">\u00a0<\/p>\n<h3>Troisi\u00e8me jour\u00a0: des disciples du Baptiseur vont vers le Messie <span style=\"background-color: #add8e6;\"><em>(1.35-42)<\/em><\/span><\/h3>\n<p style=\"text-align: justify;\">\u00a0<\/p>\n<p style=\"text-align: justify;\">Voici une nouvelle journ\u00e9e qui commence par la m\u00eame affirmation que la veille : <span style=\"background-color: #add8e6;\"><em>\u00ab\u00a0Voil\u00e0 l&rsquo;Agneau de Dieu.\u00a0\u00bb (1.36).<\/em><\/span> Cette fois des gens vont en tenir compte. J\u00e9sus va enfin \u00eatre interpell\u00e9, lui dont on parlait depuis le d\u00e9but du livre, lui qui passait sans rien dire, maintenant il va ouvrir les l\u00e8vres :<\/p>\n<p style=\"text-align: justify;\">\u00a0<\/p>\n<p style=\"text-align: justify;\"><span style=\"background-color: #add8e6;\"><em>\u00ab\u00a0Que cherchez-vous ?\u00a0\u00bb<\/em><\/span> Etranges paroles que ces premiers mots du Sauveur. Mais n&rsquo;est-ce pas l\u00e0 la question fondamentale ? Que d\u00e9sirez-vous le plus au monde ? Qu&rsquo;attendez-vous de Dieu ? L&rsquo;existentialisme, en niant toute solution, est arriv\u00e9 \u00e0 faire taire en nous les vraies questions existentielles in\u00e9luctables : Qui suis-je et o\u00f9 vais-je ? Nous sommes chr\u00e9tiens, mais savons-nous pourquoi nous sommes sur terre ? Savons-nous r\u00e9pondre comme la Bible : pour glorifier Dieu ! <span style=\"background-color: #add8e6;\"><em>(Eph\u00e9siens l.6, 12, 14&#8230;)<\/em><\/span>.<\/p>\n<p style=\"text-align: justify;\">\u00a0<\/p>\n<p style=\"text-align: justify;\">La r\u00e9ponse des disciples est tout aussi savoureuse. Quel besoin avaient-ils de savoir o\u00f9 il dormait ? Notre r\u00e9ponse aurait \u00e9t\u00e9 certainement plus \u00ab\u00a0spirituelle\u00a0\u00bb, du genre \u00ab\u00a0nous cherchons la v\u00e9rit\u00e9, le salut&#8230; \u00ab\u00a0. Eux, en bons Juifs, ils veulent voir !<\/p>\n<p style=\"text-align: justify;\">\u00a0<\/p>\n<p style=\"text-align: justify;\">Ils \u00e9taient deux \u00e0 aller vers lui. L&rsquo;un n&rsquo;est pas nomm\u00e9 (on pense facilement \u00e0 Jean l&rsquo;\u00e9vang\u00e9liste) l&rsquo;autre est Andr\u00e9. <em>Andr\u00e9as<\/em> est un nom grec qui signifie \u00ab\u00a0homme\u00a0\u00bb (avec le sens g\u00e9n\u00e9ral de mari, m\u00e2le). D\u00e8s le d\u00e9part J\u00e9sus se veut universel, il attire donc \u00e0 lui des gens aux noms \u00e0 consonnances bien peu h\u00e9bra\u00efques. Est-ce une simple co\u00efncidence que pour sa premi\u00e8re \u00ab\u00a0apparition\u00a0\u00bb la Parole incarn\u00e9e dialogue avec \u00ab\u00a0l&rsquo;homme\u00a0\u00bb venu en savoir plus ?<\/p>\n<p style=\"text-align: justify;\">\u00a0<\/p>\n<p style=\"text-align: justify;\">Remarquez que J\u00e9sus respecte parfaitement le d\u00e9sir des disciples. Il ne se moque pas de leurs questions mal pos\u00e9es et apparemment inutiles. Il nous donne l\u00e0 un merveilleux exemple d&rsquo;acceptation de l&rsquo;autre tel qu&rsquo;il est : <span style=\"background-color: #add8e6;\"><em>\u00ab\u00a0Venez et voyez !\u00a0\u00bb (1.39)<\/em><\/span>. On ne sait combien de temps ils sont rest\u00e9s avec lui, mais on peut penser que cela a dur\u00e9 au moins une apr\u00e8s-midi <span style=\"background-color: #add8e6;\"><em>(1.39)<\/em><\/span>. C&rsquo;est le temps qu&rsquo;il leur a suffi pour pouvoir affirmer sans ambages <strong><span style=\"background-color: #add8e6;\"><em>\u00ab\u00a0nous avons trouv\u00e9 le Messie !\u00a0\u00bb (1 41 )<\/em><\/span><\/strong> Leurs questions, m\u00eame les plus simplistes, avaient trouv\u00e9 une r\u00e9ponse. Ils \u00e9taient convaincus (m\u00eame s&rsquo;ils sont loin d&rsquo;avoir encore tout compris&#8230; et Jean nous le fera souvent remarquer).<\/p>\n<h3>\u00a0<\/h3>\n<h3>Quatri\u00e8me jour : d&rsquo;autres disciples rencontrent le Fils de l&rsquo;homme <span style=\"background-color: #add8e6;\"><em>(1.43-51)<\/em><\/span><\/h3>\n<p style=\"text-align: justify;\">\u00a0<\/p>\n<p style=\"text-align: justify;\">Ce n&rsquo;est qu&rsquo;avant de quitter B\u00e9thanie pour la Galil\u00e9e (notez \u00e0 nouveau que J\u00e9sus reste en dehors de la Jud\u00e9e !) qu&rsquo;on va voir le Seigneur aller vers quelqu&rsquo;un pour l&rsquo;appeler et lui dire cette phrase devenue synomyme de l&rsquo;appel : <span style=\"background-color: #add8e6;\"><em>\u00ab\u00a0Suis-moi.\u00a0\u00bb (1.43)<\/em><\/span>.<\/p>\n<p style=\"text-align: justify;\">\u00a0<\/p>\n<p style=\"text-align: justify;\">Il est int\u00e9ressant que le premier \u00ab\u00a0appel\u00e9\u00a0\u00bb par le ma\u00eetre soit Philippe. Le Messie juif attire \u00e0 lui celui dont le nom rappelle la frivolit\u00e9 du monde pa\u00efen, plus attir\u00e9 par le tierc\u00e9 que par Dieu (<em>Philippos<\/em> signifie en grec : \u00ab\u00a0L&rsquo;ami des chevaux\u00a0\u00bb ; de plus, il vient de Bethsa\u00efda <span style=\"background-color: #add8e6;\"><em>(1.43)<\/em><\/span> au nord du Lac de Tib\u00e9riade, dans la province d&rsquo;Itur\u00e9e, encore une fois hors de la terre sainte de Jud\u00e9e.<\/p>\n<p style=\"text-align: justify;\">\u00a0<\/p>\n<p style=\"text-align: justify;\">Tout cela explique peut-\u00eatre le ton m\u00e9prisant de la r\u00e9action de Nathana\u00ebl (enfin un Juif de pure race dirait-on !) : <span style=\"background-color: #add8e6;\"><em>\u00ab\u00a0Peut-il venir quelque chose de bon de Nazareth ?\u00a0\u00bb (1.46)<\/em><\/span>. A cela Philippe r\u00e9pond comme son nouveau rabbin <span style=\"background-color: #add8e6;\"><em>\u00ab\u00a0viens et vois\u00a0\u00bb (1.46)<\/em><\/span>. Pour conna\u00eetre Dieu il faut aller l\u00e0 o\u00f9 il se trouve, il faut se lever de sous son figuier, il faut marcher, il faut faire l&rsquo;effort de l&rsquo;investigation honn\u00eate.<\/p>\n<p style=\"text-align: justify;\">\u00a0<\/p>\n<p style=\"text-align: justify;\">Il est clair que la r\u00e9ponse de J\u00e9sus \u00e0 Nathana\u00ebl est une preuve de ce que les th\u00e9ologiens nomment l&rsquo;omniscience et que notre monde appelle le \u00ab\u00a0don de voyance\u00a0\u00bb ou de proph\u00e9tie. Si l&rsquo;on veut \u00e9chafauder des th\u00e9ories pour expliquer que J\u00e9sus ait pu voir \u00ab\u00a0naturellement\u00a0\u00bb<\/p>\n<p style=\"text-align: justify;\">\u00a0<\/p>\n<p style=\"text-align: justify;\">Nathana\u00ebl sous le figuier (alors pourquoi cet \u00e9tonnement du Juif ?) on ne peut nier que J\u00e9sus lisait dans les c\u0153urs et pouvait reconna\u00eetre les hommes honn\u00eates <span style=\"background-color: #add8e6;\"><em>(1.47)<\/em><\/span>.<\/p>\n<p style=\"text-align: justify;\">\u00a0<\/p>\n<p style=\"text-align: justify;\">La derni\u00e8re affirmation du passage : <span style=\"background-color: #add8e6;\"><em>\u00ab\u00a0Tu es le roi d&rsquo;Isra\u00ebl\u00a0\u00bb<\/em><\/span> est tout aussi \u00e9tonnante que les ant\u00e9rieures. En quoi un don de proph\u00e9tie donne-t-il droit au titre de roi ? C&rsquo;est seulement en comprenant que ce vrai Juif a reconnu la messianit\u00e9 de J\u00e9sus que cela peut s&rsquo;expliquer. Ce qu&rsquo;on pourrait plagier ainsi : \u00ab\u00a0Voil\u00e0 l&rsquo;Oint de Dieu qui r\u00e8gne sur le monde\u00a0\u00bb.<\/p>\n<p style=\"text-align: justify;\">\u00a0<\/p>\n<p style=\"text-align: justify;\">En fait le dernier titre attribu\u00e9 dans le passage revient \u00e0 J\u00e9sus lui-m\u00eame. Il se nomme le <span style=\"background-color: #add8e6;\"><em>\u00ab\u00a0Fils de l&rsquo;homme\u00a0\u00bb<\/em><\/span>. Si le sens premier de cette expression est bien synonyme d&rsquo;humain, il ne peut avoir dans ce contexte cette simple signification. Quel homme, aussi grand soit-il, a jamais servi d&rsquo;\u00e9chelle aux anges? <span style=\"background-color: #add8e6;\"><em>\u00ab\u00a0Fils de l&rsquo;homme\u00a0\u00bb<\/em><\/span> a bien ici le sens particulier, messianique, qu&rsquo;il a acquis depuis la vision de Daniel : quelqu&rsquo;un qui dans les nu\u00e9es re\u00e7oit sa mission et la domination universelle directement de l&rsquo;Ancien des jours <span style=\"background-color: #add8e6;\"><em>(Daniel 7.13-14)<\/em><\/span>.<\/p>\n<p style=\"text-align: justify;\">\u00a0<\/p>\n<h3>Fin de la premi\u00e8re semaine, la cr\u00e9ation trouve son Ma\u00eetre <span style=\"background-color: #add8e6;\"><em>(2. 1-11)<\/em><\/span><\/h3>\n<h3>\u00a0<\/h3>\n<p style=\"text-align: justify;\">Les trois derniers jours ne parlent plus du Baptiseur, nous nous contenterons donc d&rsquo;un r\u00e9sum\u00e9 : J\u00e9sus va terminer sa semaine en transformant de l&rsquo;eau en vin, c&rsquo;est son \u00ab\u00a0premier\u00a0\u00bb miracle montrant sa supr\u00e9matie sur la mati\u00e8re. N&rsquo;est-ce pas la preuve formelle qu&rsquo;il est l&rsquo;auteur de la cr\u00e9ation !<\/p>\n<p style=\"text-align: justify;\">\u00a0<\/p>\n<p style=\"text-align: justify;\">\u00a0<\/p>\n<h2>DEUXIEME TEMOIGNAGE DU BAPTISEUR <span style=\"background-color: #add8e6;\"><em>(Jean 3.22-36)<\/em><\/span><\/h2>\n<p style=\"text-align: justify;\">\u00a0<\/p>\n<p style=\"text-align: justify;\">Cette fois, ce sont les propres disciples de Jean qui veulent savoir ce qu&rsquo;il faut penser de cet ancien membre qui maintenant fait plus d&rsquo;adeptes qu&rsquo;eux <span style=\"background-color: #add8e6;\"><em>(3.26)<\/em><\/span>. Le Baptiseur se contente de leur rappeler ce qu&rsquo;il avait d\u00e9j\u00e0 affirm\u00e9 : <span style=\"background-color: #add8e6;\"><em>\u00ab\u00a0Je ne suis pas le Christ !\u00a0\u00bb (3 28)<\/em><\/span> <strong>J\u00e9sus m&rsquo;est bien sup\u00e9rieur<\/strong> <span style=\"background-color: #add8e6;\"><em>(3.28, 29, 30, 31)<\/em><\/span>. Qu&rsquo;il en faut du temps pour admettre l&rsquo;\u00e9vidence ! Combien de v\u00e9rit\u00e9s sont clam\u00e9es sans \u00eatre entendues ! Tout cela semble confirmer une hypoth\u00e8se qui veut que le quatri\u00e8me Evangile ait \u00e9t\u00e9 \u00e9crit \u00e0 Eph\u00e8se o\u00f9 aurait r\u00e9sid\u00e9 un bon groupe de disciples du Baptiseur que l&rsquo;Evang\u00e9liste essayerait de convaincre (cf. <span style=\"background-color: #add8e6;\"><em>Actes 19,7<\/em><\/span>).<\/p>\n<p style=\"text-align: justify;\">\u00a0<\/p>\n<p style=\"text-align: justify;\">Il est difficile de dire si <span style=\"background-color: #add8e6;\"><em>les versets 31 \u00e0 36<\/em><\/span> sont des phrases du Baptiseur ou un commentaire de l&rsquo;Evang\u00e9liste. De toute fa\u00e7on, ils ne font que renforcer la m\u00eame id\u00e9e : <strong>J\u00e9sus est au-dessus de tout et de tous<\/strong> <span style=\"background-color: #add8e6;\"><em>(1.31 )<\/em><\/span>, et il octroie la vie \u00e9ternelle dans le Royaume des Cieux \u00e0 tous ceux qui acceptent de croire en lui <span style=\"background-color: #add8e6;\"><em>(3.36)<\/em><\/span>.<\/p>\n<p style=\"text-align: justify;\">\u00a0<\/p>\n<p style=\"text-align: justify;\">Que pourrait-on ajouter \u00e0 ce premier t\u00e9moin du proc\u00e8s de J\u00e9sus ? Devant une telle accumulation d&rsquo;affirmations proclam\u00e9es haut et fort par un homme d&rsquo;une telle renomm\u00e9e, peut-on encore douter ? Mais l&rsquo;affaire J\u00e9sus n&rsquo;est pas close, d&rsquo;autres t\u00e9moins sont l\u00e0, on les retrouvera bient\u00f4t&#8230;<\/p>\n<p style=\"text-align: justify;\">\u00a0<\/p>\n<h3>Conclusion en forme de r\u00e9sum\u00e9<\/h3>\n<p style=\"text-align: justify;\">\u00a0<\/p>\n<p style=\"text-align: justify;\">La premi\u00e8re chose \u00e0 retenir c&rsquo;est que J\u00e9sus est bien sup\u00e9rieur \u00e0 Jean le Baptiseur. Le t\u00e9moignage de ce dernier devant les autorit\u00e9s juives <span style=\"background-color: #add8e6;\"><em>(1.19-27)<\/em><\/span>, devant la foule <span style=\"background-color: #add8e6;\"><em>(1.29)<\/em><\/span> et devant les disciples <span style=\"background-color: #add8e6;\"><em>(1.35-36 ; 3.26-30)<\/em><\/span> est convaincant.<\/p>\n<p style=\"text-align: justify;\">\u00a0<\/p>\n<p style=\"text-align: justify;\">Une telle \u00e9num\u00e9ration de v\u00e9rit\u00e9s est vraiment quelque chose de spectaculaire, \u00e7a ressemble presque \u00e0 un spot publicitaire o\u00f9 l&rsquo;on essaye de dire et de r\u00e9p\u00e9ter, en un minimum de temps, le maximum de qualit\u00e9s d&rsquo;un produit. S&rsquo;il ne nous \u00e9tait rest\u00e9 que le premier chapitre de Jean nous en saurions d\u00e9j\u00e0 beaucoup ! En voici l&rsquo;essentiel :<\/p>\n<p style=\"text-align: justify;\">\u00a0<\/p>\n<p style=\"text-align: justify;\"><strong>J\u00e9sus est un homme<\/strong> (<span style=\"background-color: #add8e6;\"><em>1.30<\/em><\/span>, pourrait-on ajouter <span style=\"background-color: #add8e6;\"><em>1.51<\/em><\/span> ?)<\/p>\n<ul>\n<li>\n<p style=\"text-align: justify;\">dans un corps de chair <span style=\"background-color: #add8e6;\"><em>(1.14)<\/em><\/span>,<\/p>\n<\/li>\n<li>\n<p style=\"text-align: justify;\">il est un rabbin connu et appr\u00e9ci\u00e9 par beaucoup <span style=\"background-color: #add8e6;\"><em>(1.38, 49)<\/em><\/span>,<\/p>\n<\/li>\n<li>\n<p style=\"text-align: justify;\">il est bien sup\u00e9rieur \u00e0 Jean le Baptiseur <span style=\"background-color: #add8e6;\"><em>(1.8, 15, 27, 30; 3.28,30)<\/em><\/span>,<\/p>\n<\/li>\n<li>\n<p style=\"text-align: justify;\">il a re\u00e7u l&rsquo;Esprit Saint <span style=\"background-color: #add8e6;\"><em>(1.32)<\/em><\/span>.<\/p>\n<\/li>\n<\/ul>\n<p style=\"text-align: justify;\">\u00a0<\/p>\n<p style=\"text-align: justify;\"><strong>J\u00e9sus est un \u00eatre exceptionnel :<\/strong><\/p>\n<ul>\n<li>\n<p style=\"text-align: justify;\">il est l&rsquo;envoy\u00e9 de Dieu <span style=\"background-color: #add8e6;\"><em>(3.34)<\/em><\/span> comme Parole <span style=\"background-color: #add8e6;\"><em>(1.1)<\/em><\/span>,<\/p>\n<\/li>\n<li>\n<p style=\"text-align: justify;\">il est le Messie, l&rsquo;Oint, le Christ annonc\u00e9 par Mo\u00efse et les proph\u00e8tes <span style=\"background-color: #add8e6;\"><em>(1.32,41,45; 3.28)<\/em><\/span>,<\/p>\n<\/li>\n<li>\n<p style=\"text-align: justify;\">il est le roi d&rsquo;Isra\u00ebl tant attendu <span style=\"background-color: #add8e6;\"><em>(1.49)<\/em><\/span>,<\/p>\n<\/li>\n<li>\n<p style=\"text-align: justify;\">il est le Fils de l&rsquo;homme <span style=\"background-color: #add8e6;\"><em>(1.51)<\/em><\/span>, distribuant la gr\u00e2ce divine <span style=\"background-color: #add8e6;\"><em>(1.16-18)<\/em><\/span>, la capacit\u00e9 de devenir enfants de Dieu <span style=\"background-color: #add8e6;\"><em>(1.12)<\/em><\/span>, baptisant dans l&rsquo;Esprit Saint et non dans l&rsquo;eau <span style=\"background-color: #add8e6;\"><em>(1.33)<\/em><\/span>,<\/p>\n<\/li>\n<li>\n<p style=\"text-align: justify;\">il est l&rsquo;Agneau sans tache envoy\u00e9 par Dieu pour \u00eatre offert en expiation de nos fautes <span style=\"background-color: #add8e6;\"><em>(1.29,36)<\/em><\/span>.<\/p>\n<\/li>\n<\/ul>\n<p style=\"text-align: justify;\">\u00a0<\/p>\n<p style=\"text-align: justify;\"><strong>J\u00e9sus est Dieu <\/strong>(<span style=\"background-color: #add8e6;\"><em>1.1<\/em><\/span>, certains manuscrits de <span style=\"background-color: #add8e6;\"><em>1.18<\/em><\/span> disent \u00ab\u00a0Dieu Fils unique\u00a0\u00bb), cette divinit\u00e9 est confirm\u00e9e par de nombreux indices :<\/p>\n<ul>\n<li>\n<p style=\"text-align: justify;\">il est au-dessus de tout <span style=\"background-color: #add8e6;\"><em>(3.31 )<\/em><\/span>,<\/p>\n<\/li>\n<li>\n<p style=\"text-align: justify;\">il est cr\u00e9ateur de tout <span style=\"background-color: #add8e6;\">(1.3,10)<\/span>, tout lui a \u00e9t\u00e9 remis <span style=\"background-color: #add8e6;\"><em>(3.35)<\/em><\/span>,<\/p>\n<\/li>\n<li>\n<p style=\"text-align: justify;\">il existait avant de na\u00eetre <span style=\"background-color: #add8e6;\"><em>(1.15, 18, 30)<\/em><\/span>,<\/p>\n<\/li>\n<li>\n<p style=\"text-align: justify;\">il est pr\u00e9sent \u00e0 la fois sur terre et dans les cieux (1.18 et certains manuscrits de<span style=\"background-color: #add8e6;\"><em> 3.13<\/em><\/span> ajoutent \u00ab\u00a0qui est dans le ciel\u00a0\u00bb<sub><strong>1<\/strong><\/sub>,<\/p>\n<\/li>\n<li>\n<p style=\"text-align: justify;\">il vient d&rsquo;en haut, du ciel <span style=\"background-color: #add8e6;\"><em>(1.2 ; 3.31 )<\/em><\/span>,<\/p>\n<\/li>\n<li>\n<p style=\"text-align: justify;\">il sert d&rsquo;\u00e9chelle entre les deux mondes <em><span style=\"background-color: #add8e6;\">(1.51)<\/span><\/em>,<\/p>\n<\/li>\n<li>\n<p style=\"text-align: justify;\">il est le Fils unique de Dieu <span style=\"background-color: #add8e6;\"><em>(1.14, 18, 34, 49 ; 3.35, 36)<\/em><\/span> aim\u00e9 de son P\u00e8re <span style=\"background-color: #add8e6;\"><em>(3.35)<\/em><\/span>,<\/p>\n<\/li>\n<li>\n<p style=\"text-align: justify;\">il est la lumi\u00e8re des hommes <span style=\"background-color: #add8e6;\"><em>(1.4-5, 8, 9)<\/em><\/span>.<\/p>\n<\/li>\n<\/ul>\n<p style=\"text-align: justify;\">\u00a0<\/p>\n<p style=\"text-align: justify;\">Combien de ces caract\u00e9ristiques n&rsquo;avions-nous jamais saisies ? Ceci est peut-\u00eatre d\u00fb au peu de temps que nous consacrons au t\u00eate-\u00e0-t\u00eate avec notre Sauveur. Nos prochains articles nous aideront \u00e0 lui reconna\u00eetre encore bien des titres et des gr\u00e2ces. En attendant plongeons-nous dans la lecture continuelle de la Parole pour y d\u00e9couvrir l&rsquo;image de Celui que nous voulons imiter.<\/p>\n<p style=\"text-align: center;\">F.E.<\/p>\n<p style=\"text-align: center;\">\u00a0<\/p>\n<hr \/>\n<p>&nbsp;<\/p>\n<p style=\"text-align: justify;\">Note<\/p>\n<p>&nbsp;<\/p>\n<p style=\"text-align: justify;\"><strong>1.<\/strong> : Ceux qui ne pensent pas que J\u00e9sus ait \u00e9t\u00e9 omnipr\u00e9sent durant son incarnation interpr\u00e8tent ces passages comme des apart\u00e9s de l&rsquo;Evang\u00e9liste au moment o\u00f9 il \u00e9crivait et non comme des v\u00e9rit\u00e9s dites au moment o\u00f9 J\u00e9sus \u00e9tait sur terre.<\/p>\n<p>&nbsp;<\/p>\n","protected":false},"excerpt":{"rendered":"<p>Rencontres avec J\u00e9sus \u00a0 par Francis ESTEVE &nbsp; &nbsp; Nous vous proposons une petite s\u00e9rie d&rsquo;articles sur quel-ques personnages qui ont rencontr\u00e9 J\u00e9sus dans l&rsquo;Evangile de Jean. Notre objectif est simple : nous aider \u00e0 c\u00f4toyer notre Sauveur dans l&rsquo;intimit\u00e9, \u00e0 dialoguer avec lui, \u00e0 vouloir le conna\u00eetre encore plus profond\u00e9ment ; tout cela au [&hellip;]<\/p>\n","protected":false},"author":256,"featured_media":0,"comment_status":"closed","ping_status":"closed","sticky":false,"template":"","format":"standard","meta":{"footnotes":""},"categories":[6,41,28,32],"tags":[],"class_list":["post-6748","post","type-post","status-publish","format-standard","hentry","category-dieu","category-lhomme","category-jesus-christ","category-le-nouveau-testament"],"_links":{"self":[{"href":"https:\/\/www.servir.caef.net\/index.php?rest_route=\/wp\/v2\/posts\/6748","targetHints":{"allow":["GET"]}}],"collection":[{"href":"https:\/\/www.servir.caef.net\/index.php?rest_route=\/wp\/v2\/posts"}],"about":[{"href":"https:\/\/www.servir.caef.net\/index.php?rest_route=\/wp\/v2\/types\/post"}],"author":[{"embeddable":true,"href":"https:\/\/www.servir.caef.net\/index.php?rest_route=\/wp\/v2\/users\/256"}],"replies":[{"embeddable":true,"href":"https:\/\/www.servir.caef.net\/index.php?rest_route=%2Fwp%2Fv2%2Fcomments&post=6748"}],"version-history":[{"count":0,"href":"https:\/\/www.servir.caef.net\/index.php?rest_route=\/wp\/v2\/posts\/6748\/revisions"}],"wp:attachment":[{"href":"https:\/\/www.servir.caef.net\/index.php?rest_route=%2Fwp%2Fv2%2Fmedia&parent=6748"}],"wp:term":[{"taxonomy":"category","embeddable":true,"href":"https:\/\/www.servir.caef.net\/index.php?rest_route=%2Fwp%2Fv2%2Fcategories&post=6748"},{"taxonomy":"post_tag","embeddable":true,"href":"https:\/\/www.servir.caef.net\/index.php?rest_route=%2Fwp%2Fv2%2Ftags&post=6748"}],"curies":[{"name":"wp","href":"https:\/\/api.w.org\/{rel}","templated":true}]}}