{"id":6756,"date":"1989-03-18T16:37:03","date_gmt":"1989-03-18T16:37:03","guid":{"rendered":"\/?p=6756"},"modified":"2015-12-16T11:15:25","modified_gmt":"2015-12-16T11:15:25","slug":"estimez-vous-mutuellement-superieurs","status":"publish","type":"post","link":"https:\/\/www.servir.caef.net\/?p=6756","title":{"rendered":"Estimez-vous mutuellement sup\u00e9rieurs"},"content":{"rendered":"<h1 style=\"text-align: center;\">Estimez-vous mutuellement sup\u00e9rieur<sub>1<\/sub><\/h1>\n<p style=\"text-align: center;\">\u00a0<a href=\"\/wp-content\/uploads\/2010\/01\/discussion.jpg\"><img loading=\"lazy\" decoding=\"async\" class=\" wp-image-6880 aligncenter\" src=\"\/wp-content\/uploads\/2010\/01\/discussion.jpg\" alt=\"discussion\" width=\"370\" height=\"252\" srcset=\"https:\/\/www.servir.caef.net\/wp-content\/uploads\/2010\/01\/discussion.jpg 529w, https:\/\/www.servir.caef.net\/wp-content\/uploads\/2010\/01\/discussion-300x204.jpg 300w\" sizes=\"auto, (max-width: 370px) 100vw, 370px\" \/><\/a><\/p>\n<p>&nbsp;<\/p>\n<p><strong><span style=\"color: #b22222;\"><span style=\"font-size: 16px;\">par Alfred Kuen<\/span><\/span><\/strong><\/p>\n<p>&nbsp;<\/p>\n<p><strong><br \/> <\/strong><\/p>\n<p>&nbsp;<\/p>\n<p style=\"text-align: justify;\"><strong>Dans beaucoup de milieux chr\u00e9tiens, il y a des tensions entre les croyants, parfois m\u00eame davantage qu&rsquo;entre les gens du monde. Pourquoi cela, et que pouvons-nous faire pour les \u00e9viter ?<\/strong><\/p>\n<p style=\"text-align: justify;\">\u00a0<\/p>\n<p style=\"text-align: justify;\">\u00a0<\/p>\n<h2>A. Pourquoi les tensions entre chr\u00e9tiens sont-elles parfois plus vives qu&rsquo;entre gens du monde ?<\/h2>\n<p style=\"text-align: justify;\">\u00a0<\/p>\n<h3>1. Parce qu&rsquo;ils vivent des relations plus profondes que les non-chr\u00e9tiens.<\/h3>\n<p style=\"text-align: justify;\">\u00a0<\/p>\n<p style=\"text-align: justify;\">Habituellement, les relations humaines se limitent \u00e0 quelques \u00e9changes plut\u00f4t superficiels : \u00ab\u00a0\u00c7a va ? &#8211; merci, tr\u00e8s bien &#8211; Beau temps aujourd&rsquo;hui\u00a0\u00bb. Eventuellement : \u00ab\u00a0Que deviennent vos enfants ? &#8211; Comment vont vos rhumatismes ? &#8211; Le bonjour \u00e0 Madame &#8211; Au revoir et portez-vous bien\u00a0\u00bb. El chacun se relire dans sa coquille.<\/p>\n<p style=\"text-align: justify;\">\u00a0<\/p>\n<p style=\"text-align: justify;\">Entre chr\u00e9tiens les relations vont g\u00e9n\u00e9ralement plus loin. Les premiers chr\u00e9tiens partageaient joies et peines &#8211; et jusqu&rsquo;aux biens mat\u00e9riels <span style=\"background-color: #add8e6;\"><em>(Ac. 2.44 ; 4.32)<\/em><\/span>. Plus on vit pr\u00e8s les uns des autres, plus nombreuses sont les causes de frictions et de tensions. Preuve en sont les nombreux foyers bris\u00e9s, Chacun vient dans l&rsquo;Eglise avec son caract\u00e8re, son pass\u00e9, ses id\u00e9es sur la vie forg\u00e9e par son \u00e9ducation, son temp\u00e9rament, ses contacts ant\u00e9rieurs.<\/p>\n<p style=\"text-align: justify;\">\u00a0<\/p>\n<p style=\"text-align: justify;\"><!--more--><\/p>\n<p style=\"text-align: justify;\"><strong><a href=\"..\/wp-content\/uploads\/1989\/pdf1989\/1989_02_13_estimezvousmutuellement.pdf\" target=\"_blank\"><img loading=\"lazy\" decoding=\"async\" src=\"\/wp-content\/uploads\/2011\/01\/iconePDF.jpg\" alt=\"\" width=\"81\" height=\"76\" name=\"images1\" align=\"RIGHT\" border=\"1\" hspace=\"8\" vspace=\"8\" \/><\/a><\/strong>D\u00e8s que l&rsquo;on cultive des relations qui vont au-del\u00e0 des banalit\u00e9s, d\u00e8s que l&rsquo;on s&rsquo;int\u00e9resse \u00e0 toute la vie de l&rsquo;autre (sant\u00e9, mode de vie, progr\u00e8s spirituel&#8230;), toutes ces diff\u00e9rences apparaissent au grand jour et peuvent cr\u00e9er des probl\u00e8mes.<\/p>\n<p style=\"text-align: justify;\">\u00a0<\/p>\n<h3>2. La Bible elle-m\u00eame nous commande une certaine ing\u00e9rence dans la vie d&rsquo;autrui.<\/h3>\n<p style=\"text-align: justify;\">\u00a0<\/p>\n<p style=\"text-align: justify;\">La sagesse populaire a codifi\u00e9 les relations interpersonnelles dans de nombreux proverbes comme \u00ab\u00a0Charbonnier est ma\u00eetre en sa maison. &#8211; Que chacun balaie devant sa propre porte ! &#8211; Chacun pour soi et Dieu pour tous&#8230;\u00a0\u00bb Que ton voisin se ruine la sant\u00e9 en fumant, qu&rsquo;il vive en concubinage ou trompe sa femme, en quoi cela te regarde-t-il ? Tant qu&rsquo;il respecte les lois du pays et ne te nuit pas directement, tu n&rsquo;as rien \u00e0 lui dire !<\/p>\n<p style=\"text-align: justify;\">\u00a0<\/p>\n<p style=\"text-align: justify;\">Si par contre, c&rsquo;est un fr\u00e8re en Christ, la Bible elle-m\u00eame nous fait un devoir de l&rsquo;avertir et de l&rsquo;exhorter \u00e0 renoncer au p\u00e9ch\u00e9 <span style=\"background-color: #add8e6;\"><em>(Mt. 18.15)<\/em><\/span>. En devenant membres d&rsquo;une Eglise, nous abdiquons une part de notre sacro-sainte libert\u00e9 et nous donnons aux autres un droit de regard sur notre vie, m\u00eame sur le domaine \u00ab\u00a0priv\u00e9\u00a0\u00bb.<\/p>\n<p style=\"text-align: justify;\">\u00a0<\/p>\n<p style=\"text-align: justify;\">Des recommandations comme <span style=\"background-color: #add8e6;\"><em>\u00ab\u00a0Veillez les uns sur les autres, ayez soin les uns des autres, exhortez-vous, avertissez-vous les uns les autres&#8230;\u00a0\u00bb<\/em><\/span>, nous am\u00e8nent \u00e0 des relations g\u00e9n\u00e9ratrices de tensions si les exhortations et les avertissements ne sont pas accept\u00e9s.<\/p>\n<p>&nbsp;<\/p>\n<h3>3. Les chr\u00e9tiens ont un ennemi qui hait leur unit\u00e9.<\/h3>\n<p style=\"text-align: justify;\">\u00a0<\/p>\n<p style=\"text-align: justify;\">Tant que nous sommes loin de Dieu, Satan nous laisse en paix. Il n&rsquo;est m\u00eame gu\u00e8re d\u00e9rang\u00e9 par une Eglise formaliste o\u00f9 l&rsquo;on se contente de venir de temps en temps au culte, de chanter des cantiques ensemble, d&rsquo;\u00e9couter un sermon puis de retourner chez soi, \u00e9ventuellement sans m\u00eame avoir adress\u00e9 la parole \u00e0 son voisin.<\/p>\n<p style=\"text-align: justify;\">\u00a0<\/p>\n<p style=\"text-align: justify;\"><a href=\"\/wp-content\/uploads\/2008\/12\/4-mains.jpg\"><img loading=\"lazy\" decoding=\"async\" class=\" wp-image-8432 alignright\" style=\"margin: 10px;\" src=\"\/wp-content\/uploads\/2008\/12\/4-mains.jpg\" alt=\"4-mains\" width=\"355\" height=\"234\" srcset=\"https:\/\/www.servir.caef.net\/wp-content\/uploads\/2008\/12\/4-mains.jpg 592w, https:\/\/www.servir.caef.net\/wp-content\/uploads\/2008\/12\/4-mains-300x197.jpg 300w\" sizes=\"auto, (max-width: 355px) 100vw, 355px\" \/><\/a>Mais d\u00e8s qu&rsquo;une communaut\u00e9 devient vivante, d\u00e8s qu&rsquo;elle s&rsquo;applique \u00e0 mettre en pratique les recommandations bibliques au sujet des relations mutuelles, le diable se remuera, car il ne hait rien autant qu&rsquo;une Eglise unie. Le mot <em>diabolos<\/em> signifie \u00e9tymologiquement \u00ab\u00a0celui qui jette en travers\u00a0\u00bb, et il jettera certainement en travers de cette harmonie une pomme de discorde, qu&rsquo;elle soit de nature personnelle ou th\u00e9ologique. Le plus souvent, ce seront des divergences doctrinales masquant des dissensions personnelles<\/p>\n<p style=\"text-align: justify;\">\u00a0<\/p>\n<p style=\"text-align: justify;\">\u00a0<\/p>\n<p style=\"text-align: justify;\">\u00a0<\/p>\n<p style=\"text-align: justify;\">\u00a0<\/p>\n<p style=\"text-align: justify;\">\u00a0<\/p>\n<h2>B. Quels conseils nous donne la parole de Dieu pour \u00e9viter ces tensions et \u00e9ventuellement, pour r\u00e9soudre les probl\u00e8mes qui en d\u00e9coulent ?<\/h2>\n<p style=\"text-align: justify;\">\u00a0<\/p>\n<p style=\"text-align: justify;\"><a href=\"\/wp-content\/uploads\/2010\/03\/bible1.jpg\"><img loading=\"lazy\" decoding=\"async\" class=\" wp-image-6910 alignleft\" style=\"margin: 10px;\" src=\"\/wp-content\/uploads\/2010\/03\/bible1.jpg\" alt=\"bible1\" width=\"359\" height=\"186\" srcset=\"https:\/\/www.servir.caef.net\/wp-content\/uploads\/2010\/03\/bible1.jpg 598w, https:\/\/www.servir.caef.net\/wp-content\/uploads\/2010\/03\/bible1-300x155.jpg 300w\" sizes=\"auto, (max-width: 359px) 100vw, 359px\" \/><\/a>Nous trouvons, dans la Bible, toute une s\u00e9rie de conseils concernant la vie relationnelle. J\u00e9sus est venu, et il est mort sur la croix, pour r\u00e9tablir nos relations bris\u00e9es non seulement avec Dieu, mais aussi avec nos semblables.<\/p>\n<p style=\"text-align: justify;\">\u00a0<\/p>\n<p style=\"text-align: justify;\">Les ap\u00f4tres nous donnent toute une s\u00e9rie de conseils associ\u00e9s \u00e0 l&rsquo;expression <span style=\"background-color: #add8e6;\"><em>\u00ab\u00a0les uns les autres\u00a0\u00bb<\/em><\/span>. L&rsquo;un de ces conseils se trouve dans l&rsquo;Ep\u00eetre aux Philippiens :<\/p>\n<p style=\"text-align: justify;\">\u00a0<\/p>\n<h3>1. Estimez-vous mutuellement sup\u00e9rieurs.<\/h3>\n<p style=\"text-align: justify;\">\u00a0<\/p>\n<p style=\"text-align: justify;\">Les diff\u00e9rentes traductions fran\u00e7aises de <span style=\"background-color: #add8e6;\"><em>Ph. 2.3<\/em><\/span> ne font gu\u00e8re appara\u00eetre l&rsquo;expression les uns les autres dans ce verset : Que l&rsquo;humilit\u00e9 vous fasse regarder les autres comme \u00e9tant au-dessus de vous-m\u00eames ; que chacun consid\u00e8re les autres comme \u00e9tant meilleurs, plus importants que lui.<\/p>\n<p style=\"text-align: justify;\">\u00a0<\/p>\n<p style=\"text-align: justify;\">La formulation grecque de ce verset : <span style=\"background-color: #add8e6;\"><em>\u00ab\u00a0Estimez-vous sup\u00e9rieurs l&rsquo;un l&rsquo;autre\u00a0\u00bb<\/em><\/span> nous place devant une impossibilit\u00e9 logique : que chacun soit sup\u00e9rieur \u00e0 l&rsquo;autre est un non-sens math\u00e9matique. Ainsi raisonne \u00ab\u00a0l&rsquo;esprit de g\u00e9om\u00e9trie\u00a0\u00bb comme disait Pascal. \u00ab\u00a0L&rsquo;esprit de finesse\u00a0\u00bb &#8211; ou tout simplement la psychologie &#8211; raisonne autrement.<\/p>\n<p style=\"text-align: justify;\">\u00a0<\/p>\n<p style=\"text-align: justify;\">L&rsquo;homme n&rsquo;a pas une valeur globale qui puisse se chiffrer : \u00ab\u00a0Un tel vaut tant, tel autre moins\u00a0\u00bb. Chacun a ses bons et ses mauvais c\u00f4t\u00e9s, ses faiblesses et ses points forts. Dans mon appr\u00e9ciation des autres, je peux me concentrer sur les c\u00f4t\u00e9s n\u00e9gatifs ou positifs (chez moi ou chez les autres). Si je consid\u00e8re toutes mes propres imperfections, je vais faire un complexe d&rsquo;inf\u00e9riorit\u00e9. Si je ne vois que les aspects o\u00f9 je me sens sup\u00e9rieur aux autres, je serai bouffi d&rsquo;orgueil. C&rsquo;est pourquoi Paul recommande aux Romains : <span style=\"background-color: #add8e6;\"><em>\u00ab\u00a0Que chacun de vous s&rsquo;efforce de se faire une id\u00e9e juste sur lui-m\u00eame\u00a0\u00bb. (Ro. 12.3).<\/em><\/span><\/p>\n<p style=\"text-align: justify;\">\u00a0<\/p>\n<p style=\"text-align: justify;\">Notre estimation des autres a aussi d&rsquo;importantes cons\u00e9quences : si je rel\u00e8ve constamment leurs faiblesses et leurs fautes, je deviendrai amer, critique envers tout le monde, je rejoindrai le clan des gens que l&rsquo;on \u00e9vite soigneusement car ils ont toujours quelque ragot \u00e0 colporter, et personne ne trouve gr\u00e2ce \u00e0 leurs yeux. Avec raison, les autres se disent : \u00ab\u00a0S&rsquo;il agit ainsi envers un tel, il en fera de m\u00eame avec moi. Moins j&rsquo;aurai de rapports avec lui, mieux cela vaudra\u00a0\u00bb. Vous connaissez sans doute ce genre de personnage \u2014 m\u00eame dans les milieux chr\u00e9tiens o\u00f9 ils se font d\u00e9fenseurs de la V\u00e9rit\u00e9. Souvent ce sont des personnes qui manquent d&rsquo;assurance personnelle et qui veulent se constituer une certaine sup\u00e9riorit\u00e9 en d\u00e9nigrant les autres.<\/p>\n<p style=\"text-align: justify;\">\u00a0<\/p>\n<p style=\"text-align: justify;\">Si, par contre, je ne note chez les autres que les qualit\u00e9s que je n&rsquo;ai pas, je vais cultiver chez moi l&rsquo;envie, peut-\u00eatre la jalousie et les sentiments d&rsquo;inf\u00e9riorit\u00e9.<\/p>\n<p style=\"text-align: justify;\">\u00a0<\/p>\n<p style=\"text-align: justify;\">La Bible nous indique un autre chemin : elle nous demande \u00e0 la fois de nous valoriser nous-m\u00eames et de valoriser l&rsquo;autre.<\/p>\n<p>&nbsp;<\/p>\n<h3>2. J&rsquo;ai du prix aux yeux de Dieu.<\/h3>\n<p style=\"text-align: justify;\">\u00a0<\/p>\n<p style=\"text-align: justify;\">J&rsquo;ai le droit de me valoriser &#8211; sans me comparer \u00e0 d&rsquo;autres. Est-ce que Dieu ne m&rsquo;a pas aim\u00e9 au point de donner son Fils unique pour me sauver ? N&rsquo;a-t-il pas dit : <span style=\"background-color: #add8e6;\"><em>\u00ab\u00a0Tu as du prix \u00e0 mes yeux, tu es honor\u00e9 et je t&rsquo;aime&#8230; ne crains rien, car je suis avec toi\u00a0\u00bb (Es. 43.3-4)<\/em><\/span> ? Il m&rsquo;a arrach\u00e9 au p\u00e9ch\u00e9, lib\u00e9r\u00e9 de la culpabilit\u00e9, m&rsquo;a adopt\u00e9 comme son enfant, son h\u00e9ritier, coh\u00e9ritier avec son Fils unique, je suis fils ou fille du Roi des rois.<\/p>\n<p style=\"text-align: justify;\">\u00a0<\/p>\n<p style=\"text-align: justify;\">Je ne le m\u00e9rite nullement, c&rsquo;est vrai, et pourtant, je suis tout cela <em>par gr\u00e2ce<\/em>. Et bien plus que cela ! Il m&rsquo;a cr\u00e9\u00e9 esprit, \u00e2me et corps comme un artiste cr\u00e9e un original : avec une harmonie parfaite entre ces diff\u00e9rentes composantes en vue d&rsquo;exprimer une pens\u00e9e coh\u00e9rente, un aspect de Sa personnalit\u00e9. Nous sommes cr\u00e9\u00e9s \u00e0 l&rsquo;image de Dieu et depuis que nous sommes devenus chr\u00e9tiens nous sommes constamment transform\u00e9s sur le mod\u00e8le de Christ afin que nous refl\u00e9tions une facette de sa personne <span style=\"background-color: #add8e6;\"><em>(Ro. 8.29 ; 1 Co. 15.49 ; Ph 3.21)<\/em><\/span>.<\/p>\n<p style=\"text-align: justify;\">\u00a0<\/p>\n<p style=\"text-align: justify;\">De plus, il a appel\u00e9 chacun de nous \u00e0 accomplir une t\u00e2che pr\u00e9cise, donnant ainsi un sens \u00e0 notre vie. Pour cela, il nous a accord\u00e9 des dons naturels et spirituels qui nous rendent capables d&rsquo;assumer notre fonction dans le Corps de Christ. Nous sommes donc, nous et nos dons, des originaux sortis des mains de l&rsquo;Artiste supr\u00eame. Si nous poss\u00e9dions chez nous un Rembrandt ou un Monet original, nous serions \u00e0 juste titre fiers (et inquiets !). Mais nous valons bien plus que cela \u2014 et personne ne viendra nous d\u00e9rober ce tr\u00e9sor de grand prix.<\/p>\n<p style=\"text-align: justify;\">\u00a0<\/p>\n<p style=\"text-align: justify;\">Savoir ces choses &#8211; et les croire &#8211; nous gu\u00e9rit \u00e0 tout jamais de tout complexe d&rsquo;inf\u00e9riorit\u00e9.<\/p>\n<p style=\"text-align: justify;\">\u00a0<\/p>\n<h3>3. L&rsquo;autre aussi a du prix aux yeux de Dieu.<\/h3>\n<p style=\"text-align: justify;\">\u00a0<\/p>\n<p style=\"text-align: justify;\">Est-ce que cela veut dire que je vais me sentir sup\u00e9rieur aux autres ? <span style=\"background-color: #add8e6;\"><em>\u00ab\u00a0Qu&rsquo;as-tu que tu n&rsquo;aies re\u00e7u ? Et si tu l&rsquo;as re\u00e7u pourquoi te glorifies-tu comme si tu ne l&rsquo;avais pas re\u00e7u ?\u00a0\u00bb (1 Co.4.7)<\/em><\/span>. D&rsquo;autre part, l&rsquo;autre, quel qu&rsquo;il soit est aussi une cr\u00e9ature de Dieu. Il porte son image &#8211; m\u00eame d\u00e9form\u00e9e par le p\u00e9ch\u00e9. Dieu veut le sauver &#8211; ou l&rsquo;a sauv\u00e9 &#8211; comme moi. S&rsquo;il s&rsquo;agit d&rsquo;un enfant de Dieu, c&rsquo;est aussi un homme ou une femme qui a re\u00e7u, comme moi, des dons de la gr\u00e2ce, des charismes, aussi pr\u00e9cieux que les miens, mais diff\u00e9rents.<\/p>\n<p style=\"text-align: justify;\">\u00a0<\/p>\n<p style=\"text-align: justify;\">A moi de les d\u00e9couvrir, de les valoriser et d&rsquo;aider l&rsquo;autre \u00e0 les mettre au service de tous. Il s&rsquo;agit de dons naturels : son caract\u00e8re, ses aptitudes physiques, professionnelles, artistiques&#8230; et de dons spirituels : sa cons\u00e9cration, son amour du Seigneur et du prochain, son esprit de pri\u00e8re, son z\u00e8le pour l&rsquo;\u00e9vang\u00e9lisation ou le <span style=\"background-color: #add8e6;\"><em>\u00ab\u00a0service des saints\u00a0\u00bb<\/em><\/span> c&rsquo;est-\u00e0-dire la relation d&rsquo;aide ou d&rsquo;\u00e9dification des autres. Il y a aussi les dons sp\u00e9cifiquement \u00e9num\u00e9r\u00e9s dans la Parole de Dieu : parole de sagesse, de connaissance, don d&rsquo;exhortation ou d&rsquo;enseignement, d&rsquo;aide, de mis\u00e9ricorde, de lib\u00e9ralit\u00e9, de pr\u00e9sidence ou de gouvernement.<\/p>\n<p style=\"text-align: justify;\">\u00a0<\/p>\n<h3>4. Qui est sup\u00e9rieur ?<\/h3>\n<p style=\"text-align: justify;\">\u00a0<\/p>\n<p style=\"text-align: justify;\">Est-ce que dans tous ces domaines je suis sup\u00e9rieur \u00e0 tel ou tel fr\u00e8re ou s\u0153ur ? Le pr\u00e9tendre serait signe d&rsquo;un morbide aveuglement. Certes, je puis faire ceci ou cela, mais plusieurs savent le faire mieux que moi. Je peux, par exemple, tenir une \u00e9cole du dimanche ou une r\u00e9union du groupe de jeunes, chanter un solo ou accompagner un cantique. Mais vais-je pr\u00e9tendre que dans le domaine concern\u00e9, je suis le <em>meilleur<\/em> ? Et m\u00eame si je l&rsquo;\u00e9tais, serais-je autoris\u00e9 \u00e0 me sentir sup\u00e9rieur \u00e0 tous les autres ?<\/p>\n<p style=\"text-align: justify;\">\u00a0<\/p>\n<p style=\"text-align: justify;\">Le fr\u00e8re ou la s\u0153ur qui ne sait pas tenir une r\u00e9union ou qui n&rsquo;a pas de don musical a peut-\u00eatre un c\u0153ur plus br\u00fblant que moi pour le Seigneur, ou pour la mission, ou pour les malheureux ? Qu&rsquo;est-ce qui est le plus important aux yeux de Dieu : mon don ou le sien ? mon activit\u00e9 ou son esprit de pri\u00e8re ? Seul le Seigneur est habilit\u00e9 \u00e0 \u00e9tablir un jugement et une comparaison.<\/p>\n<p style=\"text-align: justify;\">\u00a0<\/p>\n<p style=\"text-align: justify;\">Estimer l&rsquo;autre sup\u00e9rieur \u00e0 soi-m\u00eame c&rsquo;est voir l&rsquo;image globale de l&rsquo;autre, y discerner les aspects positifs et les valoriser, les estimer \u2014 sans se d\u00e9pr\u00e9cier soi-m\u00eame. La balance permettant de peser la valeur des diff\u00e9rents dons et des activit\u00e9s, des dispositions et des r\u00e9alisations des uns et des autres n&rsquo;est pas entre nos mains. En attendant le jour o\u00f9 <span style=\"background-color: #add8e6;\"><em>\u00ab\u00a0Dieu jugera par J\u00e9sus-Christ les actions secr\u00e8tes (la vie cach\u00e9e : pens\u00e9es, mobiles&#8230;) des hommes\u00a0\u00bb (Ro. 2.16)<\/em><\/span>, il m&rsquo;est demand\u00e9 de consid\u00e9rer l&rsquo;autre comme m&rsquo;\u00e9tant sup\u00e9rieur.<\/p>\n<p style=\"text-align: justify;\">\u00a0<\/p>\n<p style=\"text-align: justify;\">Il m&rsquo;est effectivement sup\u00e9rieur dans un domaine o\u00f9 j&rsquo;enregistre chez moi un moins. Et ce domaine pourrait bien \u00eatre plus important aux yeux de Dieu que celui o\u00f9 je peux \u00e0 bon droit me sentir fort. Commentant un passage parall\u00e8le dans l&rsquo;\u00e9p\u00eetre aux <span style=\"background-color: #add8e6;\"><em>Romains (12.10)<\/em><\/span>, l&rsquo;Ecossais Robert Haldane, qui fut \u00e0 l&rsquo;origine du R\u00e9veil de Gen\u00e8ve au si\u00e8cle dernier, disait : \u00ab\u00a0Chacun doit surtout prendre connaissance de ce qui est bon en l&rsquo;autre, oublier et couvrir ses faiblesses&#8230;<\/p>\n<p style=\"text-align: justify;\">\u00a0<\/p>\n<p style=\"text-align: justify;\">Tous les chr\u00e9tiens ont quelque chose qui est recommandable, et aucun ne les r\u00e9unit toutes, ainsi le moindre d&rsquo;entre eux peut \u00eatre sous quelque rapport pr\u00e9f\u00e9rable au plus \u00e9lev\u00e9. L&rsquo;humilit\u00e9 et la charit\u00e9 cherchent ce que les autres ont de pr\u00e9f\u00e9rable, le d\u00e9couvrent et les fid\u00e8les auront ainsi pour leurs fr\u00e8res tout le respect qui peut leur \u00eatre accord\u00e9 \u00bb. (<em>Comment. Ro., tome II<\/em>, p. 132). Cette disposition me donne la bonne attitude int\u00e9rieure envers le fr\u00e8re ou la s\u0153ur : je ne me sens plus sup\u00e9rieur, je regarde vers les points o\u00f9 l&rsquo;autre m&rsquo;est sup\u00e9rieur et je puis, en toute v\u00e9rit\u00e9, le consid\u00e9rer comme meilleur que moi, lui donner la pr\u00e9\u00e9minence.<\/p>\n<p style=\"text-align: justify;\">\u00a0<\/p>\n<p>&nbsp;<\/p>\n<table style=\"width: 611px;\" border=\"1\" cellspacing=\"3\" cellpadding=\"2\">\n<colgroup>\n<col style=\"text-align: justify;\" width=\"599\" \/><\/colgroup>\n<tbody>\n<tr>\n<td bgcolor=\"#ffffff\" width=\"599\">\n<p style=\"text-align: justify;\"><strong><em>Chacun doit prendre connaissance de ce qui est bon en l&rsquo;autre, oublier et couvrir ses faiblesses&#8230; L&rsquo;humilit\u00e9 et la charit\u00e9 cherchent ce que les autres ont de pr\u00e9f\u00e9rable.<\/em><\/strong><\/p>\n<\/td>\n<\/tr>\n<\/tbody>\n<\/table>\n<p>&nbsp;<\/p>\n<p style=\"text-align: justify;\">\u00a0<\/p>\n<h3>5. Les cons\u00e9quences de cette attitude.<\/h3>\n<p style=\"text-align: justify;\">\u00a0<\/p>\n<p style=\"text-align: justify;\">Quelles cons\u00e9quences cette attitude aura-t-elle dans ma vie au foyer, \u00e0 l&rsquo;Eglise et dans la soci\u00e9t\u00e9 ? L&rsquo;ap\u00f4tre Paul nous le d\u00e9montre par son exemple personnel : <span style=\"background-color: #add8e6;\"><em>\u00ab\u00a0Je rends \u00e0 mon Dieu de continuelles actions de gr\u00e2ces \u00e0 votre sujet pour la gr\u00e2ce de Dieu qui vous a \u00e9t\u00e9 accord\u00e9e en J\u00e9sus-Christ. Car en lui vous avez \u00e9t\u00e9 combl\u00e9s de toutes les richesses qui concernent la parole et la connaissance&#8230; de sorte qu&rsquo;il ne vous manque aucun don&#8230;\u00a0\u00bb (1 Co. 1.4-7).<\/em><\/span><\/p>\n<p style=\"text-align: justify;\">\u00a0<\/p>\n<p style=\"text-align: justify;\"><span style=\"background-color: #add8e6;\"><em>\u00ab\u00a0Nous rendons continuellement gr\u00e2ces \u00e0 Dieu pour vous tous, faisant mention de vous dans nos pri\u00e8res, nous rappelant sans cesse l&rsquo;\u0153uvre de votre foi, le travail de votre charit\u00e9 et la fermet\u00e9 de votre esp\u00e9rance en notre Seigneur J\u00e9sus-Christ&#8230;\u00a0\u00bb (1 Th. 1.2-3 cf. Ph. 1.3-6 ; Col. 1.3-6)<\/em><\/span><\/p>\n<p style=\"text-align: justify;\">\u00a0<\/p>\n<p style=\"text-align: justify;\">L&rsquo;ap\u00f4tre ne manque pas de relever ce qu&rsquo;il y a de positif chez ses correspondants, sans craindre de les rendre orgueilleux par cela. Il remercie Dieu pour les qualit\u00e9s qu&rsquo;il a remarqu\u00e9es en eux, leur rappelant ainsi que c&rsquo;est \u00e0 Lui qu&rsquo;ils les doivent.<\/p>\n<p style=\"text-align: justify;\">\u00a0<\/p>\n<p style=\"text-align: justify;\">C&rsquo;est le premier pas apr\u00e8s avoir d\u00e9couvert des qualit\u00e9s, des dons ou des dispositions sympathiques chez un autre : Merci, Seigneur, pour le d\u00e9vouement de ce fr\u00e8re, pour le don de sagesse que tu lui as accord\u00e9, pour sa disponibilit\u00e9 constante.<\/p>\n<p style=\"text-align: justify;\">\u00a0<\/p>\n<h3>6. Dans notre foyer.<\/h3>\n<p style=\"text-align: justify;\">\u00a0<\/p>\n<p style=\"text-align: justify;\"><a href=\"\/wp-content\/uploads\/2008\/03\/couple.jpg\"><img loading=\"lazy\" decoding=\"async\" class=\"size-full wp-image-8312 alignleft\" style=\"margin: 10px;\" src=\"\/wp-content\/uploads\/2008\/03\/couple.jpg\" alt=\"couple\" width=\"172\" height=\"408\" srcset=\"https:\/\/www.servir.caef.net\/wp-content\/uploads\/2008\/03\/couple.jpg 172w, https:\/\/www.servir.caef.net\/wp-content\/uploads\/2008\/03\/couple-126x300.jpg 126w\" sizes=\"auto, (max-width: 172px) 100vw, 172px\" \/><\/a>Commen\u00e7ons dans notre foyer : lorsque vous \u00eates fianc\u00e9s ou mari\u00e9s, vous avez s\u00fbrement remerci\u00e9 Dieu pour celui ou celle qu&rsquo;il vous a donn\u00e9. Mais si vous \u00eates mari\u00e9 depuis dix, vingt ou trente ann\u00e9es, le faites-vous encore ? Remerciez-vous le Seigneur de fa\u00e7on pr\u00e9cise pour les qualit\u00e9s de votre conjoint : pour sa fid\u00e9lit\u00e9, son travail, sa patience avec vous : des qualit\u00e9s que nous ne remarquons m\u00eame plus.<\/p>\n<p style=\"text-align: justify;\">\u00a0<\/p>\n<p style=\"text-align: justify;\">Soyons plus sp\u00e9cifiques dans nos pri\u00e8res \u2014 mais vrais : pour la part que votre femme prend dans l&rsquo;\u00e9ducation des enfants, pour l&rsquo;ordre qu&rsquo;elle fait r\u00e9gner dans le m\u00e9nage, sa diligence dans le travail, son sens de l&rsquo;\u00e9conomie, sa sagesse dans l&#8217;emploi de l&rsquo;argent, ses dons culinaires, ses pr\u00e9visions \u00e0 long terme &#8211; ou son aptitude \u00e0 pratiquer ce qu&rsquo;Isabelle Rivi\u00e8re appelait \u00ab\u00a0le devoir d&rsquo;impr\u00e9voyance\u00a0\u00bb &#8230; Epouses remerciez-vous r\u00e9guli\u00e8rement Dieu pour l&rsquo;amour du travail chez votre mari, pour son sens de l&rsquo;honneur \u2014 ou de l&rsquo;humour \u2014 pour sa sant\u00e9 et ses forces physiques, sa jovialit\u00e9 ou son s\u00e9rieux, sa pers\u00e9v\u00e9rance sous des conditions difficiles et sa patience avec vous ?<\/p>\n<p style=\"text-align: justify;\">\u00a0<\/p>\n<p style=\"text-align: justify;\">Si vous prenez l&rsquo;habitude de chercher chaque matin, avant de vous lever, trois sujets de remerciement pour votre conjoint, vous commencerez la journ\u00e9e dans de meilleures dispositions que si vous ressassez journellement les motifs de vous plaindre. <span style=\"background-color: #add8e6;\"><em>\u00ab\u00a0Ne vous plaignez pas les uns des autres, mes fr\u00e8res\u00a0\u00bb<\/em><\/span> nous dit <span style=\"background-color: #add8e6;\"><em>Jacques (Ja. 5.9)<\/em><\/span>.<\/p>\n<p style=\"text-align: justify;\">\u00a0<\/p>\n<p>&nbsp;<\/p>\n<table style=\"width: 611px;\" border=\"1\" cellspacing=\"3\" cellpadding=\"2\">\n<colgroup>\n<col style=\"text-align: justify;\" width=\"599\" \/><\/colgroup>\n<tbody>\n<tr>\n<td bgcolor=\"#ffffff\" width=\"599\">\n<p style=\"text-align: justify;\"><em><strong>Il m&rsquo;a cr\u00e9\u00e9&#8230; comme un artiste cr\u00e9e un original : avec harmonie parfaite&#8230; Il a appel\u00e9 chacun de nous \u00e0 accomplir une t\u00e2che pr\u00e9cise, il donne un sens \u00e0 notre vie.<\/strong><\/em><\/p>\n<\/td>\n<\/tr>\n<\/tbody>\n<\/table>\n<p>&nbsp;<\/p>\n<p style=\"text-align: justify;\">\u00a0<\/p>\n<p style=\"text-align: justify;\">Cela est aussi valable entre mari et femme. Si vous devez attendre votre femme qui n&rsquo;en finit pas de faire ses courses, au lieu de maugr\u00e9er int\u00e9rieurement contre elle, essayez donc de remercier Dieu pour son sens de l&rsquo;\u00e9conomie qui lui fait choisir longuement avant de se d\u00e9cider, pour tous les achats dont elle vous d\u00e9charge, pour le temps qu&rsquo;elle vous donne ainsi pour l&rsquo;intercession. Vous verrez que lorsqu&rsquo;enfin vous la reverrez, vous l&rsquo;aborderez autrement que si vous vous \u00eates rong\u00e9 le frein en consultant votre montre toutes les cinq minutes.<\/p>\n<p style=\"text-align: justify;\">\u00a0<\/p>\n<h3>7. Remercier Dieu pour mes parents.<\/h3>\n<p style=\"text-align: justify;\">\u00a0<\/p>\n<p style=\"text-align: justify;\"><a href=\"\/wp-content\/uploads\/2007\/05\/septuagenaires.jpg\"><img loading=\"lazy\" decoding=\"async\" class=\" wp-image-7473 alignright\" style=\"margin: 10px;\" src=\"\/wp-content\/uploads\/2007\/05\/septuagenaires.jpg\" alt=\"septuagenaires\" width=\"248\" height=\"390\" srcset=\"https:\/\/www.servir.caef.net\/wp-content\/uploads\/2007\/05\/septuagenaires.jpg 690w, https:\/\/www.servir.caef.net\/wp-content\/uploads\/2007\/05\/septuagenaires-191x300.jpg 191w, https:\/\/www.servir.caef.net\/wp-content\/uploads\/2007\/05\/septuagenaires-652x1024.jpg 652w\" sizes=\"auto, (max-width: 248px) 100vw, 248px\" \/><\/a>Remerciez Dieu pour vos parents. On a pris l&rsquo;habitude de chercher la cause de toutes nos d\u00e9convenues dans la mauvaise \u00e9ducation re\u00e7ue : trop s\u00e9v\u00e8re ou trop permissive, trop affective ou trop froide, trop renferm\u00e9e, trop l\u00e9galiste&#8230; en tout cas: trop. Un c\u00e9l\u00e8bre psychiatre nous racontait un jour : \u00ab\u00a0J&rsquo;ai dit \u00e0 mes enfants : `&rsquo;Nos parents ont fait des fautes d&rsquo;\u00e9ducation \u00e0 notre \u00e9gard\u00a0\u00bb. Mes enfants n&rsquo;avaient aucune peine \u00e0 le croire. `&rsquo;Nous avons fait des fautes \u00e0 votre \u00e9gard\u00a0\u00bb. Assentiment g\u00e9n\u00e9ral. `&rsquo;Mais vous en ferez de m\u00eame \u00e0 l&rsquo;\u00e9gard de vos enfants\u00a0\u00bb(. Regard incr\u00e9dule\u00a0\u00bb<\/p>\n<p style=\"text-align: justify;\">\u00a0<\/p>\n<p style=\"text-align: justify;\">L&rsquo;\u00e9ducation parfaite n&rsquo;existe pas \u2014 pas plus que la personne parfaite. Mais cela ne doit pas nous emp\u00eacher de remercier Dieu pour les qualit\u00e9s de celle que nous avons re\u00e7ue : pour le sens du devoir que nos parents nous ont inculqu\u00e9, pour les principes de vie qu&rsquo;ils nous ont transmis, pour l&rsquo;exemple de travail honn\u00eate qu&rsquo;ils nous ont laiss\u00e9&#8230; Et s&rsquo;il y a eu des failles manifestes, remerciez encore Dieu de vous avoir appris t\u00f4t \u00e0 faire face aux difficult\u00e9s de la vie.<\/p>\n<p style=\"text-align: justify;\">\u00a0<\/p>\n<h3>8. Et pour tous ceux que nous c\u00f4toyons.<\/h3>\n<p style=\"text-align: justify;\">\u00a0<\/p>\n<p style=\"text-align: justify;\">Remerciez-le aussi pour les qualit\u00e9s de vos enfants, de vos collaborateurs, des fr\u00e8res et s\u0153urs de l&rsquo;Eglise, des amis, des voisins, des responsables locaux, des gouvernants. Cette habitude devenue une seconde nature changera peu \u00e0 peu votre attitude devant la vie et devant les autres.<\/p>\n<p style=\"text-align: justify;\">\u00a0<\/p>\n<h3>9. Dites-le leur.<\/h3>\n<p style=\"text-align: justify;\">\u00a0<\/p>\n<p style=\"text-align: justify;\"><a href=\"\/wp-content\/uploads\/2007\/07\/Petit-groupe.jpg\"><img loading=\"lazy\" decoding=\"async\" class=\" wp-image-2615 alignright\" style=\"margin: 10px;\" src=\"\/wp-content\/uploads\/2007\/07\/Petit-groupe.jpg\" alt=\"Petit groupe\" width=\"202\" height=\"135\" srcset=\"https:\/\/www.servir.caef.net\/wp-content\/uploads\/2007\/07\/Petit-groupe.jpg 337w, https:\/\/www.servir.caef.net\/wp-content\/uploads\/2007\/07\/Petit-groupe-300x200.jpg 300w\" sizes=\"auto, (max-width: 202px) 100vw, 202px\" \/><\/a>Deuxi\u00e8me pas : Si vous avez d\u00e9couvert de bonnes choses en ceux qui vivent \u00e0 vos c\u00f4t\u00e9s, dites-le leur. Paul ne craignait pas de dire aux Romains : <span style=\"background-color: #add8e6;\"><em>\u00ab\u00a0Je remercie Dieu par J\u00e9sus-Christ pour vous tous, car votre foi est renomm\u00e9e dans le monde entier\u00a0\u00bb. (Ro. 1.8)<\/em><\/span>, aux Thessaloniciens : <span style=\"background-color: #add8e6;\"><em>\u00ab Nous devons \u00e0 votre sujet, fr\u00e8res, rendre continuellement gr\u00e2ces \u00e0 Dieu parce que votre foi fait de grands progr\u00e8s et que la<strong> charit\u00e9 <\/strong>de chacun de vous \u00e0 l&rsquo;\u00e9gard des autres augmente de plus en plus. Aussi nous glorifions-nous de vous dans les Eglises de Dieu, \u00e0 cause de votre <strong>pers\u00e9v\u00e9rance<\/strong> et de votre foi&#8230;\u00a0\u00bb (2 Th. 1.3-4 ; cf. 2 Ti. 1.3-4 ; Ro. 16.3-4).<\/em><\/span><\/p>\n<p style=\"text-align: justify;\">\u00a0<\/p>\n<p style=\"text-align: justify;\">Dire merci \u00e0 quelqu&rsquo;un pour ce que nous avons remarqu\u00e9 de bien en lui, et ce pour quoi nous avons remerci\u00e9 Dieu, n&rsquo;est pas chose facile : nous avons peur de para\u00eetre ridicules, de ne pas savoir comment nous exprimer, de ne pas \u00eatre pris au s\u00e9rieux et peut-\u00eatre de devenir vuln\u00e9rables : \u00ab\u00a0Mieux vaut garder certaines distances\u00a0\u00bb.<\/p>\n<p style=\"text-align: justify;\">\u00a0<\/p>\n<p style=\"text-align: justify;\">Et pourtant, cela vaut la peine d&rsquo;essayer : chacun a bien plus besoin d&rsquo;encouragement que d&rsquo;exhortations, car chacun est peu s\u00fbr de sa valeur. Une parole reconnaissante et vraie fait plus de bien que cent critiques, m\u00eame justifi\u00e9es. Cela ne veut pas dire que nous n&rsquo;ayons jamais \u00e0 faire des remarques n\u00e9gatives, La parole de Dieu nous demande aussi de nous avertir mutuellement, de reprendre nos amis selon la v\u00e9rit\u00e9, <span style=\"background-color: #add8e6;\"><em>les Proverbes<\/em><\/span>, en particulier (<span style=\"background-color: #add8e6;\"><em>9.9 ; 10.10 ; 19.25 ; 27.5-6 ; 28.23<\/em><\/span>, voir<em> l&rsquo;Art de vivre selon Dieu<\/em>, p. 104-107).<\/p>\n<p style=\"text-align: justify;\">\u00a0<\/p>\n<p style=\"text-align: justify;\">Mais alors faisons-le comme le Seigneur lui-m\u00eame qui avait bien des choses \u00e0 reprocher aux Eglises d&rsquo;Asie (dans <span style=\"background-color: #add8e6;\"><em>Ap. 2-3<\/em><\/span>), mais qui n&rsquo;a pas manqu\u00e9 de relever <strong>d&rsquo;abord<\/strong> le positif chez chacune d&rsquo;elles : <span style=\"background-color: #add8e6;\"><em>\u00ab\u00a0Je connais tes \u0153uvres, ta patience, ta pers\u00e9v\u00e9rance&#8230; Mais ce que j&rsquo;ai contre toi c&rsquo;est&#8230;\u00a0\u00bb<\/em><\/span> II a int\u00e9gr\u00e9 les reproches et les avertissements dans une image (totale) compl\u00e8te. De cette mani\u00e8re, celui que nous reprenons n&rsquo;est pas d\u00e9courag\u00e9. Il ne peut pas se dire : \u00ab\u00a0Je ne vaux rien !\u00a0\u00bb ou \u00ab\u00a0II ne voit jamais que le n\u00e9gatif !\u00a0\u00bb II devra reconna\u00eetre que nous faisons un effort pour \u00eatre justes et que nous voulons son bien.<\/p>\n<p style=\"text-align: justify;\">\u00a0<\/p>\n<p style=\"text-align: justify;\">Estimer l&rsquo;autre sup\u00e9rieur \u00e0 soi, c&rsquo;est adopter l&rsquo;attitude de J\u00e9sus-Christ <span style=\"background-color: #add8e6;\"><em>(Ph. 2.3-5)<\/em><\/span> qui, bien qu&rsquo;\u00e9tant Ma\u00eetre et Seigneur <span style=\"background-color: #add8e6;\"><em>(Jn. 13.13)<\/em><\/span> a consid\u00e9r\u00e9 que nous avions tant de valeur qu&rsquo;il a renonc\u00e9 \u00e0 sa place aupr\u00e8s du P\u00e8re, qu&rsquo;il s&rsquo;est fait homme et <span style=\"background-color: #add8e6;\"><em>s&rsquo;est humili\u00e9 lui-m\u00eame, se rendant ob\u00e9issant jusqu&rsquo;\u00e0 la mort, m\u00eame jusqu&rsquo;\u00e0 la mort de la croix \u00bb. (Ph. 2.8)<\/em><\/span>.<\/p>\n<p style=\"text-align: justify;\">\u00a0<\/p>\n<p style=\"text-align: justify;\">Mais comme il fut, pour cela, <span style=\"background-color: #add8e6;\"><em>\u00ab\u00a0souverainement \u00e9lev\u00e9\u00a0\u00bb (v.9)<\/em><\/span>, Dieu \u00e9l\u00e8vera aussi celui qui s&rsquo;abaisse volontairement <span style=\"background-color: #add8e6;\"><em>(Lc. 14.11 ; 18.14)<\/em><\/span> pour servir les autres.<\/p>\n<p style=\"text-align: center;\">A.K.<\/p>\n<hr \/>\n<p>&nbsp;<\/p>\n<p style=\"text-align: justify;\">Note<\/p>\n<p>&nbsp;<\/p>\n<p style=\"text-align: justify;\"><strong>1.<\/strong> : Message donn\u00e9 le 20 novembre 1988 a l&rsquo;Assembl\u00e9e de la Bonne Nouvelle \u00e0 Strasbourg. Le style oral a \u00e9t\u00e9 conserv\u00e9.<\/p>\n<p style=\"text-align: justify;\">\u00a0<\/p>\n","protected":false},"excerpt":{"rendered":"<p>Estimez-vous mutuellement sup\u00e9rieur1 \u00a0 &nbsp; par Alfred Kuen &nbsp; &nbsp; Dans beaucoup de milieux chr\u00e9tiens, il y a des tensions entre les croyants, parfois m\u00eame davantage qu&rsquo;entre les gens du monde. Pourquoi cela, et que pouvons-nous faire pour les \u00e9viter ? \u00a0 \u00a0 A. Pourquoi les tensions entre chr\u00e9tiens sont-elles parfois plus vives qu&rsquo;entre gens [&hellip;]<\/p>\n","protected":false},"author":72,"featured_media":0,"comment_status":"closed","ping_status":"closed","sticky":false,"template":"","format":"standard","meta":{"footnotes":""},"categories":[29,73,13],"tags":[],"class_list":["post-6756","post","type-post","status-publish","format-standard","hentry","category-la-famille","category-pardon","category-la-vie-de-leglise"],"_links":{"self":[{"href":"https:\/\/www.servir.caef.net\/index.php?rest_route=\/wp\/v2\/posts\/6756","targetHints":{"allow":["GET"]}}],"collection":[{"href":"https:\/\/www.servir.caef.net\/index.php?rest_route=\/wp\/v2\/posts"}],"about":[{"href":"https:\/\/www.servir.caef.net\/index.php?rest_route=\/wp\/v2\/types\/post"}],"author":[{"embeddable":true,"href":"https:\/\/www.servir.caef.net\/index.php?rest_route=\/wp\/v2\/users\/72"}],"replies":[{"embeddable":true,"href":"https:\/\/www.servir.caef.net\/index.php?rest_route=%2Fwp%2Fv2%2Fcomments&post=6756"}],"version-history":[{"count":0,"href":"https:\/\/www.servir.caef.net\/index.php?rest_route=\/wp\/v2\/posts\/6756\/revisions"}],"wp:attachment":[{"href":"https:\/\/www.servir.caef.net\/index.php?rest_route=%2Fwp%2Fv2%2Fmedia&parent=6756"}],"wp:term":[{"taxonomy":"category","embeddable":true,"href":"https:\/\/www.servir.caef.net\/index.php?rest_route=%2Fwp%2Fv2%2Fcategories&post=6756"},{"taxonomy":"post_tag","embeddable":true,"href":"https:\/\/www.servir.caef.net\/index.php?rest_route=%2Fwp%2Fv2%2Ftags&post=6756"}],"curies":[{"name":"wp","href":"https:\/\/api.w.org\/{rel}","templated":true}]}}