{"id":6764,"date":"1989-07-13T12:28:46","date_gmt":"1989-07-13T12:28:46","guid":{"rendered":"\/?p=6764"},"modified":"2015-12-16T11:51:00","modified_gmt":"2015-12-16T11:51:00","slug":"dieu-peut-il-encore-se-servir-de-la-france","status":"publish","type":"post","link":"https:\/\/www.servir.caef.net\/?p=6764","title":{"rendered":"Dieu peut-il encore se servir de la France ?"},"content":{"rendered":"<h1 style=\"text-align: center;\">Dieu peut-il encore se servir de la France ?<\/h1>\n<p>&nbsp;<\/p>\n<p style=\"text-align: center;\">\u00a0<a href=\"\/wp-content\/uploads\/1989\/07\/flag-fra.jpg\"><img loading=\"lazy\" decoding=\"async\" class=\" wp-image-8549 aligncenter\" src=\"\/wp-content\/uploads\/1989\/07\/flag-fra.jpg\" alt=\"flag fra\" width=\"170\" height=\"149\" \/><\/a><\/p>\n<p>&nbsp;<\/p>\n<p><strong><span style=\"font-size: 16px;\"><span style=\"color: #b22222;\">par Claude Grandjean<sub>1<\/sub><\/span><\/span><\/strong><\/p>\n<p style=\"text-align: justify;\">\u00a0<\/p>\n<p>&nbsp;<\/p>\n<p style=\"text-align: justify;\">Nous f\u00eatons cette ann\u00e9e le bicentenaire de la R\u00e9volution fran\u00e7aise. L&rsquo;ignoriez-vous ! Parmi les choses que nous aimons en France, il y a les \u00e9lections et les comm\u00e9morations. Peut-\u00eatre parce que les unes comme les autres sont sujettes \u00e0 discussions et pol\u00e9miques. Ce qui est formidable avec nous Fran\u00e7ais, c&rsquo;est que nous sommes toujours en avance d&rsquo;une r\u00e9volution et en retard d&rsquo;une r\u00e9forme. Cela me fait repenser \u00e0 ce que disait G. Pompidou en parlant de nous :<\/p>\n<p style=\"text-align: justify;\">\u00a0<\/p>\n<p style=\"text-align: justify;\">\u00ab\u00a0Pas une fois dans ma vie je n&rsquo;ai vu les Fran\u00e7ais aux prises avec une \u00e9preuve dont ils ne fussent eux-m\u00eames les auteurs, avant d&rsquo;en devenir les victimes. Ils n&rsquo;ont jamais eu de pires ennemis qu&rsquo;eux-m\u00eames.\u00a0\u00bb H\u00e9las !<\/p>\n<p style=\"text-align: justify;\">\u00a0<\/p>\n<p style=\"text-align: justify;\"><!--more--><\/p>\n<p style=\"text-align: justify;\"><strong><a href=\"..\/wp-content\/uploads\/1989\/pdf1989\/1989_04_10_dieupeutilseservirdelafrance.pdf\" target=\"_blank\"><img loading=\"lazy\" decoding=\"async\" src=\"\/wp-content\/uploads\/2011\/01\/iconePDF.jpg\" alt=\"\" width=\"81\" height=\"76\" name=\"images1\" align=\"RIGHT\" border=\"1\" hspace=\"8\" vspace=\"8\" \/><\/a><\/strong>Sur le plan spirituel je crains fort que nous n&rsquo;ayons que trop bien appliqu\u00e9 cette citation et je pense que la France est \u00e0 ce titre une terre de mission tout \u00e0 fait particuli\u00e8re. Depuis des ann\u00e9es bien des chr\u00e9tiens prient pour que vienne un r\u00e9veil dans notre pays. Par p\u00e9riodes nous voyons des m\u00e8ches s&rsquo;allumer (Mission France fut l&rsquo;une de celles-ci) et puis peu \u00e0 peu s&rsquo;\u00e9teindre, puis fumer et retomber dans le noir. Pourquoi ? Comme vous je m&rsquo;interroge, je n&rsquo;ai pas de r\u00e9ponses toutes faites.<\/p>\n<p style=\"text-align: justify;\">\u00a0<\/p>\n<p style=\"text-align: justify;\">Manque de cons\u00e9cration, manque de pri\u00e8re, manque de saintet\u00e9, manque d&rsquo;unit\u00e9, manque d&rsquo;\u00e9vang\u00e9lisation ; oui, sans doute, mais n&rsquo;est-ce pas une explication un peu simpliste ? Certes, sans toutes ces choses il n&rsquo;y a pas de r\u00e9veil possible, mais dans les autres pays, les chr\u00e9tiens sont-ils plus consacr\u00e9s, prient-ils plus, sont-ils plus saints, s&rsquo;entendent-ils tous parfaitement, font-ils plus d&rsquo;\u00e9vang\u00e9lisation ? Je n&rsquo;en ai pas l&rsquo;impression.<\/p>\n<p style=\"text-align: justify;\">\u00a0<\/p>\n<p style=\"text-align: justify;\">En fait, je me demande si les vraies barri\u00e8res ne sont pas dans notre histoire, et dans ce cas nos pri\u00e8res et nos actions ne devraient-elles pas en tenir compte ? Nombreux sont les montages missionnaires qui pr\u00e9sentent notre pays, nous montrent des gens qui, quand on les interroge, ne connaissent pas J\u00e9sus-Christ, ou bien qui sombrent dans l&rsquo;occultisme ou cherchent secours dans une procession aux relents moyen\u00e2geux. Il y a l\u00e0 des manifestations mais pas des causes ; je me demande si les d\u00e9fis que nous avons \u00e0 relever ne prennent pas leurs racines dans trois \u00e9pisodes de notre histoire. C&rsquo;est une r\u00e9flexion que je vous soumets :<\/p>\n<p style=\"text-align: justify;\">\u00a0<\/p>\n<p style=\"text-align: justify;\">\u00a0<\/p>\n<h2>1) Le rejet de la Bible, Parole de Dieu<\/h2>\n<p style=\"text-align: justify;\">\u00a0<\/p>\n<p style=\"text-align: justify;\"><a href=\"\/wp-content\/uploads\/2009\/11\/R\u00e9vocation-Edit-de-Nantes.jpg\"><img loading=\"lazy\" decoding=\"async\" class=\"size-full wp-image-1853 alignleft\" style=\"margin: 10px;\" src=\"\/wp-content\/uploads\/2009\/11\/R\u00e9vocation-Edit-de-Nantes.jpg\" alt=\"R\u00e9vocation Edit de Nantes\" width=\"196\" height=\"302\" srcset=\"https:\/\/www.servir.caef.net\/wp-content\/uploads\/2009\/11\/R\u00e9vocation-Edit-de-Nantes.jpg 196w, https:\/\/www.servir.caef.net\/wp-content\/uploads\/2009\/11\/R\u00e9vocation-Edit-de-Nantes-194x300.jpg 194w\" sizes=\"auto, (max-width: 196px) 100vw, 196px\" \/><\/a>En 1985 nous avons comm\u00e9mor\u00e9 (une fois de plus) le tricentenaire de la R\u00e9vocation de l&rsquo;Edit de Nantes (1685). Finie la tol\u00e9rance envers les protestants ! Mais d\u00e8s 1620, l&rsquo;Etat avait mis en place les moyens lui permettant de r\u00e9primer \u00ab\u00a0la nouvelle foi\u00a0\u00bb. En 1523 mourait Jean Valli\u00e8re, premier martyr, et en 1771, le pasteur Charmuzy de Nanteuil cl\u00f4turait la longue liste de ceux qui avaient sacrifi\u00e9 leur vie pour demeurer fid\u00e8les \u00e0 la Parole. Il faudra attendre 1788 et l&rsquo;\u00e9dit de tol\u00e9rance pour que les protestants, nous dit R. Miguel, \u00ab\u00a0soient admis comme Fran\u00e7ais \u00e0 part presque enti\u00e8re\u00a0\u00bb.<\/p>\n<p style=\"text-align: justify;\">\u00a0<\/p>\n<p style=\"text-align: justify;\"><a href=\"\/wp-content\/uploads\/2010\/03\/bible1.jpg\"><img loading=\"lazy\" decoding=\"async\" class=\"alignright\" style=\"margin: 10px;\" src=\"\/wp-content\/uploads\/2010\/03\/bible1.jpg\" alt=\"bible1\" width=\"359\" height=\"186\" \/><\/a>Mais la Bible n&rsquo;en est pas pour autant admise. Elle demeure un livre secret, ferm\u00e9, non accessible au commun des mortels (du moins le laisse-t-on croire). M\u00eame si aujourd&rsquo;hui il y a un mieux, ce dont nous nous r\u00e9jouissons, la partie n&rsquo;est pas encore gagn\u00e9e et beaucoup de nos contemporains la consid\u00e8rent comme un livre difficile, barbant et bourr\u00e9 de l\u00e9gendes et de mythes. A notre insu le rejet de la Bible est profond\u00e9ment ancr\u00e9 dans les esprits et notre premier combat, notre premi\u00e8re pri\u00e8re ne devraient-ils pas \u00eatre que chacun de nos concitoyens puisse d\u00e9couvrir la Bible pour ce qu&rsquo;elle est : c&rsquo;est-\u00e0-dire la Parole de Dieu ?<\/p>\n<p style=\"text-align: justify;\">\u00a0<\/p>\n<p style=\"text-align: justify;\">\u00a0<\/p>\n<h2>2) Un pays consacr\u00e9<\/h2>\n<p style=\"text-align: justify;\">\u00a0<\/p>\n<p style=\"text-align: justify;\">Dans ce m\u00eame temps nos rois, seuls ma\u00eetres \u00e0 bord, institu\u00e9s de droit divin, disposent du pays et prennent des d\u00e9cisions qui engagent le peuple. C&rsquo;est ainsi qu&rsquo;en \u00ab\u00a0Notre Dame\u00a0\u00bb, Louis XIII fait le voeu de consacrer la France (il n&rsquo;y a rien de trop beau) \u00e0 la Vierge Marie. Le fait n&rsquo;est pas banal. Est-ce pour le bien du peuple, pour que celui-ci soit plus heureux, plus croyant ? NON ! Il consacre la France \u00e0 la Vierge si celle-ci lui accorde un fils : un d\u00e9tail ! La r\u00e9ponse au voeu du roi sera Louis XIV (Je ne suis pas personnellement convaincu qu&rsquo;il ait \u00e9t\u00e9 en b\u00e9n\u00e9diction pour le peuple). Qui se souvenait de cela ? Le 15 ao\u00fbt 1988, le cardinal Lustiger c\u00e9l\u00e9brait (nous y revoil\u00e0) le 350\u00e8me anniversaire du voeu de Louis XIII, rappelant ainsi aux Fran\u00e7ais, \u00e0 ceux qui veulent y croire, qu&rsquo;ils n&rsquo;appartenaient pas \u00e0 n&rsquo;importe qui et que ce n&rsquo;est pas en vain que la France est la fille a\u00een\u00e9e de l&rsquo;Eglise Catholique romaine.<\/p>\n<p style=\"text-align: justify;\">\u00a0<\/p>\n<p style=\"text-align: justify;\">Nous pouvons nous r\u00e9jouir de ce qui se passe dans l&rsquo;Eglise Catholique aujourd&rsquo;hui, de la red\u00e9couverte de la Parole de Dieu, mais pourquoi faut-il que nos amis catholiques restent dans l&rsquo;aveuglement au sujet de Marie ? Il y a peut-\u00eatre l\u00e0 mati\u00e8re \u00e0 un second d\u00e9fi, celui de donner un bon enseignement, demeurant empreint d&rsquo;amour et de respect, mais qui soit ferme et positif. Marie a sa place mais elle n&rsquo;a aucun pouvoir.<\/p>\n<p style=\"text-align: justify;\">\u00a0<\/p>\n<p style=\"text-align: justify;\">\u00a0<\/p>\n<h2>3) L&rsquo;ETRE SUPREME. Prier un autre Dieu.<\/h2>\n<p style=\"text-align: justify;\">\u00a0<\/p>\n<p style=\"text-align: justify;\">Si au travers des attitudes du roi, le peuple devait voir les attitudes de Dieu, on peut comprendre qu&rsquo;un beau matin d&rsquo;avril 1789, certains individus du Faubourg St Antoine aient commenc\u00e9 \u00e0 se r\u00e9volter ; r\u00e9volte qui grandit et qui trouva son symbole le 14 juillet 1789 dans la prise de la Bastille. Un an apr\u00e8s, le 14 juillet 1790, le droit divin est remplac\u00e9 par la souverainet\u00e9 nationale. D\u00e9sormais, le peuple existe par ses repr\u00e9sentants \u00e0 l&rsquo;assembl\u00e9e, et d\u00e9cide de son sort (du moins le croit-il).<\/p>\n<p style=\"text-align: justify;\">\u00a0<\/p>\n<p style=\"text-align: justify;\">Le 22 septembre 1792, la Convention proclame la R\u00e9publique et le 21 janvier 1793, Louis XVI monte \u00e0 l&rsquo;\u00e9chafaud pour y avoir la t\u00eate tranch\u00e9e. Le 8 juin 1794 au champ de Mars, on c\u00e9l\u00e8bre L&rsquo;ETRE SUPREME. Le pouvoir ne venait plus du ciel mais de la terre. Le peuple prenait tout son destin en main.<\/p>\n<p style=\"text-align: justify;\">\u00a0<\/p>\n<p style=\"text-align: justify;\">Notre r\u00e9volution a \u00e9t\u00e9 export\u00e9e, la France est devenue \u00ab\u00a0championne\u00a0\u00bb en mati\u00e8re des droits de l&rsquo;homme &#8211; Libert\u00e9 &#8211; Egalit\u00e9 &#8211; Fraternit\u00e9 &#8211; tout le monde dans la constitution a droit de cit\u00e9 &#8211; Oui, TOUS ! Tous sauf un : Dieu. Il n&rsquo;y a pas sa place. Nous nous sommes fait d&rsquo;autres dieux, d&rsquo;autres idoles. Citoyens du pays des philosophes et des rationalistes, nous exaltons la raison et rejetons la foi. De plus, nous en sommes fiers !<\/p>\n<p style=\"text-align: justify;\">\u00a0<\/p>\n<p style=\"text-align: justify;\">Tant que nous pers\u00e9v\u00e9rons dans la pens\u00e9e \u00ab\u00a0ni Dieu ni ma\u00eetre\u00a0\u00bb, nous ne serons pas des \u00eatres libres, parce que la vraie libert\u00e9 pour chacun de nous est en Christ et la seule r\u00e9volution qui puisse nous la donner c&rsquo;est la r\u00e9volution spirituelle.<\/p>\n<p style=\"text-align: justify;\">\u00a0<\/p>\n<p style=\"text-align: justify;\">Les Fran\u00e7ais sont les enfants de leur histoire. Les trois points abord\u00e9s ont impr\u00e9gn\u00e9 notre soci\u00e9t\u00e9 fran\u00e7aise et constituent des obstacles dont nous devons prendre conscience. Nous avons \u00e0 relever ces d\u00e9fis. C&rsquo;est \u00e0 cette r\u00e9volution que nous sommes appel\u00e9s, celle qui proclame les droits de Dieu sur notre pays<\/p>\n<p style=\"text-align: justify;\">\u00a0<\/p>\n<p style=\"text-align: justify;\">Faut-il croire en la France ?<\/p>\n<p style=\"text-align: justify;\">\u00a0<\/p>\n<p style=\"text-align: justify;\">&#8230; Et si Dieu voulait se servir de la France pour un r\u00e9veil ?<\/p>\n<p style=\"text-align: justify;\">\u00a0<\/p>\n<p style=\"text-align: center;\">C.G.<\/p>\n<p style=\"text-align: justify;\">\u00a0<\/p>\n<hr \/>\n<p style=\"text-align: justify;\">NOTE<\/p>\n<p style=\"text-align: justify;\">\u00a0<\/p>\n<p style=\"text-align: justify;\"><strong>1.<\/strong> : Ancien de l&rsquo;assembl\u00e9e de St Maur pr\u00e8s de Paris et l&rsquo;un des fondateurs et responsables d'\u00a0\u00bbEau Vive Ile de France\u00a0\u00bb dont l&rsquo;objectif est d&rsquo;atteindre les jeunes et de les former pour l&rsquo;\u00e9vang\u00e9lisation. C. Grandjean est directeur dans une entreprise industrielle.<\/p>\n<p style=\"text-align: justify;\">\u00a0<\/p>\n","protected":false},"excerpt":{"rendered":"<p>Dieu peut-il encore se servir de la France ? &nbsp; \u00a0 &nbsp; par Claude Grandjean1 \u00a0 &nbsp; Nous f\u00eatons cette ann\u00e9e le bicentenaire de la R\u00e9volution fran\u00e7aise. L&rsquo;ignoriez-vous ! Parmi les choses que nous aimons en France, il y a les \u00e9lections et les comm\u00e9morations. Peut-\u00eatre parce que les unes comme les autres sont sujettes [&hellip;]<\/p>\n","protected":false},"author":41,"featured_media":0,"comment_status":"closed","ping_status":"closed","sticky":false,"template":"","format":"standard","meta":{"footnotes":""},"categories":[26,16,8],"tags":[],"class_list":["post-6764","post","type-post","status-publish","format-standard","hentry","category-la-bible","category-le-chretien-et-la-societe","category-evangelisation"],"_links":{"self":[{"href":"https:\/\/www.servir.caef.net\/index.php?rest_route=\/wp\/v2\/posts\/6764","targetHints":{"allow":["GET"]}}],"collection":[{"href":"https:\/\/www.servir.caef.net\/index.php?rest_route=\/wp\/v2\/posts"}],"about":[{"href":"https:\/\/www.servir.caef.net\/index.php?rest_route=\/wp\/v2\/types\/post"}],"author":[{"embeddable":true,"href":"https:\/\/www.servir.caef.net\/index.php?rest_route=\/wp\/v2\/users\/41"}],"replies":[{"embeddable":true,"href":"https:\/\/www.servir.caef.net\/index.php?rest_route=%2Fwp%2Fv2%2Fcomments&post=6764"}],"version-history":[{"count":0,"href":"https:\/\/www.servir.caef.net\/index.php?rest_route=\/wp\/v2\/posts\/6764\/revisions"}],"wp:attachment":[{"href":"https:\/\/www.servir.caef.net\/index.php?rest_route=%2Fwp%2Fv2%2Fmedia&parent=6764"}],"wp:term":[{"taxonomy":"category","embeddable":true,"href":"https:\/\/www.servir.caef.net\/index.php?rest_route=%2Fwp%2Fv2%2Fcategories&post=6764"},{"taxonomy":"post_tag","embeddable":true,"href":"https:\/\/www.servir.caef.net\/index.php?rest_route=%2Fwp%2Fv2%2Ftags&post=6764"}],"curies":[{"name":"wp","href":"https:\/\/api.w.org\/{rel}","templated":true}]}}