{"id":6777,"date":"1989-11-14T10:18:10","date_gmt":"1989-11-14T10:18:10","guid":{"rendered":"\/?p=6777"},"modified":"2015-12-16T16:06:47","modified_gmt":"2015-12-16T16:06:47","slug":"la-solidarite-dans-leglise","status":"publish","type":"post","link":"https:\/\/www.servir.caef.net\/?p=6777","title":{"rendered":"La solidarit\u00e9 dans l&rsquo;Eglise"},"content":{"rendered":"<h1 style=\"text-align: center;\">La solidarit\u00e9 dans l&rsquo;Eglise<sub>1<\/sub><\/h1>\n<p>\u00a0<a href=\"\/wp-content\/uploads\/2003\/03\/culte.jpg\"><img loading=\"lazy\" decoding=\"async\" class=\"size-full wp-image-8216 aligncenter\" src=\"\/wp-content\/uploads\/2003\/03\/culte.jpg\" alt=\"culte\" width=\"256\" height=\"192\" \/><\/a><\/p>\n<p>&nbsp;<\/p>\n<p><span style=\"font-size: 16px;\"><span style=\"color: #b22222;\"><strong>par Jean-Pierre BORY<\/strong><\/span><\/span><\/p>\n<p>&nbsp;<\/p>\n<p>&nbsp;<\/p>\n<p>&nbsp;<\/p>\n<p style=\"text-align: justify;\"><strong>La solidarit\u00e9<sub>2<\/sub> \u00a0est dans toutes les bouches, dans tous les journaux, et au programme de tous les partis et syndicats. Mais ce ne sont pas les hommes qui en sont les premiers promoteurs.<\/strong><\/p>\n<p style=\"text-align: justify;\">\u00a0<\/p>\n<p style=\"text-align: justify;\">\u00a0<\/p>\n<h2>A. Des exemples qui parlent<\/h2>\n<p style=\"text-align: justify;\">\u00a0<\/p>\n<h3>1. Dans l&rsquo;Ancien Testament<\/h3>\n<p style=\"text-align: justify;\">\u00a0<\/p>\n<p style=\"text-align: justify; margin-left: 40px;\"><strong>a) Les tribus de Ruben et Gad <\/strong>: La solidarit\u00e9 n&rsquo;a pas toujours caract\u00e9ris\u00e9 Isra\u00ebl : les Rub\u00e9nites et les Gadites durent l&rsquo;apprendre, eux qui pensaient s&rsquo;\u00e9pargner la travers\u00e9e du Jourdain et laisser les autres tribus guerroyer en Canaan. Ils avaient projet\u00e9 de s&rsquo;installer sur les rives orientales du Jourdain ; mais ils comprirent bien vite leur devoir en \u00e9coutant Mo\u00efse ! Et voici ce qu&rsquo;ils d\u00e9clar\u00e8rent : <span style=\"background-color: #add8e6;\"><em>\u00ab Nous construirons ici des enclos, dirent-ils,&#8230; puis nous nous \u00e9quiperons en h\u00e2te pour marcher devant les Isra\u00e9lites&#8230; jusqu&rsquo;\u00e0 ce qu&rsquo;ils aient pris possession chacun de leur h\u00e9ritage \u00bb.<\/em><\/span><\/p>\n<p style=\"text-align: justify;\">\u00a0<\/p>\n<p style=\"text-align: justify; margin-left: 40px;\">Mo\u00efse leur confirma que ce n&rsquo;\u00e9tait qu&rsquo;\u00e0 cette condition qu&rsquo;ils <span style=\"background-color: #add8e6;\"><em>\u00ab seraient quittes envers l&rsquo;Eternel et envers Isra\u00ebl \u00bb (Nb 32.16ss)<\/em><\/span>. L&rsquo;Eternel lui-m\u00eame veillait \u00e0 ce que tout Isra\u00ebl reste solidaire jusqu&rsquo;\u00e0 la fin de la conqu\u00eate de Canaan. Et Canaan fut conquis.<\/p>\n<p style=\"text-align: justify;\">\u00a0<\/p>\n<p style=\"text-align: justify; margin-left: 40px;\"><strong>b) Le bourg de La\u00efch <\/strong>: A l&rsquo;inverse, le manque de solidarit\u00e9 perdit les habitants de La\u00efch <span style=\"background-color: #add8e6;\"><em>(Juges 18)<\/em><\/span>. C&rsquo;\u00e9taient de braves gens, de paisibles agriculteurs qui vivaient <span style=\"background-color: #add8e6;\"><em>\u00ab tranquilles et confiants \u00bb<\/em><\/span>, isol\u00e9s dans leurs collines : <span style=\"background-color: #add8e6;\"><em>\u00ab Ils n&rsquo;avaient de relations avec personne \u00bb<\/em><\/span>, <span style=\"background-color: #add8e6;\"><em>\u00ab ils restaient \u00e9loign\u00e9s des Sidoniens \u00bb<\/em><\/span> avec qui, pourtant, ils avaient des activit\u00e9s et un mode de vie communs. Aussi, furent-ils une proie facile pour quelques Danites en mal d&rsquo;h\u00e9ritage, ils n&rsquo;\u00e9taient solidaires de personne, nul n&rsquo;avait de souci ni d&rsquo;int\u00e9r\u00eat pour eux. Et personne ne les secourut, ils furent tous massacr\u00e9s et leur village br\u00fbl\u00e9.<\/p>\n<p style=\"text-align: justify;\">\u00a0<\/p>\n<p style=\"text-align: justify;\"><!--more--><\/p>\n<h3><strong><a href=\"..\/wp-content\/uploads\/1989\/pdf1989\/1989_06_05_lasolidaritedansleglise.pdf\" target=\"_blank\"><img loading=\"lazy\" decoding=\"async\" src=\"\/wp-content\/uploads\/2011\/01\/iconePDF.jpg\" alt=\"\" width=\"81\" height=\"76\" name=\"images1\" align=\"RIGHT\" border=\"1\" hspace=\"8\" vspace=\"8\" \/><\/a><\/strong>2. J\u00e9sus-Christ et la solidarit\u00e9<\/h3>\n<p style=\"text-align: justify;\">\u00a0<\/p>\n<p style=\"text-align: justify;\"><strong>J\u00e9sus l&rsquo;enseigna<\/strong> : Le Samaritain de la parabole a pratiqu\u00e9 la solidarit\u00e9 de fa\u00e7on exemplaire <span style=\"background-color: #add8e6;\"><em>(Luc 10)<\/em><\/span>. En faveur du voyageur d\u00e9pouill\u00e9 sur la route, il s&rsquo;est lui-m\u00eame priv\u00e9 d&rsquo;une partie de ses provisions de voyage, de son \u00e2ne pour le trajet jusqu&rsquo;\u00e0 l&rsquo;auberge et a pay\u00e9 de ses deniers les frais d&rsquo;h\u00f4tellerie du bless\u00e9.<\/p>\n<p style=\"text-align: justify;\"><strong><br \/> <\/strong><\/p>\n<p style=\"text-align: justify;\"><strong><a href=\"\/wp-content\/uploads\/2008\/09\/soupe.jpg\"><img loading=\"lazy\" decoding=\"async\" class=\" wp-image-8391 alignleft\" style=\"margin: 10px;\" src=\"\/wp-content\/uploads\/2008\/09\/soupe.jpg\" alt=\"soupe\" width=\"277\" height=\"215\" srcset=\"https:\/\/www.servir.caef.net\/wp-content\/uploads\/2008\/09\/soupe.jpg 462w, https:\/\/www.servir.caef.net\/wp-content\/uploads\/2008\/09\/soupe-300x233.jpg 300w\" sizes=\"auto, (max-width: 277px) 100vw, 277px\" \/><\/a>J\u00e9sus se consid\u00e9rait comme solidaire des malheureux<\/strong> <span style=\"background-color: #add8e6;\"><em>(Mt 25.35-46)<\/em><\/span>. Souvenons-nous de ses propres paroles : lorsque vous avez rassasi\u00e9 un enfant mis\u00e9reux, visit\u00e9 un prisonnier, accueilli un immigr\u00e9, tout cela <span style=\"background-color: #add8e6;\"><em>\u00ab c&rsquo;est \u00e0 moi que vous l&rsquo;avez fait \u00bb<\/em><\/span>.<\/p>\n<p style=\"text-align: justify;\">\u00a0<\/p>\n<p style=\"text-align: justify;\"><strong>J\u00e9sus a v\u00e9cu la solidarit\u00e9 de la mani\u00e8re la plus absolue<\/strong> : il a d\u00e9pos\u00e9 ses pr\u00e9rogatives divines pour prendre la condition d&rsquo;un humble villageois confront\u00e9 aux vicissitudes de la vie, une <span style=\"background-color: #add8e6;\"><em>\u00ab condition d&rsquo;esclave, une situation d&rsquo;homme \u00bb (Ph 2.7-8)<\/em><\/span>. Son but \u00e9tait de devenir, <span style=\"background-color: #add8e6;\"><em>\u00ab en tout, semblable \u00bb<\/em><\/span> \u00e0 ceux qu&rsquo;il consid\u00e9rait comme ses fr\u00e8res, et cela jusque dans la mort, afin de les sauver <span style=\"background-color: #add8e6;\"><em>(H\u00e9 2.17-18)<\/em><\/span>. La solidarit\u00e9 de J\u00e9sus-Christ avec l&rsquo;humanit\u00e9 est source de notre salut.<\/p>\n<p style=\"text-align: justify;\">\u00a0<\/p>\n<p style=\"text-align: justify;\">\u00a0<\/p>\n<h2>B. La solidarit\u00e9 dans l&rsquo;Eglise<\/h2>\n<p style=\"text-align: justify;\">\u00a0<\/p>\n<p style=\"text-align: justify;\">L&rsquo;ap\u00f4tre Paul emploie l&rsquo;image du corps pour parler de la solidarit\u00e9 qui doit se vivre dans l&rsquo;Eglise :<\/p>\n<p style=\"text-align: justify;\">\u00a0<\/p>\n<h3>1. L&rsquo;image du corps<\/h3>\n<p style=\"text-align: justify;\"><strong><br \/> <\/strong><\/p>\n<p style=\"text-align: justify; margin-left: 40px;\"><strong>a) Chaque membre a sa sp\u00e9cificit\u00e9<\/strong> : II serait stupide de penser que tous les membres sont polyvalents et interchangeables ; peut-on voir avec les oreilles, peut-on entendre avec l&rsquo;oeil <span style=\"background-color: #add8e6;\"><em>(1 Co 12.16-17)<\/em><\/span>. Non, et cela implique les points suivants :<\/p>\n<p style=\"text-align: justify;\">\u00a0<\/p>\n<p style=\"text-align: justify; margin-left: 40px;\"><strong>b) Chaque membre est indispensable<\/strong> :<em> L&rsquo;oeil ne peut longtemps se passer de la main, ni la t\u00eate des pieds<\/em> <span style=\"background-color: #add8e6;\"><em>(v. 21 )<\/em><\/span>. Il suffit d&rsquo;essayer, d&rsquo;une seule main, de d\u00e9boucher une bouteille de vin, de couper une tranche de pain, de beurrer une \u00a0tartine, pour se rendre compte qu&rsquo;avoir deux mains est bien utile ! <em>M\u00eame les membres les plus faibles sont n\u00e9cessaires<\/em> <span style=\"background-color: #add8e6;\"><em>(v. 22)<\/em><\/span>.<\/p>\n<p style=\"text-align: justify;\">\u00a0<\/p>\n<p style=\"text-align: justify; margin-left: 40px;\"><strong>c) Chaque membre est solidaire des autres<\/strong> : <em>Les membres du corps doivent avoir le souci des autres et leur t\u00e9moigner une \u00e9gale sollicitude<\/em> <span style=\"background-color: #add8e6;\"><em>(v. 25)<\/em><\/span> ; les pieds transporteront la t\u00eate <span style=\"background-color: #add8e6;\"><em>(v. 21 )<\/em><\/span> ; les yeux et les oreilles renseigneront le reste du corps <span style=\"background-color: #add8e6;\"><em>(v. 17-20)<\/em><\/span> ; la souffrance de l&rsquo;un touche les autres, le bien-\u00eatre de l&rsquo;un r\u00e9conforte les autres <span style=\"background-color: #add8e6;\"><em>(v. 26)<\/em><\/span>. Cette pluralit\u00e9 et cette compl\u00e9mentarit\u00e9 voulues de Dieu sont une des caract\u00e9ristiques d&rsquo;un corps <span style=\"background-color: #add8e6;\"><em>(v. 20)<\/em><\/span>.<\/p>\n<p style=\"text-align: justify; margin-left: 40px;\">\u00a0<\/p>\n<p>&nbsp;<\/p>\n<table style=\"width: 284px;\" border=\"1\" cellspacing=\"3\" cellpadding=\"3\">\n<tbody>\n<tr>\n<td style=\"text-align: center;\">\n<h3>La \u00ab division \u00bb dans le corps est source de souffrance.<\/h3>\n<\/td>\n<\/tr>\n<\/tbody>\n<\/table>\n<p>&nbsp;<\/p>\n<p style=\"text-align: justify;\"><strong><br \/> <\/strong><\/p>\n<p style=\"text-align: justify; margin-left: 40px;\"><strong>d) II faut une coh\u00e9rence entre les membres<\/strong> : Leurs attaches doivent \u00eatre solides, et leurs gestes bien coordonn\u00e9s, harmonieux et encha\u00een\u00e9s logiquement. Il n&rsquo;y a rien de plus poignant que les mouvements spasmodiques d&rsquo;un enfant handicap\u00e9, ses mains qui n&rsquo;ob\u00e9issent pas \u00e0 sa volont\u00e9, et qui s&rsquo;agitent sans jamais saisir le jouet d\u00e9sir\u00e9. La <span style=\"background-color: #add8e6;\"><em>\u00ab division \u00bb (v. 25)<\/em><\/span> dans le corps est source de souffrance parce qu&rsquo;elle prive une partie des organes, du service indispensable des autres.<\/p>\n<p style=\"text-align: justify;\">\u00a0<\/p>\n<p style=\"text-align: justify; margin-left: 40px;\">A quoi sert la main qui ne veut plus transcrire la pens\u00e9e par l&rsquo;\u00e9criture, qui ne veut plus porter la nourriture \u00e0 la bouche ? Les autres membres souffrent parce qu&rsquo;elle ne remplit pas son r\u00f4le ; ils souffrent de ses mouvements autonomes, d\u00e9sordonn\u00e9s et non fonctionnels. Non seulement elle n&rsquo;est plus d&rsquo;aucune utilit\u00e9 au corps, mais elle est p\u00e9nible \u00e0 supporter.<\/p>\n<p style=\"text-align: justify;\">\u00a0<\/p>\n<h3>2. La solidarit\u00e9 dans l&rsquo;Eglise locale<\/h3>\n<p style=\"text-align: justify;\">\u00a0<\/p>\n<p style=\"text-align: justify;\">La conclusion que Paul tire est simple : l&rsquo;Eglise vit et fonctionne comme un corps humain <span style=\"background-color: #add8e6;\"><em>(1Co 12.25)<\/em><\/span>; chacun de ses membres est utile, n\u00e9cessaire, sp\u00e9cifique (<span style=\"background-color: #add8e6;\"><em>v. 29 <\/em><\/span>: penser que n&rsquo;importe quel chr\u00e9tien, pourvu qu&rsquo;il soit bien dispos\u00e9, puisse remplir n&rsquo;importe quelle fonction, ou que la qualification vienne avec l&rsquo;usage est une erreur ! N&rsquo;est pas moniteur d&rsquo;\u00e9cole du dimanche qui veut, pas plus qu&rsquo;ancien, \u00e9vang\u00e9liste, tr\u00e9sorier ou&#8230; pianiste).<\/p>\n<p style=\"text-align: justify;\">\u00a0<\/p>\n<p style=\"text-align: justify;\"><strong><a href=\"\/wp-content\/uploads\/2008\/12\/poignee-main.jpg\"><img loading=\"lazy\" decoding=\"async\" class=\" wp-image-8451 alignleft\" style=\"margin: 10px;\" src=\"\/wp-content\/uploads\/2008\/12\/poignee-main.jpg\" alt=\"poignee-main\" width=\"220\" height=\"221\" srcset=\"https:\/\/www.servir.caef.net\/wp-content\/uploads\/2008\/12\/poignee-main.jpg 367w, https:\/\/www.servir.caef.net\/wp-content\/uploads\/2008\/12\/poignee-main-150x150.jpg 150w, https:\/\/www.servir.caef.net\/wp-content\/uploads\/2008\/12\/poignee-main-298x300.jpg 298w\" sizes=\"auto, (max-width: 220px) 100vw, 220px\" \/><\/a>Les membres sont compl\u00e9mentaires<\/strong> ; chaque chr\u00e9tien doit remplir ses fonctions dans l&rsquo;harmonie, avec le souci des autres <span style=\"background-color: #add8e6;\"><em>(Ep 6.22 ; Ph 2.25-28)<\/em><\/span>, en coordonnant son action avec celle des autres en vue du d\u00e9veloppement, de l&rsquo;\u00e9dification <span style=\"background-color: #add8e6;\"><em>(Rm 15.1 -2 ; 1 Co 10.24)<\/em><\/span> et du bien-\u00eatre de l&rsquo;ensemble de l&rsquo;Eglise <span style=\"background-color: #add8e6;\"><em>(1 Co 14.12, 31 )<\/em><\/span>.<\/p>\n<p style=\"text-align: justify;\">\u00a0<\/p>\n<p style=\"text-align: justify;\">Il ne s&rsquo;agit pas, comme \u00e0 Corinthe, de chercher \u00e0 devenir chefs de file dans l&rsquo;Eglise et \u00e0 entra\u00eener un groupe derri\u00e8re soi <span style=\"background-color: #add8e6;\"><em>(1 Co 3.3 ; 4.8)<\/em><\/span> ; ni d&rsquo;organiser des agapes co\u00fbteuses sans se pr\u00e9occuper des chr\u00e9tiens modestes qui ne peuvent pas payer leur part <span style=\"background-color: #add8e6;\"><em>(1 Co 11.21-22)<\/em><\/span>. Ce sont des attitudes contraires \u00e0 la solidarit\u00e9. Quant \u00e0 l&rsquo;exercice des dons de parole, il fallut pour Corinthe, trois chapitres pour remettre les choses en place.<\/p>\n<p style=\"text-align: justify;\">\u00a0<\/p>\n<p style=\"text-align: justify;\">L&rsquo;Eglise peut malheureusement se mutiler elle-m\u00eame : un don n&rsquo;est utile \u00e0 l&rsquo;ensemble de l&rsquo;\u00e9glise&#8230; que s&rsquo;il est exerc\u00e9! (voyez l&rsquo;exemple de Prisca et Aquilas : <span style=\"background-color: #add8e6;\"><em>Rm16.3-4)<\/em><\/span>. Or recherche-t-on, encourage-t-on les capacit\u00e9s des jeunes chr\u00e9tiens, ou celles de chr\u00e9tiens pleins de maturit\u00e9 qui restent parfois inactifs dans nos assembl\u00e9es ? L&rsquo;Eglise souffre de cette privation, autant qu&rsquo;un homme \u00e0 qui l&rsquo;on banderait les yeux. Mais en est-on vraiment convaincu ?<\/p>\n<p style=\"text-align: justify;\">\u00a0<\/p>\n<h3>3. Une solidarit\u00e9 plus \u00e9tendue<\/h3>\n<p style=\"text-align: justify;\">\u00a0<\/p>\n<p style=\"text-align: justify; margin-left: 40px;\"><strong>a) Quand Paul parle de solidarit\u00e9 dans l&rsquo;Eglise, n&rsquo;envisage-t-il que l&rsquo;Eglise locale ?<\/strong><\/p>\n<p style=\"text-align: justify;\">\u00a0<\/p>\n<p style=\"text-align: justify;\">&#8211; <span style=\"background-color: #add8e6;\"><em>Ep 4.4-5<\/em><\/span> : II y a un seul corps, un seul Esprit&#8230; Dans ce texte, ne souligne-t-il pas que l&rsquo;Eglise dont il parle est UNIQUE, au m\u00eame titre que l&rsquo;Esprit-Saint, ou le seul Dieu et P\u00e8re ? Ce que Paul dit du fonctionnement des membres, de leur n\u00e9cessit\u00e9, de \u00a0leur solidarit\u00e9 concerne toute l&rsquo;Eglise-Corps de Christ.<\/p>\n<p style=\"text-align: justify;\">\u00a0<\/p>\n<p style=\"text-align: justify;\">&#8211; <span style=\"background-color: #add8e6;\"><em>Ep 4.11<\/em><\/span> : Y avait-il des ap\u00f4tres dans chaque \u00e9glise locale ? Et \u00e0 Eph\u00e8se en particulier ? (<span style=\"background-color: #add8e6;\"><em>Actes 20<\/em><\/span> n&rsquo;en dit rien en tout cas). Le <span style=\"background-color: #add8e6;\"><em>verset 11<\/em><\/span> n&rsquo;envisage-t-il pas encore une fois l&rsquo;ensemble des \u00e9glises locales : le corps de Christ ?<\/p>\n<p style=\"text-align: justify;\">\u00a0<\/p>\n<p style=\"text-align: justify;\">&#8211; <span style=\"background-color: #add8e6;\"><em>1 Co 12.13<\/em><\/span> : <span style=\"background-color: #add8e6;\"><em>\u00ab Juifs, Grecs, esclaves, libres&#8230; nous avons TOUS \u00e9t\u00e9 baptis\u00e9s dans un seul Esprit pour former un seul corps \u00bb<\/em><\/span> : il s&rsquo;agit ici d&rsquo;une claire allusion \u00e0 \u00a0l&rsquo;Eglise \u00a0universelle, qui est pr\u00e9sente sur terre depuis la Pentec\u00f4te dans les diverses \u00e9glises locales.<\/p>\n<p style=\"text-align: justify;\">\u00a0<\/p>\n<table style=\"width: 308px;\" border=\"1\" cellspacing=\"3\" cellpadding=\"3\" align=\"center\">\n<tbody>\n<tr>\n<td style=\"text-align: center;\">\n<h3>Toutes les \u00e9glises du monde entier forment ensemble le Corps de Christ<\/h3>\n<\/td>\n<\/tr>\n<\/tbody>\n<\/table>\n<p style=\"text-align: justify;\">\u00a0<\/p>\n<p style=\"text-align: justify;\">&#8211; <span style=\"background-color: #add8e6;\"><em>Rm 12.5<\/em><\/span> : <span style=\"background-color: #add8e6;\"><em>\u00ab Nous formons un seul corps en Christ. \u00bb<\/em><\/span> L\u00e0 encore, cette expression sugg\u00e8re plus qu&rsquo;un groupe local de croyants.<\/p>\n<p style=\"text-align: justify;\">\u00a0<\/p>\n<p style=\"text-align: justify;\">Paul parle donc du type de relations qui doit exister \u00e0 la fois ENTRE LES MEMBRES D&rsquo;UNE EGLISE LOCALE, et aussi de la solidarit\u00e9 qui doit marquer L&rsquo;ENSEMBLE DU CORPS DE L&rsquo;EGLISE SUR LA TERRE, dans un pays, dans une r\u00e9gion donn\u00e9e, que ce soit dans l&#8217;empire romain au 1er si\u00e8cle, en France aujourd&rsquo;hui, ou plus largement dans le monde.<\/p>\n<p style=\"text-align: justify;\">\u00a0<\/p>\n<p style=\"text-align: justify; margin-left: 40px;\"><strong>b) Royaume ou r\u00e9publique ?<\/strong><\/p>\n<p style=\"text-align: justify;\">\u00a0<\/p>\n<p style=\"text-align: justify;\">On ne trouve pas dans le Nouveau Testament de traces d&rsquo;une f\u00e9d\u00e9ration d&rsquo;\u00e9glises, d&rsquo;une association ou d&rsquo;une alliance des premi\u00e8res communaut\u00e9s. (Il y est bien question d&rsquo;organisation, mais <strong>sur le plan local<\/strong> : nomination d&rsquo;anciens, de diacres, leur prise en charge mat\u00e9rielle, les devoirs mutuels des membres et leurs privil\u00e8ges : <span style=\"background-color: #add8e6;\"><em>1 Tm 3 ; 5.7 ; Tt 1<\/em><\/span> ; etc.).<\/p>\n<p style=\"text-align: justify;\">\u00a0<\/p>\n<p style=\"text-align: justify;\">C&rsquo;est pour cela que l&rsquo;on parle parfois de <strong>\u00ab L&rsquo;INDEPENDANCE \u00bb de l&rsquo;\u00e9glise locale<\/strong>. Ce terme peut-il l\u00e9gitimement s&rsquo;appliquer \u00e0 une \u00e9glise ? Selon le dictionnaire, ind\u00e9pendance signifie <span style=\"background-color: #add8e6;\"><em>\u00ab situation d&rsquo;une personne ou d&rsquo;une collectivit\u00e9 qui n&rsquo;est soumise \u00e0 aucune autorit\u00e9 \u00bb<\/em><\/span>. Mais Christ n&rsquo;est-il pas le chef de l&rsquo;Eglise <span style=\"background-color: #add8e6;\"><em>(Ep1.22)<\/em><\/span> ?<\/p>\n<p style=\"text-align: justify;\">\u00a0<\/p>\n<p style=\"text-align: justify;\">Dire: \u00ab J\u00e9sus est le Seigneur ! \u00bb c&rsquo;est reconna\u00eetre qu&rsquo;il a le droit de donner des ordres, des r\u00f4les et de coordonner les activit\u00e9s du peuple sur lequel il r\u00e8gne ; et il le fait (voir<span style=\"background-color: #add8e6;\"><em> Ep 4.11-13 ; 1 Co 12.11<\/em><\/span> ). L&rsquo;Eglise n&rsquo;est ni une r\u00e9publique, ni une d\u00e9mocratie (tant pis pour le bicentenaire), c&rsquo;est un ROYAUME <span style=\"background-color: #add8e6;\"><em>(Ap 1.6)<\/em><\/span> ! \u00c7a fait un peu r\u00e9tro, mais c&rsquo;est la r\u00e9alit\u00e9 !<\/p>\n<p style=\"text-align: justify;\">\u00a0<\/p>\n<p style=\"text-align: justify;\">On parle aussi de <strong>\u00ab L&rsquo;AUTONOMIE \u00bb de l&rsquo;\u00e9glise locale<\/strong>. On la r\u00e9clame pour son \u00e9glise ; et cela justifie parfois le fait d&rsquo;aller son bonhomme de chemin sans \u00eatre trop pr\u00e9occup\u00e9 des \u00a0\u00a0probl\u00e8mes des \u00a0autres \u00a0\u00a0et encore moins des conseils \u00a0des autres. Or le dictionnaire d\u00e9finit <strong>l&rsquo;AUTONOMIE<\/strong> comme la libert\u00e9 de se gouverner par \u00a0ses \u00a0propres lois. Paul a imagin\u00e9 ce que cela donnerait dans un corps \u00a0humain \u00a0si les membres d\u00e9cidaient d&rsquo;\u00eatre autonomes, d&rsquo;agir selon leurs propres d\u00e9sirs : cet homme-l\u00e0 serait un monstre aux gestes incontr\u00f4l\u00e9s <span style=\"background-color: #add8e6;\"><em>(1 Co12.14-21)<\/em><\/span>. Or l&rsquo;ensemble des \u00e9glises locales forme UN CORPS <span style=\"background-color: #add8e6;\"><em>(Rm12.5)<\/em><\/span>.<\/p>\n<p style=\"text-align: justify;\">\u00a0<\/p>\n<p style=\"text-align: justify; margin-left: 40px;\"><strong>c) Un seul Seigneur et une loi commune<\/strong><\/p>\n<p style=\"text-align: justify;\">\u00a0<\/p>\n<p style=\"text-align: justify;\">Les croyants sont soumis \u00e0 une loi commune, celle que propose le Seigneur, et non celle de Paul, d&rsquo;Apollos, de Pierre autrefois <span style=\"background-color: #add8e6;\"><em>(1 Co 2)<\/em><\/span>, ou du fr\u00e8re Untel aujourd&rsquo;hui (sinon bonjour les disputes). Cette loi de libert\u00e9, v\u00e9cue dans l&rsquo;amour, conduit \u00e0 devenir serviteurs les uns des autres <span style=\"background-color: #add8e6;\"><em>(Ga 5.13)<\/em><\/span>. Cette loi s&rsquo;applique \u00e0 l&rsquo;Eglise enti\u00e8re.<\/p>\n<p style=\"text-align: justify;\">\u00a0<\/p>\n<p style=\"text-align: justify;\">Ne doit-on pas alors se poser quelques questions ?<\/p>\n<p style=\"text-align: justify;\">\u00a0<\/p>\n<p style=\"text-align: justify; margin-left: 40px;\">1. Ai-je conscience, ici, dans ma communaut\u00e9 d&rsquo;\u00eatre membre d&rsquo;un corps local ?<\/p>\n<p style=\"text-align: justify; margin-left: 40px;\">\u00a0<\/p>\n<p style=\"text-align: justify; margin-left: 40px;\">2. Ai-je conscience que ma communaut\u00e9 locale fait partie d&rsquo;un Corps beaucoup plus large qui englobe de nombreuses autres communaut\u00e9s-soeurs ?<\/p>\n<p style=\"text-align: justify; margin-left: 40px;\">\u00a0<\/p>\n<p style=\"text-align: justify; margin-left: 40px;\">3. Ma communaut\u00e9 se sent-elle concern\u00e9e par l&rsquo;existence, le d\u00e9veloppement, les difficult\u00e9s des autres assembl\u00e9es de France ? ou d&rsquo;autres \u00e9glises \u00e9vang\u00e9liques dans le monde ?<\/p>\n<p style=\"text-align: justify; margin-left: 40px;\">\u00a0<\/p>\n<p style=\"text-align: justify; margin-left: 40px;\">4. Cette prise de conscience conduit-elle \u00e0 une v\u00e9ritable solidarit\u00e9 ?<\/p>\n<p style=\"text-align: justify;\">\u00a0<\/p>\n<p style=\"text-align: justify;\">\u00a0<\/p>\n<h2>C. La solidarit\u00e9 et l&rsquo;interd\u00e9pendance des premi\u00e8res communaut\u00e9s chr\u00e9tiennes<\/h2>\n<p style=\"text-align: justify;\">\u00a0<\/p>\n<p style=\"text-align: justify;\"><a href=\"\/wp-content\/uploads\/2008\/12\/4-mains.jpg\"><img loading=\"lazy\" decoding=\"async\" class=\" wp-image-8432 alignleft\" style=\"margin: 10px;\" src=\"\/wp-content\/uploads\/2008\/12\/4-mains.jpg\" alt=\"4-mains\" width=\"355\" height=\"234\" srcset=\"https:\/\/www.servir.caef.net\/wp-content\/uploads\/2008\/12\/4-mains.jpg 592w, https:\/\/www.servir.caef.net\/wp-content\/uploads\/2008\/12\/4-mains-300x197.jpg 300w\" sizes=\"auto, (max-width: 355px) 100vw, 355px\" \/><\/a>&#8211; L&rsquo;\u00e9glise de J\u00e9rusalem donne la premi\u00e8re l&rsquo;exemple dans ce domaine <span style=\"background-color: #add8e6;\"><em>(Ac 13.22)<\/em><\/span> ; elle apprend qu&rsquo;un groupe de jeunes convertis se r\u00e9unit \u00e0 Antioche ; aussit\u00f4t elle d\u00e9l\u00e8gue deux anciens pour aller les enseigner : elle se sent responsable de cette jeune communaut\u00e9 qu&rsquo;elle suivra dans ses progr\u00e8s <span style=\"background-color: #add8e6;\"><em>(Ac 21.17ss)<\/em><\/span>.<\/p>\n<p style=\"text-align: justify;\">\u00a0<\/p>\n<p style=\"text-align: justify;\">&#8211; Le d\u00e9tail de l&rsquo;enseignement que Paul et Barnabas d\u00e9livrent \u00e0 l&rsquo;\u00e9glise Antioche <span style=\"background-color: #add8e6;\"><em>(Ac11.13ss)<\/em><\/span> \u00a0ne \u00a0nous est pas rapport\u00e9. Mais le premier fruit connu en est le souci qu&rsquo;a cette jeune \u00e9glise pour d&rsquo;autres \u00e9glises : une collecte <span style=\"background-color: #add8e6;\"><em>\u00abpour les fr\u00e8res de la Jud\u00e9e \u00bb (1 Tm 5.8 et Ep 2.19)<\/em><\/span>. L&rsquo;\u00e9glise \u00a0d&rsquo;Antioche de Syrie se sent concern\u00e9e par le besoin de celle de J\u00e9rusalem ; comme le furent plus tard celles de Mac\u00e9doine, de \u00a0Corinthe et certainement de Galatie <span style=\"background-color: #add8e6;\"><em>(1 Co 16.1ss)<\/em><\/span> \u00e0 l&rsquo;\u00e9gard des fr\u00e8res de Jud\u00e9e <span style=\"background-color: #add8e6;\"><em>(2 Co 8-9)<\/em><\/span>.<\/p>\n<p style=\"text-align: justify;\">\u00a0<\/p>\n<p style=\"text-align: justify;\">&#8211; L&rsquo;\u00e9glise d&rsquo;Antioche va aussi se sentir concern\u00e9e par les besoins spirituels du monde : elle enverra Barnabas et Paul en mission <span style=\"background-color: #add8e6;\"><em>(Ac 13.2-3)<\/em><\/span>.<\/p>\n<p style=\"text-align: justify;\">\u00a0<\/p>\n<p style=\"text-align: justify;\">&#8211; Au retour de leur premier voyage, Paul et Barnabas organisent une r\u00e9union missionnaire pour donner des nouvelles de leur travail et des nouvelles \u00e9glises : le sort \u00a0des nouvelles \u00e9glises int\u00e9resse l&rsquo;\u00e9glise d&rsquo;Antioche <span style=\"background-color: #add8e6;\"><em>(Ac 14.27)<\/em><\/span> tout autant que les communaut\u00e9s de Ph\u00e9nicie et de Samarie <span style=\"background-color: #add8e6;\"><em>(Ac 15.3)<\/em><\/span>.<\/p>\n<p style=\"text-align: justify;\">\u00a0<\/p>\n<p style=\"text-align: justify;\">&#8211; Un deuxi\u00e8me voyage missionnaire est organis\u00e9, puis un troisi\u00e8me, et dans chaque cas, le motif en est le souci de savoir o\u00f9 en sont les jeunes \u00e9glises <span style=\"background-color: #add8e6;\"><em>(Ac 15.36)<\/em><\/span> et le d\u00e9sir de les affermir <span style=\"background-color: #add8e6;\"><em>(Ac 18.23)<\/em><\/span>.<\/p>\n<p style=\"text-align: justify;\">\u00a0<\/p>\n<p style=\"text-align: justify;\">&#8211; La fameuse conf\u00e9rence de J\u00e9rusalem <span style=\"background-color: #add8e6;\"><em>(Ac 15)<\/em><\/span> a lieu \u00e0 cause d&rsquo;un d\u00e9saccord th\u00e9ologique qui divise l&rsquo;\u00e9glise d&rsquo;Antioche. C&rsquo;est le blocage complet car chacun reste sur ses positions. La situation va-t-elle pourrir sur place ? Non. On sait \u00e0 Antioche que l&rsquo;\u00e9glise n&rsquo;est pas seule, qu&rsquo;elle a de nombreuses \u00e9glises-soeurs, et en particulier celle de J\u00e9rusalem, qui est en quelque sorte sa \u00ab m\u00e8re spirituelle \u00bb. On forme une d\u00e9l\u00e9gation pour y chercher aide et conseils spirituels, et m\u00eame plus : demander quelle d\u00e9cision les fr\u00e8res de J\u00e9rusalem pensent qu&rsquo;il faut appliquer \u00e0 Antioche !<\/p>\n<p style=\"text-align: justify;\">\u00a0<\/p>\n<p style=\"text-align: justify;\">Les anciens d&rsquo;Antioche \u00e9taient assez humbles pour cela (et pourtant parmi eux il y avait des gens aussi qualifi\u00e9s, connus et exp\u00e9riment\u00e9s que Paul et Barnabas !). Ils en reviennent avec une lettre ; et ils sont m\u00eame accompagn\u00e9s de fr\u00e8res ayant autorit\u00e9 pour faire appliquer dans les \u00e9glises d&rsquo;Antioche, de Syrie et de Silicie les d\u00e9cisions prises \u00e0 J\u00e9rusalem.<\/p>\n<p style=\"text-align: justify;\">\u00a0<\/p>\n<p style=\"text-align: justify;\">A Antioche, loin de se sentir humili\u00e9 par ces fr\u00e8res venus d&rsquo;ailleurs pour remettre de l&rsquo;ordre, \u00ab on se r\u00e9jouit de cet encouragement \u00bb ! Et les fr\u00e8res \u00e9trangers \u00e0 l&rsquo;\u00e9glise d&rsquo;Antioche (Silas et Jude) se permettent encore de prononcer \u00ab de nombreux discours \u00bb dans une \u00e9glise qui n&rsquo;est pas la leur !<\/p>\n<p style=\"text-align: justify;\">\u00a0<\/p>\n<table style=\"width: 312px;\" border=\"1\" cellspacing=\"3\" cellpadding=\"3\" align=\"center\">\n<tbody>\n<tr>\n<td>\n<h3 style=\"text-align: center;\">Les \u00e9glises du premier si\u00e8cle \u00e9taient solidaires les unes des autres<\/h3>\n<\/td>\n<\/tr>\n<\/tbody>\n<\/table>\n<p style=\"text-align: justify;\">\u00a0<\/p>\n<p style=\"text-align: justify;\">Qu&rsquo;on est loin d&rsquo;une attitude d&rsquo;ind\u00e9pendance ou d&rsquo;autonomie locales ! D\u00e8s le d\u00e9but du livre des Actes, l&rsquo;ensemble des \u00e9glises formait un corps dont les membres coop\u00e9raient et se sentaient solidaires les uns des autres.<\/p>\n<p style=\"text-align: justify;\">\u00a0<\/p>\n<p style=\"text-align: justify;\">Et ce n&rsquo;est pas tout :<\/p>\n<p style=\"text-align: justify;\">\u00a0<\/p>\n<p style=\"text-align: justify;\">&#8211; Tout au long des Actes et des Ep\u00eetres on constate le souci de Paul pour les \u00e9glises : il s&rsquo;en sent responsable comme de ses enfants. Il pleure \u00e0 cause d&rsquo;elles, il se r\u00e9jouit, il envoie des messages : d&rsquo;Eph\u00e8se en Mac\u00e9doine, de Corinthe \u00e0 Thessalonique, d&rsquo;Eph\u00e8se \u00e0 Corinthe, il envoie des formateurs en Cr\u00e8te, \u00e0 Eph\u00e8se&#8230; Certaines lettres devaient \u00eatre lues par plusieurs \u00e9glises (\u00e9tablissement d&rsquo;une conduite commune), et Paul donne des ordres pr\u00e9cis \u00e0 ce sujet <span style=\"background-color: #add8e6;\"><em>(Col 4.16 ; Ga 1.2)<\/em><\/span>.<\/p>\n<p style=\"text-align: justify;\">\u00a0<\/p>\n<p style=\"text-align: justify;\">&#8211; L&rsquo;attitude d&rsquo;une \u00e9glise peut \u00eatre la cause de la chute d&rsquo;autres \u00e9glises locales, membres du Corps universel de Christ <span style=\"background-color: #add8e6;\"><em>(1 Co 10.32)<\/em><\/span>. Inversement, elle peut \u00eatre un encouragement pour d&rsquo;autres communaut\u00e9s <span style=\"background-color: #add8e6;\"><em>(1 Th1.7; 2Th. 1.4)<\/em><\/span>, et m\u00eame <span style=\"background-color: #add8e6;\"><em>\u00ab pour le monde entier \u00bb (Ro 1.8)<\/em><\/span>.<\/p>\n<p style=\"text-align: justify;\">\u00a0<\/p>\n<p style=\"text-align: justify;\">Les \u00e9glises, toutes ensemble, ne constituaient certes ni une f\u00e9d\u00e9ration ni une association : mais les liens qui les attachaient les unes aux autres \u00e9taient probablement plus forts encore qu&rsquo;un r\u00e8glement associatif.<\/p>\n<p style=\"text-align: justify;\">\u00a0<\/p>\n<p style=\"text-align: justify;\">C&rsquo;\u00e9taient des liens vivants : ceux qui lient entre eux des membres pour donner un CORPS qui vit et grandit sainement. Une solidarit\u00e9 spontan\u00e9e, volontaire, qui se d\u00e9veloppait dans la joie.<\/p>\n<p style=\"text-align: justify;\">\u00a0<\/p>\n<p style=\"text-align: justify;\">Que sait-on aujourd&rsquo;hui des autres assembl\u00e9es qui se r\u00e9unissent dans la m\u00eame agglom\u00e9ration que la sienne ? A-t-on de la joie \u00e0 retrouver les membres des communaut\u00e9s voisines dans une rencontre r\u00e9gionale ? Y participe-t-on seulement ? Se sent-on pr\u00e9occup\u00e9 par telle assembl\u00e9e qui peine pour acheter un local indispensable \u00e0 son d\u00e9veloppement ? Par telle autre qui cherche depuis longtemps un serviteur \u00e0 plein temps qu&rsquo;elle n&rsquo;ose engager car ses moyens sont trop faibles actuellement ? Savons-nous si elles ont besoin de nos pri\u00e8res ? O\u00f9 en est la librairie de X ? Le camp jeunes de juillet a-t-il besoin d&rsquo;un cuisinier ? Et les assembl\u00e9es du Tchad, de Roumanie&#8230; ?<\/p>\n<p style=\"text-align: justify;\">\u00a0<\/p>\n<p style=\"text-align: justify;\">Que nos assembl\u00e9es soient un corps bien ordonn\u00e9 et coh\u00e9rent qui tire son accroissement du Christ, et s&rsquo;\u00e9difie dans l&rsquo;amour !<\/p>\n<p style=\"text-align: justify;\">\u00a0<\/p>\n<p style=\"text-align: center;\">J.-P. B.<\/p>\n<hr \/>\n<p style=\"text-align: justify;\">NOTES<\/p>\n<p style=\"text-align: justify;\">\u00a0<\/p>\n<p style=\"text-align: justify;\"><strong>1.<\/strong> Notes des messages donn\u00e9s \u00e0 la Conf\u00e9rence Nationale des CAEF les 30 et 31 octobre 89.<\/p>\n<p style=\"text-align: justify;\">\u00a0<\/p>\n<p style=\"text-align: justify;\"><strong>2.<\/strong>\u00a0Le mot SOLIDAIRE vient du latin <em>solidus<\/em> qui veut dire : tout d&rsquo;une pi\u00e8ce, entier ; ferme, de confiance. La SOLIDARITE est une d\u00e9pendance mutuelle des hommes entre eux ; elle est un sentiment qui les pousse \u00e0 s&rsquo;accorder une aide mutuelle parce qu&rsquo;elle leur donne conscience que ce qui arrive \u00e0 leur voisin, les touche aussi eux-m\u00eames.\u00a0<\/p>\n<p>&nbsp;<\/p>\n","protected":false},"excerpt":{"rendered":"<p>La solidarit\u00e9 dans l&rsquo;Eglise1 \u00a0 &nbsp; par Jean-Pierre BORY &nbsp; &nbsp; &nbsp; La solidarit\u00e92 \u00a0est dans toutes les bouches, dans tous les journaux, et au programme de tous les partis et syndicats. Mais ce ne sont pas les hommes qui en sont les premiers promoteurs. \u00a0 \u00a0 A. Des exemples qui parlent \u00a0 1. Dans [&hellip;]<\/p>\n","protected":false},"author":2,"featured_media":0,"comment_status":"closed","ping_status":"closed","sticky":false,"template":"","format":"standard","meta":{"footnotes":""},"categories":[79,13],"tags":[],"class_list":["post-6777","post","type-post","status-publish","format-standard","hentry","category-amour","category-la-vie-de-leglise"],"_links":{"self":[{"href":"https:\/\/www.servir.caef.net\/index.php?rest_route=\/wp\/v2\/posts\/6777","targetHints":{"allow":["GET"]}}],"collection":[{"href":"https:\/\/www.servir.caef.net\/index.php?rest_route=\/wp\/v2\/posts"}],"about":[{"href":"https:\/\/www.servir.caef.net\/index.php?rest_route=\/wp\/v2\/types\/post"}],"author":[{"embeddable":true,"href":"https:\/\/www.servir.caef.net\/index.php?rest_route=\/wp\/v2\/users\/2"}],"replies":[{"embeddable":true,"href":"https:\/\/www.servir.caef.net\/index.php?rest_route=%2Fwp%2Fv2%2Fcomments&post=6777"}],"version-history":[{"count":0,"href":"https:\/\/www.servir.caef.net\/index.php?rest_route=\/wp\/v2\/posts\/6777\/revisions"}],"wp:attachment":[{"href":"https:\/\/www.servir.caef.net\/index.php?rest_route=%2Fwp%2Fv2%2Fmedia&parent=6777"}],"wp:term":[{"taxonomy":"category","embeddable":true,"href":"https:\/\/www.servir.caef.net\/index.php?rest_route=%2Fwp%2Fv2%2Fcategories&post=6777"},{"taxonomy":"post_tag","embeddable":true,"href":"https:\/\/www.servir.caef.net\/index.php?rest_route=%2Fwp%2Fv2%2Ftags&post=6777"}],"curies":[{"name":"wp","href":"https:\/\/api.w.org\/{rel}","templated":true}]}}