{"id":6787,"date":"2008-09-20T17:17:34","date_gmt":"2008-09-20T17:17:34","guid":{"rendered":"\/?p=6787"},"modified":"2017-04-18T13:49:49","modified_gmt":"2017-04-18T13:49:49","slug":"6787","status":"publish","type":"post","link":"https:\/\/www.servir.caef.net\/?p=6787","title":{"rendered":"Editorial du n\u00b05 Septembre-Octobre 2008 &#8211; L\u2019Eglise, dans un monde qui bascule"},"content":{"rendered":"<p style=\"margin-bottom: 0cm; text-align: center;\"><img loading=\"lazy\" decoding=\"async\" class=\"aligncenter size-medium wp-image-6788\" title=\"2008_05_00 couverture PM\" src=\"\/wp-content\/uploads\/2012\/08\/2008_05_00-couverture-PM-211x300.jpg\" alt=\"\" width=\"211\" height=\"300\" srcset=\"https:\/\/www.servir.caef.net\/wp-content\/uploads\/2012\/08\/2008_05_00-couverture-PM-211x300.jpg 211w, https:\/\/www.servir.caef.net\/wp-content\/uploads\/2012\/08\/2008_05_00-couverture-PM-721x1024.jpg 721w, https:\/\/www.servir.caef.net\/wp-content\/uploads\/2012\/08\/2008_05_00-couverture-PM.jpeg 872w\" sizes=\"auto, (max-width: 211px) 100vw, 211px\" \/><\/p>\n<p>&nbsp;<\/p>\n<h1 style=\"text-align: center;\">Editorial du n\u00b05 Septembre-Octobre 2008<\/h1>\n<h1 style=\"text-align: center;\">\u00a0<\/h1>\n<h1 style=\"text-align: center;\">\u00ab L\u2019Eglise, dans un monde qui bascule \u00bb<\/h1>\n<p>&nbsp;<\/p>\n<p><span style=\"color: #800000; font-size: medium;\"><strong>Par Fran\u00e7ois-Jean MARTIN<\/strong><\/span><\/p>\n<p>&nbsp;<\/p>\n<p style=\"text-align: justify;\">Le monde bascule dans une de ses plus graves crises financi\u00e8res dont les r\u00e9percussions \u00e9conomiques vont s&rsquo;amplifier dans les mois \u00e0 venir et bouleverser le monde tel que nous l&rsquo;avons connu. Cela rendra la situation des populations des pays les moins avanc\u00e9s encore plus dramatique,mais cela va aussi multiplier chez nous les situations difficiles qui sont d\u00e9j\u00e0 bien pr\u00e9sentes.<\/p>\n<p style=\"text-align: justify;\">\u00a0<\/p>\n<p style=\"text-align: justify;\"><!--more--><\/p>\n<p style=\"text-align: justify;\"><a href=\"\/wp-content\/uploads\/2008\/pdf2008\/2008_05_01_editorial.pdf\" target=\"_blank\"><img loading=\"lazy\" decoding=\"async\" title=\"iconePDF\" src=\"\/wp-content\/uploads\/2011\/01\/iconePDF.jpg\" alt=\"\" width=\"81\" height=\"76\" align=\"right\" hspace=\"8\" vspace=\"8\" \/><\/a>La pr\u00e9carit\u00e9 est devenue une r\u00e9alit\u00e9 dans notre pays : jeunes, adultes et personnes \u00e2g\u00e9es y sont de plus en plus soumis. Une nouvelle situation est m\u00eame apparue, celle de personnes ayant un travail mais dont le salaire est insuffisant pour obtenir la location d&rsquo;un logement et qui dorment dans leur voiture. Les jeunes sont oblig\u00e9s de rester chez leurs parents beaucoup plus longtemps ou d&rsquo;y revenir.<\/p>\n<p style=\"text-align: justify;\">\u00a0<\/p>\n<p style=\"text-align: justify;\">Tout ceci est d\u00e9j\u00e0 pr\u00e9sent dans la soci\u00e9t\u00e9 qui nous entoure, pr\u00e9sent dans nos Eglises, pr\u00e9sent dans nos foyers. Cela interpelle l&rsquo;Eglise, nos communaut\u00e9s. L\u2019Eglise a son r\u00f4le \u00e0 jouer. Elle ne peut \u00eatre ni silencieuse ni passive.<\/p>\n<p style=\"text-align: justify;\">\u00a0<\/p>\n<p style=\"text-align: justify;\">Ce num\u00e9ro de \u00ab Servir \u00bb nous rappelle ce que la Parole de Dieu dit sur ces r\u00e9alit\u00e9s de nos soci\u00e9t\u00e9s.On comprend que l&rsquo;auteur biblique dans sa sagesse puisse demander \u00e0 Dieu : <span style=\"background-color: #99ccff;\"><em>\u00ab Ne me donne ni pauvret\u00e9 ni richesse ; accorde-moi seulement ce qui m&rsquo;est n\u00e9cessaire pour vivre, car dans l&rsquo;abondance, je pourrais te renier et dire : \u2018\u2019Qui est l&rsquo;Eternel ?\u2019\u2019 Ou bien, press\u00e9 par la mis\u00e8re, je pourrais me mettre \u00e0 voler et d\u00e9shonorer ainsi mon Dieu. \u00bb <\/em><\/span><span style=\"background-color: #99ccff;\"><em>(Proverbes 30. 8b-9)<\/em><\/span><\/p>\n<p style=\"text-align: justify;\">\u00a0<\/p>\n<p style=\"text-align: center;\">Fran\u00e7ois-Jean MARTIN<\/p>\n","protected":false},"excerpt":{"rendered":"<p>&nbsp; Editorial du n\u00b05 Septembre-Octobre 2008 \u00a0 \u00ab L\u2019Eglise, dans un monde qui bascule \u00bb &nbsp; Par Fran\u00e7ois-Jean MARTIN &nbsp; Le monde bascule dans une de ses plus graves crises financi\u00e8res dont les r\u00e9percussions \u00e9conomiques vont s&rsquo;amplifier dans les mois \u00e0 venir et bouleverser le monde tel que nous l&rsquo;avons connu. Cela rendra la situation [&hellip;]<\/p>\n","protected":false},"author":3,"featured_media":0,"comment_status":"closed","ping_status":"closed","sticky":false,"template":"","format":"standard","meta":{"footnotes":""},"categories":[16,39,13],"tags":[],"class_list":["post-6787","post","type-post","status-publish","format-standard","hentry","category-le-chretien-et-la-societe","category-editorial","category-la-vie-de-leglise"],"_links":{"self":[{"href":"https:\/\/www.servir.caef.net\/index.php?rest_route=\/wp\/v2\/posts\/6787","targetHints":{"allow":["GET"]}}],"collection":[{"href":"https:\/\/www.servir.caef.net\/index.php?rest_route=\/wp\/v2\/posts"}],"about":[{"href":"https:\/\/www.servir.caef.net\/index.php?rest_route=\/wp\/v2\/types\/post"}],"author":[{"embeddable":true,"href":"https:\/\/www.servir.caef.net\/index.php?rest_route=\/wp\/v2\/users\/3"}],"replies":[{"embeddable":true,"href":"https:\/\/www.servir.caef.net\/index.php?rest_route=%2Fwp%2Fv2%2Fcomments&post=6787"}],"version-history":[{"count":0,"href":"https:\/\/www.servir.caef.net\/index.php?rest_route=\/wp\/v2\/posts\/6787\/revisions"}],"wp:attachment":[{"href":"https:\/\/www.servir.caef.net\/index.php?rest_route=%2Fwp%2Fv2%2Fmedia&parent=6787"}],"wp:term":[{"taxonomy":"category","embeddable":true,"href":"https:\/\/www.servir.caef.net\/index.php?rest_route=%2Fwp%2Fv2%2Fcategories&post=6787"},{"taxonomy":"post_tag","embeddable":true,"href":"https:\/\/www.servir.caef.net\/index.php?rest_route=%2Fwp%2Fv2%2Ftags&post=6787"}],"curies":[{"name":"wp","href":"https:\/\/api.w.org\/{rel}","templated":true}]}}