{"id":6817,"date":"1991-07-22T08:30:26","date_gmt":"1991-07-22T08:30:26","guid":{"rendered":"\/?p=6817"},"modified":"2016-03-21T11:26:54","modified_gmt":"2016-03-21T11:26:54","slug":"editorial-du-n4-juillet-aout-1991-prendre-le-temps","status":"publish","type":"post","link":"https:\/\/www.servir.caef.net\/?p=6817","title":{"rendered":"Editorial du n\u00b04 Juillet-Ao\u00fbt 1991 &#8211; Prendre le temps"},"content":{"rendered":"<p style=\"text-align: center;\"><img loading=\"lazy\" decoding=\"async\" class=\"aligncenter size-medium wp-image-6818\" title=\"1991_04_00 couverture PM\" src=\"\/wp-content\/uploads\/2012\/08\/1991_04_00-couverture-PM-212x300.jpg\" alt=\"\" width=\"212\" height=\"300\" srcset=\"https:\/\/www.servir.caef.net\/wp-content\/uploads\/2012\/08\/1991_04_00-couverture-PM-212x300.jpg 212w, https:\/\/www.servir.caef.net\/wp-content\/uploads\/2012\/08\/1991_04_00-couverture-PM-726x1024.jpg 726w, https:\/\/www.servir.caef.net\/wp-content\/uploads\/2012\/08\/1991_04_00-couverture-PM.jpg 880w\" sizes=\"auto, (max-width: 212px) 100vw, 212px\" \/><\/p>\n<p>&nbsp;<\/p>\n<h1 style=\"text-align: center;\">Editorial du n\u00b04 Juillet-Ao\u00fbt 1991<\/h1>\n<p>&nbsp;<\/p>\n<h1 style=\"text-align: center;\">Prendre le temps<\/h1>\n<p style=\"text-align: justify;\">\u00a0<\/p>\n<p style=\"text-align: justify;\"><span style=\"color: #800000; font-size: medium;\"><strong>Par Francis BAILET\u00a0<\/strong><\/span><\/p>\n<p style=\"text-align: justify;\">\u00a0<\/p>\n<p style=\"text-align: justify;\">Il y a un temps pour toutes choses sous le soleil, nous a appris le sage. L&rsquo;aurions-nous oubli\u00e9, nous qui disons si souvent : \u00ab Je n &lsquo;ai pas le temps \u00bb ? Et pourtant, les jours ont toujours vingt-quatre\u00a0 heures et les ann\u00e9es trois cent soixante cinq jours. Ne devrions-nous pas plut\u00f4t confesser que nous ne savons pas g\u00e9rer notre temps, que nous le gaspillons pour ce qui n&rsquo;est pas essentiel ? Avons-nous d\u00e9fini les priorit\u00e9s pour lesquelles nous prendrons le temps qu&rsquo;il faudra ?<\/p>\n<p style=\"text-align: justify;\">\u00a0<\/p>\n<p style=\"text-align: justify;\">La Parole de Dieu nous y encourage par diverses exhortations. Prenons, avant tout, le temps de\u00a0 prier pour faire le point avec Dieu. Il est urgent de nous laisser sonder par lui pour obtenir une totale d\u00e9livrance et recevoir ainsi une plus grande mesure de Sa gr\u00e2ce. L&rsquo;article de Robert Somerville \u00ab La schizophr\u00e9nie chr\u00e9tienne \u00bb nous y aidera. Il nous r\u00e9v\u00e8le, peut-\u00eatre en termes nouveaux pour plusieurs, mais tr\u00e8s finement, le coeur de l&rsquo;homme, notre coeur \u00e0 tous et rappelle le\u00a0 rem\u00e8de \u00e0 ses maux.<\/p>\n<p style=\"text-align: justify;\">\u00a0<\/p>\n<p style=\"text-align: justify;\"><!--more--><\/p>\n<p style=\"text-align: justify;\"><strong><a href=\"..\/wp-content\/uploads\/1991\/pdf1991\/1991_04_00B_editorial.pdf\" target=\"_blank\"><img loading=\"lazy\" decoding=\"async\" src=\"\/wp-content\/uploads\/2011\/01\/iconePDF.jpg\" alt=\"\" width=\"81\" height=\"76\" name=\"images1\" align=\"RIGHT\" border=\"1\" hspace=\"8\" vspace=\"8\" \/><\/a><\/strong>Les r\u00e9flexions du Dr Gatfoss\u00e9 sur l&rsquo;anxi\u00e9t\u00e9 veulent aussi nous conduire \u00e0 un examen personnel.\u00a0\u00a0\u00a0 Prenons donc le temps pour \u00eatre seuls avec Dieu. Un coeur \u00e0 coeur avec Lui nous conduit toujours vers un plus grand \u00e9panouissement de notre personnalit\u00e9 et nous garde de glisser vers la d\u00e9pression\u00a0 si fr\u00e9quente dans l&rsquo;\u00e9glise aujourd&rsquo;hui et de nous y enliser.<\/p>\n<p style=\"text-align: justify;\">\u00a0<\/p>\n<p style=\"text-align: justify;\">Et puis, vous ne l&rsquo;avez certainement pas oubli\u00e9, le temps des vacances est l\u00e0. Qu&rsquo;il ne soit pas le temps de l&rsquo;ennemi qui voudrait bien l&rsquo;utiliser pour nous d\u00e9tourner du chemin droit, juste et bon par des activit\u00e9s qui pourraient nous souiller. Qu&rsquo;il soit au contraire le temps de Dieu qui veut nous\u00a0 combler de b\u00e9n\u00e9dictions et nous renouveler dans notre \u00eatre tout entier.<\/p>\n<p style=\"text-align: justify;\">\u00a0<\/p>\n<p style=\"text-align: justify;\">Pratiquement, emportez donc avec vous quelques-uns des livres qui vous sont recommand\u00e9s dans ce num\u00e9ro. Vous en tirerez grand profit et tous les v\u00f4tres aussi.<\/p>\n<p style=\"text-align: justify;\">\u00a0<\/p>\n<p style=\"text-align: justify;\">\u00ab Bon vent \u00bb donc&#8230; Non, non, nous nous trompons : \u00ab Souffle de l&rsquo;Esprit \u00bb pour un renouveau\u00a0 d&rsquo;amour, de paix, de joie et de z\u00e8le pour votre Seigneur.<br \/> \u00a0<\/p>\n<p style=\"text-align: center;\">Francis BAILET<\/p>\n","protected":false},"excerpt":{"rendered":"<p>&nbsp; Editorial du n\u00b04 Juillet-Ao\u00fbt 1991 &nbsp; Prendre le temps \u00a0 Par Francis BAILET\u00a0 \u00a0 Il y a un temps pour toutes choses sous le soleil, nous a appris le sage. L&rsquo;aurions-nous oubli\u00e9, nous qui disons si souvent : \u00ab Je n &lsquo;ai pas le temps \u00bb ? Et pourtant, les jours ont toujours vingt-quatre\u00a0 [&hellip;]<\/p>\n","protected":false},"author":13,"featured_media":0,"comment_status":"closed","ping_status":"closed","sticky":false,"template":"","format":"standard","meta":{"footnotes":""},"categories":[26,39,11],"tags":[],"class_list":["post-6817","post","type-post","status-publish","format-standard","hentry","category-la-bible","category-editorial","category-la-vie-du-chretien"],"_links":{"self":[{"href":"https:\/\/www.servir.caef.net\/index.php?rest_route=\/wp\/v2\/posts\/6817","targetHints":{"allow":["GET"]}}],"collection":[{"href":"https:\/\/www.servir.caef.net\/index.php?rest_route=\/wp\/v2\/posts"}],"about":[{"href":"https:\/\/www.servir.caef.net\/index.php?rest_route=\/wp\/v2\/types\/post"}],"author":[{"embeddable":true,"href":"https:\/\/www.servir.caef.net\/index.php?rest_route=\/wp\/v2\/users\/13"}],"replies":[{"embeddable":true,"href":"https:\/\/www.servir.caef.net\/index.php?rest_route=%2Fwp%2Fv2%2Fcomments&post=6817"}],"version-history":[{"count":0,"href":"https:\/\/www.servir.caef.net\/index.php?rest_route=\/wp\/v2\/posts\/6817\/revisions"}],"wp:attachment":[{"href":"https:\/\/www.servir.caef.net\/index.php?rest_route=%2Fwp%2Fv2%2Fmedia&parent=6817"}],"wp:term":[{"taxonomy":"category","embeddable":true,"href":"https:\/\/www.servir.caef.net\/index.php?rest_route=%2Fwp%2Fv2%2Fcategories&post=6817"},{"taxonomy":"post_tag","embeddable":true,"href":"https:\/\/www.servir.caef.net\/index.php?rest_route=%2Fwp%2Fv2%2Ftags&post=6817"}],"curies":[{"name":"wp","href":"https:\/\/api.w.org\/{rel}","templated":true}]}}