{"id":6819,"date":"1991-09-22T09:11:27","date_gmt":"1991-09-22T09:11:27","guid":{"rendered":"\/?p=6819"},"modified":"2016-03-21T11:47:58","modified_gmt":"2016-03-21T11:47:58","slug":"editorial-du-n5-septembre-octobre-1991","status":"publish","type":"post","link":"https:\/\/www.servir.caef.net\/?p=6819","title":{"rendered":"Editorial du n\u00b05 Septembre-Octobre 1991 &#8211; Le sens de la dur\u00e9e"},"content":{"rendered":"<p style=\"text-align: center;\"><img loading=\"lazy\" decoding=\"async\" class=\"aligncenter size-medium wp-image-6820\" title=\"1991_05_00 couverture PM\" src=\"\/wp-content\/uploads\/2012\/08\/1991_05_00-couverture-PM-216x300.jpg\" alt=\"\" width=\"216\" height=\"300\" srcset=\"https:\/\/www.servir.caef.net\/wp-content\/uploads\/2012\/08\/1991_05_00-couverture-PM-216x300.jpg 216w, https:\/\/www.servir.caef.net\/wp-content\/uploads\/2012\/08\/1991_05_00-couverture-PM-737x1024.jpg 737w, https:\/\/www.servir.caef.net\/wp-content\/uploads\/2012\/08\/1991_05_00-couverture-PM.jpg 883w\" sizes=\"auto, (max-width: 216px) 100vw, 216px\" \/><\/p>\n<p>&nbsp;<\/p>\n<h1 style=\"text-align: center;\">Editorial du n\u00b05 Septembre-Octobre 1991<\/h1>\n<p>&nbsp;<\/p>\n<h1 style=\"text-align: center;\">Le sens de la dur\u00e9e<\/h1>\n<p>&nbsp;<\/p>\n<p>&nbsp;<\/p>\n<p><span style=\"color: #800000; font-size: medium;\"><strong>Par Esther BUCKENHAM<\/strong><\/span><\/p>\n<p>&nbsp;<\/p>\n<p style=\"text-align: justify;\"><strong><span style=\"background-color: #add8e6;\"><em><br \/> \u00ab II fait toute chose belle en son temps ; \u00e0 leur coeur il donne m\u00eame le sens de la dur\u00e9e sans que l&rsquo;homme puisse d\u00e9couvrir l&rsquo;oeuvre que\u00a0 fait Dieu depuis le d\u00e9but jusqu&rsquo;\u00e0 la fin. Je sais que tout ce que fait Dieu, cela durera toujours ; il n&rsquo;y a rien \u00e0 y ajouter, ni rien \u00e0 en\u00a0\u00a0\u00a0 retrancher. \u00bb\u00a0 Eccl\u00e9siaste 3.11,14 (TOB)\u00a0<br \/> <\/em><\/span><\/strong><\/p>\n<p style=\"text-align: justify;\">\u00a0<\/p>\n<p style=\"text-align: justify;\">\u00ab Le sens de la dur\u00e9e \u00bb (ou de l&rsquo;\u00e9ternit\u00e9, ce que nous lisons dans d&rsquo;autres traductions) fait partie des fondements de notre vie de chr\u00e9tiens. Sans cette certitude que ferions-nous devant la mort, devant la perte d&rsquo;un travail, devant les changements dans le monde, et m\u00eame peut-\u00eatre, devant les changements dans l&rsquo;\u00e9glise ?\u00a0<\/p>\n<p style=\"text-align: justify;\">\u00a0<\/p>\n<p style=\"text-align: justify;\"><!--more--><\/p>\n<p style=\"text-align: justify;\"><strong><em><a href=\"..\/wp-content\/uploads\/1991\/pdf1991\/1991_05_00B_editorial.pdf\" target=\"_blank\"><img loading=\"lazy\" decoding=\"async\" src=\"\/wp-content\/uploads\/2011\/01\/iconePDF.jpg\" alt=\"\" width=\"81\" height=\"76\" name=\"images1\" align=\"RIGHT\" border=\"1\" hspace=\"8\" vspace=\"8\" \/><\/a><\/em><\/strong>S&rsquo;il nous arrive de jeter parfois un regard en arri\u00e8re quelque peu nostalgique, nous devons tout \u00e0 la fois faire face avec confiance au pr\u00e9sent. Nous pouvons dire, nous aussi : \u00ab Je sais que tout ce que fait Dieu durera toujours \u00bb. Si jamais nous avons perdu tout espoir, sachons que Dieu a d\u00e9j\u00e0 pr\u00e9par\u00e9 pour nous des \u00ab voies de d\u00e9tresse \u00bb : voir Au volant de la vie. Exer\u00e7ons-nous \u00e0 remplacer le\u00a0 \u00ab E \u00bb de \u00ab perte \u00bb par un \u00ab O \u00bb, pour que cela devienne une \u00ab porte \u00bb : voir Un temps pour perdre -et sachons utiliser dans nos vies les propri\u00e9t\u00e9s adoucissantes et calmantes de l&rsquo;huile : voir la parabole de l&rsquo;olivier qui nous parle de la saintet\u00e9 et m\u00eame du Saint-Esprit et de Son oeuvre en nous.<\/p>\n<p style=\"text-align: justify;\">\u00a0<\/p>\n<p style=\"text-align: justify;\">Et l&rsquo;avenir ? Dieu s&rsquo;en occupe d\u00e9j\u00e0 ! ll y a des jeunes couples qui r\u00e9pondent \u00e0 Son appel (voir le\u00a0 t\u00e9moignage dans ce num\u00e9ro). Il envoie certains travailler dans les grandes villes, avec des m\u00e9thodes techniques modernes (voir nos informations). Laissons-nous interroger par Lui, mettons-nous \u00e0 son \u00e9coute, et alors <span style=\"background-color: #add8e6;\"><em>\u00ab II nous conduira vers des sources d&rsquo;eaux ; Il changera toutes nos montagnes en chemins, et nos routes seront fray\u00e9es \u00bb &#8211; Esa\u00efe 49.11<\/em><\/span> (voir l&rsquo;article Donne-moi cette\u00a0 montagne)<\/p>\n<p style=\"text-align: justify;\">\u00a0<\/p>\n<p style=\"text-align: center;\">Esther BUCKENHAM<\/p>\n","protected":false},"excerpt":{"rendered":"<p>&nbsp; Editorial du n\u00b05 Septembre-Octobre 1991 &nbsp; Le sens de la dur\u00e9e &nbsp; &nbsp; Par Esther BUCKENHAM &nbsp; \u00ab II fait toute chose belle en son temps ; \u00e0 leur coeur il donne m\u00eame le sens de la dur\u00e9e sans que l&rsquo;homme puisse d\u00e9couvrir l&rsquo;oeuvre que\u00a0 fait Dieu depuis le d\u00e9but jusqu&rsquo;\u00e0 la fin. Je [&hellip;]<\/p>\n","protected":false},"author":117,"featured_media":0,"comment_status":"closed","ping_status":"closed","sticky":false,"template":"","format":"standard","meta":{"footnotes":""},"categories":[6,39,72],"tags":[],"class_list":["post-6819","post","type-post","status-publish","format-standard","hentry","category-dieu","category-editorial","category-service"],"_links":{"self":[{"href":"https:\/\/www.servir.caef.net\/index.php?rest_route=\/wp\/v2\/posts\/6819","targetHints":{"allow":["GET"]}}],"collection":[{"href":"https:\/\/www.servir.caef.net\/index.php?rest_route=\/wp\/v2\/posts"}],"about":[{"href":"https:\/\/www.servir.caef.net\/index.php?rest_route=\/wp\/v2\/types\/post"}],"author":[{"embeddable":true,"href":"https:\/\/www.servir.caef.net\/index.php?rest_route=\/wp\/v2\/users\/117"}],"replies":[{"embeddable":true,"href":"https:\/\/www.servir.caef.net\/index.php?rest_route=%2Fwp%2Fv2%2Fcomments&post=6819"}],"version-history":[{"count":0,"href":"https:\/\/www.servir.caef.net\/index.php?rest_route=\/wp\/v2\/posts\/6819\/revisions"}],"wp:attachment":[{"href":"https:\/\/www.servir.caef.net\/index.php?rest_route=%2Fwp%2Fv2%2Fmedia&parent=6819"}],"wp:term":[{"taxonomy":"category","embeddable":true,"href":"https:\/\/www.servir.caef.net\/index.php?rest_route=%2Fwp%2Fv2%2Fcategories&post=6819"},{"taxonomy":"post_tag","embeddable":true,"href":"https:\/\/www.servir.caef.net\/index.php?rest_route=%2Fwp%2Fv2%2Ftags&post=6819"}],"curies":[{"name":"wp","href":"https:\/\/api.w.org\/{rel}","templated":true}]}}