{"id":6828,"date":"2007-03-22T10:00:42","date_gmt":"2007-03-22T10:00:42","guid":{"rendered":"\/?p=6828"},"modified":"2015-11-10T13:23:29","modified_gmt":"2015-11-10T13:23:29","slug":"bibliographie-sur-le-theme-de-la-priere","status":"publish","type":"post","link":"https:\/\/www.servir.caef.net\/?p=6828","title":{"rendered":"Bibliographie sur le th\u00e8me de \u00ab La pri\u00e8re \u00bb"},"content":{"rendered":"<h1 style=\"text-align: center;\"><a href=\"\/wp-content\/uploads\/2012\/11\/bibliographie.jpg\"><img loading=\"lazy\" decoding=\"async\" class=\"alignnone size-full wp-image-7948\" src=\"\/wp-content\/uploads\/2012\/11\/bibliographie.jpg\" alt=\"bibliographie\" width=\"642\" height=\"114\" srcset=\"https:\/\/www.servir.caef.net\/wp-content\/uploads\/2012\/11\/bibliographie.jpg 642w, https:\/\/www.servir.caef.net\/wp-content\/uploads\/2012\/11\/bibliographie-300x53.jpg 300w\" sizes=\"auto, (max-width: 642px) 100vw, 642px\" \/><\/a><\/h1>\n<h1 style=\"text-align: center;\">sur le th\u00e8me de \u00ab La pri\u00e8re \u00bb<\/h1>\n<p style=\"margin-bottom: 0cm;\" align=\"LEFT\">\u00a0<\/p>\n<p style=\"margin-bottom: 0cm;\" align=\"LEFT\">\u00a0<\/p>\n<p style=\"margin-bottom: 0cm;\" align=\"LEFT\">\u00a0<\/p>\n<p>&nbsp;<\/p>\n<p style=\"margin-bottom: 0cm; text-align: justify;\"><span style=\"font-size: medium;\"><em><b>\u00ab Pourquoi prier si Dieu le sait d\u00e9j\u00e0 <\/b>\u00bb<\/em>, Kelly DOUGLAS, Editions Europresse, 2005,191 pages<\/span><\/p>\n<p style=\"margin-bottom: 0cm; text-align: justify;\">\u00a0<\/p>\n<p style=\"margin-bottom: 0cm; text-align: justify;\"><span style=\"font-size: medium;\"><b><em>\u00ab Pratique de la pri\u00e8re \u00bb<\/em>, <\/b>Jos\u00e9 MARTINEZ, Editions LLB, 1994,124 pages<\/span><\/p>\n<p style=\"margin-bottom: 0cm; text-align: justify;\">\u00a0<\/p>\n<p style=\"margin-bottom: 0cm; text-align: justify;\"><span style=\"font-size: medium;\"><b><em>\u00ab Th\u00e9ologie de ta pri\u00e8re \u00bb<\/em>, <\/b>Jos\u00e9 MARTINEZ, Editions LLB, 1995,124 pages<\/span><\/p>\n<p style=\"margin-bottom: 0cm; text-align: justify;\">\u00a0<!--more--><\/p>\n<p style=\"margin-bottom: 0cm; text-align: justify;\"><span style=\"font-size: medium;\"><b><em><a href=\"\/wp-content\/uploads\/2007\/pdf2007\/Servir2007_2.pdf#page=25\" target=\"_blank\"><img loading=\"lazy\" decoding=\"async\" title=\"iconePDF\" src=\"\/wp-content\/uploads\/2011\/01\/iconePDF.jpg\" alt=\"\" width=\"81\" height=\"76\" align=\"right\" hspace=\"8\" vspace=\"8\" \/><\/a>\u00ab La pri\u00e8re renouvel\u00e9e \u00bb<\/em>, <\/b>Donald A. CARSON, Editions Excelsis, 2005, 267 pages<\/span><\/p>\n<p style=\"margin-bottom: 0cm; text-align: justify;\">\u00a0<\/p>\n<p style=\"margin-bottom: 0cm; text-align: justify;\"><span style=\"font-size: medium;\"><em><b>\u00ab Psychologie de la pri\u00e8re <\/b>\u00bb<\/em>, Pablo MARTINEZ, Editions LLB, 1995,124 pages<\/span><\/p>\n<p style=\"margin-bottom: 0cm; text-align: justify;\">\u00a0<\/p>\n<p style=\"margin-bottom: 0cm; text-align: justify;\"><span style=\"font-size: medium;\"><b><em>\u00ab 52 pri\u00e8res pour femmes actives \u00bb<\/em>, <\/b>Patricia WILSON, Editions Empreinte Temps pr\u00e9sent, 130 pages<\/span><\/p>\n<p style=\"margin-bottom: 0cm; text-align: justify;\">\u00a0<\/p>\n<p style=\"margin-bottom: 0cm; text-align: justify;\"><span style=\"font-size: medium;\"><b><em>\u00ab Les pri\u00e8res de J\u00e9sus \u00bb<\/em>, <\/b>Samuel BENETREAU, Editions Edifac\/Excelsis, Collection Th\u00e9ologie\u00bb 224 pages<\/span><\/p>\n<p style=\"margin-bottom: 0cm; text-align: justify;\">\u00a0<\/p>\n<p style=\"margin-bottom: 0cm; text-align: justify;\"><span style=\"font-size: medium;\"><em><b>\u00ab La pri\u00e8re par l&rsquo;Esprit <\/b>\u00bb<\/em>, Samuel BENETREAU, Edifac\/Excelsis, 138 pages<\/span><\/p>\n<p style=\"margin-bottom: 0cm; text-align: justify;\">\u00a0<\/p>\n<p style=\"margin-bottom: 0cm; text-align: justify;\"><span style=\"font-size: medium;\"><em><b>\u00ab Le d\u00e9sir et Ie plaisir de prier <\/b>\u00bb<\/em>, Yan Newberry, Editions Biblos,<\/span><\/p>\n<p style=\"margin-bottom: 0cm; text-align: justify;\">\u00a0<\/p>\n<p style=\"margin-bottom: 0cm; text-align: justify;\"><span style=\"font-size: medium;\"><b><em>\u00ab En piste I Prier, c&rsquo;est passionnant \u00bb<\/em>, <\/b>P.-Y. Paquier, Editions LLB Suisse<\/span><\/p>\n<p style=\"margin-bottom: 0cm; text-align: justify;\">\u00a0<\/p>\n<p style=\"margin-bottom: 0cm; text-align: justify;\"><span style=\"font-size: medium;\"><em><b>\u00ab Les rendez-vous du matin <\/b>\u00bb<\/em>, Chartes SPURGEON, Editions Europresse, 370 pages<\/span><\/p>\n<p style=\"margin-bottom: 0cm; text-align: justify;\">\u00a0<\/p>\n<p style=\"margin-bottom: 0cm; text-align: justify;\"><span style=\"font-size: medium;\"><b><em>\u00ab Dans le calme du soir \u00bb<\/em>, <\/b>Charles SPURGEON, Editions Europresse, 384 pages<\/span><\/p>\n<p style=\"margin-bottom: 0cm; text-align: justify;\">\u00a0<\/p>\n<p style=\"margin-bottom: 0cm; text-align: justify;\"><span style=\"font-size: medium;\"><b><em>\u00ab Sa Pr\u00e9sence \u00bb<\/em>, <\/b>Andr\u00e9 ADOUL, Editions LLB, 120 pages<\/span><\/p>\n<p style=\"margin-bottom: 0cm; text-align: justify;\">\u00a0<\/p>\n<p style=\"margin-bottom: 0cm; text-align: justify;\"><span style=\"font-size: medium;\"><b><em>\u00ab Les lois de la pri\u00e8re percutante \u00bb<\/em>, <\/b>Roland J, BROWN, Les Carnets de Croire et Servir, 90 pages<\/span><\/p>\n<p style=\"margin-bottom: 0cm; text-align: justify;\">\u00a0<\/p>\n<p style=\"margin-bottom: 0cm; text-align: justify;\"><span style=\"font-size: medium;\"><b><em>\u00ab Pour mieux prier \u00bb<\/em>, <\/b>William BARCLAY, Les Carnets de Croire et Servir<\/span><\/p>\n<p style=\"margin-bottom: 0cm; text-align: justify;\">\u00a0<\/p>\n<p style=\"margin-bottom: 0cm; text-align: justify;\"><span style=\"font-size: medium;\"><em><b>\u00ab La pri\u00e8re, \u00e7a sert \u00e0 quoi ? <\/b>\u00bb<\/em>, Flora QUINTIN, Les Carnets de Croire et Servir<\/span><\/p>\n<p style=\"margin-bottom: 0cm; text-align: justify;\">\u00a0<\/p>\n<p style=\"margin-bottom: 0cm; text-align: justify;\"><span style=\"font-size: medium;\"><b><em>\u00ab Pri\u00e8res du soir et du matin \u00bb<\/em>, <\/b>William BARCLAY Les Carnets de Croire et Servir<\/span><\/p>\n<p style=\"margin-bottom: 0cm; text-align: justify;\">\u00a0<\/p>\n<p style=\"margin-bottom: 0cm; text-align: justify;\"><span style=\"font-size: medium;\"><b><em>\u00ab Comment prier \u00bb<\/em>, <\/b>R.A, TORREY, Mission Pri\u00e8re et R\u00e9veil<\/span><\/p>\n<p style=\"margin-bottom: 0cm; text-align: justify;\">\u00a0<\/p>\n<p style=\"margin-bottom: 0cm; text-align: justify;\"><span style=\"font-size: medium;\"><em><b>\u00ab La Pri\u00e8re, demander et recevoir <\/b>\u00bb<\/em>, J.R. RICE, Editions Bethel<\/span><\/p>\n<p style=\"margin-bottom: 0cm; text-align: justify;\">\u00a0<\/p>\n<p style=\"margin-bottom: 0cm; text-align: justify;\"><span style=\"font-size: medium;\"><b><em>\u00ab La Pri\u00e8re \u00bb<\/em>, <\/b>J.-H. MAC COWKEY, Neuch\u00e2tel<\/span><\/p>\n<p style=\"margin-bottom: 0cm; text-align: justify;\">\u00a0<\/p>\n<p style=\"margin-bottom: 0cm; text-align: justify;\"><span style=\"font-size: medium;\"><em><b>\u00ab La pri\u00e8re dans le Nouveau Testament <\/b>\u00bb<\/em>, Oscar CULLMANN, Editions du Cerf, 264 pages<\/span><\/p>\n","protected":false},"excerpt":{"rendered":"<p>sur le th\u00e8me de \u00ab La pri\u00e8re \u00bb \u00a0 \u00a0 \u00a0 &nbsp; \u00ab Pourquoi prier si Dieu le sait d\u00e9j\u00e0 \u00bb, Kelly DOUGLAS, Editions Europresse, 2005,191 pages \u00a0 \u00ab Pratique de la pri\u00e8re \u00bb, Jos\u00e9 MARTINEZ, Editions LLB, 1994,124 pages \u00a0 \u00ab Th\u00e9ologie de ta pri\u00e8re \u00bb, Jos\u00e9 MARTINEZ, Editions LLB, 1995,124 pages \u00a0<\/p>\n","protected":false},"author":10,"featured_media":0,"comment_status":"closed","ping_status":"closed","sticky":false,"template":"","format":"standard","meta":{"footnotes":""},"categories":[30,35],"tags":[],"class_list":["post-6828","post","type-post","status-publish","format-standard","hentry","category-notes-de-lecture","category-la-priere"],"_links":{"self":[{"href":"https:\/\/www.servir.caef.net\/index.php?rest_route=\/wp\/v2\/posts\/6828","targetHints":{"allow":["GET"]}}],"collection":[{"href":"https:\/\/www.servir.caef.net\/index.php?rest_route=\/wp\/v2\/posts"}],"about":[{"href":"https:\/\/www.servir.caef.net\/index.php?rest_route=\/wp\/v2\/types\/post"}],"author":[{"embeddable":true,"href":"https:\/\/www.servir.caef.net\/index.php?rest_route=\/wp\/v2\/users\/10"}],"replies":[{"embeddable":true,"href":"https:\/\/www.servir.caef.net\/index.php?rest_route=%2Fwp%2Fv2%2Fcomments&post=6828"}],"version-history":[{"count":0,"href":"https:\/\/www.servir.caef.net\/index.php?rest_route=\/wp\/v2\/posts\/6828\/revisions"}],"wp:attachment":[{"href":"https:\/\/www.servir.caef.net\/index.php?rest_route=%2Fwp%2Fv2%2Fmedia&parent=6828"}],"wp:term":[{"taxonomy":"category","embeddable":true,"href":"https:\/\/www.servir.caef.net\/index.php?rest_route=%2Fwp%2Fv2%2Fcategories&post=6828"},{"taxonomy":"post_tag","embeddable":true,"href":"https:\/\/www.servir.caef.net\/index.php?rest_route=%2Fwp%2Fv2%2Ftags&post=6828"}],"curies":[{"name":"wp","href":"https:\/\/api.w.org\/{rel}","templated":true}]}}