{"id":6890,"date":"2010-01-17T10:05:15","date_gmt":"2010-01-17T10:05:15","guid":{"rendered":"\/?p=6890"},"modified":"2017-05-16T13:43:12","modified_gmt":"2017-05-16T13:43:12","slug":"evangeliser-aujourdhui-accueillir-et-integrer-les-personnes-nouvelles","status":"publish","type":"post","link":"https:\/\/www.servir.caef.net\/?p=6890","title":{"rendered":"C.E.I.E. : \u00c9vang\u00e9liser aujourd\u2019hui &#8211; Accueillir et int\u00e9grer les personnes nouvelles"},"content":{"rendered":"<p><img loading=\"lazy\" decoding=\"async\" class=\"alignnone size-full wp-image-780\" title=\"colombe\" src=\"\/wp-content\/uploads\/2011\/03\/colombe.jpg\" alt=\"\" width=\"175\" height=\"160\" align=\"left\" hspace=\"10\" vspace=\"10\" \/><\/p>\n<p style=\"background-color: #ffb758; text-align: center;\"><span style=\"font-size: 20px;\"><strong>C.E.I.E. : \u00c9vang\u00e9liser aujourd&rsquo;hui<\/strong> <\/span><\/p>\n<p style=\"background-color: #ffb758;\">\u00a0<\/p>\n<p style=\"background-color: #ffb758;\"><strong>Rubrique de la Commission d&rsquo;\u00c9vang\u00e9lisation et d&rsquo;Implantation d&rsquo;Eglises (C.E.I.E.) des C.A.E.F.<br \/> <\/strong><\/p>\n<h1 style=\"text-align: center;\">\u00a0<\/h1>\n<h1 style=\"text-align: center;\">\u00a0<\/h1>\n<p>&nbsp;<\/p>\n<p>&nbsp;<\/p>\n<h1 style=\"text-align: center;\"><strong>Accueillir et int\u00e9grer<\/strong><\/h1>\n<h1 style=\"text-align: center;\"><strong> les personnes nouvelles<\/strong><\/h1>\n<p><strong>\u00a0<\/strong><\/p>\n<p>&nbsp;<\/p>\n<p><strong>Atelier anim\u00e9 par <span style=\"font-size: 16px;\"><span style=\"color: #b22222;\"><strong>Jean-Luc TABAILLOUX<\/strong><\/span><\/span> lors du congr\u00e8s CAEF 2009<br \/> \u00a0<\/strong><\/p>\n<p><strong><span style=\"font-size: 16px;\"><span style=\"color: #b22222;\"><strong>R\u00e9sum\u00e9 fait par Robert SOUZA<\/strong><\/span><\/span><\/strong><\/p>\n<p>&nbsp;<\/p>\n<p><strong>\u00a0<\/strong><\/p>\n<p style=\"margin-bottom: 0cm; text-align: justify;\"><strong><span style=\"font-size: 300%;\">O<\/span><span style=\"color: #231f20;\">n peut comparer l\u2019\u00e9glise locale \u00e0 une maison avec trois pi\u00e8ces accessibles : un hall d\u2019entr\u00e9e, un salon et une cuisine. Ce sont trois environnements avec des fonctions bien identifi\u00e9es, qui servent \u00e0 des choses diff\u00e9rentes, \u00e0 des populations de personnes diff\u00e9rentes. Que repr\u00e9senteraient ces trois environnements dans votre \u00e9glise locale ? <\/span><\/strong><\/p>\n<p style=\"margin-bottom: 0cm; text-align: justify;\"><strong>\u00a0<\/strong><\/p>\n<p>&nbsp;<\/p>\n<p style=\"margin-bottom: 0cm; text-align: justify;\"><strong><span style=\"color: #231f20;\">Le hall d\u2019entr\u00e9e<\/span><\/strong><span style=\"color: #231f20;\">, c\u2019est fait pour les visiteurs. On ne peut pas dire que le hall d\u2019entr\u00e9e soit un lieu ultra-relationnel ou intime. Pas du tout. Il est pour le facteur, le \u00ab t\u00e9moin de J\u00e9hovah \u00bb si on veut discuter quelques instants avec lui ou le voisin qui vient vous emprunter une rallonge. C\u2019est un lieu o\u00f9 le relationnel est plut\u00f4t formel et conventionnel. Le but du hall d\u2019entr\u00e9e, c\u2019est de changer la vision de nos visiteurs \u00e0 propos de l\u2019\u00e9glise, \u00e0 propos de l\u2019\u00c9vangile, changer l\u2019id\u00e9e qu\u2019ils s\u2019en font. Ils sont remont\u00e9s contre l\u2019\u00e9glise, ils ont des tas d\u2019id\u00e9es fausses : \u00ab C\u2019est une secte ! \u00bb \u00ab Quand on y va, on ne comprend rien, ils parlent de choses qui les int\u00e9ressent, mais qui ne nous concernent pas ! \u00bb \u00ab Il faut un traducteur pour comprendre ce qui se dit\u2026 \u00bb Etc. On veut casser ces id\u00e9es. On aimerait qu\u2019ils disent : \u00ab C\u2019\u00e9tait sympa aujourd\u2019hui, je n\u2019ai rien compris de ce que vous avez dit, mais la musique, g\u00e9niale, je reviendrai. \u00bb Le hall est un lieu ouvert \u00e0 tous, un lieu qui est relax, accueillant, o\u00f9 on se comprend : \u00ab Ce que vous avez dit m\u2019a aid\u00e9 dans ma vie. \u00bb Donc ce lieu pour les visiteurs est un lieu d\u2019accueil ouvert \u00e0 tous et l\u00e0, finalement, peu importe la taille du groupe, que vous soyez 50, 100, 200 ou dix mille. <\/span><\/p>\n<p style=\"margin-bottom: 0cm; text-align: justify;\"><!--more--><\/p>\n<p style=\"margin-bottom: 0cm; text-align: justify;\"><strong>\u00a0<\/strong><\/p>\n<p style=\"margin-bottom: 0cm; text-align: justify;\"><strong><span style=\"color: #231f20;\"><strong><a href=\"\/wp-content\/uploads\/2010\/pdf2010\/pages Servir 1-2010 - Etre humain.pdf#page=29\" target=\"_blank\"><img loading=\"lazy\" decoding=\"async\" title=\"iconePDF\" src=\"\/wp-content\/uploads\/2011\/01\/iconePDF.jpg\" alt=\"\" width=\"81\" height=\"76\" align=\"right\" hspace=\"8\" vspace=\"8\" \/><\/a><\/strong>On a la pr\u00e9tention de grandir, mais il faut r\u00e9fl\u00e9chir \u00e0 la lisibilit\u00e9 de nos groupes. Trop souvent, on veut garder l\u2019esprit fusionnel du petit groupe. \u00c7a pose probl\u00e8me pour celui qui arrive et qui entend : \u00ab Priez pour mon ami, il est en train de divorcer \u00bb ou \u00ab Mon voisin est en train de partir avec l\u2019autre voisine, qu\u2019il se repente ! \u00bb Celui qui arrive ne comprend pas, on d\u00e9balle la vie priv\u00e9e des gens ! On n\u2019a pas fait de nos lieux de culte des lieux lisibles. On dit que le<\/span><span style=\"color: #231f20;\">culte est un lieu d\u2019accueil, mais un Fran\u00e7ais moyen qui d\u00e9barque dans une atmosph\u00e8re comme \u00e7a va vite partir en courant \u2013 ou il va porter plainte pour divulgation de sa vie priv\u00e9e sur la place publique ! On n\u2019organise pas une \u00e9glise de cinquante ou de cent membres comme un groupe de vingt. Le probl\u00e8me, c\u2019est qu\u2019on m\u00e9lange les genres. Il faut un lieu d\u2019accueil, lisible, ouvert \u00e0 tous, et le message qu\u2019on veut faire passer ici, c\u2019est \u00ab Revenez ! \u00bb <\/span><\/strong><\/p>\n<p style=\"margin-bottom: 0cm; text-align: justify;\"><strong>\u00a0<\/strong><\/p>\n<p style=\"margin-bottom: 0cm; text-align: justify;\"><strong><span style=\"color: #231f20;\">Par exemple, \u00e0 Grenoble, pour que nos cultes soient lisibles, le premier culte du mois est un culte d\u2019\u00e9vang\u00e9lisation, ouvert, et les chr\u00e9tiens savent qu\u2019on fait un effort pour les amis non chr\u00e9tiens, on traite des questions qui les int\u00e9ressent en particulier, m\u00eame si on ne veut pas oublier les chr\u00e9tiens. On veut que ce soit informatif pour tout le monde. On peut avoir plusieurs halls d\u2019entr\u00e9e : les cultes d\u2019\u00e9vang\u00e9lisation, les cultes de bapt\u00eame, les pr\u00e9sentations d\u2019enfants, les repas concert, les f\u00eates comme No\u00ebl, la Saint-Patrick, la f\u00eate de l\u2019\u00c9vangile avec les enfants, les jeunes et les parents, des \u00e9v\u00e9nements pour des publics cibl\u00e9s. <\/span><\/strong><\/p>\n<p style=\"margin-bottom: 0cm; text-align: justify;\"><strong>\u00a0<\/strong><\/p>\n<p style=\"margin-bottom: 0cm; text-align: justify;\"><strong><span style=\"font-size: small;\"><strong><span style=\"color: #231f20;\">Ensuite, le salon\u2026 <\/span><\/strong><\/span><span style=\"color: #231f20;\">Le niveau relationnel du salon et l\u2019objectif du salon font que c\u2019est surtout pour les amis, des groupes de taille plus r\u00e9duite, une douzaine de personnes. Il favorise des relations informelles qui m\u00e8nent \u00e0 des relations plus profondes. Le but : mieux faire connaissance avec nos invit\u00e9s, leur faire go\u00fbter \u00e0 la vie communautaire. Le salon est un lieu de rencontre pour les groupes plus sp\u00e9cifiques et le message qu\u2019on veut faire passer dans ce genre de rencontre est : \u00ab J\u2019ai envie de rejoindre un groupe de maison \u00bb. Les groupes d\u00e9couverte, les parcours \u00ab Elle et Lui \u00bb, le parcours Alpha, les week-ends fraternels, tout \u00e9v\u00e9nement catalyseur d\u2019amiti\u00e9s nouvelles et de conversations. La chose la plus dure et la plus payante, c\u2019est le groupe d\u00e9couverte. On est dans l\u2019individuel, on est face \u00e0 la Parole, on est dans le processus. Il faut qu\u2019on arr\u00eate avec l\u2019id\u00e9e de l\u2019\u00e9vang\u00e9lisation coup-depoing ! C\u2019est un processus, du moins direct au plus direct. <\/span><\/strong><\/p>\n<p style=\"margin-bottom: 0cm; text-align: justify;\"><strong>\u00a0<\/strong><\/p>\n<p style=\"margin-bottom: 0cm; text-align: justify;\"><strong><span style=\"color: #231f20;\">Troisi\u00e8me environnement : la cuisine<\/span><\/strong><span style=\"color: #231f20;\"><strong>,<\/strong> le plus intime des trois, c\u2019est pour la famille. Ce sont les groupes de quartier, pour les chr\u00e9tiens, pour faire des disciples dont la vie continue \u00e0 \u00eatre transform\u00e9e. C\u2019est un lieu ferm\u00e9, en g\u00e9n\u00e9ral. (Mais il ne faut pas que cela devienne une clique, qui se ferme compl\u00e8tement, tellement ses membres sont heureux d\u2019\u00eatre ensemble.) On a besoin de nouveaux groupes de quartier pour accueillir les nouveaux qui arrivent. Dans le groupe de quartier, je vais grandir dans ma foi. On se r\u00e9unit pour vivre des relations authentiques, acqu\u00e9rir le sens de la \u00ab redevabilit\u00e9 \u00bb, le sens de l\u2019appartenance, l\u2019entraide, le fait de prendre soin les uns des autres. Grandir sur le plan spirituel, dans l\u2019intimit\u00e9 avec Dieu, dans l\u2019intimit\u00e9 des fr\u00e8res et soeurs, dans un amour contagieux pour les perdus. On prie pour cela. <\/span><\/p>\n<p style=\"margin-bottom: 0cm; text-align: justify;\"><strong>\u00a0<\/strong><\/p>\n<p style=\"margin-bottom: 0cm; text-align: justify;\"><strong><span style=\"color: #231f20;\">Alors, quel parcours souhaiter \u00e0 nos visiteurs \u00e0 partir du moment o\u00f9 ils passent la porte d\u2019entr\u00e9e ? On veut les amener \u00e0 travers le salon pour les introduire dans la cuisine. Il y a un sens dans le parcours, chaque environnement pr\u00e9c\u00e8de l\u2019autre. Il y a une strat\u00e9gie : l\u2019id\u00e9e de penser en terme d\u2019environnements plut\u00f4t que d\u2019activit\u00e9s. On veut faciliter le passage d\u2019une personne d\u2019un environnement au suivant. Cela \u00e9vite qu\u2019on disperse nos \u00e9nergies, notre argent, nos ressources. On sait o\u00f9 on va.<\/span><\/strong><\/p>\n","protected":false},"excerpt":{"rendered":"<p>C.E.I.E. : \u00c9vang\u00e9liser aujourd&rsquo;hui \u00a0 Rubrique de la Commission d&rsquo;\u00c9vang\u00e9lisation et d&rsquo;Implantation d&rsquo;Eglises (C.E.I.E.) des C.A.E.F. \u00a0 \u00a0 &nbsp; &nbsp; Accueillir et int\u00e9grer les personnes nouvelles \u00a0 &nbsp; Atelier anim\u00e9 par Jean-Luc TABAILLOUX lors du congr\u00e8s CAEF 2009 \u00a0 R\u00e9sum\u00e9 fait par Robert SOUZA &nbsp; \u00a0 On peut comparer l\u2019\u00e9glise locale \u00e0 une maison avec [&hellip;]<\/p>\n","protected":false},"author":16,"featured_media":0,"comment_status":"closed","ping_status":"closed","sticky":false,"template":"","format":"standard","meta":{"footnotes":""},"categories":[8,13],"tags":[],"class_list":["post-6890","post","type-post","status-publish","format-standard","hentry","category-evangelisation","category-la-vie-de-leglise"],"_links":{"self":[{"href":"https:\/\/www.servir.caef.net\/index.php?rest_route=\/wp\/v2\/posts\/6890","targetHints":{"allow":["GET"]}}],"collection":[{"href":"https:\/\/www.servir.caef.net\/index.php?rest_route=\/wp\/v2\/posts"}],"about":[{"href":"https:\/\/www.servir.caef.net\/index.php?rest_route=\/wp\/v2\/types\/post"}],"author":[{"embeddable":true,"href":"https:\/\/www.servir.caef.net\/index.php?rest_route=\/wp\/v2\/users\/16"}],"replies":[{"embeddable":true,"href":"https:\/\/www.servir.caef.net\/index.php?rest_route=%2Fwp%2Fv2%2Fcomments&post=6890"}],"version-history":[{"count":0,"href":"https:\/\/www.servir.caef.net\/index.php?rest_route=\/wp\/v2\/posts\/6890\/revisions"}],"wp:attachment":[{"href":"https:\/\/www.servir.caef.net\/index.php?rest_route=%2Fwp%2Fv2%2Fmedia&parent=6890"}],"wp:term":[{"taxonomy":"category","embeddable":true,"href":"https:\/\/www.servir.caef.net\/index.php?rest_route=%2Fwp%2Fv2%2Fcategories&post=6890"},{"taxonomy":"post_tag","embeddable":true,"href":"https:\/\/www.servir.caef.net\/index.php?rest_route=%2Fwp%2Fv2%2Ftags&post=6890"}],"curies":[{"name":"wp","href":"https:\/\/api.w.org\/{rel}","templated":true}]}}