{"id":6908,"date":"2010-04-10T11:28:48","date_gmt":"2010-04-10T11:28:48","guid":{"rendered":"\/?p=6908"},"modified":"2017-05-16T14:32:40","modified_gmt":"2017-05-16T14:32:40","slug":"editorial-du-n2-mars-avril-2010-etre-protestant-evangelique","status":"publish","type":"post","link":"https:\/\/www.servir.caef.net\/?p=6908","title":{"rendered":"Editorial du n\u00b02 Avril-Mai-Juin 2010 &#8211; \u00catre protestant \u00e9vang\u00e9lique"},"content":{"rendered":"<h1 style=\"text-align: center;\"><a href=\"\/wp-content\/uploads\/2010\/03\/reformateurs1.jpg\"><img loading=\"lazy\" decoding=\"async\" class=\"alignnone size-medium wp-image-6994\" title=\"reformateurs\" src=\"\/wp-content\/uploads\/2010\/03\/reformateurs1-210x300.jpg\" alt=\"\" width=\"210\" height=\"300\" srcset=\"https:\/\/www.servir.caef.net\/wp-content\/uploads\/2010\/03\/reformateurs1-210x300.jpg 210w, https:\/\/www.servir.caef.net\/wp-content\/uploads\/2010\/03\/reformateurs1.jpg 602w\" sizes=\"auto, (max-width: 210px) 100vw, 210px\" \/><\/a><\/h1>\n<p>&nbsp;<\/p>\n<h1 style=\"text-align: center;\">Editorial du n\u00b02 Avril-Mai-Juin 2010<\/h1>\n<h3>\u00a0<\/h3>\n<h1 style=\"text-align: center;\">\u00catre protestant \u00e9vang\u00e9lique<\/h1>\n<p style=\"margin-bottom: 0cm;\" align=\"LEFT\">\u00a0<\/p>\n<p style=\"margin-bottom: 0cm;\" align=\"LEFT\">\u00a0<\/p>\n<p style=\"margin-bottom: 0cm;\" align=\"LEFT\"><span style=\"color: #b22222;\"><span style=\"font-size: 16px;\"><strong><span style=\"font-family: Arial,sans-serif;\">Par MARIE CHRISTINE FAVE <\/span><\/strong><\/span><\/span><\/p>\n<p style=\"margin-bottom: 0cm;\" align=\"LEFT\"><a href=\"\/wp-content\/uploads\/2009\/06\/M.C.Fave_.jpg\"><img loading=\"lazy\" decoding=\"async\" class=\"alignleft size-full wp-image-1076\" title=\"M.C.Fave\" src=\"\/wp-content\/uploads\/2009\/06\/M.C.Fave_.jpg\" alt=\"\" width=\"113\" height=\"147\" hspace=\"10\" vspace=\"10\" \/><\/a><\/p>\n<p style=\"margin-bottom: 0cm;\" align=\"LEFT\">\u00a0<\/p>\n<p style=\"margin-bottom: 0cm;\" align=\"LEFT\">\u00a0<\/p>\n<p>&nbsp;<\/p>\n<p style=\"margin-bottom: 0cm; text-align: justify;\"><span style=\"font-size: 300%;\">\u00c9<\/span><span style=\"font-size: small;\">glise protestante \u00e9vang\u00e9lique&#8230;, Centre \u00e9vang\u00e9lique protestant : certaines de nos assembl\u00e9es s\u2019appellent ainsi. Pourquoi choisir les deux mots : <\/span><span style=\"font-size: small;\"><i>protestant <\/i><\/span><span style=\"font-size: small;\">et <\/span><span style=\"font-size: small;\"><i>\u00e9vang\u00e9lique <\/i><\/span><span style=\"font-size: small;\">dans le nom et pas seulement <\/span><span style=\"font-size: small;\"><i>\u00e9vang\u00e9lique ? <\/i><\/span><span style=\"font-size: small;\">Que cherchonsnous \u00e0 traduire ainsi ? Des points de rep\u00e8re dans une soci\u00e9t\u00e9 qui conna\u00eet assez peu les \u00e9vang\u00e9liques ? Un h\u00e9ritage historique ? Une continuit\u00e9 entre la R\u00e9forme du XVI<\/span><span style=\"font-size: xx-small;\">\u00e8 <\/span><span style=\"font-size: small;\">si\u00e8cle et les \u00e9glises \u00e9vang\u00e9liques des XX<\/span><span style=\"font-size: xx-small;\">\u00e8 <\/span><span style=\"font-size: small;\">et XXI<\/span><span style=\"font-size: xx-small;\">\u00e8 <\/span><span style=\"font-size: small;\">si\u00e8cles ? <\/span><\/p>\n<p style=\"margin-bottom: 0cm; text-align: justify;\">\u00a0<!--more--><\/p>\n<p style=\"margin-bottom: 0cm; text-align: justify;\"><span style=\"font-size: small;\"><a href=\"\/wp-content\/uploads\/2010\/pdf2010\/SERVIR 2-2010 - sommaire et edito.pdf#page=2\" target=\"_blank\"><img loading=\"lazy\" decoding=\"async\" title=\"iconePDF\" src=\"\/wp-content\/uploads\/2011\/01\/iconePDF.jpg\" alt=\"\" width=\"81\" height=\"76\" align=\"right\" hspace=\"8\" vspace=\"8\" \/><\/a>Les \u00e9vang\u00e9liques n\u2019ont pas oubli\u00e9 le 500<\/span><span style=\"font-size: xx-small;\">\u00e8me <\/span><span style=\"font-size: small;\">anniversaire de la naissance de Calvin. Notre revue (N\u00b0 4\/2009) a, elle aussi, publi\u00e9 un article sur le r\u00e9formateur et son oeuvre. Le r\u00e9seau FEF, dans une introduction \u00e0 sa nouvelle confession de foi, souligne que celle-ci s\u2019inscrit dans la ligne de la R\u00e9forme en reprenant les grands principes qui ont fa\u00e7onn\u00e9 le protestantisme \u00e0 son origine : <\/span><span style=\"font-size: small;\"><i>sola gratia, sola fide, sola scriptura, tota scriptura. <\/i><\/span><span style=\"font-size: small;\">Ces grands principes sont d\u2019abord et surtout relatifs \u00e0 des textes bibliques (comme <span style=\"background-color: #add8e6;\"><em>\u00c9p 2.8-10<\/em><\/span>). Et les \u00e9vang\u00e9liques se reconnaissent bien dans cet attachement aux Saintes \u00c9critures. <\/span><\/p>\n<p style=\"margin-bottom: 0cm; text-align: justify;\">\u00a0<\/p>\n<p style=\"margin-bottom: 0cm; text-align: justify;\"><span style=\"font-size: small;\">Les d\u00e9cennies passent, les g\u00e9n\u00e9rations se succ\u00e8dent. Or le challenge pour chaque g\u00e9n\u00e9ration est de revenir \u00e0 la Parole de Dieu. Au fil des si\u00e8cles, les uns et les autres se positionnent diff\u00e9remment par rapport \u00e0 la lecture de la Bible, \u00e0 la vie d\u2019\u00e9glise, \u00e0 l\u2019\u00e9thique\u2026 Le protestantisme se diversifie, notamment entre des protestants historiques et des protestants \u00e9vang\u00e9liques. R\u00e9veils, missions, implantation d\u2019\u00c9glises\u2026 Les d\u00e9nominations \u00e9vang\u00e9liques se multiplient, des unions d\u2019\u00c9glises se structurent. Comment se situer ? <\/span><\/p>\n<p style=\"margin-bottom: 0cm; text-align: justify;\">\u00a0<\/p>\n<p style=\"margin-bottom: 0cm; text-align: justify;\"><span style=\"font-size: small;\"><i>Protestants, \u00e9vang\u00e9liques<\/i><\/span><span style=\"font-size: small;\">, c\u2019est la th\u00e9matique dans laquelle les articles qui suivent vont vous entra\u00eener. <\/span><\/p>\n<p style=\"margin-bottom: 0cm;\" align=\"LEFT\">\u00a0<\/p>\n<p style=\"margin-bottom: 0cm;\" align=\"LEFT\"><span style=\"font-size: small;\">Bonne lecture. <\/span><\/p>\n<p style=\"margin-bottom: 0cm;\" align=\"LEFT\">\u00a0<\/p>\n<p style=\"margin-bottom: 0cm; text-align: center;\"><span style=\"font-size: small;\">M-C.F.<\/span><\/p>\n","protected":false},"excerpt":{"rendered":"<p>&nbsp; Editorial du n\u00b02 Avril-Mai-Juin 2010 \u00a0 \u00catre protestant \u00e9vang\u00e9lique \u00a0 \u00a0 Par MARIE CHRISTINE FAVE \u00a0 \u00a0 &nbsp; \u00c9glise protestante \u00e9vang\u00e9lique&#8230;, Centre \u00e9vang\u00e9lique protestant : certaines de nos assembl\u00e9es s\u2019appellent ainsi. Pourquoi choisir les deux mots : protestant et \u00e9vang\u00e9lique dans le nom et pas seulement \u00e9vang\u00e9lique ? Que cherchonsnous \u00e0 traduire ainsi ? [&hellip;]<\/p>\n","protected":false},"author":34,"featured_media":0,"comment_status":"closed","ping_status":"closed","sticky":false,"template":"","format":"standard","meta":{"footnotes":""},"categories":[17,26,39,10],"tags":[],"class_list":["post-6908","post","type-post","status-publish","format-standard","hentry","category-lautorite","category-la-bible","category-editorial","category-histoire-de-leglise"],"_links":{"self":[{"href":"https:\/\/www.servir.caef.net\/index.php?rest_route=\/wp\/v2\/posts\/6908","targetHints":{"allow":["GET"]}}],"collection":[{"href":"https:\/\/www.servir.caef.net\/index.php?rest_route=\/wp\/v2\/posts"}],"about":[{"href":"https:\/\/www.servir.caef.net\/index.php?rest_route=\/wp\/v2\/types\/post"}],"author":[{"embeddable":true,"href":"https:\/\/www.servir.caef.net\/index.php?rest_route=\/wp\/v2\/users\/34"}],"replies":[{"embeddable":true,"href":"https:\/\/www.servir.caef.net\/index.php?rest_route=%2Fwp%2Fv2%2Fcomments&post=6908"}],"version-history":[{"count":0,"href":"https:\/\/www.servir.caef.net\/index.php?rest_route=\/wp\/v2\/posts\/6908\/revisions"}],"wp:attachment":[{"href":"https:\/\/www.servir.caef.net\/index.php?rest_route=%2Fwp%2Fv2%2Fmedia&parent=6908"}],"wp:term":[{"taxonomy":"category","embeddable":true,"href":"https:\/\/www.servir.caef.net\/index.php?rest_route=%2Fwp%2Fv2%2Fcategories&post=6908"},{"taxonomy":"post_tag","embeddable":true,"href":"https:\/\/www.servir.caef.net\/index.php?rest_route=%2Fwp%2Fv2%2Ftags&post=6908"}],"curies":[{"name":"wp","href":"https:\/\/api.w.org\/{rel}","templated":true}]}}