{"id":6912,"date":"2010-04-10T15:03:16","date_gmt":"2010-04-10T15:03:16","guid":{"rendered":"\/?p=6912"},"modified":"2017-05-16T14:28:38","modified_gmt":"2017-05-16T14:28:38","slug":"6912","status":"publish","type":"post","link":"https:\/\/www.servir.caef.net\/?p=6912","title":{"rendered":"Grain \u00e0 moudre &#8211; Une foi fig\u00e9e ?"},"content":{"rendered":"<h1 style=\"text-align: center;\"><a href=\"\/wp-content\/uploads\/2007\/03\/Grain-\u00e0-moudre.jpg\"><img loading=\"lazy\" decoding=\"async\" class=\"aligncenter size-full wp-image-2059\" title=\"Grain \u00e0 moudre\" src=\"\/wp-content\/uploads\/2007\/03\/Grain-\u00e0-moudre.jpg\" alt=\"\" width=\"380\" height=\"57\" srcset=\"https:\/\/www.servir.caef.net\/wp-content\/uploads\/2007\/03\/Grain-\u00e0-moudre.jpg 380w, https:\/\/www.servir.caef.net\/wp-content\/uploads\/2007\/03\/Grain-\u00e0-moudre-300x45.jpg 300w\" sizes=\"auto, (max-width: 380px) 100vw, 380px\" \/><\/a><\/h1>\n<h1 style=\"text-align: center;\">Une foi fig\u00e9e ?<\/h1>\n<p>&nbsp;<\/p>\n<p style=\"margin-bottom: 0cm; text-align: center;\"><span style=\"font-size: small;\"><span style=\"background-color: #add8e6;\"><em><span style=\"color: #000000;\">\u00ab \u2026 la foi qui a \u00e9t\u00e9 transmise aux saints une fois pour toutes \u00bb Jude 3 <\/span><\/em><\/span><\/span><\/p>\n<p style=\"margin-bottom: 0cm; text-align: center;\">\u00a0<\/p>\n<p style=\"margin-bottom: 0cm;\" align=\"LEFT\"><a href=\"\/wp-content\/uploads\/2011\/02\/Robert-Souza2.jpg\"><img loading=\"lazy\" decoding=\"async\" class=\"alignleft size-full wp-image-240\" title=\"Robert Souza\" src=\"\/wp-content\/uploads\/2011\/02\/Robert-Souza2.jpg\" alt=\"\" width=\"118\" height=\"176\" hspace=\"10\" vspace=\"10\" \/><\/a><\/p>\n<p>&nbsp;<\/p>\n<p style=\"margin-bottom: 0cm; text-align: justify;\">\u00a0<\/p>\n<p style=\"margin-bottom: 0cm; text-align: justify;\"><span style=\"font-size: 22px;\"><strong><span style=\"color: #a60000;\">L<\/span><\/strong><\/span><span style=\"color: #000000;\">\u2019id\u00e9e d\u2019une <\/span><span style=\"background-color: #add8e6;\"><span style=\"color: #000000;\"><i>foi transmise aux saints une fois pour toutes<\/i><\/span><\/span><span style=\"color: #000000;\"> a quelque chose de solide et de rassurant qui a consol\u00e9 et encourag\u00e9 bien des g\u00e9n\u00e9rations de chr\u00e9tiens. Mais, dans le climat philosophique de ce d\u00e9but de XXIe si\u00e8cle, la formule de Jude peut sembler \u00e0 certains un peu trop carr\u00e9e ou m\u00eame beaucoup trop fig\u00e9e.<\/span><\/p>\n<p>&nbsp;<\/p>\n<p><!--more--><\/p>\n<p>&nbsp;<\/p>\n<p>&nbsp;<\/p>\n<p>&nbsp;<\/p>\n<p>&nbsp;<\/p>\n<h2>Une foi donn\u00e9e<\/h2>\n<p style=\"margin-bottom: 0cm; text-align: justify;\">\u00a0<\/p>\n<p style=\"margin-bottom: 0cm; text-align: justify;\"><span style=\"color: #000000;\"><a href=\"\/wp-content\/uploads\/2010\/pdf2010\/Pages Servir 2-2010 Protestants Evang\u00e9lique.pdf#page=9\" target=\"_blank\"><img loading=\"lazy\" decoding=\"async\" title=\"iconePDF\" src=\"\/wp-content\/uploads\/2011\/01\/iconePDF.jpg\" alt=\"\" width=\"81\" height=\"76\" align=\"right\" hspace=\"8\" vspace=\"8\" \/><\/a>La \u00ab foi \u00bb en question n\u2019est pas, bien s\u00fbr, l\u2019attitude de coeur de celui qui croit (foi subjective), mais plut\u00f4t une fa\u00e7on de d\u00e9signer ce que les chr\u00e9tiens croient. Pour Jude, il existe une base commune ou un fonds commun de foi qui s\u2019impose \u00e0 tous ceux qui mettent leur confiance en J\u00e9sus- Christ. Il sous-entend que l\u2019auteur de cette \u00ab foi transmise \u00bb est Dieu (ou Christ) et il pr\u00e9cise que la courroie de transmission qui nous y a donn\u00e9 acc\u00e8s se compose des <\/span><span style=\"background-color: #add8e6;\"><span style=\"color: #000000;\"><i>ap\u00f4tres de notre Seigneur J\u00e9sus-Christ <\/i><\/span><\/span><span style=\"color: #000000;\"><span style=\"background-color: #add8e6;\">(verset 17)<\/span>. Pour paraphraser la formule c\u00e9l\u00e8bre attribu\u00e9e \u00e0 Malraux : notre foi sera apostolique ou ne sera pas ! <\/span><\/p>\n<p style=\"margin-bottom: 0cm; text-align: justify;\">\u00a0<\/p>\n<p style=\"margin-bottom: 0cm; text-align: justify;\"><span style=\"color: #000000;\">Nous n\u2019avons aucun moyen de nous passer des ap\u00f4tres ou de les court-circuiter\u2026 Leurs explications de la vie, de la mort et de la r\u00e9surrection du Fils de Dieu sont les seules autoris\u00e9es (par le P\u00e8re). Leur ex\u00e9g\u00e8se de la pens\u00e9e de Christ est la seule qui plonge ses racines dans l\u2019enseignement donn\u00e9 de vive voix par J\u00e9sus et dans la compr\u00e9hension de ses paroles, faits et gestes que le Saint- Esprit leur a communiqu\u00e9s apr\u00e8s l\u2019Ascension et la Pentec\u00f4te. <\/span><\/p>\n<p style=\"margin-bottom: 0cm; text-align: justify;\">\u00a0<\/p>\n<p style=\"margin-bottom: 0cm; text-align: justify;\"><span style=\"color: #000000;\">En tant que protestants, nous nous permettons un regard critique sur les formulations de ceux qu\u2019on appelle les \u00ab p\u00e8res de l\u2019\u00c9glise \u00bb, sur les travaux des divers conciles des premiers si\u00e8cles (souvent influenc\u00e9s par des consid\u00e9rations politiques) et m\u00eame sur l\u2019oeuvre impressionnante de nos grands R\u00e9formateurs. Mais, en tant qu\u2019\u00e9vang\u00e9liques, nous recevons ce que Dieu a souffl\u00e9 aux ap\u00f4tres et consign\u00e9 dans les \u00c9critures comme un tr\u00e9sor confi\u00e9, \u00e0 transmettre. L\u2019\u00c9vangile que nous avons re\u00e7u n\u2019est pas une esquisse \u00e0 am\u00e9liorer, il est <\/span><span style=\"color: #000000;\"><i><span style=\"background-color: #add8e6;\">puissance de Dieu pour le salut de quiconque croit<\/span>. <\/i><\/span><span style=\"color: #000000;\">La derni\u00e8re trouvaille th\u00e9ologique \u00e0 la mode sera bient\u00f4t\u2026 d\u00e9mod\u00e9e ! La pierre de touche de la foi chr\u00e9tienne authentique reste l\u2019enseignement des ap\u00f4tres. <\/span><\/p>\n<p style=\"margin-bottom: 0cm; text-align: justify;\">\u00a0<\/p>\n<p style=\"margin-bottom: 0cm; text-align: justify;\">\u00a0<\/p>\n<h2>Une foi re\u00e7ue<\/h2>\n<p style=\"margin-bottom: 0cm; text-align: justify;\">\u00a0<\/p>\n<p style=\"margin-bottom: 0cm; text-align: justify;\"><span style=\"color: #000000;\">L\u2019expression \u00ab <\/span><span style=\"color: #000000;\"><i>une fois pour toutes <\/i><\/span><span style=\"color: #000000;\">\u00bb qui qualifie la transmission apostolique de la foi lui donne un aspect particuli\u00e8rement d\u00e9finitif. Ailleurs dans le Nouveau Testament, cette expression est souvent associ\u00e9e \u00e0 l\u2019un ou l\u2019autre aspect\u00a0 <\/span><span style=\"color: #000000;\">de\u00a0<\/span><span style=\"color: #ffffff;\"><b>\u00a0<\/b><\/span><span style=\"color: #000000;\">l\u2019oeuvre r\u00e9demptrice du Christ : <\/span><span style=\"background-color: #add8e6;\"><span style=\"color: #000000;\"><i>le Christ lui-m\u00eame a souffert une fois pour toutes<\/i><\/span><\/span><span style=\"color: #000000;\"><strong><sub>1<\/sub><\/strong> ; <\/span><span style=\"background-color: #add8e6;\"><span style=\"color: #000000;\"><i>l\u2019offrande du corps de J\u00e9sus- Christ, une fois pour toutes<\/i><\/span><\/span><span style=\"color: #000000;\"><strong><sub>2<\/sub><\/strong>. Au coeur de ce que nous croyons, il y a Christ. Et le fait central de l\u2019\u00c9vangile de Christ, c\u2019est l\u2019\u00e9v\u00e9nement que nous d\u00e9signons par ce simple mot : la croix. C\u2019est elle qui \u00e9claire tout ce qui s\u2019est pass\u00e9 avant, c\u2019est elle qui a illumin\u00e9 la vie des chr\u00e9tiens jusqu\u2019\u00e0 pr\u00e9sent et c\u2019est sur elle que s\u2019appuie notre esp\u00e9rance quant \u00e0 l\u2019avenir que Dieu promet \u00e0 ceux qui croient en son Fils. <\/span><\/p>\n<p style=\"margin-bottom: 0cm; text-align: justify;\">\u00a0<\/p>\n<p style=\"margin-bottom: 0cm; text-align: justify;\"><span style=\"color: #000000;\">La foi apostolique est d\u00e9finitive en ce qu\u2019elle donne le sens de la d\u00e9claration d\u00e9finitive de J\u00e9sus sur la croix : <\/span><span style=\"color: #000000;\"><i><span style=\"background-color: #add8e6;\">Tout est accompli<\/span> ! <\/i><\/span><span style=\"color: #000000;\">Nous n\u2019avons pas \u00e0 craindre qu\u2019un jour le Seigneur change la donne ! La voie du salut est trac\u00e9e. \u00c0 nous de la suivre, mais aussi d\u2019en faire la publicit\u00e9 pour que d\u2019autres re\u00e7oivent, par la gr\u00e2ce de Dieu, la foi transmise. <\/span><\/p>\n<p style=\"margin-bottom: 0cm; text-align: justify;\">\u00a0<\/p>\n<p style=\"margin-bottom: 0cm; text-align: justify;\"><span style=\"color: #000000;\">Dans un sens, nous n\u2019avons jamais fini de recevoir cette foi transmise une fois pour toutes. Nous n\u2019en avons pas fait le tour ! Une vie de centenaire ne suffirait pas pour en explorer toutes les richesses. Il est bien de cultiver une saine et sainte curiosit\u00e9 pour les choses de Dieu et donc pour sa Parole. <\/span><\/p>\n<p style=\"margin-bottom: 0cm; text-align: justify;\">\u00a0<\/p>\n<p style=\"margin-bottom: 0cm; text-align: justify;\">\u00a0<\/p>\n<h2>Une foi \u00e0 vivre<\/h2>\n<p>&nbsp;<\/p>\n<p style=\"margin-bottom: 0cm; text-align: justify;\"><span style=\"color: #000000;\">La foi transmise est formul\u00e9e \u00e0 l\u2019aide de multiples propositions ou affirmations importantes : <\/span><span style=\"color: #000000;\"><i><span style=\"background-color: #add8e6;\">Dieu \u00e9tait en Christ, r\u00e9conciliant le monde avec lui-m\u00eame<\/span> ; <span style=\"background-color: #add8e6;\">Christ est mort pour nos p\u00e9ch\u00e9s<\/span> ; <span style=\"background-color: #add8e6;\">nous serons semblables \u00e0 lui, car nous le verrons tel qu\u2019il est<\/span> ; <\/i><\/span><span style=\"color: #000000;\">etc. Mais le d\u00e9p\u00f4t de la foi ne peut jamais se r\u00e9duire \u00e0 un ensemble de propositions, aussi justes soient-elles. La foi transmise n\u2019est pas un credo \u00e0 r\u00e9citer, mais une \u00e9vocation de la vie que Dieu veut nous faire vivre. Les affirmations de la foi sont ench\u00e2ss\u00e9es dans un r\u00e9cit. Les en s\u00e9parer serait en faire un code st\u00e9rile. S\u2019il est important de bien formuler ce que nous croyons pour le faire bien comprendre \u00e0 notre g\u00e9n\u00e9ration, la meilleure fa\u00e7on de combattre pour la v\u00e9rit\u00e9 est de la vivre : <\/span><span style=\"background-color: #add8e6;\"><span style=\"color: #000000;\"><i>construisez-vous sur votre tr\u00e8s sainte foi, priez par l\u2019Esprit saint, gardez-vous dans l\u2019amour de Dieu, en attendant la compassion de notre Seigneur J\u00e9sus-Christ pour la vie \u00e9ternelle.<\/i><\/span><\/span><\/p>\n<p style=\"margin-bottom: 0cm; text-align: justify;\"><a href=\"\/wp-content\/uploads\/2010\/03\/poisson.jpg\"><img loading=\"lazy\" decoding=\"async\" class=\"alignright size-full wp-image-6913\" title=\"poisson\" src=\"\/wp-content\/uploads\/2010\/03\/poisson.jpg\" alt=\"\" width=\"368\" height=\"243\" hspace=\"10\" vspace=\"10\" srcset=\"https:\/\/www.servir.caef.net\/wp-content\/uploads\/2010\/03\/poisson.jpg 368w, https:\/\/www.servir.caef.net\/wp-content\/uploads\/2010\/03\/poisson-300x198.jpg 300w\" sizes=\"auto, (max-width: 368px) 100vw, 368px\" \/><\/a><\/p>\n<p style=\"margin-bottom: 0cm; text-align: justify;\"><span style=\"color: #000000;\">Nous n\u2019avons pas \u00e0 r\u00e9inventer l\u2019\u00c9vangile \u00e0 chaque g\u00e9n\u00e9ration, mais nous avons la charge de nous l\u2019approprier pleinement dans la situation qui est la n\u00f4tre pour l\u2019appliquer fid\u00e8lement dans le contexte de notre \u00e9poque. Et nous avons la responsabilit\u00e9 de l\u2019exposer et de l\u2019expliquer en des termes compr\u00e9hensibles pour nos contemporains. Ce sont d\u00e9j\u00e0 des d\u00e9fis consid\u00e9rables \u2013 et passionnants ! Nous ne professons pas une foi fig\u00e9e, mais une foi bien fond\u00e9e et enracin\u00e9e qui est un appui solide pour construire une vie qui sera un t\u00e9moignage de la gr\u00e2ce agissante de Dieu aujourd\u2019hui. <\/span><\/p>\n<p style=\"margin-bottom: 0cm; text-align: justify;\">\u00a0<\/p>\n<p style=\"margin-bottom: 0cm; text-align: center;\"><span style=\"color: #000000;\">R.S. <\/span><\/p>\n<p style=\"margin-bottom: 0cm; text-align: center;\">\u00a0<\/p>\n<hr \/>\n<p>&nbsp;<\/p>\n<p style=\"margin-bottom: 0cm; text-align: justify;\"><span style=\"font-size: small;\">NOTES<\/span><\/p>\n<p>&nbsp;<\/p>\n<p style=\"margin-bottom: 0cm; text-align: justify;\">\u00a0<\/p>\n<p style=\"margin-bottom: 0cm; text-align: justify;\">\u00a0<\/p>\n<p style=\"margin-bottom: 0cm; text-align: justify;\"><strong>1.<\/strong> 1 Pierre 3.18 (<span style=\"color: #000000;\"><i>hapax <\/i><\/span><span style=\"color: #000000;\">comme dans Jude 3 ; voir aussi H\u00e9 9.28) <\/span><\/p>\n<p style=\"margin-bottom: 0cm; text-align: justify;\">\u00a0<\/p>\n<p style=\"margin-bottom: 0cm; text-align: justify;\"><span style=\"color: #000000;\"><strong>2. <\/strong>H\u00e9breux 10.10 (<\/span><span style=\"color: #000000;\"><i>ephapax <\/i><\/span><span style=\"color: #000000;\">avec le m\u00eame sens que <\/span><span style=\"color: #000000;\"><i>hapax <\/i><\/span><span style=\"color: #000000;\">; voir aussi Rm 6.10, H\u00e9 7.27, 9.12)<\/span><\/p>\n","protected":false},"excerpt":{"rendered":"<p>Une foi fig\u00e9e ? &nbsp; \u00ab \u2026 la foi qui a \u00e9t\u00e9 transmise aux saints une fois pour toutes \u00bb Jude 3 \u00a0 &nbsp; \u00a0 L\u2019id\u00e9e d\u2019une foi transmise aux saints une fois pour toutes a quelque chose de solide et de rassurant qui a consol\u00e9 et encourag\u00e9 bien des g\u00e9n\u00e9rations de chr\u00e9tiens. Mais, dans [&hellip;]<\/p>\n","protected":false},"author":20,"featured_media":0,"comment_status":"closed","ping_status":"closed","sticky":false,"template":"","format":"standard","meta":{"footnotes":""},"categories":[42,69],"tags":[],"class_list":["post-6912","post","type-post","status-publish","format-standard","hentry","category-foi","category-grace"],"_links":{"self":[{"href":"https:\/\/www.servir.caef.net\/index.php?rest_route=\/wp\/v2\/posts\/6912","targetHints":{"allow":["GET"]}}],"collection":[{"href":"https:\/\/www.servir.caef.net\/index.php?rest_route=\/wp\/v2\/posts"}],"about":[{"href":"https:\/\/www.servir.caef.net\/index.php?rest_route=\/wp\/v2\/types\/post"}],"author":[{"embeddable":true,"href":"https:\/\/www.servir.caef.net\/index.php?rest_route=\/wp\/v2\/users\/20"}],"replies":[{"embeddable":true,"href":"https:\/\/www.servir.caef.net\/index.php?rest_route=%2Fwp%2Fv2%2Fcomments&post=6912"}],"version-history":[{"count":0,"href":"https:\/\/www.servir.caef.net\/index.php?rest_route=\/wp\/v2\/posts\/6912\/revisions"}],"wp:attachment":[{"href":"https:\/\/www.servir.caef.net\/index.php?rest_route=%2Fwp%2Fv2%2Fmedia&parent=6912"}],"wp:term":[{"taxonomy":"category","embeddable":true,"href":"https:\/\/www.servir.caef.net\/index.php?rest_route=%2Fwp%2Fv2%2Fcategories&post=6912"},{"taxonomy":"post_tag","embeddable":true,"href":"https:\/\/www.servir.caef.net\/index.php?rest_route=%2Fwp%2Fv2%2Ftags&post=6912"}],"curies":[{"name":"wp","href":"https:\/\/api.w.org\/{rel}","templated":true}]}}