{"id":6948,"date":"2010-04-21T14:35:18","date_gmt":"2010-04-21T14:35:18","guid":{"rendered":"\/?p=6948"},"modified":"2017-05-16T14:29:30","modified_gmt":"2017-05-16T14:29:30","slug":"flash-sur-lalliance-evangelique-francaise-aef","status":"publish","type":"post","link":"https:\/\/www.servir.caef.net\/?p=6948","title":{"rendered":"Flash sur l\u2019Alliance \u00c9vang\u00e9lique Fran\u00e7aise (AEF)"},"content":{"rendered":"<h1 style=\"text-align: center;\">Flash sur l\u2019Alliance<a href=\"\/wp-content\/uploads\/2013\/01\/aef.png\"><img loading=\"lazy\" decoding=\"async\" class=\"alignleft size-full wp-image-6949\" title=\"aef\" src=\"\/wp-content\/uploads\/2013\/01\/aef.png\" alt=\"\" width=\"89\" height=\"88\" \/><\/a><\/h1>\n<h1 style=\"text-align: center;\">\u00c9vang\u00e9lique Fran\u00e7aise (AEF)<\/h1>\n<p>&nbsp;<\/p>\n<p>&nbsp;<\/p>\n<p>&nbsp;<\/p>\n<p style=\"margin-bottom: 0cm;\" align=\"LEFT\"><strong><span style=\"font-size: small;\">Condens\u00e9 r\u00e9dig\u00e9 par <span style=\"color: #b22222;\"><span style=\"font-size: 16px;\">Marcel Reutenauer<\/span><\/span><\/span><\/strong><\/p>\n<p>&nbsp;<\/p>\n<p>&nbsp;<\/p>\n<p>&nbsp;<\/p>\n<p>&nbsp;<\/p>\n<p style=\"margin-bottom: 0cm; text-align: justify;\"><span style=\"font-size: 300%;\">L<\/span><span style=\"font-size: medium;\">a cr\u00e9ation du CNEF, a vu l\u2019AEF se \u2018fondre\u2019 dans cette nouvelle entit\u00e9. En effet, ses activit\u00e9s, ses objectifs et sa vision sont repris par le CNEF qui devient lui-m\u00eame membre de l\u2019Alliance Evang\u00e9lique Europ\u00e9enne et Mondiale<strong><sub>1<\/sub><\/strong><\/span><span style=\"font-size: medium;\">. Cette d\u00e9marche contribue positivement \u00e0 une simplification du paysage \u00e9vang\u00e9lique fran\u00e7ais. <\/span><\/p>\n<p style=\"margin-bottom: 0cm; text-align: justify;\">\u00a0<\/p>\n<p style=\"margin-bottom: 0cm; text-align: justify;\"><!--more--><\/p>\n<p style=\"margin-bottom: 0cm; text-align: justify;\"><span style=\"font-size: medium;\"><a href=\"\/wp-content\/uploads\/2010\/pdf2010\/Pages Servir 2-2010 Protestants Evang\u00e9lique.pdf#page=28\" target=\"_blank\"><img loading=\"lazy\" decoding=\"async\" title=\"iconePDF\" src=\"\/wp-content\/uploads\/2011\/01\/iconePDF.jpg\" alt=\"\" width=\"81\" height=\"76\" align=\"right\" hspace=\"8\" vspace=\"8\" \/><\/a>Il est donc utile de se souvenir de ce que l\u2019Alliance Evang\u00e9lique Fran\u00e7aise a \u00e9t\u00e9 et d\u2019en rappeler l\u2019histoire \u00e0 grands traits<strong><sub>2<\/sub><\/strong><\/span><span style=\"font-size: medium;\">. <\/span><\/p>\n<p style=\"margin-bottom: 0cm; text-align: justify;\">\u00a0<\/p>\n<p style=\"margin-bottom: 0cm; text-align: justify;\"><span style=\"font-size: medium;\">La premi\u00e8re image qui vient \u00e0 l\u2019esprit \u00e0 propos de l\u2019Alliance, est la Semaine Universelle de Pri\u00e8re du mois de janvier (25000 livrets diffus\u00e9s). Universelle, car d\u00e8s la cr\u00e9ation de l\u2019Alliance \u00c9vang\u00e9lique, \u00e0 Londres en 1846, la premi\u00e8re d\u00e9cision prise fut de lancer un mouvement de pri\u00e8re rassemblant les chr\u00e9tiens \u00ab dispers\u00e9s \u00bb dans les diverses \u00c9glises protestantes et \u00e9vang\u00e9liques, conscients de l\u2019unit\u00e9 en Christ, d\u00e9sireux de s\u2019associer \u2013 faire <\/span><span style=\"font-size: medium;\"><i><b>Alliance <\/b><\/i><\/span><span style=\"font-size: medium;\">&#8211; pour le t\u00e9moignage actif de l\u2019\u00c9vangile. D\u2019embl\u00e9e, sa dimension fut mondiale, et elle a fonctionn\u00e9 comme un r\u00e9seau de relations entre les diverses Alliances nationales, autonomes dans leur organisation. <\/span><span style=\"font-size: medium;\"><i><b>\u00c9vang\u00e9lique<\/b><\/i><\/span><span style=\"font-size: medium;\">, parce que les fondateurs ont cherch\u00e9 \u00e0 mettre en \u00e9vidence un consensus sur les points fondamentaux de la foi biblique, au-del\u00e0 de particularit\u00e9s eccl\u00e9siastiques, distincts de points \u00ab secondaires \u00bb. La D\u00e9claration de Foi de l\u2019Alliance a, de ce fait, \u00e9t\u00e9 adopt\u00e9e par de nombreuses oeuvres et associations \u00e9vang\u00e9liques et constitue la base du rapprochement r\u00e9cent de l\u2019ensemble des \u00c9vang\u00e9liques en France. <\/span><\/p>\n<p style=\"margin-bottom: 0cm; text-align: justify;\">\u00a0<\/p>\n<p style=\"margin-bottom: 0cm; text-align: justify;\"><span style=\"font-size: medium;\">Au plan fran\u00e7ais, l\u2019action de l\u2019AEF \u00e9tait port\u00e9e par un Conseil National, organe de r\u00e9flexion et d\u2019orientation, compos\u00e9 de 30 responsables choisis parmi les principales d\u00e9nominations du protestantisme \u00e9vang\u00e9lique, \u00e9lus par l\u2019Assembl\u00e9e G\u00e9n\u00e9rale. Les membres de l\u2019Alliance \u00e9taient d\u2019une part des individus, constituant la base des groupes locaux, de l\u2019autre, des organisations chr\u00e9tiennes, ainsi que quelques \u00c9glises locales. <\/span><\/p>\n<p style=\"margin-bottom: 0cm; text-align: justify;\">\u00a0<\/p>\n<p style=\"margin-bottom: 0cm; text-align: justify;\"><span style=\"font-size: medium;\">Le Secr\u00e9taire G\u00e9n\u00e9ral, unique salari\u00e9, nomm\u00e9 par le Conseil, appuy\u00e9 par le Bureau National qui \u00e9mane du Conseil, \u00e9tait l\u2019animateur de la vie de l\u2019Alliance. <\/span><\/p>\n<p style=\"margin-bottom: 0cm; text-align: justify;\">\u00a0<\/p>\n<p style=\"margin-bottom: 0cm; text-align: justify;\"><span style=\"font-size: medium;\">L\u2019Alliance a d\u00e9velopp\u00e9 un certains nombres de commissions exer\u00e7ant des minist\u00e8res pr\u00e9cis : pri\u00e8re, information (IDEA<strong><sub>3<\/sub><\/strong><\/span><span style=\"font-size: medium;\">), aum\u00f4nerie en milieu carc\u00e9ral (CEDEF<strong><sub>4<\/sub><\/strong><\/span><span style=\"font-size: medium;\">), aide au minist\u00e8re, mission, action sociale et humanitaire (SEL<strong><sub>5<\/sub><\/strong><\/span><span style=\"font-size: medium;\">), r\u00e9flexion sur la place de l\u2019Eglise dans la culture, jeunesse, etc. Certaines de ces commissions se sont d\u00e9velopp\u00e9es et ont donn\u00e9 lieu \u00e0 la cr\u00e9ation d\u2019oeuvres autonomes. <\/span><\/p>\n<p style=\"margin-bottom: 0cm; text-align: justify;\">\u00a0<\/p>\n<hr \/>\n<p>NOTES<\/p>\n<p>&nbsp;<\/p>\n<p><strong>1.<\/strong> L\u2019Alliance Evang\u00e9lique Europ\u00e9enne rassemble 38 pays, l\u2019Alliance Mondiale en rassemble 130.<\/p>\n<p>&nbsp;<\/p>\n<p>&nbsp;<\/p>\n<p><strong>2.<\/strong> Lecture recommand\u00e9e : Andr\u00e9 THOBOIS, <em>Une conviction qui fait son chemin<\/em>, br\u00e8ve histoire de l\u2019Alliance, D\u00e9cision, Paris, 1996.<\/p>\n<p>&nbsp;<\/p>\n<p>&nbsp;<\/p>\n<p><strong>3.<\/strong> Magazine mensuel dont le titre reprend les initiales \u00ab Information \u2013 Documents \u2013 Enqu\u00eates \u2013 Actualit\u00e9s \u00bb<\/p>\n<p>&nbsp;<\/p>\n<p>&nbsp;<\/p>\n<p><strong>4.<\/strong> Commission d\u2019Entraide aupr\u00e8s des D\u00e9tenus et de leurs Familles \u2013 BP 3909 \u2013 75421 Paris Cedex 09<\/p>\n<p>&nbsp;<\/p>\n<p>&nbsp;<\/p>\n<p><strong>5.<\/strong> Service d\u2019Entraide et de Liaison (<a href=\"http:\/\/www.selfrance.org\">www.selfrance.org<\/a>)<\/p>\n","protected":false},"excerpt":{"rendered":"<p>Flash sur l\u2019Alliance \u00c9vang\u00e9lique Fran\u00e7aise (AEF) &nbsp; &nbsp; &nbsp; Condens\u00e9 r\u00e9dig\u00e9 par Marcel Reutenauer &nbsp; &nbsp; &nbsp; &nbsp; La cr\u00e9ation du CNEF, a vu l\u2019AEF se \u2018fondre\u2019 dans cette nouvelle entit\u00e9. En effet, ses activit\u00e9s, ses objectifs et sa vision sont repris par le CNEF qui devient lui-m\u00eame membre de l\u2019Alliance Evang\u00e9lique Europ\u00e9enne et Mondiale1. [&hellip;]<\/p>\n","protected":false},"author":22,"featured_media":0,"comment_status":"closed","ping_status":"closed","sticky":false,"template":"","format":"standard","meta":{"footnotes":""},"categories":[14,10],"tags":[],"class_list":["post-6948","post","type-post","status-publish","format-standard","hentry","category-eglises-et-oeuvres","category-histoire-de-leglise"],"_links":{"self":[{"href":"https:\/\/www.servir.caef.net\/index.php?rest_route=\/wp\/v2\/posts\/6948","targetHints":{"allow":["GET"]}}],"collection":[{"href":"https:\/\/www.servir.caef.net\/index.php?rest_route=\/wp\/v2\/posts"}],"about":[{"href":"https:\/\/www.servir.caef.net\/index.php?rest_route=\/wp\/v2\/types\/post"}],"author":[{"embeddable":true,"href":"https:\/\/www.servir.caef.net\/index.php?rest_route=\/wp\/v2\/users\/22"}],"replies":[{"embeddable":true,"href":"https:\/\/www.servir.caef.net\/index.php?rest_route=%2Fwp%2Fv2%2Fcomments&post=6948"}],"version-history":[{"count":0,"href":"https:\/\/www.servir.caef.net\/index.php?rest_route=\/wp\/v2\/posts\/6948\/revisions"}],"wp:attachment":[{"href":"https:\/\/www.servir.caef.net\/index.php?rest_route=%2Fwp%2Fv2%2Fmedia&parent=6948"}],"wp:term":[{"taxonomy":"category","embeddable":true,"href":"https:\/\/www.servir.caef.net\/index.php?rest_route=%2Fwp%2Fv2%2Fcategories&post=6948"},{"taxonomy":"post_tag","embeddable":true,"href":"https:\/\/www.servir.caef.net\/index.php?rest_route=%2Fwp%2Fv2%2Ftags&post=6948"}],"curies":[{"name":"wp","href":"https:\/\/api.w.org\/{rel}","templated":true}]}}