{"id":6966,"date":"2010-07-22T11:44:29","date_gmt":"2010-07-22T11:44:29","guid":{"rendered":"\/?p=6966"},"modified":"2017-05-16T14:40:18","modified_gmt":"2017-05-16T14:40:18","slug":"la-geologie-et-la-bible","status":"publish","type":"post","link":"https:\/\/www.servir.caef.net\/?p=6966","title":{"rendered":"La G\u00e9ologie et la Bible"},"content":{"rendered":"<h1 style=\"text-align: center;\">La G\u00e9ologie et la Bible<\/h1>\n<p>&nbsp;<\/p>\n<p style=\"text-align: center;\"><a href=\"\/wp-content\/uploads\/2010\/05\/geo1.jpg\"><img loading=\"lazy\" decoding=\"async\" class=\"alignnone size-full wp-image-6967\" title=\"geo1\" src=\"\/wp-content\/uploads\/2010\/05\/geo1.jpg\" alt=\"\" width=\"700\" height=\"466\" srcset=\"https:\/\/www.servir.caef.net\/wp-content\/uploads\/2010\/05\/geo1.jpg 896w, https:\/\/www.servir.caef.net\/wp-content\/uploads\/2010\/05\/geo1-300x199.jpg 300w\" sizes=\"auto, (max-width: 700px) 100vw, 700px\" \/><\/a><\/p>\n<p style=\"text-align: center;\">\u00a0<\/p>\n<p><span style=\"font-size: 16px;\"><span style=\"color: #b22222;\"><strong>Par Thierry Grand<br \/> <\/strong><\/span><\/span><\/p>\n<p><span style=\"font-size: 14px;\"><span style=\"color: #b22222;\"><strong>G\u00e9ologue<br \/> <\/strong><\/span><\/span><\/p>\n<p><a href=\"\/wp-content\/uploads\/2010\/05\/Grand.jpg\"><img loading=\"lazy\" decoding=\"async\" class=\"alignnone size-full wp-image-6968\" title=\"Grand\" src=\"\/wp-content\/uploads\/2010\/05\/Grand.jpg\" alt=\"\" width=\"90\" height=\"135\" align=\"left\" hspace=\"10\" vspace=\"10\" \/> <\/a><\/p>\n<p style=\"margin-bottom: 0cm; text-align: justify;\">\u00a0<\/p>\n<p>&nbsp;<\/p>\n<p style=\"margin-bottom: 0cm; text-align: justify;\"><strong><span style=\"font-size: small;\"><i>D\u00e8s l\u2019Antiquit\u00e9, l\u2019Homme s\u2019est interrog\u00e9 sur l\u2019origine de sa plan\u00e8te et de la vie. Pour r\u00e9pondre \u00e0 ces grands myst\u00e8res, les diff\u00e9rentes religions, la philosophie et la science ont tour \u00e0 tour essay\u00e9 d\u2019apporter leur point de vue. Nous n\u2019aborderons ici que ce qu\u2019affirme la Bible et ce qu\u2019elle ne dit pas, avec ce que la g\u00e9ologie en tant que science a d\u00e9couvert et ce qu\u2019elle peut affirmer <\/i><i>aujourd\u2019hui. <\/i><\/span><\/strong><\/p>\n<p style=\"margin-bottom: 0cm; text-align: justify;\">\u00a0<\/p>\n<p style=\"margin-bottom: 0cm; text-align: justify;\"><!--more--><\/p>\n<p>&nbsp;<\/p>\n<h2><i>Comment approcher la Bible <\/i><\/h2>\n<p style=\"margin-bottom: 0cm; text-align: justify;\">\u00a0<\/p>\n<p style=\"margin-bottom: 0cm; text-align: justify;\"><span style=\"font-size: small;\"><a href=\"\/wp-content\/uploads\/2010\/pdf2010\/Pages Servir 3-2010 Les Origines.pdf#page=15\" target=\"_blank\"><img loading=\"lazy\" decoding=\"async\" title=\"iconePDF\" src=\"\/wp-content\/uploads\/2011\/01\/iconePDF.jpg\" alt=\"\" width=\"81\" height=\"76\" align=\"right\" hspace=\"8\" vspace=\"8\" \/><\/a>Nous croyons qu\u2019il est utile avant d\u2019aller plus loin et pour rassurer les chr\u00e9tiens qui peuvent avoir diff\u00e9rentes opinions, de bien insister sur ce fait ind\u00e9niable pour le croyant : Dieu cr\u00e9a les cieux et la Terre ! Quelles que soient les interpr\u00e9tations que l\u2019on voudra donner \u00e0 la gen\u00e8se de notre plan\u00e8te et de la vie, les chr\u00e9tiens et les scientifiques chr\u00e9tiens ne peuvent que tomber d\u2019accord sur cette affirmation. Mais alors, que pouvons-nous comprendre dans la notion de cr\u00e9ation ? Il est \u00e9vident qu\u2019\u00e0 l\u2019\u00e9poque o\u00f9 le livre de la Gen\u00e8se a \u00e9t\u00e9 \u00e9crit, le discours de son texte ne pouvait \u00eatre une approche scientifique telle qu\u2019on l\u2019entend aujourd\u2019hui. Les termes employ\u00e9s dans l\u2019original h\u00e9breu sont parfois traduits assez maladroitement dans nos diff\u00e9rentes versions fran\u00e7aises, ce qui laisse envisager qu\u2019une lecture litt\u00e9rale du texte reste la plus riche. <\/span><\/p>\n<p style=\"margin-bottom: 0cm; text-align: justify;\">\u00a0<\/p>\n<p style=\"margin-bottom: 0cm; text-align: justify;\"><span style=\"font-size: small;\">Il est bon de redire que la Bible nous r\u00e9v\u00e8le le plan de Dieu \u00e0 notre \u00e9gard et veut surtout, dans les premiers chapitres de la Gen\u00e8se, nous pr\u00e9senter le pourquoi de la cr\u00e9ation. Dieu nous pr\u00e9sente un environnement choisi par lui pour y mettre l\u2019Homme et accomplir son plan. Il ne nous donne que peu d\u2019indications sur la mani\u00e8re dont il fit les choses : Dieu dit\u2026 et la chose se f\u00eet ! Il est \u00e9vident que dans ces affirmations le chr\u00e9tien doit retenir essentiellement que toute chose a \u00e9t\u00e9 voulue par Dieu, rien n\u2019est le fruit du hasard dans ce qui nous entoure. Vues ainsi, les choses prennent un autre aspect. Dieu a tout voulu de ce qui nous entoure, mais comment a-t-il fait toutes ces choses ? <\/span><\/p>\n<p style=\"margin-bottom: 0cm; text-align: justify;\">\u00a0<\/p>\n<p style=\"margin-bottom: 0cm; text-align: justify;\"><span style=\"font-size: small;\">Dieu n\u2019est-il pas souverain pour choisir sa mani\u00e8re ? En quoi sa puissance est-elle remise en question s\u2019il a utilis\u00e9 les lois de la physique, de la chimie, de la biologie, qu\u2019il a lui-m\u00eame cr\u00e9\u00e9es pour obtenir les choses ? <\/span><\/p>\n<p style=\"margin-bottom: 0cm; text-align: justify;\">\u00a0<\/p>\n<p style=\"margin-bottom: 0cm; text-align: justify;\"><span style=\"font-size: small;\">Si donc on admet que le texte de la Gen\u00e8se n\u2019est pas un \u00e9crit scientifique, alors il n\u2019y a plus aucune contradiction entre Bible et science, ni entre les notions de cr\u00e9ation et d\u2019\u00e9volution ! Dieu \u00e9tant de toute mani\u00e8re \u00e0 l\u2019origine des choses ! <\/span><\/p>\n<p style=\"margin-bottom: 0cm; text-align: justify;\">\u00a0<\/p>\n<p style=\"margin-bottom: 0cm; text-align: justify;\">\u00a0<\/p>\n<h2><i>Sur l\u2019\u00e2ge de la terre <\/i><\/h2>\n<p style=\"margin-bottom: 0cm; text-align: justify;\">\u00a0<\/p>\n<p style=\"margin-bottom: 0cm; text-align: justify;\"><span style=\"font-size: small;\">Nous voudrions maintenant d\u00e9velopper rapidement trois aspects de la g\u00e9ologie qui contribuent \u00e0 faire admettre que notre plan\u00e8te est vieille. Le premier est d\u2019ordre pal\u00e9ontologique. L\u2019un des grands principes fondamentaux de la g\u00e9ologie est celui \u00ab de superposition \u00bb. Les roches se sont d\u00e9pos\u00e9es les unes sur les autres au cours du temps de telle sorte que les plus anciennes se retrouvent sous les plus jeunes. Dans le cas du bassin parisien par exemple, on trouvera les plus vieilles strates apparaissant en bordure du Seuil du Morvan et, en se dirigeant vers Paris, les couches deviennent de plus en plus jeunes. On remarquera aussi qu\u2019il n\u2019y a pas la succession logique de s\u00e9diments de mer peu profonde qui s\u2019approfondirait pour ensuite \u00e0 nouveau devenir de moins en moins profonde comme cela devrait l\u2019\u00eatre dans le cas de strates d\u00e9pos\u00e9es en une ann\u00e9e par le D\u00e9luge. La succession est plus complexe et on passe plusieurs fois de mers peu profondes \u00e0 des mers plus profondes. <\/span><\/p>\n<p style=\"margin-bottom: 0cm; text-align: justify;\">\u00a0<\/p>\n<p style=\"margin-bottom: 0cm; text-align: justify;\"><span style=\"font-size: small;\">Or les g\u00e9ologues ont pu constater (et ce constat est ind\u00e9niable) que les couches inf\u00e9rieures de notre plan\u00e8te contiennent des fossiles diff\u00e9rents de ceux trouv\u00e9s dans les couches sup\u00e9rieures. On doit donc admettre la noncontemporan\u00e9it\u00e9 des fossiles. Les fossiles n\u2019\u00e9tant donc pas contemporains, on peut les utiliser, apr\u00e8s les avoir r\u00e9pertori\u00e9s, comme base de datation relative. Aujourd\u2019hui les datations bas\u00e9es sur la radioactivit\u00e9 (radio chronologie) confirment cette succession et apportent des valeurs absolues \u00e0 ces \u00e2ges. <\/span><\/p>\n<p style=\"margin-bottom: 0cm; text-align: justify;\">\u00a0<\/p>\n<p style=\"margin-bottom: 0cm; text-align: justify;\"><span style=\"font-size: small;\">Depuis une cinquantaine d\u2019ann\u00e9es seulement, les g\u00e9ophysiciens peuvent dater de fa\u00e7on pr\u00e9cise et fiable les diff\u00e9rentes strates de notre plan\u00e8te. <\/span><\/p>\n<p style=\"margin-bottom: 0cm; text-align: justify;\">\u00a0<\/p>\n<p style=\"margin-bottom: 0cm; text-align: justify;\"><span style=\"font-size: small;\">Le deuxi\u00e8me argument est celui de la tectonique des plaques dont les m\u00e9canismes sont connus depuis 1970 environ. <\/span><\/p>\n<p style=\"margin-bottom: 0cm; text-align: justify;\">\u00a0<\/p>\n<p style=\"margin-bottom: 0cm; text-align: justify;\"><span style=\"font-size: small;\">Quelques d\u00e9cennies auparavant, Alfred WEGNER avait d\u00e9j\u00e0 propos\u00e9 que, si les continents avaient des formes qui pouvaient s\u2019embo\u00eeter, c\u2019est qu\u2019ils n\u2019en formaient qu\u2019un \u00e0 une \u00e9poque. Les mesures actuelles, tr\u00e8s pr\u00e9cises gr\u00e2ce au GPS et aux satellites, permettent de conna\u00eetre les vitesses de d\u00e9placement des plaques. Si l\u2019on prend l\u2019exemple de l\u2019oc\u00e9an Atlantique sud qui s\u2019agrandit chaque ann\u00e9e de 2 centim\u00e8tres, on arrive \u00e0 consid\u00e9rer qu\u2019\u00e0 cette vitesse l\u2019Am\u00e9rique du Sud et l\u2019Afrique \u00e9taient accol\u00e9es l\u2019une \u00e0 l\u2019autre il y a 80 millions d\u2019ann\u00e9es. Ce que confirme par ailleurs et la pal\u00e9ontologie et la radiochronologie ! Ces trois m\u00e9thodes confirment cet \u00e2ge alors qu\u2019elles sont bas\u00e9es chacune sur des m\u00e9canismes et des lois qui sont ind\u00e9pendants les uns des autres. Ce n\u2019est pas le hasard qui permet cela. <\/span><\/p>\n<p style=\"margin-bottom: 0cm; text-align: justify;\"><a href=\"\/wp-content\/uploads\/2010\/05\/geo2.jpg\"><img loading=\"lazy\" decoding=\"async\" class=\"alignnone size-full wp-image-6969\" title=\"geo2\" src=\"\/wp-content\/uploads\/2010\/05\/geo2.jpg\" alt=\"\" width=\"297\" height=\"517\" align=\"right\" hspace=\"10\" vspace=\"10\" srcset=\"https:\/\/www.servir.caef.net\/wp-content\/uploads\/2010\/05\/geo2.jpg 297w, https:\/\/www.servir.caef.net\/wp-content\/uploads\/2010\/05\/geo2-172x300.jpg 172w\" sizes=\"auto, (max-width: 297px) 100vw, 297px\" \/><\/a><\/p>\n<p style=\"margin-bottom: 0cm; text-align: justify;\"><span style=\"font-size: small;\">Enfin, si l\u2019on consid\u00e8re les d\u00e9formations de l\u2019\u00e9corce terrestre et notamment les plissements des strates calcaires, il est \u00e9vident que ceux-ci ont n\u00e9cessit\u00e9 de longues dur\u00e9es pour pouvoir se faire sans qu\u2019il y ait fracturation. \u00c0 grande profondeur, avec les temp\u00e9ratures \u00e9lev\u00e9es qui y r\u00e8gnent, des roches rigides en surface peuvent devenir plastiques. Mais pour les strates de surface (calcaires Urgoniens des falaises du Vercors, par exemple), il est impossible de les plisser rapidement. Il faudra plusieurs centaines de mill\u00e9naires voire des millions d\u2019ann\u00e9es pour y arriver. (On ne plisse pas instantan\u00e9ment du rotin pour en faire un meuble, il faut y aller doucement et progressivement !)<\/span><\/p>\n<p style=\"margin-bottom: 0cm; text-align: justify;\">\u00a0<\/p>\n<p style=\"margin-bottom: 0cm; text-align: justify;\"><span style=\"font-size: small;\">Voil\u00e0 donc quelques arguments en faveur d\u2019une Terre vieille, sans toutefois remettre en question le texte biblique et encore moins la grandeur et la souverainet\u00e9 de notre Dieu qui de toute mani\u00e8re reste l\u2019architecte et l\u2019ouvrier de sa cr\u00e9ation. Dieu ne peut mentir ni donner dans sa cr\u00e9ation d\u2019observations qui le contrediraient. Bien au contraire, la nature et son \u00e9tude sont l\u00e0 pour nous rappeler que Dieu existe (Romains 1). Ainsi, quelle que soit notre fa\u00e7on de voir les choses, la conclusion est que Dieu est grand et qu\u2019il est le cr\u00e9ateur de toute chose. <\/span><\/p>\n<p style=\"margin-bottom: 0cm; text-align: justify;\">\u00a0<\/p>\n<p style=\"margin-bottom: 0cm; text-align: center;\"><span style=\"font-size: small;\">T.G. <\/span><\/p>\n<p style=\"margin-bottom: 0cm; text-align: justify;\">\u00a0<\/p>\n<p style=\"margin-bottom: 0cm; text-align: right;\"><strong><span style=\"color: #9f290e;\">FOSSILE, ARCHAEOPTERYX <\/span> <\/strong><\/p>\n","protected":false},"excerpt":{"rendered":"<p>La G\u00e9ologie et la Bible &nbsp; \u00a0 Par Thierry Grand G\u00e9ologue \u00a0 &nbsp; D\u00e8s l\u2019Antiquit\u00e9, l\u2019Homme s\u2019est interrog\u00e9 sur l\u2019origine de sa plan\u00e8te et de la vie. Pour r\u00e9pondre \u00e0 ces grands myst\u00e8res, les diff\u00e9rentes religions, la philosophie et la science ont tour \u00e0 tour essay\u00e9 d\u2019apporter leur point de vue. Nous n\u2019aborderons ici que [&hellip;]<\/p>\n","protected":false},"author":271,"featured_media":0,"comment_status":"closed","ping_status":"closed","sticky":false,"template":"","format":"standard","meta":{"footnotes":""},"categories":[26,43,21],"tags":[],"class_list":["post-6966","post","type-post","status-publish","format-standard","hentry","category-la-bible","category-la-creation","category-ethique"],"_links":{"self":[{"href":"https:\/\/www.servir.caef.net\/index.php?rest_route=\/wp\/v2\/posts\/6966","targetHints":{"allow":["GET"]}}],"collection":[{"href":"https:\/\/www.servir.caef.net\/index.php?rest_route=\/wp\/v2\/posts"}],"about":[{"href":"https:\/\/www.servir.caef.net\/index.php?rest_route=\/wp\/v2\/types\/post"}],"author":[{"embeddable":true,"href":"https:\/\/www.servir.caef.net\/index.php?rest_route=\/wp\/v2\/users\/271"}],"replies":[{"embeddable":true,"href":"https:\/\/www.servir.caef.net\/index.php?rest_route=%2Fwp%2Fv2%2Fcomments&post=6966"}],"version-history":[{"count":0,"href":"https:\/\/www.servir.caef.net\/index.php?rest_route=\/wp\/v2\/posts\/6966\/revisions"}],"wp:attachment":[{"href":"https:\/\/www.servir.caef.net\/index.php?rest_route=%2Fwp%2Fv2%2Fmedia&parent=6966"}],"wp:term":[{"taxonomy":"category","embeddable":true,"href":"https:\/\/www.servir.caef.net\/index.php?rest_route=%2Fwp%2Fv2%2Fcategories&post=6966"},{"taxonomy":"post_tag","embeddable":true,"href":"https:\/\/www.servir.caef.net\/index.php?rest_route=%2Fwp%2Fv2%2Ftags&post=6966"}],"curies":[{"name":"wp","href":"https:\/\/api.w.org\/{rel}","templated":true}]}}