{"id":6977,"date":"2010-07-23T10:50:20","date_gmt":"2010-07-23T10:50:20","guid":{"rendered":"\/?p=6977"},"modified":"2017-05-16T15:31:00","modified_gmt":"2017-05-16T15:31:00","slug":"interview-questions-a-jeremie-vaubaillon-astronome","status":"publish","type":"post","link":"https:\/\/www.servir.caef.net\/?p=6977","title":{"rendered":"Interview &#8211; Questions \u00e0 J\u00e9r\u00e9mie VAUBAILLON astronome"},"content":{"rendered":"<p><img loading=\"lazy\" decoding=\"async\" class=\"size-full wp-image-8710 aligncenter\" src=\"\/wp-content\/uploads\/2015\/01\/interview.jpg\" alt=\"interview\" width=\"329\" height=\"126\" srcset=\"https:\/\/www.servir.caef.net\/wp-content\/uploads\/2015\/01\/interview.jpg 329w, https:\/\/www.servir.caef.net\/wp-content\/uploads\/2015\/01\/interview-300x114.jpg 300w\" sizes=\"auto, (max-width: 329px) 100vw, 329px\" \/><\/p>\n<p>&nbsp;<\/p>\n<p><a href=\"\/wp-content\/uploads\/2010\/03\/questions-a.jpg\"><img loading=\"lazy\" decoding=\"async\" class=\"alignnone size-full wp-image-6916\" title=\"questions-a\" src=\"\/wp-content\/uploads\/2010\/03\/questions-a.jpg\" alt=\"\" width=\"246\" height=\"44\" \/><\/a><\/p>\n<p><span style=\"font-size: 16px;\"><span style=\"color: #b22222;\"><strong>J\u00e9r\u00e9mie VAUBAILLON<\/strong><\/span><\/span><\/p>\n<p><a href=\"\/wp-content\/uploads\/2010\/05\/VAUBAILLON.jpg\"><img loading=\"lazy\" decoding=\"async\" class=\"alignnone size-full wp-image-6979\" title=\"VAUBAILLON\" src=\"\/wp-content\/uploads\/2010\/05\/VAUBAILLON.jpg\" alt=\"\" width=\"129\" height=\"171\" hspace=\"10\" vspace=\"10\" \/><\/a><\/p>\n<p><span style=\"font-size: 16px;\"><span style=\"font-size: 16px;\"><strong>Astronome<\/strong><\/span><strong> <span style=\"color: #b22222;\"><span style=\"color: #000;\"><span style=\"font-size: 12px;\">interview\u00e9 par<\/span><\/span> <span style=\"color: #000;\">Reynald Kozycki<\/span><\/span><\/strong><\/span><\/p>\n<p>&nbsp;<\/p>\n<p>&nbsp;<\/p>\n<h3><span style=\"color: #9f290e;\"><i><img loading=\"lazy\" decoding=\"async\" class=\"alignnone  wp-image-8166\" src=\"\/wp-content\/uploads\/2014\/04\/dialogue-2.jpg\" alt=\"dialogue-2\" width=\"61\" height=\"64\" \/>Pourriez-vous expliquer en quelques lignes en quoi consiste votre travail ? <\/i><\/span><\/h3>\n<p style=\"margin-bottom: 0cm; text-align: justify;\">\u00a0<\/p>\n<p>&nbsp;<\/p>\n<p style=\"margin-bottom: 0cm; text-align: justify;\"><span style=\"color: #231f20;\">Je suis astronome \u00e0 l\u2019Observatoire de Paris et mon travail consiste \u00e0 faire de la recherche fondamentale sur les astres. J\u2019\u00e9tudie le syst\u00e8me solaire, et en particulier les \u00ab \u00e9toiles filantes \u00bb qui sont, en fait, des grains de sable se d\u00e9sint\u00e9grant \u00e0 tr\u00e8s grande vitesse dans notre atmosph\u00e8re : c\u2019est ce qui provoque les tra\u00een\u00e9es furtives que l\u2019on aper\u00e7oit notamment au mois d\u2019ao\u00fbt. Ces grains de sable proviennent des com\u00e8tes, qui sont un m\u00e9lange de roches et de glace d\u2019eau. On pourrait les comparer \u00e0 l\u2019une de nos montagnes des Alpes. En s\u2019approchant du soleil, la glace se transforme en vapeur et, en s\u2019\u00e9chappant, lib\u00e8re ses grains de sable qui vont tourner ind\u00e9pendamment dans le syst\u00e8me solaire. <\/span><\/p>\n<p style=\"margin-bottom: 0cm; text-align: justify;\">\u00a0<\/p>\n<h3><span style=\"color: #231f20;\"><i><span style=\"color: #9f290e;\"><img loading=\"lazy\" decoding=\"async\" class=\"alignnone  wp-image-8166\" src=\"\/wp-content\/uploads\/2014\/04\/dialogue-2.jpg\" alt=\"dialogue-2\" width=\"61\" height=\"64\" \/><\/span>\u00c0 c\u00f4t\u00e9 de votre travail, vous \u00eates aussi engag\u00e9 dans une \u00c9glise protestante \u00e9vang\u00e9lique. J\u2019imagine que plusieurs ont d\u00fb vous demander comment vous pouvez \u00eatre croyant. Qu\u2019est ce que vous r\u00e9pondez \u00e0 vos coll\u00e8gues qui doivent \u00eatre surpris que vous soyez \u00ab chr\u00e9tien engag\u00e9 \u00bb et scientifique ? <\/i><\/span><\/h3>\n<p>&nbsp;<\/p>\n<p style=\"margin-bottom: 0cm; text-align: justify;\"><!--more--><\/p>\n<p style=\"margin-bottom: 0cm; text-align: justify;\"><a href=\"\/wp-content\/uploads\/2010\/05\/galaxie.jpg\"><img loading=\"lazy\" decoding=\"async\" class=\"alignnone size-full wp-image-6978\" title=\"galaxie\" src=\"\/wp-content\/uploads\/2010\/05\/galaxie.jpg\" alt=\"\" width=\"500\" height=\"375\" align=\"left\" hspace=\"10\" vspace=\"10\" srcset=\"https:\/\/www.servir.caef.net\/wp-content\/uploads\/2010\/05\/galaxie.jpg 667w, https:\/\/www.servir.caef.net\/wp-content\/uploads\/2010\/05\/galaxie-300x224.jpg 300w\" sizes=\"auto, (max-width: 500px) 100vw, 500px\" \/><\/a><span style=\"color: #231f20;\"><a href=\"\/wp-content\/uploads\/2010\/pdf2010\/Pages Servir 3-2010 Les Origines.pdf#page=22\" target=\"_blank\"><img loading=\"lazy\" decoding=\"async\" title=\"iconePDF\" src=\"\/wp-content\/uploads\/2011\/01\/iconePDF.jpg\" alt=\"\" width=\"81\" height=\"76\" align=\"right\" hspace=\"8\" vspace=\"8\" \/><\/a>Je r\u00e9ponds la m\u00eame chose aux coll\u00e8gues qui me demandent comment je peux \u00eatre chr\u00e9tien qu\u2019aux chr\u00e9tiens qui me demandent comment je peux \u00eatre scientifique ! En fait, et sans surprise, je suis persuad\u00e9 que l\u2019un et l\u2019autre ne sont pas incompatibles, heureusement ! Contrairement \u00e0 ce que beaucoup de gens pensent (quelques scientifiques y compris), la science n\u2019explique pas : elle d\u00e9crit des lois et des processus pr\u00e9sents, pass\u00e9s et futurs. En d\u2019autres termes, la science r\u00e9pond \u00e0 la question \u00ab comment ? \u00bb. Inversement, la Bible n\u2019est pas un livre de science et, mis \u00e0 part l\u2019homme, elle parle finalement peu de la cr\u00e9ation, et encore moins des lois qui la r\u00e9gissent. Elle nous donne plut\u00f4t la raison de notre existence, qui consiste \u00e0 glorifier Dieu. En d\u2019autres termes, \u00eatre chr\u00e9tien c\u2019est avoir une r\u00e9ponse \u00e0 la question \u00ab pourquoi ? \u00bb. <\/span><\/p>\n<p style=\"margin-bottom: 0cm; text-align: justify;\">\u00a0<\/p>\n<h3><span style=\"color: #231f20;\"><i><span style=\"color: #9f290e;\"><img loading=\"lazy\" decoding=\"async\" class=\"alignnone  wp-image-8166\" src=\"\/wp-content\/uploads\/2014\/04\/dialogue-2.jpg\" alt=\"dialogue-2\" width=\"61\" height=\"64\" \/><\/span>Votre m\u00e9tier vous am\u00e8ne \u00e0 observer l\u2019univers. Pendant des si\u00e8cles, on pensait que la terre \u00e9tait le centre du monde et que le soleil tournait autour de la terre. Comment, en quelques mots, Copernic et Galil\u00e9e ont-ils d\u00e9montr\u00e9 que ce n\u2019\u00e9tait pas le cas ? <\/i><\/span><\/h3>\n<p style=\"margin-bottom: 0cm; text-align: justify;\">\u00a0<\/p>\n<p style=\"margin-bottom: 0cm; text-align: justify;\"><span style=\"color: #231f20;\">Il est vrai que ce n\u2019\u00e9tait pas une chose ais\u00e9e : en regardant le ciel, tout semble tourner autour de nous. Le mod\u00e8le de Copernic expliquait les m\u00eames ph\u00e9nom\u00e8nes (r\u00e9volution des plan\u00e8tes autour du Soleil) qu\u2019auparavant, mais de fa\u00e7on plus simple. C\u2019est une d\u00e9marche scientifique toujours d\u2019actualit\u00e9 : entre deux mod\u00e8les qui rendent compte d\u2019un ph\u00e9nom\u00e8ne, on pr\u00e9f\u00e8re toujours le plus simple et le plus court. Pour Galil\u00e9e, c\u2019est diff\u00e9rent. Aristote avait dit, 2000 ans auparavant, que puisque tout semblait tourner autour de la Terre, la terre \u00e9tait le centre de l\u2019univers, mais que si un jour on d\u00e9couvrait un autre centre dans l\u2019univers, alors il n\u2019y aurait aucune raison pour qu\u2019il y ait un centre privil\u00e9gi\u00e9, et que donc l\u2019univers n\u2019aurait pas de centre. En d\u00e9couvrant les sa<\/span>tellites de Jupiter, Galil\u00e9e reprend <span style=\"color: #231f20;\">le raisonnement d\u2019Aristote et d\u00e9montre qu\u2019il n\u2019y a pas de centre privil\u00e9gi\u00e9 dans l\u2019univers. Ce qu\u2019on oublie souvent de dire, c\u2019est que Galil\u00e9e avait un caract\u00e8re ex\u00e9crable et qu\u2019il prenait un malin plaisir \u00e0 ridiculiser ses adversaires. Est-il donc \u00e9tonnant qu\u2019on lui ait fait un proc\u00e8s ? Le plus triste dans cette histoire, c\u2019est qu\u2019on ait utilis\u00e9 la Bible \u00e0 des fins personnelles, en lui faisant dire ce qu\u2019elle ne dit pas. En d\u2019autres termes, on a utilis\u00e9 la Bible pour r\u00e9pondre \u00e0 la question \u00ab comment ? \u00bb, alors qu\u2019elle r\u00e9pond \u00e0 la question \u00ab pourquoi ? \u00bb. C\u2019est, malheureusement je pense, une erreur encore tr\u00e8s fr\u00e9quente aujourd\u2019hui. <\/span><\/p>\n<p style=\"margin-bottom: 0cm; text-align: justify;\">\u00a0<\/p>\n<h3><span style=\"color: #231f20;\"><i><span style=\"color: #9f290e;\"><img loading=\"lazy\" decoding=\"async\" class=\"alignnone  wp-image-8166\" src=\"\/wp-content\/uploads\/2014\/04\/dialogue-2.jpg\" alt=\"dialogue-2\" width=\"61\" height=\"64\" \/><\/span>Depuis pr\u00e8s de deux si\u00e8cles, on d\u00e9couvre que les temps de l\u2019univers sont beaucoup plus longs qu\u2019une lecture biblique litt\u00e9rale pourrait le faire croire. Quels sont pour vous, en quelques mots, les arguments les plus forts montrant que l\u2019univers a environ 13,7 milliards d\u2019ann\u00e9es ? <\/i><\/span><\/h3>\n<p style=\"margin-bottom: 0cm; text-align: justify;\">\u00a0<\/p>\n<p style=\"margin-bottom: 0cm; text-align: justify;\"><span style=\"color: #231f20;\">La mesure du temps et des distances a \u00e9t\u00e9 l\u2019activit\u00e9 principale des astronomes jusqu\u2019au d\u00e9but du XXe si\u00e8cle. On y travaille d\u2019ailleurs encore. La d\u00e9couverte de Hubble dans les ann\u00e9es 20 sur la fuite des galaxies, et donc sur l\u2019expansion de l\u2019univers, implique que dans le pass\u00e9, les galaxies \u00e9taient beaucoup plus proches les unes des autres qu\u2019aujourd\u2019hui. On peut donc d\u00e9finir un temps th\u00e9orique \u00ab z\u00e9ro \u00bb o\u00f9 l\u2019ensemble de l\u2019univers \u00e9tait contenu dans un point infiniment petit et infiniment dense, apr\u00e8s lequel l\u2019univers est en expansion. C\u2019est la raison m\u00eame du nom \u00ab big-bang \u00bb qui \u00e0 l\u2019origine \u00e9tait un sobriquet destin\u00e9 \u00e0 ridiculiser une telle th\u00e9orie. Cependant, si en effet tout l\u2019univers \u00e9tait concentr\u00e9 dans un petit espace, il est alors possible d\u2019en observer une trace dans l\u2019univers actuel, sous forme de lumi\u00e8re remplissant tout l\u2019espace. Ce r\u00e9sultat, pr\u00e9dit par la th\u00e9orie en 1954, a \u00e9t\u00e9 observ\u00e9 par PENZIAS et WILSON en 1965 : c\u2019est le rayonnement cosmologique \u00e0 3 kelvins. \u00c0 partir de ces \u00e9l\u00e9ments, on d\u00e9duit un \u00e2ge de l\u2019univers d\u2019environ 13,7 milliards d\u2019ann\u00e9es. <\/span><\/p>\n<p style=\"margin-bottom: 0cm; text-align: justify;\">\u00a0<\/p>\n<h3><span style=\"color: #231f20;\"><i><span style=\"color: #9f290e;\"><img loading=\"lazy\" decoding=\"async\" class=\"alignnone  wp-image-8166\" src=\"\/wp-content\/uploads\/2014\/04\/dialogue-2.jpg\" alt=\"dialogue-2\" width=\"61\" height=\"64\" \/><\/span>Est-ce que ces temps plus longs ne vous posent pas de probl\u00e8me dans votre lecture de la Bible ? <\/i><\/span><\/h3>\n<p style=\"margin-bottom: 0cm; text-align: justify;\">\u00a0<\/p>\n<p style=\"margin-bottom: 0cm; text-align: justify;\"><span style=\"color: #231f20;\">Pas vraiment : je lis la Bible pour conna\u00eetre Dieu et pour savoir comment l\u2019honorer au quotidien et non pour r\u00e9pondre \u00e0 des questions scientifiques tr\u00e8s int\u00e9ressantes, mais finalement pas tr\u00e8s utiles sur le plan spirituel. Disons que je suis de ceux qui lisent <span style=\"background-color: #add8e6;\"><em>Gen\u00e8se 1<\/em><\/span> comme on lirait <\/span><\/p>\n<p style=\"margin-bottom: 0cm; text-align: justify;\"><span style=\"background-color: #add8e6;\"><em><span style=\"color: #231f20;\">Psaume 18.8 : \u00ab La terre fut \u00e9branl\u00e9e et trembla, les fondements des montagnes fr\u00e9mirent et ils furent \u00e9branl\u00e9s, parce qu\u2019il \u00e9tait irrit\u00e9 \u00bb. <\/span><br \/> <\/em><\/span><\/p>\n<p style=\"margin-bottom: 0cm; text-align: justify;\">\u00a0<\/p>\n<h3><span style=\"color: #231f20;\"><i><span style=\"color: #9f290e;\"><img loading=\"lazy\" decoding=\"async\" class=\"alignnone  wp-image-8166\" src=\"\/wp-content\/uploads\/2014\/04\/dialogue-2.jpg\" alt=\"dialogue-2\" width=\"61\" height=\"64\" \/><\/span>Le <span style=\"background-color: #add8e6;\">Psaume 19<\/span> affirme que les <span style=\"background-color: #add8e6;\">\u00ab cieux racontent la gloire de Dieu \u00bb<\/span>. Qu\u2019est-ce qui, dans vos observations professionnelles, vous semble peut-\u00eatre le plus <span style=\"background-color: #add8e6;\">\u00ab raconter la gloire de Dieu \u00bb<\/span> ? <\/i><\/span><\/h3>\n<p style=\"margin-bottom: 0cm; text-align: justify;\">\u00a0<\/p>\n<p style=\"margin-bottom: 0cm; text-align: justify;\"><span style=\"color: #231f20;\">La beaut\u00e9 de tout ce qu\u2019on peut d\u00e9couvrir ! Cela va du \u00ab simple \u00bb ciel \u00e9toil\u00e9 d\u2019un observatoire, aux pluies de m\u00e9t\u00e9ores impressionnantes qui font l\u2019objet de mes recherches. Mais il y a aussi le lever du soleil sur un d\u00e9sert, une aurore bor\u00e9ale ou encore l\u2019observation de Saturne ou des crat\u00e8res lunaires avec une grande lunette ! La cr\u00e9ation est le doigt qui pointe vers le cr\u00e9ateur, pourvu qu\u2019on ne soit pas focalis\u00e9 sur le doigt ! Faire de la recherche c\u2019est partir \u00e0 la d\u00e9couverte de la cr\u00e9ation de Dieu et on ne peut qu\u2019\u00eatre \u00e9merveill\u00e9 devant ce qu\u2019on d\u00e9couvre. Finalement, c\u2019est ce que la science trouve, et non ce qu\u2019elle ne trouve pas, qui raconte le plus la gloire de Dieu ! <\/span><\/p>\n<p style=\"margin-bottom: 0cm; text-align: justify;\">\u00a0<\/p>\n<p style=\"margin-bottom: 0cm; text-align: justify;\"><span style=\"color: #231f20;\">Propos recueillis par Reynald KOZYCKI<\/span><\/p>\n","protected":false},"excerpt":{"rendered":"<p>&nbsp; J\u00e9r\u00e9mie VAUBAILLON Astronome interview\u00e9 par Reynald Kozycki &nbsp; &nbsp; Pourriez-vous expliquer en quelques lignes en quoi consiste votre travail ? \u00a0 &nbsp; Je suis astronome \u00e0 l\u2019Observatoire de Paris et mon travail consiste \u00e0 faire de la recherche fondamentale sur les astres. J\u2019\u00e9tudie le syst\u00e8me solaire, et en particulier les \u00ab \u00e9toiles filantes \u00bb [&hellip;]<\/p>\n","protected":false},"author":274,"featured_media":0,"comment_status":"closed","ping_status":"closed","sticky":false,"template":"","format":"standard","meta":{"footnotes":""},"categories":[43,21,33],"tags":[],"class_list":["post-6977","post","type-post","status-publish","format-standard","hentry","category-la-creation","category-ethique","category-temoignages"],"_links":{"self":[{"href":"https:\/\/www.servir.caef.net\/index.php?rest_route=\/wp\/v2\/posts\/6977","targetHints":{"allow":["GET"]}}],"collection":[{"href":"https:\/\/www.servir.caef.net\/index.php?rest_route=\/wp\/v2\/posts"}],"about":[{"href":"https:\/\/www.servir.caef.net\/index.php?rest_route=\/wp\/v2\/types\/post"}],"author":[{"embeddable":true,"href":"https:\/\/www.servir.caef.net\/index.php?rest_route=\/wp\/v2\/users\/274"}],"replies":[{"embeddable":true,"href":"https:\/\/www.servir.caef.net\/index.php?rest_route=%2Fwp%2Fv2%2Fcomments&post=6977"}],"version-history":[{"count":0,"href":"https:\/\/www.servir.caef.net\/index.php?rest_route=\/wp\/v2\/posts\/6977\/revisions"}],"wp:attachment":[{"href":"https:\/\/www.servir.caef.net\/index.php?rest_route=%2Fwp%2Fv2%2Fmedia&parent=6977"}],"wp:term":[{"taxonomy":"category","embeddable":true,"href":"https:\/\/www.servir.caef.net\/index.php?rest_route=%2Fwp%2Fv2%2Fcategories&post=6977"},{"taxonomy":"post_tag","embeddable":true,"href":"https:\/\/www.servir.caef.net\/index.php?rest_route=%2Fwp%2Fv2%2Ftags&post=6977"}],"curies":[{"name":"wp","href":"https:\/\/api.w.org\/{rel}","templated":true}]}}