{"id":7023,"date":"2010-10-11T13:15:49","date_gmt":"2010-10-11T13:15:49","guid":{"rendered":"\/?p=7023"},"modified":"2017-05-16T15:49:35","modified_gmt":"2017-05-16T15:49:35","slug":"questions-a-elie-jalouf-jure-un-devoir-de-citoyen","status":"publish","type":"post","link":"https:\/\/www.servir.caef.net\/?p=7023","title":{"rendered":"Questions \u00e0 \u00c9lie Jalouf Jur\u00e9&#8230; un devoir de citoyen"},"content":{"rendered":"<p><img loading=\"lazy\" decoding=\"async\" class=\"size-full wp-image-8710 aligncenter\" src=\"\/wp-content\/uploads\/2015\/01\/interview.jpg\" alt=\"interview\" width=\"329\" height=\"126\" srcset=\"https:\/\/www.servir.caef.net\/wp-content\/uploads\/2015\/01\/interview.jpg 329w, https:\/\/www.servir.caef.net\/wp-content\/uploads\/2015\/01\/interview-300x114.jpg 300w\" sizes=\"auto, (max-width: 329px) 100vw, 329px\" \/><\/p>\n<h1>\u00a0<\/h1>\n<h1><a href=\"\/wp-content\/uploads\/2010\/03\/questions-a.jpg\"><img loading=\"lazy\" decoding=\"async\" class=\"alignnone size-full wp-image-6916\" title=\"questions-a\" src=\"\/wp-content\/uploads\/2010\/03\/questions-a.jpg\" alt=\"\" width=\"246\" height=\"44\" \/><\/a><\/h1>\n<h1>\u00a0<\/h1>\n<h1><em><span style=\"color: #b22222;\">\u00c9lie Jalouf<\/span> Jur\u00e9&#8230; un devoir de citoyen<\/em><\/h1>\n<p>&nbsp;<\/p>\n<p><a href=\"\/wp-content\/uploads\/2010\/10\/Elie-Jalouf.jpg\">\u00a0<\/a><\/p>\n<p style=\"text-align: right;\"><strong><span style=\"color: #231f20;\"><i>Propos recueillis par <span style=\"color: #b22222;\">Marie Christine FAVE<\/span><\/i><\/span><\/strong><\/p>\n<p>&nbsp;<\/p>\n<p>&nbsp;<\/p>\n<p>&nbsp;<\/p>\n<p>&nbsp;<\/p>\n<p style=\"margin-bottom: 0cm; text-align: justify;\"><strong><span style=\"color: #9f290e;\"><i><img loading=\"lazy\" decoding=\"async\" class=\"alignnone  wp-image-8166\" src=\"\/wp-content\/uploads\/2014\/04\/dialogue-2.jpg\" alt=\"dialogue-2\" width=\"61\" height=\"64\" \/>Merci, \u00c9lie, de r\u00e9pondre aux questions de \u00ab Servir \u00bb. Tu es aujourd\u2019hui pasteur dans une \u00c9glise \u00e9vang\u00e9lique arm\u00e9nienne de Marseille et tu as aussi pass\u00e9 quelques ann\u00e9es dans l\u2019\u00c9glise de Loriol. Comment t\u2019es-tu retrouv\u00e9 jur\u00e9 \u00e0 la cour d\u2019assises ? <\/i><\/span><br \/> <\/strong><\/p>\n<p style=\"margin-bottom: 0cm; text-align: justify;\">\u00a0<\/p>\n<p style=\"margin-bottom: 0cm; text-align: justify;\"><span style=\"color: #231f20;\"><span style=\"color: #9f290e;\"><i><img loading=\"lazy\" decoding=\"async\" class=\"alignnone  wp-image-8166\" src=\"\/wp-content\/uploads\/2014\/04\/dialogue-2.jpg\" alt=\"dialogue-2\" width=\"61\" height=\"64\" \/><\/i><\/span>Par tirage au sort sur liste \u00e9lectorale : un premier, puis un deuxi\u00e8me qui confirme et ensuite un troisi\u00e8me tirage parmi les pr\u00e9sents. Neuf jur\u00e9s et un suppl\u00e9ant sont retenus. \u00catre jur\u00e9, cela peut donc arriver \u00e0 tous ceux qui figurent sur les listes \u00e9lectorales. C\u2019est un devoir de citoyen. <\/span><\/p>\n<p style=\"margin-bottom: 0cm; text-align: justify;\">\u00a0<\/p>\n<p style=\"margin-bottom: 0cm; text-align: justify;\"><span style=\"color: #231f20;\">Lors du tirage, certains jur\u00e9s peuvent \u00eatre r\u00e9cus\u00e9s sur avis des avocats. Ces derniers ont leurs raisons mais ne donnent aucune explication. Il se peut qu\u2019un jur\u00e9 soit r\u00e9cus\u00e9 parce qu\u2019il se trouve en relation indirecte avec les faits, par exemple \u00e0 cause de sa profession (\u00eatre banquier et juger une affaire de braquage) <\/span><\/p>\n<p style=\"margin-bottom: 0cm; text-align: justify;\"><!--more--><\/p>\n<h3>\u00a0<\/h3>\n<h3><span style=\"color: #9f290e;\"><i><img loading=\"lazy\" decoding=\"async\" class=\"alignnone  wp-image-8166\" src=\"\/wp-content\/uploads\/2014\/04\/dialogue-2.jpg\" alt=\"dialogue-2\" width=\"61\" height=\"64\" \/>Combien de temps cela t\u2019a-t-il pris ? <\/i><\/span><\/h3>\n<p style=\"margin-bottom: 0cm; text-align: justify;\">\u00a0<\/p>\n<p style=\"margin-bottom: 0cm; text-align: justify;\"><span style=\"color: #231f20;\"><a href=\"\/wp-content\/uploads\/2010\/pdf2010\/Pages Servir 4-2010 Justice.pdf#page=25\" target=\"_blank\"><img loading=\"lazy\" decoding=\"async\" title=\"iconePDF\" src=\"\/wp-content\/uploads\/2011\/01\/iconePDF.jpg\" alt=\"\" width=\"81\" height=\"76\" align=\"right\" hspace=\"8\" vspace=\"8\" \/><\/a>Cela a dur\u00e9 deux semaines pour trois affaires. Pour la troisi\u00e8me, j\u2019ai eu le privil\u00e8ge d\u2019\u00eatre \u00e9lu premier jur\u00e9, c\u2019est-\u00e0- dire celui qui repr\u00e9sente les jur\u00e9s dans les d\u00e9lib\u00e9rations. <\/span><\/p>\n<p style=\"margin-bottom: 0cm; text-align: justify;\">\u00a0<\/p>\n<h3><span style=\"color: #9f290e;\"><i><img loading=\"lazy\" decoding=\"async\" class=\"alignnone  wp-image-8166\" src=\"\/wp-content\/uploads\/2014\/04\/dialogue-2.jpg\" alt=\"dialogue-2\" width=\"61\" height=\"64\" \/>Qu\u2019est-ce qui \u00e9tait le plus d\u00e9licat, le plus difficile ? <\/i><\/span><\/h3>\n<p style=\"margin-bottom: 0cm; text-align: justify;\">\u00a0<\/p>\n<p style=\"margin-bottom: 0cm; text-align: justify;\"><span style=\"color: #231f20;\">Ce qui \u00e9tait difficile, \u00e0 mon avis, c\u2019est tout d\u2019abord de rendre un jugement juste. Quand on pr\u00eate serment, on promet de <\/span><span style=\"color: #231f20;\"><i>n\u2019\u00e9couter ni la haine ou la m\u00e9chancet\u00e9, ni la crainte ou l\u2019affection<\/i><\/span><span style=\"color: #231f20;\">. On doit se baser exclusivement sur les faits. C\u2019est d\u00e9licat : il ne faut pas se laisser entra\u00eener par les \u00e9motions sans toutefois tomber dans la froideur, dans l\u2019absence de compassion. Finalement, la loi pose cette question aux jur\u00e9s : <\/span><span style=\"color: #231f20;\"><i>Avez-vous une intime conviction ? <\/i><\/span><span style=\"color: #231f20;\">Aux Assises, on se donne le temps pour \u00e9couter, saisir, \u00eatre le plus objectif possible. On entend les policiers, les experts psychiatres et m\u00e9decins l\u00e9gistes, les t\u00e9moins de la d\u00e9fense et de la partie civile. Dans les trois affaires, la sentence maximale a \u00e9t\u00e9 de 17 ans fermes. L\u2019accus\u00e9, reconnu coupable, est encore en prison actuellement et pour longtemps. Pourtant je n\u2019ai aucun sentiment de culpabilit\u00e9 ; je ne suis pas en train de me dire que je me suis tromp\u00e9. <\/span><\/p>\n<p style=\"margin-bottom: 0cm; text-align: justify;\">\u00a0<\/p>\n<p style=\"margin-bottom: 0cm; text-align: justify;\"><span style=\"color: #231f20;\">La deuxi\u00e8me difficult\u00e9 est de voir la profondeur du mal dans l\u2019humain, l\u2019\u00e9tendue du p\u00e9ch\u00e9. Comme le souligne Paul TOURNIER : \u00ab On a toujours des surprises avec l\u2019homme, des surprises en mal ou des surprises en bien. \u00bb En \u00e9coutant le r\u00e9cit d\u2019un crime, on r\u00e9alise pleinement que souvent tout commence par un mauvais choix, qui en entra\u00eene d\u2019autres. La machine est en marche, et il faudrait \u00e0 ce moment-l\u00e0 beaucoup d\u2019\u00e9nergie pour l\u2019arr\u00eater. Les cons\u00e9quences de cet engrenage de mauvais choix vont rapidement d\u00e9passer la personne. On peut penser au verset de l\u2019\u00e9p\u00eetre de Jacques : <span style=\"background-color: #add8e6;\"><em>\u00ab Mais chacun est tent\u00e9 quand il est attir\u00e9 et amorc\u00e9 par sa propre convoitise. Puis la convoitise, lorsqu\u2019elle a con\u00e7u, enfante le p\u00e9ch\u00e9 ; et le p\u00e9ch\u00e9, \u00e9tant consomm\u00e9, produit la mort. \u00bb (Jc 1.14-15) <\/em><\/span><\/span><span style=\"background-color: #add8e6;\"><em><br \/> <\/em><\/span><\/p>\n<h3><span style=\"background-color: #add8e6;\"><em><br \/> <\/em><\/span><\/h3>\n<h3><span style=\"color: #9f290e;\"><i><img loading=\"lazy\" decoding=\"async\" class=\"alignnone  wp-image-8166\" src=\"\/wp-content\/uploads\/2014\/04\/dialogue-2.jpg\" alt=\"dialogue-2\" width=\"61\" height=\"64\" \/>Un mot sur les relations entre jur\u00e9s, les \u00e9changes \u2026 <\/i><\/span><\/h3>\n<p style=\"margin-bottom: 0cm; text-align: justify;\">\u00a0<\/p>\n<p style=\"margin-bottom: 0cm; text-align: justify;\"><a href=\"\/wp-content\/uploads\/2010\/10\/jury.jpg\"><img loading=\"lazy\" decoding=\"async\" class=\"alignnone size-full wp-image-7026\" title=\"jury\" src=\"\/wp-content\/uploads\/2010\/10\/jury.jpg\" alt=\"\" width=\"440\" height=\"305\" align=\"left\" hspace=\"10\" vspace=\"10\" srcset=\"https:\/\/www.servir.caef.net\/wp-content\/uploads\/2010\/10\/jury.jpg 440w, https:\/\/www.servir.caef.net\/wp-content\/uploads\/2010\/10\/jury-300x207.jpg 300w\" sizes=\"auto, (max-width: 440px) 100vw, 440px\" \/><\/a><\/p>\n<p style=\"margin-bottom: 0cm; text-align: justify;\"><span style=\"color: #231f20;\">La personnalit\u00e9 des jur\u00e9s appara\u00eet tr\u00e8s vite. Comme il s\u2019agit d\u2019un groupe compos\u00e9 de gens tir\u00e9s au sort parmi l\u2019ensemble des citoyens, on obtient forc\u00e9ment une \u00e9quipe h\u00e9t\u00e9roclite et toute une palette de positionnement qui va du l\u00e9galisme jusqu\u2019au laxisme. <\/span><\/p>\n<p style=\"margin-bottom: 0cm; text-align: justify;\">\u00a0<\/p>\n<p style=\"margin-bottom: 0cm; text-align: justify;\"><span style=\"color: #231f20;\">Pourtant, le pr\u00e9sident (le juge) est arriv\u00e9, pendant les sessions d\u2019Assises auxquelles j\u2019ai pu participer, \u00e0 mod\u00e9rer, \u00e0 prendre en compte notre individualit\u00e9 et en d\u00e9gager une homog\u00e9n\u00e9it\u00e9. C\u2019est lui qui nous a expliqu\u00e9 le fonctionnement : le nombre d\u2019ann\u00e9es qui peut \u00eatre attribu\u00e9 \u00e0 telle ou telle faute. Cependant, une peine peut varier en fonction du pourcentage d\u2019hommes ou de femmes parmi les jur\u00e9s, de la r\u00e9cidive et de la couverture m\u00e9diatique du moment : notamment si un fait similaire a \u00e9mu l\u2019opinion publique, pendant ou juste avant le proc\u00e8s. <\/span><\/p>\n<p style=\"margin-bottom: 0cm; text-align: justify;\">\u00a0<\/p>\n<p style=\"margin-bottom: 0cm; text-align: justify;\">\u00a0<\/p>\n<p style=\"margin-bottom: 0cm; text-align: justify;\">\u00a0<\/p>\n<h3><span style=\"color: #9f290e;\"><i><img loading=\"lazy\" decoding=\"async\" class=\"alignnone  wp-image-8166\" src=\"\/wp-content\/uploads\/2014\/04\/dialogue-2.jpg\" alt=\"dialogue-2\" width=\"61\" height=\"64\" \/>Arrivais-tu \u00e0 prendre du recul par rapport aux plaidoiries ? <\/i><\/span><\/h3>\n<p style=\"margin-bottom: 0cm; text-align: justify;\">\u00a0<\/p>\n<p style=\"margin-bottom: 0cm; text-align: justify;\"><span style=\"color: #231f20;\">En tant que chr\u00e9tien, on a forc\u00e9ment du recul par rapport au discours humain, sachant que tout homme est p\u00e9cheur, et que la V\u00e9rit\u00e9 ne se trouve pas en lui. <\/span><\/p>\n<p style=\"margin-bottom: 0cm; text-align: justify;\">\u00a0<\/p>\n<p style=\"margin-bottom: 0cm; text-align: justify;\"><span style=\"color: #231f20;\">Quand on \u00e9coute les avocats de chaque partie, on est \u00e0 la fois \u00e9mu par l\u2019\u00e9clairage qu\u2019ils apportent sur les raisons qui ont entra\u00een\u00e9 l\u2019accus\u00e9 aux Assises, et \u00e0 la fois vigilant sur tous les faits qu\u2019ils passent sous silence. Chacun est convaincant. C\u2019est la d\u00e9fense qui parle en dernier. <\/span><\/p>\n<p style=\"margin-bottom: 0cm; text-align: justify;\">\u00a0<\/p>\n<p style=\"margin-bottom: 0cm; text-align: justify;\"><span style=\"color: #231f20;\">Il nous faut d\u2019abord d\u00e9terminer, en notre \u00e2me et conscience ce qui nous semble v\u00e9ridique. Les doutes sont finalement lev\u00e9s en grande partie. En effet, le juge pose des questions pertinentes qui clarifient autant que possible les zones d\u2019ombre. Pour les trois affaires, \u00e0 un moment donn\u00e9, pour les jur\u00e9s c\u2019\u00e9tait clair : nous avions une intime conviction. <\/span><\/p>\n<p style=\"margin-bottom: 0cm; text-align: justify;\">\u00a0<\/p>\n<p style=\"margin-bottom: 0cm; text-align: justify;\"><span style=\"color: #231f20;\">On en tire une le\u00e7on de vie : notre d\u00e9cision se forge avec des doutes et des certitudes et cela finit par devenir une conviction. <\/span><\/p>\n<p style=\"margin-bottom: 0cm; text-align: justify;\">\u00a0<\/p>\n<p style=\"margin-bottom: 0cm; text-align: justify;\"><span style=\"color: #231f20;\">Il nous faut ensuite fixer la hauteur de la peine et l\u00e0 c\u2019est beaucoup moins \u00e9vident, m\u00eame si le juge nous explique le bar\u00e8me des peines. Les positions de chacun ressortent souvent \u00e0 ce moment-l\u00e0 et nous emportent dans des discussions parfois longues. <\/span><\/p>\n<h3>\u00a0<\/h3>\n<h3><span style=\"color: #231f20;\"><i><span style=\"color: #9f290e;\"><img loading=\"lazy\" decoding=\"async\" class=\"alignnone  wp-image-8166\" src=\"\/wp-content\/uploads\/2014\/04\/dialogue-2.jpg\" alt=\"dialogue-2\" width=\"61\" height=\"64\" \/><\/span>Naviguais-tu entre le d\u00e9sir de justice et la compassion ? <\/i><\/span><\/h3>\n<p style=\"margin-bottom: 0cm; text-align: justify;\">\u00a0<\/p>\n<p style=\"margin-bottom: 0cm; text-align: justify;\"><span style=\"color: #231f20;\">La conviction n\u2019enl\u00e8ve pas la compassion. Ce qui limite cette derni\u00e8re, c\u2019est la r\u00e9cidive. Dans l\u2019un des cas, l\u2019accus\u00e9 comparaissait pour la sixi\u00e8me fois devant la justice. \u00catre alors compatissant, qu\u2019est-ce que cela voudrait dire ? <\/span><\/p>\n<p style=\"margin-bottom: 0cm; text-align: justify;\">\u00a0<\/p>\n<p style=\"margin-bottom: 0cm; text-align: justify;\"><span style=\"color: #231f20;\">Mais il nous faut garder la notion que la justice n\u2019est pas l\u00e0 pour se venger, et que tout homme peut se repentir \u00e0 un moment de sa vie. Si le jugement vise \u00e0 d\u00e9terminer la culpabilit\u00e9 et la dur\u00e9e de la peine, il cherche aussi, et peut-\u00eatre surtout, \u00e0 faire r\u00e9fl\u00e9chir l\u2019accus\u00e9 sur son \u00e9tat et les cons\u00e9quences de ses choix de vie. On ne pense pas seulement au coupable, mais aussi \u00e0 l\u2019homme, \u00e0 sa vie et \u00e0 sa famille. <\/span><\/p>\n<p>&nbsp;<\/p>\n<h3><span style=\"color: #231f20;\"><i><span style=\"color: #9f290e;\"><img loading=\"lazy\" decoding=\"async\" class=\"alignnone  wp-image-8166\" src=\"\/wp-content\/uploads\/2014\/04\/dialogue-2.jpg\" alt=\"dialogue-2\" width=\"61\" height=\"64\" \/><\/span>Portes-tu un regard diff\u00e9rent sur la justice apr\u00e8s l\u2019avoir c\u00f4toy\u00e9e de plus pr\u00e8s ? <\/i><\/span><\/h3>\n<p style=\"margin-bottom: 0cm; text-align: justify;\">\u00a0<\/p>\n<p style=\"margin-bottom: 0cm; text-align: justify;\"><span style=\"color: #231f20;\">J\u2019ai sympathis\u00e9 avec le pr\u00e9sident de la Cour et l\u2019avocat g\u00e9n\u00e9ral. J\u2019ai rencontr\u00e9 des gens tr\u00e8s humains, avec leurs limites et la compr\u00e9hension de leur r\u00f4le. Ce n\u2019est pas la justice froide. <\/span><\/p>\n<p style=\"margin-bottom: 0cm; text-align: justify;\">\u00a0<\/p>\n<p style=\"margin-bottom: 0cm; text-align: justify;\"><span style=\"color: #231f20;\">Par exemple, un homme s\u2019est vu acquitter alors qu\u2019il aurait pu \u00eatre condamn\u00e9 pour recel. Pourquoi ? Des \u00e9l\u00e9ments ont \u00e9t\u00e9 pris en compte : avant le proc\u00e8s, il a trouv\u00e9 un travail, acquis une certaine stabilit\u00e9 au niveau de son couple et, enfin, il \u00e9tait gravement malade. Le juge lui a bien signifi\u00e9 qu\u2019une chance lui a \u00e9t\u00e9 accord\u00e9e. C\u2019est de la cl\u00e9mence. Le juge m\u2019a regard\u00e9 en donnant le verdict et a dit : \u00ab C\u2019est un geste chr\u00e9tien. \u00bb <\/span><\/p>\n<p style=\"margin-bottom: 0cm; text-align: justify;\">\u00a0<\/p>\n<p style=\"margin-bottom: 0cm; text-align: justify;\"><span style=\"color: #231f20;\">Cependant, \u00ab la justice a la m\u00e9moire longue \u00bb. Si quelqu\u2019un est graci\u00e9 une fois et qu\u2019une autre affaire survient\u2026 <\/span><\/p>\n<p style=\"margin-bottom: 0cm; text-align: justify;\">\u00a0<\/p>\n<h3><span style=\"color: #231f20;\"><i><span style=\"color: #9f290e;\"><img loading=\"lazy\" decoding=\"async\" class=\"alignnone  wp-image-8166\" src=\"\/wp-content\/uploads\/2014\/04\/dialogue-2.jpg\" alt=\"dialogue-2\" width=\"61\" height=\"64\" \/><\/span>Penses-tu qu\u2019un jur\u00e9 chr\u00e9tien soit diff\u00e9rent d\u2019un autre jur\u00e9 ? <\/i><\/span><\/h3>\n<p style=\"margin-bottom: 0cm; text-align: justify;\">\u00a0<\/p>\n<p style=\"margin-bottom: 0cm; text-align: justify;\"><span style=\"color: #231f20;\">Pour le jur\u00e9 chr\u00e9tien, il y a la loi et la gr\u00e2ce. Pour les autres, souvent ce n\u2019est que la loi ou que la gr\u00e2ce. Et puis, je pense que le jur\u00e9 chr\u00e9tien va davantage respecter l\u2019accus\u00e9, m\u00eame si ce qui a \u00e9t\u00e9 commis est effroyable, parce qu\u2019il sait que le p\u00e9ch\u00e9 est en l\u2019homme. <\/span><\/p>\n<p style=\"margin-bottom: 0cm; text-align: justify;\">\u00a0<\/p>\n<p style=\"margin-bottom: 0cm; text-align: justify;\"><span style=\"color: #231f20;\">Par ailleurs, en tant que pasteur, lors des Assises j\u2019ai re\u00e7u beaucoup de t\u00e9moignages de respect de la part des jur\u00e9s et des magistrats. Il semble que certaines de mes paroles aient vraiment \u00e9t\u00e9 entendues, appr\u00e9ci\u00e9es. On est toujours heureux quand, en tant que chr\u00e9tien, on est porteur de lumi\u00e8re. <\/span><\/p>\n<p>&nbsp;<\/p>\n<h3><span style=\"color: #231f20;\"><i><span style=\"color: #9f290e;\"><img loading=\"lazy\" decoding=\"async\" class=\"alignnone  wp-image-8166\" src=\"\/wp-content\/uploads\/2014\/04\/dialogue-2.jpg\" alt=\"dialogue-2\" width=\"61\" height=\"64\" \/><\/span>Elie, tu avais \u00e9t\u00e9 aum\u00f4nier stagiaire \u00e0 la prison des Baumettes. <\/i><\/span><\/h3>\n<p style=\"margin-bottom: 0cm; text-align: justify;\">\u00a0<\/p>\n<p style=\"margin-bottom: 0cm; text-align: justify;\"><span style=\"color: #231f20;\"><i>Est-ce que cela t\u2019a aid\u00e9 quand tu t\u2019es retrouv\u00e9 jur\u00e9 ? <\/i><\/span><span style=\"color: #231f20;\">Oui, cela m\u2019a permis de relativiser, car, lors de mon stage, j\u2019avais eu connaissance de d\u00e9lits plus graves que ceux que j\u2019ai \u00e9t\u00e9 amen\u00e9 \u00e0 juger. Cela m\u2019a \u00e9galement permis de visualiser le milieu carc\u00e9ral, c\u2019est-\u00e0-dire le concret de la peine que ces hommes et ces femmes vont devoir vivre. <\/span><\/p>\n<p style=\"margin-bottom: 0cm;\" align=\"LEFT\">\u00a0<\/p>\n<p style=\"margin-bottom: 0cm;\" align=\"LEFT\"><span style=\"color: #231f20;\"><i>Propos recueillis par Marie Christine FAVE<\/i><\/span><\/p>\n","protected":false},"excerpt":{"rendered":"<p>\u00a0 \u00a0 \u00c9lie Jalouf Jur\u00e9&#8230; un devoir de citoyen &nbsp; \u00a0 Propos recueillis par Marie Christine FAVE &nbsp; &nbsp; &nbsp; &nbsp; Merci, \u00c9lie, de r\u00e9pondre aux questions de \u00ab Servir \u00bb. Tu es aujourd\u2019hui pasteur dans une \u00c9glise \u00e9vang\u00e9lique arm\u00e9nienne de Marseille et tu as aussi pass\u00e9 quelques ann\u00e9es dans l\u2019\u00c9glise de Loriol. Comment t\u2019es-tu [&hellip;]<\/p>\n","protected":false},"author":281,"featured_media":0,"comment_status":"closed","ping_status":"closed","sticky":false,"template":"","format":"standard","meta":{"footnotes":""},"categories":[16,80,33],"tags":[],"class_list":["post-7023","post","type-post","status-publish","format-standard","hentry","category-le-chretien-et-la-societe","category-jugement","category-temoignages"],"_links":{"self":[{"href":"https:\/\/www.servir.caef.net\/index.php?rest_route=\/wp\/v2\/posts\/7023","targetHints":{"allow":["GET"]}}],"collection":[{"href":"https:\/\/www.servir.caef.net\/index.php?rest_route=\/wp\/v2\/posts"}],"about":[{"href":"https:\/\/www.servir.caef.net\/index.php?rest_route=\/wp\/v2\/types\/post"}],"author":[{"embeddable":true,"href":"https:\/\/www.servir.caef.net\/index.php?rest_route=\/wp\/v2\/users\/281"}],"replies":[{"embeddable":true,"href":"https:\/\/www.servir.caef.net\/index.php?rest_route=%2Fwp%2Fv2%2Fcomments&post=7023"}],"version-history":[{"count":0,"href":"https:\/\/www.servir.caef.net\/index.php?rest_route=\/wp\/v2\/posts\/7023\/revisions"}],"wp:attachment":[{"href":"https:\/\/www.servir.caef.net\/index.php?rest_route=%2Fwp%2Fv2%2Fmedia&parent=7023"}],"wp:term":[{"taxonomy":"category","embeddable":true,"href":"https:\/\/www.servir.caef.net\/index.php?rest_route=%2Fwp%2Fv2%2Fcategories&post=7023"},{"taxonomy":"post_tag","embeddable":true,"href":"https:\/\/www.servir.caef.net\/index.php?rest_route=%2Fwp%2Fv2%2Ftags&post=7023"}],"curies":[{"name":"wp","href":"https:\/\/api.w.org\/{rel}","templated":true}]}}