{"id":7027,"date":"2010-10-11T14:34:49","date_gmt":"2010-10-11T14:34:49","guid":{"rendered":"\/?p=7027"},"modified":"2017-05-16T16:08:38","modified_gmt":"2017-05-16T16:08:38","slug":"7027","status":"publish","type":"post","link":"https:\/\/www.servir.caef.net\/?p=7027","title":{"rendered":"C.E.I.E. : No\u00ebl, une opportunit\u00e9 pour pr\u00e9senter le message de l\u2019\u00c9vangile"},"content":{"rendered":"<div>\n<p style=\"background-color: #a9a9a9;\"><img loading=\"lazy\" decoding=\"async\" class=\"alignnone size-full wp-image-881\" title=\"colombe\" src=\"\/wp-content\/uploads\/2011\/04\/colombe.jpg\" alt=\"\" width=\"176\" height=\"160\" align=\"right\" hspace=\"10\" vspace=\"10\" \/><\/p>\n<\/div>\n<h1 style=\"text-align: center;\">No\u00ebl, une opportunit\u00e9 pour<\/h1>\n<h1 style=\"text-align: center;\">\u00a0<\/h1>\n<h1 style=\"text-align: center;\">pr\u00e9senter le message de l\u2019\u00c9vangile<\/h1>\n<h3>\u00a0<\/h3>\n<p>&nbsp;<\/p>\n<p>&nbsp;<\/p>\n<h3>ARTICLE R\u00c9ALIS\u00c9 PAR<\/h3>\n<p><span style=\"color: #b22222;\"><span style=\"font-size: 16px;\"><strong>Par Marie-Christine Fave<\/strong><\/span><\/span><\/p>\n<p>&nbsp;<\/p>\n<p>&nbsp;<\/p>\n<p style=\"text-align: center; background-color: #add8e6;\"><big><strong>\u00c9vang\u00e9liser aujourd\u2019hui<br \/> Rubrique de la <span style=\"text-decoration: underline;\">C<\/span>ommission d\u2019<span style=\"text-decoration: underline;\">\u00c9<\/span>vang\u00e9lisation et d\u2019<span style=\"text-decoration: underline;\">I<\/span>mplantation d\u2019<span style=\"text-decoration: underline;\">E<\/span>glises (CEIE) des CAEF<\/strong><\/big><\/p>\n<p>&nbsp;<\/p>\n<p>&nbsp;<\/p>\n<p>&nbsp;<\/p>\n<h1>Spectacle de No\u00ebl \u00e0 Villard-de-Lans<\/h1>\n<p style=\"margin-bottom: 0cm; text-align: justify;\">\u00a0<\/p>\n<p style=\"margin-bottom: 0cm; text-align: justify;\"><a href=\"\/wp-content\/uploads\/2010\/10\/spectacle-Noel.jpg\"><img loading=\"lazy\" decoding=\"async\" class=\"alignnone size-full wp-image-7028\" title=\"spectacle-Noel\" src=\"\/wp-content\/uploads\/2010\/10\/spectacle-Noel.jpg\" alt=\"\" width=\"506\" height=\"324\" align=\"left\" hspace=\"10\" vspace=\"10\" srcset=\"https:\/\/www.servir.caef.net\/wp-content\/uploads\/2010\/10\/spectacle-Noel.jpg 506w, https:\/\/www.servir.caef.net\/wp-content\/uploads\/2010\/10\/spectacle-Noel-300x192.jpg 300w\" sizes=\"auto, (max-width: 506px) 100vw, 506px\" \/><\/a><span style=\"color: #231f20;\">C<\/span><span style=\"color: #231f20;\">haque d\u00e9cembre \u00e0 la salle des <\/span><span style=\"color: #231f20;\">f\u00eates de Villard-de-Lans, la petite assembl\u00e9e \u00ab Agape du Vercors \u00bb, qui ne compte qu\u2019une vingtaine de membres, pr\u00e9sente son d\u00e9sormais traditionnel spectacle de No\u00ebl. <\/span><\/p>\n<p style=\"margin-bottom: 0cm; text-align: justify;\">\u00a0<\/p>\n<p style=\"margin-bottom: 0cm; text-align: justify;\"><span style=\"color: #231f20;\">Sur les bases d\u2019un sc\u00e9nario \u00ab maison \u00bb \u00e9crit chaque <\/span><a href=\"\/wp-content\/uploads\/2010\/10\/spectacle-Noel-2.jpg\"><img loading=\"lazy\" decoding=\"async\" class=\"alignnone size-full wp-image-7029\" title=\"spectacle-Noel-2\" src=\"\/wp-content\/uploads\/2010\/10\/spectacle-Noel-2.jpg\" alt=\"\" width=\"144\" height=\"259\" align=\"right\" hspace=\"10\" vspace=\"10\" \/><\/a><span style=\"color: #231f20;\">ann\u00e9e pour l\u2019occasion et constituant une pi\u00e8ce \u00e0 part enti\u00e8re, une petite \u00e9quipe s\u2019enthousiasme en cr\u00e9ant d\u00e9cors, costumes\u2026 et en faisant jouer une quinzaine d\u2019enfants, sans compter les musiciens, marionnettistes, \u00ab ing\u00e9nieurs son et lumi\u00e8re \u00bb\u2026 et<\/span><span style=\"color: #231f20;\"> autres pr\u00e9pos\u00e9s au go\u00fbter final.\u00a0<\/span><\/p>\n<p style=\"margin-bottom: 0cm; text-align: justify;\">\u00a0<\/p>\n<p style=\"margin-bottom: 0cm; text-align: justify;\">\u00a0<\/p>\n<p style=\"margin-bottom: 0cm; text-align: justify;\">\u00a0<\/p>\n<p style=\"margin-bottom: 0cm; text-align: justify;\"><span style=\"color: #231f20;\"><!--more--><a href=\"\/wp-content\/uploads\/2010\/pdf2010\/Pages Servir 4-2010 Justice.pdf#page=28\" target=\"_blank\"><img loading=\"lazy\" decoding=\"async\" title=\"iconePDF\" src=\"\/wp-content\/uploads\/2011\/01\/iconePDF.jpg\" alt=\"\" width=\"81\" height=\"76\" align=\"right\" hspace=\"8\" vspace=\"8\" \/><\/a>C\u2019est un gros travail de r\u00e9daction et de pr\u00e9paration. Mais quel plaisir \u00e0 concevoir ensemble, trouver place \u00e0 chacun et voir la salle des f\u00eates se remplir de visiteurs ravis, revenant chaque ann\u00e9e, demandant \u00e0 s\u2019impliquer<\/span><span style=\"color: #231f20;\"> ! Quelle joie pour les enfants qui<\/span><span style=\"color: #231f20;\"> attendent, qui r\u00e9p\u00e8tent, qui invitent ! Quelle reconnaissance pour la richesse des moments partag\u00e9s, des \u00e9changes engendr\u00e9s, de la Parole sem\u00e9e ! <\/span><\/p>\n<p style=\"margin-bottom: 0cm; text-align: justify;\">\u00a0<\/p>\n<p style=\"margin-bottom: 0cm; text-align: justify;\"><span style=\"color: #231f20;\">Car si ce spectacle f\u00e9d\u00e8re les membres de l\u2019\u00c9glise et enthousiasme leurs enfants, il attire aussi des spectateurs et des participants ext\u00e9rieurs \u00e0 la communaut\u00e9 \u2013 la moiti\u00e9 des enfants pour le cru 2010 ! \u2013 fid\u00e8les d\u2019ann\u00e9e en ann\u00e9e. Une formidable occasion de vivre ensemble et de partager notre foi en \u00e9voquant le sens de No\u00ebl\u2026\u00a0<\/span><\/p>\n<p style=\"margin-bottom: 0cm; text-align: justify;\">\u00a0<\/p>\n<p style=\"margin-bottom: 0cm; text-align: justify;\"><span style=\"color: #231f20;\">Christel ENTZMANN <\/span><\/p>\n<p style=\"margin-bottom: 0cm; text-align: justify;\">\u00a0<\/p>\n<hr \/>\n<table style=\"width: 100%;\" border=\"1\" cellspacing=\"10\" cellpadding=\"10\">\n<tbody>\n<tr>\n<td>\n<h1><a href=\"\/wp-content\/uploads\/2010\/10\/noel-en-fete.jpg\"><img loading=\"lazy\" decoding=\"async\" class=\"alignnone size-full wp-image-7030\" title=\"noel-en-fete\" src=\"\/wp-content\/uploads\/2010\/10\/noel-en-fete.jpg\" alt=\"\" width=\"240\" height=\"61\" align=\"right\" hspace=\"10\" vspace=\"10\" \/><\/a><\/h1>\n<h1><span style=\"color: #231f20;\">No\u00ebl en <\/span><\/h1>\n<h1>\u00a0<\/h1>\n<h1><span style=\"color: #231f20;\">f\u00eate \u00e0 <\/span><\/h1>\n<h1>\u00a0<\/h1>\n<h1><span style=\"color: #231f20;\">l\u2019ECE de <\/span><\/h1>\n<h1>\u00a0<\/h1>\n<h1><span style=\"color: #231f20;\">Grenoble <\/span><\/h1>\n<p>&nbsp;<\/p>\n<p style=\"margin-bottom: 0cm; text-align: justify;\">\u00a0<\/p>\n<p style=\"margin-bottom: 0cm; text-align: justify;\">\u00a0<\/p>\n<p style=\"margin-bottom: 0cm; text-align: justify;\"><span style=\"color: #231f20;\">Depuis un an maintenant, l\u2019\u00c9glise Chr\u00e9tienne Evang\u00e9lique<strong><sub>1<\/sub><\/strong> pr\u00e9pare, pour la fin de l\u2019ann\u00e9e 2010, un festival d\u2019\u00e9vang\u00e9lisation : <\/span><strong><span style=\"color: #231f20;\"><i>No\u00ebl en f\u00eate ! <\/i><\/span><\/strong><span style=\"color: #231f20;\">dans le centre-ville grenoblois, lieu de notre implantation. Nous avons souhait\u00e9 \u00e0 la fois partager, avec le plus grand nombre, le message de l\u2019\u00c9vangile souvent oubli\u00e9 \u00e0 No\u00ebl et impliquer de nombreux fr\u00e8res et soeurs de l\u2019\u00c9glise dans la pr\u00e9paration. Un<\/span>festival d\u2019activit\u00e9s s\u2019est donc rapidement impos\u00e9, <span style=\"color: #231f20;\">ainsi que la p\u00e9riode de l\u2019Avent pour sa production. <\/span><\/p>\n<p style=\"margin-bottom: 0cm; text-align: justify;\">\u00a0<\/p>\n<p style=\"margin-bottom: 0cm; text-align: justify;\"><span style=\"color: #231f20;\">Une ann\u00e9e, rien de trop pour pr\u00e9parer une telle action ! La remettre sans arr\u00eat dans la pri\u00e8re, ajuster, modifier, planifier, se pr\u00e9parer logistiquement et spirituellement : autant de challenges pour les amateurs que nous sommes, mais aussi de b\u00e9n\u00e9dictions ! <\/span><\/p>\n<p style=\"margin-bottom: 0cm; text-align: justify;\">\u00a0<\/p>\n<p style=\"margin-bottom: 0cm; text-align: justify;\"><span style=\"color: #231f20;\"><strong><span style=\"color: #231f20;\"><i>No\u00ebl en f\u00eate ! <\/i><\/span><\/strong>c\u2019est une brocante d\u2019affaires pour enfants, un tournoi de \u00ab futsal \u00bb avec l\u2019association Sport et Foi, deux concerts, deux f\u00eates de No\u00ebl pour enfants, des clubs de No\u00ebl dans les maisons, des sondages, des Bibles et \u00e9vangiles distribu\u00e9s, des cr\u00eapes pour les passants, une chorale de No\u00ebl\u2026 Les pr\u00e9paratifs vont bon train, en particulier avec des sorties d\u2019\u00e9vang\u00e9lisation les samedis apr\u00e8s-midi, de nombreuses r\u00e9p\u00e9titions en tous genres, autant d\u2019occasions qui nous sont donn\u00e9es pour nous encourager, mieux nous conna\u00eetre et, parfois, \u00eatre confront\u00e9s \u00e0 nos limites et nos fatigues. <\/span><\/p>\n<p style=\"margin-bottom: 0cm; text-align: justify;\">\u00a0<\/p>\n<p style=\"margin-bottom: 0cm; text-align: justify;\"><span style=\"color: #231f20;\">En parall\u00e8le \u00e0 ces actions, nous avons voulu penser aussi aux plus faibles dormant dans les rues de notre cit\u00e9, par le don de couvertures et de boissons chaudes. <\/span><\/p>\n<p style=\"margin-bottom: 0cm; text-align: justify;\">\u00a0<\/p>\n<p style=\"margin-bottom: 0cm; text-align: justify;\"><span style=\"color: #231f20;\">Pour nous, tout est d\u00e9fi et chaque perspective est un acte de foi, jusqu\u2019au tout dernier jour ! Mais nous avons confiance en l\u2019efficacit\u00e9 de la Parole : elle est notre ancre, notre assurance. C\u2019est pour cela qu\u2019un d\u00e9fi a \u00e9t\u00e9 lanc\u00e9 dans l\u2019\u00c9glise : que chaque fr\u00e8re et soeur donne au moins une Bible<strong><sub>2<\/sub><\/strong> \u00e0 une personne de son entourage. \u00c0 ce jour, pr\u00e8s de 100 Bibles ont d\u00e9j\u00e0 quitt\u00e9 nos locaux ! <\/span><\/p>\n<p style=\"margin-bottom: 0cm; text-align: justify;\">\u00a0<\/p>\n<p style=\"margin-bottom: 0cm; text-align: justify;\"><span style=\"color: #231f20;\">C\u2019est avec beaucoup d\u2019humilit\u00e9, d\u2019enthousiasme et une pointe d\u2019anxi\u00e9t\u00e9, que nous abordons cette action. Mais \u00e0 nous qui sommes en \u00ab premi\u00e8re ligne \u00bb, Dieu nous a d\u00e9j\u00e0 tellement donn\u00e9 dans cette pr\u00e9paration\u2026 <\/span><\/p>\n<p style=\"margin-bottom: 0cm; text-align: justify;\">\u00a0<\/p>\n<p style=\"margin-bottom: 0cm; text-align: justify;\"><span style=\"color: #231f20;\"><strong><span style=\"color: #231f20;\"><i>No\u00ebl en f\u00eate ! <\/i><\/span><\/strong><\/span>En toute chose, nous avons voulu sa pr\u00e9paration \u00e0 la seule Gloire de notre Dieu ; qu\u2019il en soit de m\u00eame dans sa production.<\/p>\n<p style=\"margin-bottom: 0cm; text-align: justify;\">\u00a0<\/p>\n<p style=\"margin-bottom: 0cm; text-align: justify;\"><span style=\"color: #231f20;\">Jean-Marc BOGGETTO <br \/> <\/span><\/p>\n<p style=\"margin-bottom: 0cm;\">\u00a0<\/p>\n<hr \/>\n<p style=\"margin-bottom: 0cm;\">NOTES<\/p>\n<p style=\"margin-bottom: 0cm;\">\u00a0<\/p>\n<p style=\"margin-bottom: 0cm;\"><span style=\"color: #231f20;\"><strong>1.<\/strong> 3bis rue Casimir P\u00e9rier 38000 GRENOBLE <\/span><\/p>\n<p style=\"margin-bottom: 0cm;\">\u00a0<\/p>\n<p style=\"margin-bottom: 0cm;\"><span style=\"color: #231f20;\"><strong>2.<\/strong> Merci \u00e0 l\u2019\u00c9glise de Paris Nation pour son don ! <\/span><\/p>\n<\/td>\n<td bgcolor=\"#ffff99\">\n<h1>\u00c9glise de<\/h1>\n<h1>\u00a0<\/h1>\n<h1>Villenaved\u2019Ornon (33)<\/h1>\n<p style=\"margin-bottom: 0cm;\">\u00a0<\/p>\n<p style=\"margin-bottom: 0cm;\"><span style=\"color: #b22222;\"><span style=\"font-size: 16px;\"><strong><span style=\"font-size: 10pt;\">Interview de Marc WEBER <\/span><br \/> <\/strong><\/span><\/span><\/p>\n<p style=\"margin-bottom: 0cm;\">\u00a0<\/p>\n<h3><span style=\"font-size: small;\"><i>Que faites-vous pendant la p\u00e9riode de No\u00ebl ? <\/i><\/span><\/h3>\n<p style=\"margin-bottom: 0cm; text-align: justify;\">\u00a0<\/p>\n<p style=\"margin-bottom: 0cm; text-align: justify;\"><span style=\"font-size: small;\">Nous pr\u00e9parons un spectacle d\u2019environ 1 h 30 et un culte de No\u00ebl. <\/span><\/p>\n<p style=\"margin-bottom: 0cm; text-align: justify;\">\u00a0<\/p>\n<p style=\"margin-bottom: 0cm; text-align: justify;\"><span style=\"font-size: small;\">Le spectacle s\u2019adresse aux enfants et aux adultes et une trentaine de personnes interviennent. Une personne dans l\u2019\u00e9glise est pr\u00e9pos\u00e9e aux \u00e9v\u00e8nements sp\u00e9ciaux. <\/span><\/p>\n<p style=\"margin-bottom: 0cm; text-align: justify;\">\u00a0<\/p>\n<p style=\"margin-bottom: 0cm; text-align: justify;\"><span style=\"font-size: small;\">Pour le culte, les uns et les autres participent et partagent autour de No\u00ebl. Certaines personnes invit\u00e9es au spectacle viennent aussi au culte. Les cultes des ann\u00e9es pass\u00e9es ont encourag\u00e9 les chr\u00e9tiens \u00e0 inviter. Pendant ce temps de l\u2019ann\u00e9e, je souhaite aussi r\u00e9\u00e9quilibrer par rapport \u00e0 ce qu\u2019on entend dans le monde, et je donne ainsi quelques pr\u00e9dications sur No\u00ebl. <\/span><\/p>\n<p style=\"margin-bottom: 0cm; text-align: justify;\">\u00a0<\/p>\n<h3><span style=\"font-size: small;\"><i>Un mot sur l\u2019assistance au spectacle\u2026 <\/i><\/span><\/h3>\n<p style=\"margin-bottom: 0cm; text-align: justify;\">\u00a0<\/p>\n<p style=\"margin-bottom: 0cm; text-align: justify;\"><span style=\"font-size: small;\">Bonne fr\u00e9quentation : familles, amis, connaissances. Ces personnes viennent surtout par invitation personnelle. <i>Les revoyez-vous apr\u00e8s ? <\/i>Ce sont des personnes que nous voyons r\u00e9guli\u00e8rement. Certains ont l\u2019impression que rien ne progresse et que nous retrouvons toujours les m\u00eames d\u2019une ann\u00e9e sur l\u2019autre. Je ne suis pas de cet avis. Il ne faut pas se d\u00e9courager parce qu\u2019\u00e0 un moment ou \u00e0 un autre, la Parole de Dieu touche les coeurs. D\u2019ailleurs, l\u2019un ou l\u2019autre s\u2019est rajout\u00e9 \u00e0 l\u2019\u00c9glise. <\/span><\/p>\n<p style=\"margin-bottom: 0cm; text-align: justify;\">\u00a0<\/p>\n<h3><span style=\"font-size: small;\"><i>Quelles cons\u00e9quences ces \u00e9v\u00e8nements ontils dans votre vie d\u2019\u00e9glise ? <\/i><\/span><\/h3>\n<p style=\"margin-bottom: 0cm; text-align: justify;\">\u00a0<\/p>\n<p style=\"margin-bottom: 0cm; text-align: justify;\"><span style=\"font-size: small;\">Depuis la rentr\u00e9e, un groupe se retrouve tous les jeudis matin pour les pr\u00e9paratifs du spectacle. Cela participe \u00e0 la communion fraternelle et ouvre parfois sur des entretiens pastoraux. On travaille ainsi sur plusieurs axes. De m\u00eame, pour la derni\u00e8re kermesse, nous avons eu moins de visiteurs et cependant nous r\u00e9coltons encore les fruits de cette pr\u00e9paration dans la vie d\u2019\u00e9glise.<\/span><\/p>\n<\/td>\n<\/tr>\n<\/tbody>\n<\/table>\n<hr \/>\n","protected":false},"excerpt":{"rendered":"<p>No\u00ebl, une opportunit\u00e9 pour \u00a0 pr\u00e9senter le message de l\u2019\u00c9vangile \u00a0 &nbsp; &nbsp; ARTICLE R\u00c9ALIS\u00c9 PAR Par Marie-Christine Fave &nbsp; &nbsp; \u00c9vang\u00e9liser aujourd\u2019hui Rubrique de la Commission d\u2019\u00c9vang\u00e9lisation et d\u2019Implantation d\u2019Eglises (CEIE) des CAEF &nbsp; &nbsp; &nbsp; Spectacle de No\u00ebl \u00e0 Villard-de-Lans \u00a0 Chaque d\u00e9cembre \u00e0 la salle des f\u00eates de Villard-de-Lans, la petite assembl\u00e9e [&hellip;]<\/p>\n","protected":false},"author":16,"featured_media":0,"comment_status":"closed","ping_status":"closed","sticky":false,"template":"","format":"standard","meta":{"footnotes":""},"categories":[8,84,50],"tags":[],"class_list":["post-7027","post","type-post","status-publish","format-standard","hentry","category-evangelisation","category-fete","category-jeunesse"],"_links":{"self":[{"href":"https:\/\/www.servir.caef.net\/index.php?rest_route=\/wp\/v2\/posts\/7027","targetHints":{"allow":["GET"]}}],"collection":[{"href":"https:\/\/www.servir.caef.net\/index.php?rest_route=\/wp\/v2\/posts"}],"about":[{"href":"https:\/\/www.servir.caef.net\/index.php?rest_route=\/wp\/v2\/types\/post"}],"author":[{"embeddable":true,"href":"https:\/\/www.servir.caef.net\/index.php?rest_route=\/wp\/v2\/users\/16"}],"replies":[{"embeddable":true,"href":"https:\/\/www.servir.caef.net\/index.php?rest_route=%2Fwp%2Fv2%2Fcomments&post=7027"}],"version-history":[{"count":0,"href":"https:\/\/www.servir.caef.net\/index.php?rest_route=\/wp\/v2\/posts\/7027\/revisions"}],"wp:attachment":[{"href":"https:\/\/www.servir.caef.net\/index.php?rest_route=%2Fwp%2Fv2%2Fmedia&parent=7027"}],"wp:term":[{"taxonomy":"category","embeddable":true,"href":"https:\/\/www.servir.caef.net\/index.php?rest_route=%2Fwp%2Fv2%2Fcategories&post=7027"},{"taxonomy":"post_tag","embeddable":true,"href":"https:\/\/www.servir.caef.net\/index.php?rest_route=%2Fwp%2Fv2%2Ftags&post=7027"}],"curies":[{"name":"wp","href":"https:\/\/api.w.org\/{rel}","templated":true}]}}