{"id":7051,"date":"2011-01-13T14:35:20","date_gmt":"2011-01-13T14:35:20","guid":{"rendered":"\/?p=7051"},"modified":"2017-05-17T09:04:30","modified_gmt":"2017-05-17T09:04:30","slug":"forum-de-questions-a-votre-avis-quy-a-t-il-apres-la-mort","status":"publish","type":"post","link":"https:\/\/www.servir.caef.net\/?p=7051","title":{"rendered":"Forum de questions &#8211; \u00ab \u00c0 votre avis, qu\u2019y a-t-il apr\u00e8s la mort ? \u00bb"},"content":{"rendered":"<p style=\"text-align: center;\"><a href=\"\/wp-content\/uploads\/2013\/02\/forum-questions.jpg\"><img loading=\"lazy\" decoding=\"async\" class=\"alignnone size-full wp-image-7052\" title=\"forum-questions\" src=\"\/wp-content\/uploads\/2013\/02\/forum-questions.jpg\" alt=\"\" width=\"341\" height=\"108\" srcset=\"https:\/\/www.servir.caef.net\/wp-content\/uploads\/2013\/02\/forum-questions.jpg 341w, https:\/\/www.servir.caef.net\/wp-content\/uploads\/2013\/02\/forum-questions-300x95.jpg 300w\" sizes=\"auto, (max-width: 341px) 100vw, 341px\" \/><\/a><\/p>\n<h1 style=\"text-align: center;\">\u00ab \u00c0 votre avis, qu\u2019y a-t-il apr\u00e8s la mort ? \u00bb<\/h1>\n<p>&nbsp;<\/p>\n<p>&nbsp;<\/p>\n<p>&nbsp;<\/p>\n<p style=\"margin-bottom: 0cm; text-align: justify;\"><strong><span style=\"color: #231f20;\">Lors d\u2019une petite enqu\u00eate aupr\u00e8s de 290 \u00e9tudiants de Marseille, il y a <\/span><span style=\"color: #231f20;\">quelques ann\u00e9es, environ \u00bc r\u00e9pondent : <\/span><span style=\"font-family: SouvenirITCbyBT-LightItalic,sans-serif;\">Je ne sais pas <\/span><span style=\"color: #231f20;\">et un autre \u00bc : <\/span><span style=\"font-family: SouvenirITCbyBT-LightItalic,sans-serif;\">rien<\/span><span style=\"color: #231f20;\">. Mentionner la mort est en g\u00e9n\u00e9ral assez d\u00e9licat et certains pr\u00e9f\u00e8rent \u00e9viter la r\u00e9flexion sur ce sujet. N\u00e9anmoins, d\u2019autres se posent des questions\u2026 <\/span><br \/> <\/strong><\/p>\n<p style=\"margin-bottom: 0cm; text-align: justify;\">\u00a0<\/p>\n<p style=\"margin-bottom: 0cm; text-align: justify;\"><!--more--><\/p>\n<p style=\"margin-bottom: 0cm; text-align: justify;\"><a href=\"\/wp-content\/uploads\/2013\/02\/tombe.jpg\"><img loading=\"lazy\" decoding=\"async\" class=\"alignnone size-full wp-image-7053\" title=\"tombe\" src=\"\/wp-content\/uploads\/2013\/02\/tombe.jpg\" alt=\"\" width=\"450\" height=\"675\" align=\"left\" hspace=\"10\" vspace=\"10\" srcset=\"https:\/\/www.servir.caef.net\/wp-content\/uploads\/2013\/02\/tombe.jpg 498w, https:\/\/www.servir.caef.net\/wp-content\/uploads\/2013\/02\/tombe-200x300.jpg 200w\" sizes=\"auto, (max-width: 450px) 100vw, 450px\" \/><\/a><span style=\"color: #231f20;\"><a href=\"\/wp-content\/uploads\/2011\/pdf2011\/Pages 1-2011 Au-del\u00e0.pdf#page=19\" target=\"_blank\"><img loading=\"lazy\" decoding=\"async\" title=\"iconePDF\" src=\"\/wp-content\/uploads\/2011\/01\/iconePDF.jpg\" alt=\"\" width=\"81\" height=\"76\" align=\"right\" hspace=\"8\" vspace=\"8\" \/><\/a>Que se passera-t-il pendant l\u2019\u00e9ternit\u00e9 ? Que feront les personnes sauv\u00e9es ? La Bible ne donne pas beaucoup de d\u00e9tails. Elle explique davantage comment avoir la vie \u00e9ternelle. Elle assure aussi du bien\u00eatre de ceux qui passeront l\u2019\u00e9ternit\u00e9 aupr\u00e8s de Dieu. Mais qu\u2019en est-il de ceux qui n\u2019ont pas la capacit\u00e9 de comprendre et de choisir comme les b\u00e9b\u00e9s ou certaines personnes handicap\u00e9es ? Et ceux qui se suicident\u2026 ? <\/span><\/p>\n<p style=\"margin-bottom: 0cm; text-align: justify;\">\u00a0<\/p>\n<p style=\"margin-bottom: 0cm; text-align: justify;\"><span style=\"color: #231f20;\">Un jour, une personne m\u2019annon\u00e7ait le d\u00e9c\u00e8s de sa m\u00e8re et me demandait de prier pour cette derni\u00e8re. Je n\u2019avais que quelques secondes pour r\u00e9fl\u00e9chir \u00e0 une r\u00e9ponse dans ce moment o\u00f9 l\u2019\u00e9motion, l\u2019affectif et la douleur ne permettent pas de grands d\u00e9veloppements th\u00e9ologiques. \u00ab Je prierai pour vous (elle et son mari) \u00bb, lui ai-je dit tout simplement en pensant \u00e0 leur peine. Comme elle insistait, je lui affirmais que j\u2019avais pri\u00e9 pour sa m\u00e8re avant que celle-ci ne parte. D\u2019une mani\u00e8re plus g\u00e9n\u00e9rale, que r\u00e9pondre \u00e0 des personnes qui veulent prier pour un proche d\u00e9c\u00e9d\u00e9\u2026 ou qui se demandent si le purgatoire existe ? <\/span><\/p>\n<p style=\"margin-bottom: 0cm; text-align: justify;\">\u00a0<\/p>\n<p style=\"margin-bottom: 0cm; text-align: justify;\"><span style=\"color: #231f20;\">Et puis, au niveau pratique, que dit la Bible \u00e0 propos de l\u2019enterrement, de la cr\u00e9mation ? <\/span><\/p>\n<p style=\"margin-bottom: 0cm; text-align: justify;\">\u00a0<\/p>\n<p style=\"margin-bottom: 0cm; text-align: justify;\"><span style=\"color: #231f20;\">Autant de questions qui sont abord\u00e9es par plusieurs auteurs dans les pages suivantes.<\/span><\/p>\n","protected":false},"excerpt":{"rendered":"<p>\u00ab \u00c0 votre avis, qu\u2019y a-t-il apr\u00e8s la mort ? \u00bb &nbsp; &nbsp; &nbsp; Lors d\u2019une petite enqu\u00eate aupr\u00e8s de 290 \u00e9tudiants de Marseille, il y a quelques ann\u00e9es, environ \u00bc r\u00e9pondent : Je ne sais pas et un autre \u00bc : rien. Mentionner la mort est en g\u00e9n\u00e9ral assez d\u00e9licat et certains pr\u00e9f\u00e8rent \u00e9viter [&hellip;]<\/p>\n","protected":false},"author":34,"featured_media":0,"comment_status":"closed","ping_status":"closed","sticky":false,"template":"","format":"standard","meta":{"footnotes":""},"categories":[82,80,49],"tags":[],"class_list":["post-7051","post","type-post","status-publish","format-standard","hentry","category-liberation","category-jugement","category-lhomme-face-a-la-mort"],"_links":{"self":[{"href":"https:\/\/www.servir.caef.net\/index.php?rest_route=\/wp\/v2\/posts\/7051","targetHints":{"allow":["GET"]}}],"collection":[{"href":"https:\/\/www.servir.caef.net\/index.php?rest_route=\/wp\/v2\/posts"}],"about":[{"href":"https:\/\/www.servir.caef.net\/index.php?rest_route=\/wp\/v2\/types\/post"}],"author":[{"embeddable":true,"href":"https:\/\/www.servir.caef.net\/index.php?rest_route=\/wp\/v2\/users\/34"}],"replies":[{"embeddable":true,"href":"https:\/\/www.servir.caef.net\/index.php?rest_route=%2Fwp%2Fv2%2Fcomments&post=7051"}],"version-history":[{"count":0,"href":"https:\/\/www.servir.caef.net\/index.php?rest_route=\/wp\/v2\/posts\/7051\/revisions"}],"wp:attachment":[{"href":"https:\/\/www.servir.caef.net\/index.php?rest_route=%2Fwp%2Fv2%2Fmedia&parent=7051"}],"wp:term":[{"taxonomy":"category","embeddable":true,"href":"https:\/\/www.servir.caef.net\/index.php?rest_route=%2Fwp%2Fv2%2Fcategories&post=7051"},{"taxonomy":"post_tag","embeddable":true,"href":"https:\/\/www.servir.caef.net\/index.php?rest_route=%2Fwp%2Fv2%2Ftags&post=7051"}],"curies":[{"name":"wp","href":"https:\/\/api.w.org\/{rel}","templated":true}]}}