{"id":7058,"date":"2011-01-25T09:53:50","date_gmt":"2011-01-25T09:53:50","guid":{"rendered":"\/?p=7058"},"modified":"2017-05-17T09:01:00","modified_gmt":"2017-05-17T09:01:00","slug":"forum-de-questions-il-est-decede-nous-laimions-pouvons-nous-prier-pour-lui-que-repondre","status":"publish","type":"post","link":"https:\/\/www.servir.caef.net\/?p=7058","title":{"rendered":"Forum de questions &#8211; \u00ab Il est d\u00e9c\u00e9d\u00e9, nous l\u2019aimions. Pouvons-nous prier pour lui ? Que r\u00e9pondre ? \u00bb"},"content":{"rendered":"<p style=\"text-align: center;\"><a href=\"\/wp-content\/uploads\/2013\/02\/forum-questions.jpg\"><img loading=\"lazy\" decoding=\"async\" class=\"alignnone size-full wp-image-7052\" title=\"forum-questions\" src=\"\/wp-content\/uploads\/2013\/02\/forum-questions.jpg\" alt=\"\" width=\"341\" height=\"108\" srcset=\"https:\/\/www.servir.caef.net\/wp-content\/uploads\/2013\/02\/forum-questions.jpg 341w, https:\/\/www.servir.caef.net\/wp-content\/uploads\/2013\/02\/forum-questions-300x95.jpg 300w\" sizes=\"auto, (max-width: 341px) 100vw, 341px\" \/><\/a><\/p>\n<h1 style=\"text-align: center;\">Il est d\u00e9c\u00e9d\u00e9, nous l\u2019aimions. Pouvons-nous prier pour lui ?<\/h1>\n<p>&nbsp;<\/p>\n<h1 style=\"text-align: center;\"><span style=\"color: #006400;\">Que r\u00e9pondre ?<\/span><\/h1>\n<p style=\"text-align: center;\">\u00a0<\/p>\n<p>&nbsp;<\/p>\n<p><span style=\"color: #b22222;\"><span style=\"font-size: 16px;\"><strong>Par Brad Dickson<br \/> <\/strong><\/span><\/span><\/p>\n<p><a href=\"\/wp-content\/uploads\/2013\/02\/Dickson.jpg\"><img loading=\"lazy\" decoding=\"async\" class=\"alignnone size-full wp-image-7059\" title=\"Dickson\" src=\"\/wp-content\/uploads\/2013\/02\/Dickson.jpg\" alt=\"\" width=\"77\" height=\"100\" hspace=\"10\" vspace=\"10\" \/><\/a><\/p>\n<p style=\"margin-bottom: 0cm; text-align: justify;\">\u00a0<\/p>\n<h3><span style=\"color: #a92a4f;\">Une pratique r\u00e9pandue <\/span><\/h3>\n<p style=\"margin-bottom: 0cm; text-align: justify;\">\u00a0<\/p>\n<p style=\"margin-bottom: 0cm; text-align: justify;\"><span style=\"font-family: SouvenirITCbyBT-Light,sans-serif;\"><a href=\"\/wp-content\/uploads\/2011\/pdf2011\/Pages 1-2011 Au-del\u00e0.pdf#page=22\" target=\"_blank\"><img loading=\"lazy\" decoding=\"async\" title=\"iconePDF\" src=\"\/wp-content\/uploads\/2011\/01\/iconePDF.jpg\" alt=\"\" width=\"81\" height=\"76\" align=\"right\" hspace=\"8\" vspace=\"8\" \/><\/a>La pri\u00e8re pour les morts est tr\u00e8s r\u00e9pandue dans le catholicisme. Les \u00ab offrandes de messe \u00bb, argent donn\u00e9 aux pr\u00eatres pour qu\u2019ils c\u00e9l\u00e8brent une messe \u00e0 une intention particuli\u00e8re (en g\u00e9n\u00e9ral pour un d\u00e9funt), repr\u00e9sentent un quart du traitement annuel des pr\u00eatres. Chaque ann\u00e9e, la messe des morts (2 novembre) est une pri\u00e8re pour les d\u00e9funts. <\/span><\/p>\n<p style=\"margin-bottom: 0cm; text-align: justify;\">\u00a0<\/p>\n<p style=\"margin-bottom: 0cm; text-align: justify;\"><span style=\"font-family: SouvenirITCbyBT-Light,sans-serif;\">La pr\u00e9sence de cette pratique dans certaines branches de nombreuses religions (l\u2019islam, le juda\u00efsme, le bouddhisme, chez les Orthodoxes grecs) indique qu\u2019elle r\u00e9pond \u00e0 un d\u00e9sir humain profond : \u00eatre rassur\u00e9 par rapport au statut de nos d\u00e9funts bien-aim\u00e9s. <\/span><\/p>\n<p style=\"margin-bottom: 0cm; text-align: justify;\">\u00a0<\/p>\n<p style=\"margin-bottom: 0cm; text-align: justify;\"><span style=\"font-family: SouvenirITCbyBT-Light,sans-serif;\">La pri\u00e8re pour les morts est une pratique tr\u00e8s ancienne. Tertullien en fait la d\u00e9fense d\u00e9j\u00e0 au IIe si\u00e8cle, et Augustin, dans ses Confessions, inclut une longue pri\u00e8re pour sa m\u00e8re d\u00e9funte. Le concile de Trente (1566) la cautionne, ainsi que le Cat\u00e9chisme de l\u2019\u00c9glise catholique (1992). <\/span><\/p>\n<p style=\"margin-bottom: 0cm; text-align: justify;\">\u00a0<\/p>\n<p style=\"margin-bottom: 0cm; text-align: justify;\"><!--more--><\/p>\n<h3><span style=\"color: #a92a4f;\">Sur quelle base, les catholiques prient-ils pour leurs morts ? <\/span><\/h3>\n<p style=\"margin-bottom: 0cm; text-align: justify;\">\u00a0<\/p>\n<p style=\"margin-bottom: 0cm; text-align: justify;\"><span style=\"font-family: SouvenirITCbyBT-Light,sans-serif;\">Leur justification th\u00e9ologique s\u2019appuie sur les doctrines de la communion des saints et du purgatoire, et un texte du livre deut\u00e9rocanonique des Maccab\u00e9es. Dans ce passage, le g\u00e9n\u00e9ral des troupes juives, Judas, fait faire un sacrifice pour obtenir le pardon des p\u00e9ch\u00e9s des soldats morts au combat. <\/span><\/p>\n<p style=\"margin-bottom: 0cm; text-align: justify;\">\u00a0<\/p>\n<p style=\"margin-bottom: 0cm; text-align: justify;\"><span style=\"font-family: SouvenirITCbyBT-Light,sans-serif;\">De mani\u00e8re g\u00e9n\u00e9rale, la croyance catholique populaire est assez confuse concernant la pri\u00e8re pour les morts. Personne ne semble savoir pendant combien de temps il faut prier pour eux. On prie pour les d\u00e9funts croyants et incroyants. Curieusement, on prie aussi les morts pour qu\u2019eux prient pour nous ! <\/span><\/p>\n<p style=\"margin-bottom: 0cm; text-align: justify;\">\u00a0<\/p>\n<h3><span style=\"color: #a92a4f;\">Quelle r\u00e9ponse biblique donner \u00e0 cette pratique ? <\/span><\/h3>\n<p style=\"margin-bottom: 0cm; text-align: justify;\">\u00a0<\/p>\n<p style=\"margin-bottom: 0cm; text-align: justify;\"><span style=\"font-family: SouvenirITCbyBT-Light,sans-serif;\">Constatons d\u2019abord qu\u2019elle est totalement absente du Nouveau Testament et du canon des \u00c9critures utilis\u00e9 par J\u00e9sus et les ap\u00f4tres. Plus important encore, nous affirmons que cette pratique est une offense au sacrifice pleinement suffisant de J\u00e9sus-Christ. Elle remet en cause l\u2019efficacit\u00e9 du sang de Christ pour pardonner parfaitement \u00e0 tout p\u00e9cheur qui se repent. La justification ne peut s\u2019acqu\u00e9rir par la foi d\u2019un autre \u00e0 notre place. <\/span><\/p>\n<p style=\"margin-bottom: 0cm; text-align: justify;\">\u00a0<\/p>\n<p style=\"margin-bottom: 0cm; text-align: justify;\"><span style=\"font-family: SouvenirITCbyBT-Light,sans-serif;\">Si nous pouvons comprendre la peine de ceux qui m\u00e8nent un deuil sans esp\u00e9rance, nous ne pouvons leur offrir la possibilit\u00e9 de prier pour leurs morts. Nous pouvons les encourager \u00e0 faire confiance au jugement du Dieu juste et mis\u00e9ricordieux et \u00e0 s\u2019appuyer enti\u00e8rement sur l\u2019oeuvre du Christ pour leur propre salut. <\/span><\/p>\n<p style=\"margin-bottom: 0cm; text-align: justify;\">\u00a0<\/p>\n<p style=\"margin-bottom: 0cm; text-align: center;\"><span style=\"font-family: SouvenirITCbyBT-Light,sans-serif;\">B.D.\u00a0<\/span><\/p>\n<hr \/>\n<p style=\"margin-bottom: 0cm; text-align: justify;\">NOTES<\/p>\n<p style=\"margin-bottom: 0cm; text-align: justify;\">\u00a0<\/p>\n<p style=\"margin-bottom: 0cm; text-align: justify;\"><a href=\"http:\/\/www.diocese-grenoble-vienne.fr\"><span style=\"font-family: SouvenirITCbyBT-Light,sans-serif;\"><strong>1.<\/strong> http:\/\/www.diocese-grenoble-vienne.fr<\/span><br \/> <\/a><\/p>\n<p style=\"margin-bottom: 0cm; text-align: justify;\">\u00a0<\/p>\n<p style=\"margin-bottom: 0cm; text-align: justify;\"><span style=\"font-family: SouvenirITCbyBT-Light,sans-serif;\"><strong>2.<\/strong> Tertullien, trait\u00e9s : De corona et De monogamia. Saint Augustin, \u00ab je vous prie \u00e0 cette heure pour les p\u00e9ch\u00e9s de ma m\u00e8re \u00bb Confessions IX,13,35. <\/span><\/p>\n<p style=\"margin-bottom: 0cm; text-align: justify;\">\u00a0<\/p>\n<p style=\"margin-bottom: 0cm; text-align: justify;\"><span style=\"font-family: SouvenirITCbyBT-Light,sans-serif;\"><strong>3.<\/strong> Article #958 <\/span><\/p>\n<p style=\"margin-bottom: 0cm; text-align: justify;\">\u00a0<\/p>\n<p style=\"margin-bottom: 0cm; text-align: justify;\"><span style=\"font-family: SouvenirITCbyBT-Light,sans-serif;\"><strong>4.<\/strong> \u00ab Il fit ainsi une action fort belle et louable \u00bb 2 Maccab\u00e9es 12.38-45. <\/span><\/p>\n<p style=\"margin-bottom: 0cm; text-align: justify;\">\u00a0<\/p>\n<p style=\"margin-bottom: 0cm; text-align: justify;\"><span style=\"font-family: SouvenirITCbyBT-Light,sans-serif;\"><strong>5.<\/strong> cf. cette pri\u00e8re type pour les noncroyants : \u00ab Nous vous prions enfin pour ceux qui ne vous ont ni connu, ni m\u00eame cherch\u00e9, et que, cependant, vous n\u2019avez cess\u00e9 d\u2019aimer. Ayez piti\u00e9, Seigneur, des uns et des autres ! Ils sont tous vos enfants. Donnez-leur \u00e0 tous la vie \u00e9ternelle. \u00bb\u00a0 <\/span><a href=\"http:\/\/www.dioceseauxarmees.catholique.fr\/prier%20es\/60-priere-pour-les-morts-de-laguerre.html\"><span style=\"font-family: SouvenirITCbyBT-Light,sans-serif;\">www.dioceseauxarmees.catholique.fr\/prier es\/60-priere-pour-les-morts-de-laguerre.html <\/span><br \/> <\/a><\/p>\n<p style=\"margin-bottom: 0cm; text-align: justify;\">\u00a0<\/p>\n<p style=\"margin-bottom: 0cm; text-align: justify;\"><span style=\"font-family: SouvenirITCbyBT-Light,sans-serif;\"><strong>6.<\/strong> \u00ab Notre pri\u00e8re pour eux peut non seulement les aider mais aussi rendre efficace leur intercession en notre faveur. \u00bb Article #958 du Cat\u00e9chisme de l\u2019\u00c9glise catholique, 1992. 7 cf. Hb 9.26-28 8 cf. Rm 2.5-6 9 cf. 1 Th 4.13 <\/span><span style=\"font-family: NewtextITCbyBT-DemiItalic,serif;\"><i>s Forum de questions<\/i><\/span><\/p>\n","protected":false},"excerpt":{"rendered":"<p>Il est d\u00e9c\u00e9d\u00e9, nous l\u2019aimions. Pouvons-nous prier pour lui ? &nbsp; Que r\u00e9pondre ? \u00a0 &nbsp; Par Brad Dickson \u00a0 Une pratique r\u00e9pandue \u00a0 La pri\u00e8re pour les morts est tr\u00e8s r\u00e9pandue dans le catholicisme. Les \u00ab offrandes de messe \u00bb, argent donn\u00e9 aux pr\u00eatres pour qu\u2019ils c\u00e9l\u00e8brent une messe \u00e0 une intention particuli\u00e8re (en [&hellip;]<\/p>\n","protected":false},"author":14,"featured_media":0,"comment_status":"closed","ping_status":"closed","sticky":false,"template":"","format":"standard","meta":{"footnotes":""},"categories":[49,35,27],"tags":[],"class_list":["post-7058","post","type-post","status-publish","format-standard","hentry","category-lhomme-face-a-la-mort","category-la-priere","category-religions-et-sectes"],"_links":{"self":[{"href":"https:\/\/www.servir.caef.net\/index.php?rest_route=\/wp\/v2\/posts\/7058","targetHints":{"allow":["GET"]}}],"collection":[{"href":"https:\/\/www.servir.caef.net\/index.php?rest_route=\/wp\/v2\/posts"}],"about":[{"href":"https:\/\/www.servir.caef.net\/index.php?rest_route=\/wp\/v2\/types\/post"}],"author":[{"embeddable":true,"href":"https:\/\/www.servir.caef.net\/index.php?rest_route=\/wp\/v2\/users\/14"}],"replies":[{"embeddable":true,"href":"https:\/\/www.servir.caef.net\/index.php?rest_route=%2Fwp%2Fv2%2Fcomments&post=7058"}],"version-history":[{"count":0,"href":"https:\/\/www.servir.caef.net\/index.php?rest_route=\/wp\/v2\/posts\/7058\/revisions"}],"wp:attachment":[{"href":"https:\/\/www.servir.caef.net\/index.php?rest_route=%2Fwp%2Fv2%2Fmedia&parent=7058"}],"wp:term":[{"taxonomy":"category","embeddable":true,"href":"https:\/\/www.servir.caef.net\/index.php?rest_route=%2Fwp%2Fv2%2Fcategories&post=7058"},{"taxonomy":"post_tag","embeddable":true,"href":"https:\/\/www.servir.caef.net\/index.php?rest_route=%2Fwp%2Fv2%2Ftags&post=7058"}],"curies":[{"name":"wp","href":"https:\/\/api.w.org\/{rel}","templated":true}]}}