{"id":7073,"date":"2011-01-13T20:59:26","date_gmt":"2011-01-13T20:59:26","guid":{"rendered":"\/?p=7073"},"modified":"2017-05-17T09:07:14","modified_gmt":"2017-05-17T09:07:14","slug":"c-e-i-e-evangeliser-aujourdhui-cape-town-2010-tout-petit-dans-une-grande-oeuvre","status":"publish","type":"post","link":"https:\/\/www.servir.caef.net\/?p=7073","title":{"rendered":"C.E.I.E. : \u00c9vang\u00e9liser aujourd\u2019hui &#8211; CAPE TOWN 2010 Tout petit dans une grande oeuvre !"},"content":{"rendered":"<p><a href=\"\/wp-content\/uploads\/2013\/04\/CEIE-colombe.jpg\"><img loading=\"lazy\" decoding=\"async\" class=\"alignnone size-full wp-image-7074\" title=\"CEIE colombe\" src=\"\/wp-content\/uploads\/2013\/04\/CEIE-colombe.jpg\" alt=\"\" width=\"93\" height=\"85\" align=\"left\" hspace=\"10\" vspace=\"10\" \/><\/a><\/p>\n<p style=\"background-color: #ffb758; text-align: center;\"><span style=\"font-size: 20px;\"><strong>C.E.I.E. : \u00c9vang\u00e9liser aujourd&rsquo;hui<\/strong> <\/span><\/p>\n<p style=\"background-color: #ffb758;\">\u00a0<\/p>\n<p style=\"background-color: #ffb758;\"><strong>Rubrique de la Commission d&rsquo;\u00c9vang\u00e9lisation et d&rsquo;Implantation d&rsquo;Eglises (C.E.I.E.) des C.A.E.F.<br \/> <\/strong><\/p>\n<h1 style=\"text-align: center;\">\u00a0<\/h1>\n<h1 style=\"text-align: center;\">CAPE TOWN 2010<\/h1>\n<h1 style=\"text-align: center;\">\u00a0<\/h1>\n<h1 style=\"text-align: center;\">Tout petit dans une grande oeuvre !<\/h1>\n<p>&nbsp;<\/p>\n<p style=\"margin-bottom: 0cm;\" align=\"LEFT\"><strong><span style=\"font-size: 16px;\"><span style=\"color: #b22222;\"><br \/> <\/span><\/span><\/strong><\/p>\n<p style=\"margin-bottom: 0cm;\" align=\"LEFT\"><strong><span style=\"font-size: 16px;\"><span style=\"color: #b22222;\">Par Jacques Nussbaumer<br \/> <\/span><\/span><\/strong><\/p>\n<p style=\"margin-bottom: 0cm;\" align=\"LEFT\">\u00a0<\/p>\n<p style=\"margin-bottom: 0cm;\" align=\"LEFT\"><a href=\"\/wp-content\/uploads\/2011\/04\/Jacques-Nussbaumer.jpg\"><img loading=\"lazy\" decoding=\"async\" class=\"alignnone size-full wp-image-1084\" title=\"Jacques Nussbaumer\" src=\"\/wp-content\/uploads\/2011\/04\/Jacques-Nussbaumer.jpg\" alt=\"\" width=\"113\" height=\"147\" align=\"left\" hspace=\"10\" vspace=\"10\" \/><\/a><\/p>\n<p style=\"margin-bottom: 0cm;\" align=\"LEFT\">\u00a0<\/p>\n<p style=\"margin-bottom: 0cm;\" align=\"LEFT\">\u00a0<\/p>\n<p style=\"margin-bottom: 0cm;\" align=\"LEFT\">\u00a0<\/p>\n<p>&nbsp;<\/p>\n<p style=\"margin-bottom: 0cm; text-align: justify;\"><span style=\"color: #231f20;\"><i>Le troisi\u00e8me Congr\u00e8s Mondial sur l\u2019\u00c9vang\u00e9lisation du Monde, organis\u00e9 par le Mouvement de Lausanne a eu lieu au Cap (Afrique du Sud) du 16 au 25 octobre 2010. Ce congr\u00e8s \u00e9tait l\u2019occasion de faire le point sur les progr\u00e8s de l\u2019\u00c9vangile et de se resituer dans une perspective mondiale sur les d\u00e9fis que rencontre l\u2019\u00c9glise<\/i><\/span><span style=\"color: #231f20;\"><i><strong><sub>1<\/sub><\/strong>. Jean-Paul Rempp et moi-m\u00eame y avons repr\u00e9sent\u00e9 les CAEF. <\/i><\/span><\/p>\n<p style=\"margin-bottom: 0cm;\" align=\"LEFT\">\u00a0<\/p>\n<p style=\"margin-bottom: 0cm;\" align=\"LEFT\">\u00a0<\/p>\n<p style=\"margin-bottom: 0cm;\" align=\"LEFT\"><!--more--><\/p>\n<p style=\"margin-bottom: 0cm; text-align: justify;\"><a href=\"\/wp-content\/uploads\/2011\/01\/Captown-2010.jpg\"><img loading=\"lazy\" decoding=\"async\" class=\"size-full wp-image-7075 alignleft\" style=\"margin: 10px;\" title=\"Captown 2010\" src=\"\/wp-content\/uploads\/2011\/01\/Captown-2010.jpg\" alt=\"\" width=\"428\" height=\"264\" align=\"right\" hspace=\"10\" vspace=\"10\" srcset=\"https:\/\/www.servir.caef.net\/wp-content\/uploads\/2011\/01\/Captown-2010.jpg 428w, https:\/\/www.servir.caef.net\/wp-content\/uploads\/2011\/01\/Captown-2010-300x185.jpg 300w\" sizes=\"auto, (max-width: 428px) 100vw, 428px\" \/><\/a><span style=\"color: #231f20;\"><span style=\"font-style: normal;\"><strong><a href=\"\/wp-content\/uploads\/2011\/pdf2011\/Pages%201-2011%20Au-del%C3%A0.pdf#page=28\" target=\"_blank\"><img loading=\"lazy\" decoding=\"async\" title=\"iconePDF\" src=\"\/wp-content\/uploads\/2011\/01\/iconePDF.jpg\" alt=\"\" width=\"81\" height=\"76\" align=\"right\" hspace=\"8\" vspace=\"8\" \/><\/a><\/strong>Il faut noter que le mouvement <\/span><\/span><span style=\"color: #231f20;\">de Lausanne a su pr\u00e9server l\u2019\u00e9quilibre que ses initiateurs, Billy GRAHAM et John STOTT, lui avaient donn\u00e9 dans les ann\u00e9es 70. Cet \u00e9quilibre biblique et th\u00e9ologique se retrouve en particulier dans les grandes d\u00e9clarations fondatrices de Lausanne et de Manille qui orientent ce mouvement dont le but est de stimuler, encourager et catalyser les efforts d\u2019\u00e9vang\u00e9lisation dans le monde. Ancr\u00e9 dans l\u2019\u00c9criture, centr\u00e9 sur l\u2019oeuvre de Christ pour le salut des p\u00e9cheurs, port\u00e9 dans la pri\u00e8re, et orient\u00e9 vers l\u2019annonce de l\u2019\u00c9vangile, le congr\u00e8s du Cap a su montrer la belle diversit\u00e9 du monde \u00e9vang\u00e9lique. 4200 participants issus de 198 nations repr\u00e9sentaient cette \u00c9glise appel\u00e9e \u00e0 s\u2019unir pour remplir sa mission. C\u2019est en effet : <\/span><\/p>\n<p style=\"margin-bottom: 0cm; text-align: justify;\"><span style=\"font-size: small;\"><strong><span style=\"color: #231f20;\">\u2022 l\u2019\u00c9glise toute enti\u00e8re<\/span><\/strong><\/span><span style=\"color: #231f20;\"><strong>,<\/strong> au-del\u00e0 des sensibilit\u00e9s, des diff\u00e9rences et des divisions inutiles, <\/span><\/p>\n<p style=\"margin-bottom: 0cm; text-align: justify;\"><span style=\"color: #231f20;\"><strong>\u2022 qui doit porter l\u2019\u00c9vangile tout entier<\/strong>, <\/span><span style=\"color: #231f20;\">c\u2019est-\u00e0-dire l\u2019annonce de l\u2019amour de Dieu en Christ qui sauve de la perdition \u00e9ternelle <\/span><span style=\"color: #231f20;\">et <\/span><span style=\"color: #231f20;\">les actes d\u2019amour pour soulager la souffrance pr\u00e9sente de ce monde <\/span><\/p>\n<p style=\"margin-bottom: 0cm; text-align: justify;\"><span style=\"font-size: small;\"><strong><span style=\"color: #231f20;\">\u2022 au monde entier, <\/span><\/strong><\/span><span style=\"color: #231f20;\">en se pr\u00e9occupant en particulier des populations non atteintes. <\/span><\/p>\n<p style=\"margin-bottom: 0cm; text-align: justify;\">\u00a0<\/p>\n<p style=\"margin-bottom: 0cm; text-align: justify;\"><span style=\"color: #0000cd;\"><strong>JACQUES, ALAIN NISUS ET MOI-M\u00caME<br \/> AU CAP DE BONNE ESP\u00c9RANCE<br \/> <\/strong><\/span><\/p>\n<p style=\"margin-bottom: 0cm; text-align: justify;\"><a href=\"\/wp-content\/uploads\/2011\/01\/caef-cape.jpg\"><img loading=\"lazy\" decoding=\"async\" class=\"alignnone size-full wp-image-7076\" title=\"caef-cape\" src=\"\/wp-content\/uploads\/2011\/01\/caef-cape.jpg\" alt=\"\" width=\"275\" height=\"224\" align=\"left\" hspace=\"10\" vspace=\"10\" \/><\/a><span style=\"color: #231f20;\">L\u2019organisation tr\u00e8s soign\u00e9e du congr\u00e8s a permis d\u2019\u00e9viter de noyer le grand nombre de pr\u00e9sents dans l\u2019anonymat ou la passivit\u00e9. Les sessions matinales articulaient des temps d\u2019enseignement avec des moments de partage \u00e0 5 ou 6 autour de tables, facilitant la cr\u00e9ation de liens fraternels. L\u2019\u00e9tude de l\u2019\u00c9p\u00eetre aux \u00c9ph\u00e9siens nous a amen\u00e9s \u00e0 replacer nos vies et nos minist\u00e8res devant les exigences de l\u2019\u00c9criture, b\u00e9nissant le Seigneur pour son oeuvre, confessant nos manquements et priant les uns pour les autres. <\/span><\/p>\n<p style=\"margin-bottom: 0cm; text-align: justify;\">\u00a0<\/p>\n<p style=\"margin-bottom: 0cm; text-align: justify;\"><span style=\"color: #231f20;\">Certains th\u00e8mes fondamentaux pour l\u2019\u00c9vang\u00e9lisation (la d\u00e9fense de la v\u00e9rit\u00e9, la r\u00e9conciliation dans un monde violent\u2026), \u00e9taient d\u00e9velopp\u00e9s lors des rencontres pl\u00e9ni\u00e8res du matin, et un choix de sessions th\u00e9matiques \u00e9tait offert l\u2019apr\u00e8s-midi, permettant de r\u00e9fl\u00e9chir \u00e0 des questions plus li\u00e9es \u00e0 certains contextes, minist\u00e8res ou d\u00e9fis particuliers (Environnement, Sida,\u2026). Le soir, la pr\u00e9sentation d\u2019une r\u00e9gion du monde ou d\u2019un type de population montrait les diverses joies et d\u00e9fis du t\u00e9moignage chr\u00e9tien. Des temps de pause importants visaient \u00e0 stimuler les \u00e9changes informels ouvrant la voie au d\u00e9veloppement de r\u00e9seaux et de partenariats internationaux. Enfin, des contributions artistiques (image, musique, th\u00e9\u00e2tre\u2026) s\u2019ins\u00e9raient avec bonheur dans le d\u00e9roulement des sessions du matin et du soir. Il ne serait pas possible de rendre compte du congr\u00e8s du Cap sans mentionner le culte de cl\u00f4ture qui, sous forme d\u2019une c\u00e9l\u00e9bration, r\u00e9capitulait l\u2019ensemble des enseignements de la semaine. Ils ont \u00e9t\u00e9 repris dans l\u2019adoration, la pr\u00e9dication, la confession qui ont pr\u00e9c\u00e9d\u00e9 le partage du pain et du vin. La profondeur et la beaut\u00e9 de cette c\u00e9r\u00e9monie de cl\u00f4ture a marqu\u00e9 les esprits. <\/span><\/p>\n<p style=\"margin-bottom: 0cm; text-align: justify;\">\u00a0<\/p>\n<p style=\"margin-bottom: 0cm; text-align: right;\"><span style=\"color: #0000cd;\"><strong>L&rsquo;UN DES GROUPES MUSICAUX ET L&rsquo;UNE DES<br \/> CHORALES DU CONGR\u00c8S<br \/> <\/strong><\/span><\/p>\n<p style=\"margin-bottom: 0cm; text-align: justify;\"><a href=\"\/wp-content\/uploads\/2011\/01\/caef-cape-chorale.jpg\"><img loading=\"lazy\" decoding=\"async\" class=\"alignnone size-full wp-image-7077\" title=\"caef-cape-chorale\" src=\"\/wp-content\/uploads\/2011\/01\/caef-cape-chorale.jpg\" alt=\"\" width=\"178\" height=\"134\" align=\"right\" hspace=\"10\" vspace=\"10\" \/><\/a><span style=\"color: #231f20;\">De ce congr\u00e8s, je retiens que si l\u2019oeuvre du Seigneur n\u2019est pas achev\u00e9e, elle avance grandement. Ce constat de progr\u00e8s n\u2019a toutefois pas conduit \u00e0 un triomphalisme na\u00eff, invitant plut\u00f4t \u00e0 la lucidit\u00e9 et \u00e0 la responsabilit\u00e9. Premi\u00e8rement, les \u00e9checs et d\u00e9viances de l\u2019\u00c9glise n\u2019ont pas \u00e9t\u00e9 occult\u00e9s, renvoyant chacun \u00e0 ses propres errements et invitant \u00e0 la repentance et l\u2019engagement devant Dieu. La n\u00e9cessit\u00e9 d\u2019un retour aux valeurs d\u2019humilit\u00e9, d\u2019int\u00e9grit\u00e9 et de simplicit\u00e9 a \u00e9t\u00e9 particuli\u00e8rement soulign\u00e9e. Deuxi\u00e8mement, le t\u00e9moignage digne et poignant de chr\u00e9tiens faisant face \u00e0 la pers\u00e9cution et la violence avec confiance a \u00e9galement rappel\u00e9 le co\u00fbt de l\u2019\u00c9vangile et de l\u2019amour des perdus, mais pour une cause qui le m\u00e9rite largement. Benjamin KWASHI, archev\u00eaque dans une r\u00e9gion du Nig\u00e9ria en proie \u00e0 la violence interreligieuse et lui-m\u00eame victime de ces violences, affirmait ainsi \u00ab <\/span><span style=\"color: #231f20;\"><i>J\u2019ai un \u00c9vangile \u00e0 proclamer, j\u2019ai un \u00c9vangile pour lequel il vaut la peine de vivre, un \u00c9vangile pour lequel il vaut la peine de mourir. <\/i><\/span><span style=\"color: #231f20;\">\u00bb Le d\u00e9but du congr\u00e8s a \u00e9t\u00e9 marqu\u00e9 par l\u2019absence de la d\u00e9l\u00e9gation chinoise, emp\u00each\u00e9e de sortir de son pays par les autorit\u00e9s. <\/span><\/p>\n<p style=\"margin-bottom: 0cm; text-align: justify;\">\u00a0<\/p>\n<p style=\"margin-bottom: 0cm; text-align: justify;\"><span style=\"color: #231f20;\">L\u2019ensemble du congr\u00e8s a suscit\u00e9 en moi trois sentiments : un sentiment de joie et de fiert\u00e9 d\u2019appartenir au peuple que Christ a rachet\u00e9, un sentiment de petitesse devant la grandeur et le progr\u00e8s de l\u2019oeuvre de Dieu, et un sentiment de responsabilit\u00e9 personnelle dans Sa mission. L\u2019impuissance devant les d\u00e9fis du monde ne doit pas nous conduire \u00e0 l\u2019inaction, mais \u00e0 une implication confiante en Celui qui nous envoie. Nous sommes bien petits, certes, mais n\u00e9anmoins pleinement participants \u00e0 cette grande oeuvre, avec tant d\u2019autres croyants du monde entier ! De quoi revenir renouvel\u00e9 dans le regard port\u00e9 sur le monde, et encourag\u00e9 \u00e0 mettre en oeuvre ses propres dons au service du partage de la bonne nouvelle du salut\u2026 <\/span><\/p>\n<p style=\"margin-bottom: 0cm;\" align=\"LEFT\">\u00a0<\/p>\n<p style=\"margin-bottom: 0cm; text-align: center;\"><span style=\"color: #231f20;\">J.N. <\/span><\/p>\n<hr \/>\n<p>NOTE<\/p>\n<p style=\"text-align: justify;\">\u00a0<\/p>\n<p style=\"margin-bottom: 0cm; text-align: justify;\"><span style=\"color: #231f20;\"><strong>1.<\/strong> Pour ceux qui veulent en savoir plus, des ressources utiles sont disponibles sur le site <a href=\"http:\/\/www.lausanne.org\">www.lausanne.org<\/a>. Les vid\u00e9os du congr\u00e8s (en anglais), les d\u00e9clarations fondatrices du mouvement (disponibles en fran\u00e7ais), ainsi que de nombreux articles <\/span><span style=\"color: #231f20;\"><i>y sont en libre acc\u00e8s.<\/i><\/span><\/p>\n","protected":false},"excerpt":{"rendered":"<p>C.E.I.E. : \u00c9vang\u00e9liser aujourd&rsquo;hui \u00a0 Rubrique de la Commission d&rsquo;\u00c9vang\u00e9lisation et d&rsquo;Implantation d&rsquo;Eglises (C.E.I.E.) des C.A.E.F. \u00a0 CAPE TOWN 2010 \u00a0 Tout petit dans une grande oeuvre ! &nbsp; Par Jacques Nussbaumer \u00a0 \u00a0 \u00a0 \u00a0 &nbsp; Le troisi\u00e8me Congr\u00e8s Mondial sur l\u2019\u00c9vang\u00e9lisation du Monde, organis\u00e9 par le Mouvement de Lausanne a eu lieu au [&hellip;]<\/p>\n","protected":false},"author":16,"featured_media":0,"comment_status":"closed","ping_status":"closed","sticky":false,"template":"","format":"standard","meta":{"footnotes":""},"categories":[16,5,8],"tags":[],"class_list":["post-7073","post","type-post","status-publish","format-standard","hentry","category-le-chretien-et-la-societe","category-conferences-et-congres","category-evangelisation"],"_links":{"self":[{"href":"https:\/\/www.servir.caef.net\/index.php?rest_route=\/wp\/v2\/posts\/7073","targetHints":{"allow":["GET"]}}],"collection":[{"href":"https:\/\/www.servir.caef.net\/index.php?rest_route=\/wp\/v2\/posts"}],"about":[{"href":"https:\/\/www.servir.caef.net\/index.php?rest_route=\/wp\/v2\/types\/post"}],"author":[{"embeddable":true,"href":"https:\/\/www.servir.caef.net\/index.php?rest_route=\/wp\/v2\/users\/16"}],"replies":[{"embeddable":true,"href":"https:\/\/www.servir.caef.net\/index.php?rest_route=%2Fwp%2Fv2%2Fcomments&post=7073"}],"version-history":[{"count":0,"href":"https:\/\/www.servir.caef.net\/index.php?rest_route=\/wp\/v2\/posts\/7073\/revisions"}],"wp:attachment":[{"href":"https:\/\/www.servir.caef.net\/index.php?rest_route=%2Fwp%2Fv2%2Fmedia&parent=7073"}],"wp:term":[{"taxonomy":"category","embeddable":true,"href":"https:\/\/www.servir.caef.net\/index.php?rest_route=%2Fwp%2Fv2%2Fcategories&post=7073"},{"taxonomy":"post_tag","embeddable":true,"href":"https:\/\/www.servir.caef.net\/index.php?rest_route=%2Fwp%2Fv2%2Ftags&post=7073"}],"curies":[{"name":"wp","href":"https:\/\/api.w.org\/{rel}","templated":true}]}}