{"id":7094,"date":"2011-04-18T16:24:44","date_gmt":"2011-04-18T16:24:44","guid":{"rendered":"\/?p=7094"},"modified":"2017-05-17T10:29:36","modified_gmt":"2017-05-17T10:29:36","slug":"jeunes-quel-avenir-et-quel-projet-de-vie","status":"publish","type":"post","link":"https:\/\/www.servir.caef.net\/?p=7094","title":{"rendered":"Jeunes : quel avenir et quel projet de vie ?"},"content":{"rendered":"<h1 style=\"text-align: center;\">Jeunes : quel avenir et quel projet de vie ?<\/h1>\n<p>&nbsp;<\/p>\n<p>&nbsp;<\/p>\n<p style=\"margin-bottom: 0cm; text-align: justify;\"><span style=\"color: #b22222;\"><strong><a href=\"\/wp-content\/uploads\/2013\/02\/parlebas.jpg\"><img loading=\"lazy\" decoding=\"async\" class=\"alignnone size-full wp-image-6988\" title=\"parlebas\" src=\"\/wp-content\/uploads\/2013\/02\/parlebas.jpg\" alt=\"\" width=\"75\" height=\"98\" align=\"left\" hspace=\"10\" vspace=\"10\" \/><\/a>Par JEAN-CLAUDE PARLEBAS <\/strong><\/span><\/p>\n<p style=\"margin-bottom: 0cm; text-align: justify;\"><span style=\"color: #b22222;\"><strong>CHERCHEUR EN PHYSIQUE DES MAT\u00c9RIAUX AU CNRS, <\/strong><\/span><\/p>\n<p style=\"margin-bottom: 0cm; text-align: justify;\"><span style=\"color: #b22222;\"><strong>ANCIEN DE L\u2019\u00c9GLISE \u00ab LA BONNE NOUVELLE \u00bb DE <i>STRASBOURG <\/i><\/strong><\/span><\/p>\n<p style=\"margin-bottom: 0cm; text-align: justify;\">\u00a0<\/p>\n<p style=\"margin-bottom: 0cm; text-align: justify;\">\u00a0<\/p>\n<p style=\"margin-bottom: 0cm; text-align: justify;\">\u00a0<\/p>\n<p>&nbsp;<\/p>\n<p style=\"margin-bottom: 0cm; text-align: justify;\"><strong><span style=\"color: #231f20;\"><i>Y-<\/i><\/span><span style=\"color: #231f20;\"><i>a-t-il pour les jeunes des raisons d\u2019esp\u00e9rer dans ce monde si troubl\u00e9 ? Comment choisir un projet de vie ? R\u00e9pondre \u00e0 cette question est plus difficile encore puisqu\u2019elle d\u00e9pend des sp\u00e9cificit\u00e9s de chacun. Je me limiterai \u00e0 apporter quelques r\u00e9flexions globales et \u00e0 donner des pistes pour les \u00e9tudes et le choix d\u2019un m\u00e9tier. <\/i><\/span><\/strong><\/p>\n<p style=\"margin-bottom: 0cm; text-align: justify;\">\u00a0<\/p>\n<p><!--more--><\/p>\n<p>&nbsp;<\/p>\n<h2>Quel avenir ?<\/h2>\n<p style=\"margin-bottom: 0cm; text-align: justify;\">\u00a0<\/p>\n<p style=\"margin-bottom: 0cm; text-align: justify;\"><a href=\"\/wp-content\/uploads\/2011\/04\/jeune2.jpg\"><img loading=\"lazy\" decoding=\"async\" class=\"alignnone size-full wp-image-7095\" title=\"jeune2\" src=\"\/wp-content\/uploads\/2011\/04\/jeune2.jpg\" alt=\"\" width=\"147\" height=\"400\" align=\"left\" hspace=\"10\" vspace=\"10\" srcset=\"https:\/\/www.servir.caef.net\/wp-content\/uploads\/2011\/04\/jeune2.jpg 300w, https:\/\/www.servir.caef.net\/wp-content\/uploads\/2011\/04\/jeune2-110x300.jpg 110w\" sizes=\"auto, (max-width: 147px) 100vw, 147px\" \/><\/a><span style=\"color: #231f20;\"><a href=\"\/wp-content\/uploads\/2011\/pdf2011\/Servir 2-2011 G\u00e9n\u00e9ration jeunes.pdf#page=13\" target=\"_blank\"><img loading=\"lazy\" decoding=\"async\" title=\"iconePDF\" src=\"\/wp-content\/uploads\/2011\/01\/iconePDF.jpg\" alt=\"\" width=\"81\" height=\"76\" align=\"right\" hspace=\"8\" vspace=\"8\" \/><\/a>\u00c0 en croire les m\u00e9dias, beaucoup de nuages s\u2019amonc\u00e8lent sur la t\u00eate de nos jeunes. Les pr\u00e9visions \u00e9conomiques et \u00e9cologiques ne sont pas bonnes. En plus d\u2019une crise \u00e9conomique sans pr\u00e9c\u00e9dent depuis la 2e Guerre mondiale, nous faisons face \u00e0 diverses alertes \u00e9cologiques, dont la disparition de certaines esp\u00e8ces et l\u2019appauvrissement des ressources naturelles. \u00c0 quoi nous pouvons ajouter la malnutrition et le trafic humain, les pand\u00e9mies et la prolif\u00e9ration des armes nucl\u00e9aires et bien d\u2019autres fl\u00e9aux. Toutes ces menaces nous interrogent d\u2019ailleurs quant \u00e0 la validit\u00e9 de notre mod\u00e8le de vie post-moderne. Il est vrai que nous sommes actuellement au b\u00e9n\u00e9fice d\u2019une longue p\u00e9riode de paix en Europe occidentale. Cela, apr\u00e8s les guerres mondiales d\u00e9sastreuses que nos a\u00efeux ont subies au 20e si\u00e8cle. Deux <\/span>si\u00e8cles avant, E. Kant a os\u00e9 d\u00e9clarer <span style=\"color: #231f20;\">que \u00ab tout est pour le mieux dans le meilleur des mondes ! \u00bb Aujourd\u2019hui, les mouvements \u00e9cologiques s\u2019entendent au moins sur une chose : dans nos pays occidentaux, nous ne pouvons plus vivre de la m\u00eame mani\u00e8re que pendant les \u00ab 30 glorieuses \u00bb, ces ann\u00e9es d\u2019expansion \u00e9conomique, juste apr\u00e8s 1945. La protection de l\u2019environnement est devenue r\u00e9cemment une valeur essentielle. C\u2019est peut-\u00eatre un point de d\u00e9part quand nous discutons avec nos jeunes, croyants ou non, pour tenter d\u2019\u00e9tendre avec eux la notion de pollution mat\u00e9rielle \u00e0 d\u2019autres formes de pollution (notamment spirituelle et morale) qui minent notre monde. C\u2019est dans ce monde \u00ab min\u00e9 \u00bb qu\u2019il est alors bon de se souvenir de la parole qu\u2019a prononc\u00e9e <span style=\"background-color: #add8e6;\"><em>J\u00e9r\u00e9mie (29.11)<\/em><\/span> dans le contexte dramatique de son \u00e9poque : <\/span><span style=\"color: #231f20;\"><i>Je connais les projets que j\u2019ai form\u00e9s pour toi, dit l\u2019\u00c9ternel, projets de paix et non de malheur, afin de te donner un avenir et une esp\u00e9rance. <\/i><\/span><span style=\"color: #231f20;\">(cf. aussi <span style=\"background-color: #add8e6;\"><em>Mt 6.31, Ph 4.6<\/em><\/span>\u2026) <\/span><\/p>\n<p style=\"margin-bottom: 0cm; text-align: justify;\">\u00a0<\/p>\n<p style=\"margin-bottom: 0cm; text-align: justify;\">\u00a0<\/p>\n<p style=\"margin-bottom: 0cm; text-align: justify;\">\u00a0<\/p>\n<h2>Quels sont donc ces projets de paix ?<\/h2>\n<p style=\"margin-bottom: 0cm; text-align: justify;\">\u00a0<\/p>\n<p style=\"margin-bottom: 0cm; text-align: justify;\"><a href=\"\/wp-content\/uploads\/2011\/04\/jeune1.jpg\"><img loading=\"lazy\" decoding=\"async\" class=\"alignnone size-full wp-image-7096\" title=\"jeune1\" src=\"\/wp-content\/uploads\/2011\/04\/jeune1.jpg\" alt=\"\" width=\"180\" height=\"281\" align=\"right\" hspace=\"10\" vspace=\"10\" \/><\/a><span style=\"color: #231f20;\">La parole suivanteUn texte cl\u00e9 pour la r\u00e9flexion est d\u2019<span style=\"background-color: #add8e6;\"><em>Ec 11.9 \u00e0 12.3 <\/em><span style=\"background-color: #fff;\">me vient \u00e0 l\u2019esprit <\/span><em>(Segond 21) : <\/em><\/span><\/span><span style=\"background-color: #add8e6;\"><em><span style=\"color: #231f20;\">Jeune homme, r\u00e9jouis-toi dans ton adolescence, livre ton coeur \u00e0 la joie durant ta jeunesse, marche en suivant les voies de ton coeur et les regards de tes yeux ! Cependant, sache que pour tout cela Dieu t\u2019appellera en jugement&#8230; Souviens-toi de ton Cr\u00e9ateur durant ta jeunesse avant l\u2019arriv\u00e9e des jours mauvais, avant d\u2019atteindre les ann\u00e9es o\u00f9 tu diras : \u00ab Je n\u2019y prends aucun plaisir \u00bb <\/span><span style=\"color: #231f20;\">(Ec 11.9 \u00e0 12.3, Segond 21)<\/span><\/em><\/span><span style=\"color: #231f20;\"><i>. <\/i><\/span><span style=\"color: #231f20;\">Un mot sur : <\/span><span style=\"color: #231f20;\"><i>R\u00e9jouis-toi\u2026 en suivant\u2026 les regards de tes yeux<\/i><\/span><span style=\"color: #231f20;\">. Ceci n\u2019est pas une invitation \u00e0 la convoitise de la chair <em><span style=\"background-color: #add8e6;\">(2 Tm 2.22)<\/span><\/em>. L\u2019Eccl\u00e9siaste invite plut\u00f4t le jeune \u00e0 s\u2019\u00e9merveiller de la cr\u00e9ation de Dieu <span style=\"background-color: #add8e6;\"><em>(Gn 1.31)<\/em><\/span>. Il l\u2019invite aussi \u00e0 se \u00ab souvenir \u00bb. Le jeune est une cr\u00e9ature qui appartient au temps. Il est donc soumis \u00e0 une \u00ab d\u00e9cr\u00e9pitude \u00bb inexorable en fonction de l\u2019\u00e2ge. Il s\u2019agit de reconna\u00eetre cela dans la p\u00e9riode o\u00f9 cette \u00ab d\u00e9cr\u00e9pitude \u00bb est la moins apparente. C\u2019est seulement dans cet \u00e9tat d\u2019esprit que le jeune pourra vraiment comprendre sa jeunesse et en jouir pendant qu\u2019elle lui appartient <span style=\"background-color: #add8e6;\"><em>(Ps 118.24)<\/em><\/span>. La perspective de la vieillesse et de la mort conduit ensuite l\u2019Eccl\u00e9siaste \u00e0 exhorter : <\/span><span style=\"background-color: #add8e6;\"><span style=\"color: #231f20;\"><i>Souviens-toi de ton Cr\u00e9ateur <\/i><\/span><\/span><span style=\"color: #231f20;\">\u2013 et non pas juste \u00ab souviens-toi qu\u2019il te faut mourir \u00bb, comme pourrait le d\u00e9clarer n\u2019importe quel philosophe un peu raisonnable. <\/span><span style=\"background-color: #add8e6;\"><span style=\"color: #231f20;\"><i>Cependant, sache que pour tout cela Dieu t\u2019appellera en jugement. <\/i><\/span><\/span><span style=\"color: #231f20;\">C\u2019est avec cet avertissement qu\u2019apparaissent la sagesse et la volont\u00e9 de Dieu. <\/span><span style=\"color: #231f20;\"><i><span style=\"background-color: #add8e6;\">Souvienstoi de ton Cr\u00e9ateur durant ta jeunesse<\/span>. <\/i><\/span><span style=\"color: #231f20;\">Ce n\u2019est qu\u2019apr\u00e8s avoir compris ce qui est agr\u00e9able au P\u00e8re que le jeune chr\u00e9tien pourra l\u2019accomplir dans sa vie et, ainsi, contribuer \u00e0 <\/span><span style=\"color: #231f20;\"><i>le <\/i><\/span><span style=\"color: #231f20;\">glorifier ! Dans cette recherche de la volont\u00e9 de Dieu, il faut qu\u2019il distingue entre la volont\u00e9 g\u00e9n\u00e9rale et la volont\u00e9 particuli\u00e8re du P\u00e8re pour lui. <\/span><\/p>\n<p style=\"margin-bottom: 0cm; text-align: justify;\"><strong><span style=\"color: #231f20;\">La volont\u00e9 g\u00e9n\u00e9rale de Dieu <\/span><\/strong><span style=\"color: #231f20;\">s\u2019applique \u00e0 tous les chr\u00e9tiens, et aux jeunes en particulier. Nous avons \u00e9t\u00e9 cr\u00e9\u00e9s par lui, pour le conna\u00eetre et avoir une relation personnelle avec lui, si possible d\u00e8s notre jeunesse. Tout prend alors un sens et une dimension \u00e9ternelle. Blaise Pascal avait une trentaine d\u2019ann\u00e9es quand il s\u2019est converti apr\u00e8s plusieurs ann\u00e9es de recherche de Dieu. Cet \u00e9v\u00e9nement a \u00e9t\u00e9 essentiel dans sa vie puisqu\u2019il l\u2019a consign\u00e9 sur papier et qu\u2019il gardait pr\u00e9cieusement ce papier dans la doublure de son manteau ! Le th\u00e9ologien J. Edwards a \u00e9t\u00e9 l\u2019instrument de Dieu dans le grand r\u00e9veil am\u00e9ricain vers 1735. Juste avant sa 20e ann\u00e9e, Edwards a pris la r\u00e9solution suivante : \u00ab Ne jamais perdre un seul instant, mais en tirer le meilleur parti, du mieux que je peux ! \u00bb <span style=\"background-color: #add8e6;\"><em>(Ga 6.10)<\/em><\/span> Le jeune va d\u00e9couvrir la volont\u00e9 g\u00e9n\u00e9rale de Dieu dans la Bible ainsi que des principes pour le guider dans son projet de vie. Cependant, qu\u2019il ne s\u2019attende pas \u00e0 y d\u00e9couvrir <\/span><strong><span style=\"color: #231f20;\">la volont\u00e9 particuli\u00e8re de Dieu <\/span><\/strong><span style=\"color: #231f20;\">pour lui ! En effet, cette volont\u00e9-l\u00e0 tient compte des caract\u00e9ristiques de chaque personne. Elle est diff\u00e9rente d\u2019un jeune \u00e0 un autre. Elle touche par exemple au choix d\u2019un m\u00e9tier ou d\u2019un conjoint. Pour les d\u00e9tails pratiques, les jeunes doivent en d\u00e9cider apr\u00e8s r\u00e9flexion et pri\u00e8re, en ayant pris conseil aupr\u00e8s de chr\u00e9tiens plus exp\u00e9riment\u00e9s. J\u2019aimerais maintenant donner deux caract\u00e9ristiques et une r\u00e9flexion sur les \u00e9tudes et le choix d\u2019un m\u00e9tier. <\/span><\/p>\n<p>&nbsp;<\/p>\n<ul>\n<li style=\"text-align: justify;\"><span style=\"color: #231f20;\"><strong>La premi\u00e8re caract\u00e9ristique d\u2019un projet de vie r\u00e9ussi<\/strong><\/span><span style=\"color: #231f20;\">, c\u2019est tout d\u2019abord l\u2019acquisition d\u2019une bonne culture g\u00e9n\u00e9rale pour le jeune. Ceci est vrai pour faire face \u00e0 la vie de tous les jours, et pour \u00eatre mieux pr\u00e9par\u00e9 aux divers changements, y compris le changement \u00e9ventuel d\u2019emploi. Ceci est vrai \u00e9galement pour mieux comprendre le monde dans lequel nous vivons. Comment appr\u00e9cier par exemple toute notre culture occidentale sans avoir \u00e9tudi\u00e9 son pass\u00e9 jud\u00e9o-chr\u00e9tien ? De plus, c\u2019est un privil\u00e8ge de na\u00eetre dans une famille paisible, et qui, de surcro\u00eet, accompagne l\u2019acquisition progressive des connaissances. Mon p\u00e8re n\u2019avait que le certificat d\u2019\u00e9tudes primaires, ce qui repr\u00e9sentait beaucoup \u00e0 son \u00e9poque. Cependant, il ne cessait de me r\u00e9p\u00e9ter qu\u2019il \u00e9tait essentiel de s\u2019adonner aux \u00e9tudes pendant qu\u2019on est jeune. En effet, il avait compris que les potentialit\u00e9s sont du c\u00f4t\u00e9 de la jeunesse. <\/span><\/li>\n<\/ul>\n<p style=\"margin-bottom: 0cm; text-align: justify;\"><strong><br \/> <\/strong><\/p>\n<ul>\n<li style=\"text-align: justify;\"><span style=\"color: #231f20;\"><strong>La seconde caract\u00e9ristique<\/strong>, <\/span><span style=\"color: #231f20;\">c\u2019est l\u2019acquisition d\u2019une sp\u00e9cialisation qui d\u00e9bouche sur un emploi int\u00e9ressant. Toute conception du travail qui ne regarde qu\u2019au bas de la fiche de paye se situe tr\u00e8s en retrait par rapport \u00e0 la perspective jud\u00e9o-chr\u00e9tienne pour l\u2019activit\u00e9 humaine. Certes, le travail est la fa\u00e7on par laquelle le jeune se procurera le revenu qui le fera vivre, mais il est d\u2019abord l\u2019exercice d\u2019une activit\u00e9 qui le mettra en relation avec le monde cr\u00e9\u00e9, et avec ses diff\u00e9rents coll\u00e8gues, sous le regard bienveillant du Cr\u00e9ateur. Son travail sera ensuite une activit\u00e9 professionnelle qu\u2019il aimera exercer. C\u2019est aussi une activit\u00e9 qui pourrait permettre une \u00e9volution de carri\u00e8re avec prise de responsabilit\u00e9. Enfin, une activit\u00e9 qui laissera \u00e9galement, dans la mesure du possible, une place, non seulement pour la vie de famille et de vrais moments de d\u00e9tente, mais aussi pour un engagement b\u00e9n\u00e9vole au service des autres. <\/span><\/li>\n<\/ul>\n<p style=\"margin-bottom: 0cm; text-align: justify;\">\u00a0<\/p>\n<p style=\"margin-bottom: 0cm; text-align: justify;\">\u00a0<\/p>\n<h2 style=\"text-align: justify;\">R\u00e9ussir ses \u00e9tudes signifie-t-il donc r\u00e9ussir son projet de vie ?<\/h2>\n<p style=\"margin-bottom: 0cm; text-align: justify;\">\u00a0<\/p>\n<p style=\"margin-bottom: 0cm; text-align: justify;\"><span style=\"color: #231f20;\">Je voudrais inviter les jeunes \u00e0 un questionnement honn\u00eate sur tout ce qui para\u00eet tellement important dans notre soci\u00e9t\u00e9 : r\u00e9ussite universitaire \u00e0 tout prix, emploi lucratif en fin d\u2019\u00e9tudes,<\/span>lutte de pouvoir jug\u00e9e in\u00e9vitable dans la vie professionnelle. Comment le jeune croyant peut-il vivre au contact de la soci\u00e9t\u00e9 sans se laisser d\u00e9vorer par elle et sans mener une double vie ? J\u2019aimerais Je proposer trois pistes d\u2019action.<\/p>\n<p style=\"margin-bottom: 0cm; text-align: justify;\">\u00a0<\/p>\n<ul>\n<li style=\"text-align: justify;\"><strong><span style=\"color: #231f20;\">La premi\u00e8re de ces pistes<\/span><\/strong><span style=\"color: #231f20;\">, c\u2019est d\u2019essayer de vivre des standards \u00e9thiques \u00e9lev\u00e9s. R\u00e9cemment, des banquiers ont \u00e9t\u00e9 d\u00e9truits \u00e0 cause de montages financiers douteux ! Les cons\u00e9quences ont \u00e9t\u00e9 d\u00e9sastreuses avec l\u2019effondrement de l\u2019immobilier, la chute des march\u00e9s boursiers, suivi de millions de ch\u00f4meurs suppl\u00e9mentaires. Pour le Pr E. COGGINS<strong><sub>1<\/sub><\/strong>, le point commun de ces \u00e9checs est que des dirigeants d\u2019entreprises de premier plan ont cach\u00e9 la v\u00e9rit\u00e9 ou abus\u00e9 de leur pouvoir pour des gains imm\u00e9diats ou personnels ! A contrario, des \u00e9tudes ont d\u00e9montr\u00e9 que des standards \u00e9thiques \u00e9lev\u00e9s ont permis \u00e0 des entreprises en difficult\u00e9 de se relever de situations dramatiques\u2026 Je me souviendrai, ma vie durant, de mon sujet de philo au bac : \u00ab Le bonheur est-il \u00e9tranger \u00e0 la conscience morale ? \u00bb Pour r\u00e9ussir son projet de vie, le jeune ne devrait-il donc pas revenir \u00e0 des valeurs \u00e9thiques d\u2019une grande exigence <span style=\"background-color: #add8e6;\"><em>(Pr 2.9)<\/em><\/span> ? Et se rappeler ces pr\u00e9ceptes de base : incarne ce que tu crois, ne triche pas, sois coh\u00e9rent. <\/span><\/li>\n<\/ul>\n<p style=\"margin-bottom: 0cm; text-align: justify;\">\u00a0<\/p>\n<ul>\n<li style=\"text-align: justify;\"><strong><span style=\"color: #231f20;\">Une deuxi\u00e8me piste<\/span><\/strong><span style=\"color: #231f20;\">, c\u2019est apprendre \u00e0 vivre le contentement. Et cela dans le double sens du terme : \u00ab se contenter \u00bb, c\u2019est-\u00e0-dire \u00e0 la fois \u00ab se limiter \u00bb et \u00ab \u00eatre heureux \u00bb. Force est de constater que les jeunes sont constamment assaillis par les \u00ab valeurs \u00bb de la soci\u00e9t\u00e9 et par toutes sortes de distractions- dispersions. Pascal avait d\u00e9j\u00e0 point\u00e9 du doigt la \u00ab vacuit\u00e9 \u00bb du divertissement \u00e0 outrance. \u00c0 plus forte raison aujourd\u2019hui, dans un contexte d\u2019imm\u00e9diatet\u00e9, de \u00ab tout, tout de suite \u00bb et de \u00ab toujours plus \u00bb. \u00c0 ce propos, J. STIGLITZ, prix Nobel d\u2019\u00e9conomie en 2001, a soulign\u00e9 les limites du Produit Int\u00e9rieur Brut. Il a sugg\u00e9r\u00e9 des indicateurs plus pertinents, orient\u00e9s sur la mesure du bien-\u00eatre et prenant en compte le capital naturel, humain et social. Une certaine mesure du bonheur, quitte \u00e0 ramer \u00e0 contre-sens ! Mais un poisson bien vivant ne naget- il pas justement \u00e0 contre-courant ? <\/span><\/li>\n<\/ul>\n<p style=\"margin-bottom: 0cm; text-align: justify;\">\u00a0<\/p>\n<ul>\n<li style=\"text-align: justify;\"><strong><span style=\"color: #231f20;\">Une troisi\u00e8me piste <\/span><\/strong><span style=\"color: #231f20;\">pour le jeune chr\u00e9tien est donn\u00e9e par <span style=\"background-color: #add8e6;\"><em>1 P 4.10<\/em><\/span> : <\/span><span style=\"color: #231f20;\"><i><span style=\"background-color: #add8e6;\">Puisque tu as re\u00e7u un don, mets-le au service des autres<\/span>. <\/i><\/span><span style=\"color: #231f20;\">Cela rejoint la parabole des talents enseign\u00e9e par J\u00e9sus, et aussi ce qu\u2019a pu vivre On\u00e9sime. Celui-ci a finalement exp\u00e9riment\u00e9 un projet de vie utile <span style=\"background-color: #add8e6;\"><em>(Phm 11)<\/em><\/span>. \u00ab Toi, jeune, l\u00e8ve-toi, car le Seigneur veut te rendre utile, \u00e0 son service, aussi bien sur ton lieu de travail que pendant tes loisirs ! \u00bb Si nous posions \u00e0 J\u00e9sus la question : \u00ab Quel projet de vie pour les jeunes ? \u00bb, il nous r\u00e9pondrait : \u00ab C\u2019est de d\u00e9couvrir qui est Dieu le P\u00e8re et celui qu\u2019il a envoy\u00e9, \u00e0 savoir son Fils, J\u00e9sus-Christ. \u00bb Et il ajouterait : \u00ab Je suis venu pour donner aux humains, et aux jeunes en particulier, un projet de vie r\u00e9ussi, c\u2019est-\u00e0-dire la vie en abondance \u00bb. M\u00eame si les gens autour de nous se mettent \u00e0 appeler le mal bien et le bien mal, J\u00e9sus encourage le jeune croyant par ces paroles <span style=\"background-color: #add8e6;\"><em>(Ap 3.11) : <\/em><\/span><\/span><span style=\"background-color: #add8e6;\"><em><span style=\"color: #231f20;\">Je viens bient\u00f4t. Tiens ferme ce que tu as, afin que personne ne prenne ta couronne <\/span><\/em><\/span><span style=\"color: #231f20;\">(cf. aussi <span style=\"background-color: #add8e6;\"><em>1 Jn 2.14 et Ps 119.9<\/em><\/span>). <\/span><\/li>\n<\/ul>\n<p style=\"margin-bottom: 0cm; text-align: justify;\">\u00a0<\/p>\n<p style=\"margin-bottom: 0cm; text-align: center;\"><span style=\"color: #231f20;\">J-C.P. <\/span><\/p>\n<p style=\"margin-bottom: 0cm;\">\u00a0<\/p>\n<hr \/>\n<p>NOTE<\/p>\n<p>&nbsp;<\/p>\n<p style=\"margin-bottom: 0cm;\"><span style=\"color: #231f20;\"><strong>1.<\/strong> Eric Coggins, MBA en \u00abGlobal Management\u00bb, Professeur \u00e0 \u00abCalifornia Baptist University in Riverside\u00bb<\/span><\/p>\n","protected":false},"excerpt":{"rendered":"<p>Jeunes : quel avenir et quel projet de vie ? &nbsp; &nbsp; Par JEAN-CLAUDE PARLEBAS CHERCHEUR EN PHYSIQUE DES MAT\u00c9RIAUX AU CNRS, ANCIEN DE L\u2019\u00c9GLISE \u00ab LA BONNE NOUVELLE \u00bb DE STRASBOURG \u00a0 \u00a0 \u00a0 &nbsp; Y-a-t-il pour les jeunes des raisons d\u2019esp\u00e9rer dans ce monde si troubl\u00e9 ? Comment choisir un projet de vie [&hellip;]<\/p>\n","protected":false},"author":275,"featured_media":0,"comment_status":"closed","ping_status":"closed","sticky":false,"template":"","format":"standard","meta":{"footnotes":""},"categories":[6,50,11],"tags":[],"class_list":["post-7094","post","type-post","status-publish","format-standard","hentry","category-dieu","category-jeunesse","category-la-vie-du-chretien"],"_links":{"self":[{"href":"https:\/\/www.servir.caef.net\/index.php?rest_route=\/wp\/v2\/posts\/7094","targetHints":{"allow":["GET"]}}],"collection":[{"href":"https:\/\/www.servir.caef.net\/index.php?rest_route=\/wp\/v2\/posts"}],"about":[{"href":"https:\/\/www.servir.caef.net\/index.php?rest_route=\/wp\/v2\/types\/post"}],"author":[{"embeddable":true,"href":"https:\/\/www.servir.caef.net\/index.php?rest_route=\/wp\/v2\/users\/275"}],"replies":[{"embeddable":true,"href":"https:\/\/www.servir.caef.net\/index.php?rest_route=%2Fwp%2Fv2%2Fcomments&post=7094"}],"version-history":[{"count":0,"href":"https:\/\/www.servir.caef.net\/index.php?rest_route=\/wp\/v2\/posts\/7094\/revisions"}],"wp:attachment":[{"href":"https:\/\/www.servir.caef.net\/index.php?rest_route=%2Fwp%2Fv2%2Fmedia&parent=7094"}],"wp:term":[{"taxonomy":"category","embeddable":true,"href":"https:\/\/www.servir.caef.net\/index.php?rest_route=%2Fwp%2Fv2%2Fcategories&post=7094"},{"taxonomy":"post_tag","embeddable":true,"href":"https:\/\/www.servir.caef.net\/index.php?rest_route=%2Fwp%2Fv2%2Ftags&post=7094"}],"curies":[{"name":"wp","href":"https:\/\/api.w.org\/{rel}","templated":true}]}}