{"id":7097,"date":"2011-04-22T15:39:13","date_gmt":"2011-04-22T15:39:13","guid":{"rendered":"\/?p=7097"},"modified":"2017-05-17T10:20:20","modified_gmt":"2017-05-17T10:20:20","slug":"zoom-sur-la-jeunesse-2011","status":"publish","type":"post","link":"https:\/\/www.servir.caef.net\/?p=7097","title":{"rendered":"Zoom sur la jeunesse &#8211; 2011"},"content":{"rendered":"<h1 style=\"text-align: center;\"><span style=\"color: #ffa500;\">Zoom sur <br \/> <\/span><\/h1>\n<h1 style=\"margin-left: 320px; text-align: center;\"><span style=\"font-size: 28px;\"><span style=\"color: #ff0000;\">la jeunesse<\/span><\/span><\/h1>\n<h1 style=\"margin-left: 80px; text-align: center;\"><span style=\"font-size: 36px;\"><span style=\"color: #000080;\">2011 <br \/> <\/span><\/span><\/h1>\n<p>&nbsp;<\/p>\n<p><strong><span style=\"color: #b22222;\"><br \/> <a href=\"\/wp-content\/uploads\/2013\/04\/leabariteau.jpg\"><img loading=\"lazy\" decoding=\"async\" class=\"alignnone size-full wp-image-7098\" title=\"leabariteau\" src=\"\/wp-content\/uploads\/2013\/04\/leabariteau.jpg\" alt=\"\" width=\"75\" height=\"98\" align=\"left\" hspace=\"10\" vspace=\"10\" \/><\/a>L\u00c9A BARITEAU LUCZAK<\/span><\/strong><br \/> <a href=\"\/wp-content\/uploads\/2011\/04\/jeune3.jpg\"><img loading=\"lazy\" decoding=\"async\" class=\"alignnone size-full wp-image-7099\" title=\"jeune3\" src=\"\/wp-content\/uploads\/2011\/04\/jeune3.jpg\" alt=\"\" width=\"282\" height=\"455\" align=\"right\" hspace=\"5\" vspace=\"5\" \/><\/a><strong><span style=\"color: #b22222;\"> 24 ANS,<br \/> ANIMATRICE RADIO<br \/> POUR \u00ab PHARE FM \u00bb DANS LA<br \/> R\u00c9GION LYONNAISE<br \/> DEPUIS 4 ANS \u00bd<\/span><\/strong><\/p>\n<p>&nbsp;<\/p>\n<p>&nbsp;<\/p>\n<p style=\"text-align: justify;\"><strong><span style=\"color: #000080;\"><i>Ils c\u00f4toient les jeunes, semaine apr\u00e8s semaine, hors du contexte familial et scolaire et souhaitent avant tout les voir avancer toujours plus avec Dieu. Douze responsables de Groupes de Jeunes (GDJ) ont accept\u00e9 de r\u00e9pondre \u00e0 mes questions. Ils dressent un tableau tr\u00e8s color\u00e9 des adolescents et jeunes adultes de nos \u00c9glises. <\/i><\/span><\/strong><\/p>\n<p style=\"margin-bottom: 0cm; text-align: justify;\">\u00a0<\/p>\n<p style=\"margin-bottom: 0cm; text-align: justify;\">\u00a0<\/p>\n<h3><span style=\"color: #dce220;\">\u25a0 <\/span><span style=\"color: #000;\">Une jeunesse CONNECT\u00c9E<\/span><\/h3>\n<p style=\"margin-bottom: 0cm; text-align: justify;\">\u00a0<\/p>\n<p style=\"margin-bottom: 0cm; text-align: justify;\"><span style=\"color: #231f20;\">Toutes les personnes interrog\u00e9es l\u2019ont \u00e9voqu\u00e9, difficile de passer \u00e0 c\u00f4t\u00e9 ! Textos, MSN, Facebook, Twitter&#8230; les relations virtuelles font partie du quotidien des jeunes. Une inqui\u00e9tude pour certains responsables qui \u00e9voquent m\u00eame \u00ab une r\u00e9elle difficult\u00e9 \u00e0 vivre le pr\u00e9sent \u00bb, et une progressive perte de \u00ab connexion \u00e0 la r\u00e9alit\u00e9 \u00bb. <\/span><\/p>\n<p style=\"margin-bottom: 0cm; text-align: justify;\">\u00a0<\/p>\n<p style=\"margin-bottom: 0cm; text-align: justify;\">\u00a0<\/p>\n<h3><span style=\"color: #dce220;\">\u25a0 <\/span><span style=\"color: #231f20;\">Une jeunesse OCCUP\u00c9E <\/span><\/h3>\n<p style=\"margin-bottom: 0cm; text-align: justify;\">\u00a0<\/p>\n<p style=\"margin-bottom: 0cm; text-align: justify;\"><span style=\"color: #231f20;\">Entre \u00ab les emplois du temps de ministre \u00bb et \u00ab la fatigue \u00bb \u00e9voqu\u00e9s par les leaders jeunesse, il est clairement ressorti que le train de vie des adolescents et jeunes adultes est devenu plus rapide et plus rempli. Les semaines sont charg\u00e9es et stressantes pour beaucoup, avec les \u00e9tudes, les devoirs et les activit\u00e9s extrascolaires&#8230; Pour autant, le plaisir de participer au GDJ est \u00e9vident, m\u00eame \u00ab s\u2019ils doivent faire face \u00e0 une multitude d\u2019activit\u00e9s au quotidien qui rend plus difficile leur pr\u00e9sence le samedi soir \u00bb. <\/span><\/p>\n<p style=\"margin-bottom: 0cm; text-align: justify;\">\u00a0<\/p>\n<p style=\"margin-bottom: 0cm; text-align: justify;\"><!--more--><\/p>\n<h3><span style=\"color: #dce220;\">\u25a0 <\/span><span style=\"color: #231f20;\">Une jeunesse confront\u00e9e \u00e0 de nouvelles probl\u00e9matiques&#8230; (et aux anciennes aussi !) <\/span><\/h3>\n<p style=\"margin-bottom: 0cm; text-align: justify;\">\u00a0<\/p>\n<p style=\"margin-bottom: 0cm; text-align: justify;\"><span style=\"color: #231f20;\"><a href=\"\/wp-content\/uploads\/2011\/pdf2011\/Servir 2-2011 G\u00e9n\u00e9ration jeunes.pdf#page=17\" target=\"_blank\"><img loading=\"lazy\" decoding=\"async\" title=\"iconePDF\" src=\"\/wp-content\/uploads\/2011\/01\/iconePDF.jpg\" alt=\"\" width=\"81\" height=\"76\" align=\"right\" hspace=\"8\" vspace=\"8\" \/><\/a>L\u2019\u00e9mergence de l\u2019Islam, l\u2019homosexualit\u00e9 banalis\u00e9e, l\u2019avortement, les fr\u00e9quentations avec des non-chr\u00e9tiens (\u2026), autant de th\u00e8mes qui, selon les responsables de GDJ, reviennent de plus en plus souvent dans les questions pos\u00e9es par les jeunes. \u00ab Comment vivre une vie en accord avec l\u2019\u00c9vangile dans un monde qui est tant \u00e0 l\u2019inverse de ces valeurs ? \u00bb Un combat \u00e0 mener au quotidien avec une probl\u00e9matique dress\u00e9e en toile de fond : \u00ab La libert\u00e9 en Christ ; que puis-je et ne puis-je pas faire <\/span><span style=\"color: #231f20;\">en tant que chr\u00e9tien ? \u00bb <\/span><\/p>\n<p style=\"margin-bottom: 0cm; text-align: justify;\">\u00a0<\/p>\n<p style=\"margin-bottom: 0cm; text-align: justify;\">\u00a0<\/p>\n<h3><span style=\"color: #a8aaad;\">\u25a0 <\/span><span style=\"color: #231f20;\">Un positionnement d\u00e9licat <\/span><\/h3>\n<p style=\"margin-bottom: 0cm; text-align: justify;\">\u00a0<\/p>\n<p style=\"margin-bottom: 0cm; text-align: justify;\"><span style=\"color: #231f20;\">M\u00eame si la plupart des jeunes qui viennent r\u00e9guli\u00e8rement au GDJ ont clairement choisi de suivre J\u00e9sus et souhaitent pers\u00e9v\u00e9rer dans leur marche avec lui, rares sont les GDJ compos\u00e9s uniquement de chr\u00e9tiens convaincus et engag\u00e9s. Les leaders \u00e9voquent une prise de position qui reste floue pour certains, une recherche active de la v\u00e9rit\u00e9 pour d\u2019autres. Le GDJ les aide cependant dans leur positionnement, \u00e0 vivre la tension entre le \u00ab monde \u00bb et \u00ab l\u2019\u00c9glise \u00bb. <\/span><\/p>\n<p style=\"margin-bottom: 0cm; text-align: justify;\">\u00a0<\/p>\n<p style=\"margin-bottom: 0cm; text-align: justify;\">\u00a0<\/p>\n<h3><span style=\"color: #a8aaad;\">\u25a0 <\/span><span style=\"color: #231f20;\">Les grands \u00e9v\u00e9nements chr\u00e9tiens, des d\u00e9clics ? <\/span><\/h3>\n<p style=\"margin-bottom: 0cm; text-align: justify;\">\u00a0<\/p>\n<p style=\"margin-bottom: 0cm; text-align: justify;\"><span style=\"color: #231f20;\">L\u00e0 encore, une \u00e9vidence est ressortie lors de ces interviews : celle de l\u2019importance des \u00e9v\u00e9nements chr\u00e9tiens dans la conversion des jeunes. Selon Mathias d\u2019Amiens : \u00ab Les jeunes du GDJ qui viennent d\u2019une famille chr\u00e9tienne \u00e9voquent quasiment tous une de ces rencontres dans leur t\u00e9moignage. \u00bb Une source d\u2019encouragement pour eux, ils se sentent moins seuls&#8230; Le d\u00e9fi est, par la suite, de les accompagner dans une marche quotidienne avec Dieu, dans la pers\u00e9v\u00e9rance. <\/span><\/p>\n<p style=\"margin-bottom: 0cm; text-align: justify;\">\u00a0<\/p>\n<hr \/>\n<h3>\u00a0<\/h3>\n<p style=\"text-align: justify;\"><strong><span style=\"color: #000080;\"><i>L\u2019importance des \u00e9v\u00e9nements jeunesse chr\u00e9tiens dans la vie des jeunes semblait tellement \u00e9vidente lors de cette interview, que j\u2019ai voulu en savoir plus ! <\/i><\/span><\/strong><\/p>\n<p style=\"text-align: justify;\"><strong><span style=\"color: #000080;\"><i>Josiane NGONGANG a 28 ans, elle est membre de l\u2019\u00c9glise \u00e9vang\u00e9lique de l\u2019Oasis \u00e0 V\u00e9nissieux et travaille en tant qu\u2019ing\u00e9nieur en t\u00e9l\u00e9communications. <\/i><\/span><\/strong><\/p>\n<p>&nbsp;<\/p>\n<p>&nbsp;<\/p>\n<h3 style=\"text-align: justify;\"><span style=\"color: #a8aaad;\"><img loading=\"lazy\" decoding=\"async\" class=\"alignnone  wp-image-8165\" src=\"\/wp-content\/uploads\/2014\/04\/dialogue1.jpg\" alt=\"dialogue1\" width=\"64\" height=\"69\" \/>\u25a0 <\/span><span style=\"color: #231f20;\">Josiane, tu as \u00e9t\u00e9 pendant longtemps responsable de groupe de jeunes \u00e0 Lille, au sein des GBU et dans la banlieue lyonnaise. Depuis quelques ann\u00e9es, tu fais partie de l\u2019\u00e9quipe de TeenStreet. Peux-tu d\u00e9crire cet \u00e9v\u00e9nement ? <\/span><\/h3>\n<p style=\"margin-bottom: 0cm; text-align: justify;\">\u00a0<\/p>\n<p style=\"margin-bottom: 0cm; text-align: justify;\"><span style=\"color: #231f20;\">TeensStreet est un camp international d\u2019une semaine pour les 13-17 ans qui a lieu tous les \u00e9t\u00e9s en Allemagne. La vision est d\u2019\u00e9quiper les adolescents pour une vie \u00e0 100 % avec Dieu, qu\u2019ils le connaissent et vivent pour lui toute l\u2019ann\u00e9e. Organis\u00e9 par Op\u00e9ration Mobilisation depuis un peu plus de 15 ans, TeenStreet r\u00e9unit entre 3000 et 4000 personnes. Le temps est r\u00e9parti entre l\u2019\u00e9tude de la Bible (soit en petit groupe avec un animateur, soit seul), des messages et de la louange en r\u00e9union pl\u00e9ni\u00e8re. Il y a aussi pas mal de temps libre pour se d\u00e9tendre. <\/span><\/p>\n<p style=\"margin-bottom: 0cm; text-align: justify;\">\u00a0<\/p>\n<p style=\"margin-bottom: 0cm; text-align: justify;\">\u00a0<\/p>\n<h3><span style=\"color: #a8aaad;\"><img loading=\"lazy\" decoding=\"async\" class=\"alignnone  wp-image-8165\" src=\"\/wp-content\/uploads\/2014\/04\/dialogue1.jpg\" alt=\"dialogue1\" width=\"64\" height=\"69\" \/>\u25a0 <\/span><span style=\"color: #231f20;\">Penses-tu que c\u2019est important pour les jeunes de se retrouver lors de ces \u00e9v\u00e9nements ? <\/span><\/h3>\n<p style=\"margin-bottom: 0cm; text-align: justify;\">\u00a0<\/p>\n<p style=\"margin-bottom: 0cm; text-align: justify;\"><span style=\"color: #231f20;\">Oui, je pense que \u00e7a peut vraiment \u00eatre un moment sp\u00e9cial pour eux en termes de relations. Ils passent pas mal de temps avec leur petit groupe et c\u2019est l\u2019occasion d\u2019approfondir des relations avec d\u2019autres jeunes Fran\u00e7ais qui vivent les m\u00eames r\u00e9alit\u00e9s. Nous les encourageons \u00e0 garder contact dans l\u2019ann\u00e9e, et \u00e0 chercher \u00e0 se revoir ou prier les uns pour les autres. <\/span><\/p>\n<p style=\"margin-bottom: 0cm; text-align: justify;\">\u00a0<\/p>\n<p style=\"margin-bottom: 0cm; text-align: justify;\">\u00a0<\/p>\n<h3 style=\"text-align: justify;\"><span style=\"color: #a8aaad;\"><img loading=\"lazy\" decoding=\"async\" class=\"alignnone  wp-image-8165\" src=\"\/wp-content\/uploads\/2014\/04\/dialogue1.jpg\" alt=\"dialogue1\" width=\"64\" height=\"69\" \/>\u25a0 <\/span><span style=\"color: #231f20;\">Qu\u2019est-ce qui ressort de leur temps pass\u00e9 l\u00e0-bas, et pourquoi conseillerais-tu aux jeunes de participer \u00e0 un \u00e9v\u00e9nement tel que P\u00e2ques \u00e0 l\u2019IBG, Mad in France, TeenStreet, Pentec\u00f4te, CFB, D\u00e9fi-toi, etc. ? <\/span><\/h3>\n<p style=\"margin-bottom: 0cm; text-align: justify;\">\u00a0<\/p>\n<p style=\"margin-bottom: 0cm; text-align: justify;\"><span style=\"color: #231f20;\">Les r\u00e9sultats sont super ! Suite \u00e0 TeenStreet, ils d\u00e9cident de se faire baptiser, demandent pardon \u00e0 Dieu pour leur p\u00e9ch\u00e9 et veulent vivre pour lui. D\u2019autres s\u2019engagent dans le service au sein de leur \u00c9glise locale ou comme volontaires pour encadrer les jeunes. Nous souhaitons vraiment que TS soit plus qu\u2019une semaine dans l\u2019ann\u00e9e ! Nous voulons voir ces jeunes briller pour Dieu toute l\u2019ann\u00e9e, le louer, le servir, l\u2019aimer et aimer les autres partout o\u00f9 ils sont. <\/span><\/p>\n<p style=\"margin-bottom: 0cm; text-align: justify;\">\u00a0<\/p>\n<hr \/>\n<p style=\"margin-bottom: 0cm; text-align: justify;\"><span style=\"color: #000080;\"><br \/> <\/span><\/p>\n<p style=\"text-align: justify;\"><strong><span style=\"color: #000080;\"><i>Aurore REDIGER travaille de l\u2019autre c\u00f4t\u00e9 du miroir, elle c\u00f4toie et accompagne les jeunes que vos enfants fr\u00e9quentent \u00e0 l\u2019\u00e9cole ou \u00e0 l\u2019universit\u00e9. L\u2019occasion pour nous d\u2019en savoir plus sur ce que vit cette \u00ab nouvelle g\u00e9n\u00e9ration \u00bb. <\/i><\/span><\/strong><\/p>\n<p style=\"margin-bottom: 0cm; text-align: justify;\">\u00a0<\/p>\n<p>&nbsp;<\/p>\n<h3 style=\"text-align: justify;\"><span style=\"color: #a8aaad;\"><img loading=\"lazy\" decoding=\"async\" class=\"alignnone  wp-image-8165\" src=\"\/wp-content\/uploads\/2014\/04\/dialogue1.jpg\" alt=\"dialogue1\" width=\"64\" height=\"69\" \/>\u25a0<span style=\"display: none;\">\u00a0<\/span><\/span><span style=\"color: #231f20;\">Apr\u00e8s 4 ans de formation \u00e0 l\u2019IBG<span style=\"display: none;\">\u00a0<\/span> et <\/span><span style=\"color: #231f20;\">une ann\u00e9e \u00e0 l\u2019\u00e9tranger, peux-tu d\u00e9crire en quelques mots en quoi consistent les deux mi-temps que tu occupes ? <\/span><\/h3>\n<p style=\"margin-bottom: 0cm; text-align: justify;\">\u00a0<\/p>\n<p style=\"margin-bottom: 0cm; text-align: justify;\"><span style=\"color: #231f20;\">Embauch\u00e9e au lyc\u00e9e agricole de Valdoie, 2 jours par semaine, je \u00ab surveille \u00bb 74 filles \u00e2g\u00e9es de 15 \u00e0 22 ans. Je les aide pour leurs devoirs, je les accompagne \u00e0 la cantine, je suis pr\u00e9sente pour leurs moments de d\u00e9tente et surtout pour les \u00e9couter. J\u2019exerce aussi comme pasteur des jeunes pour les deux \u00e9glises mennonites d\u2019Altkirch et du Birkenhof. <\/span><\/p>\n<p style=\"margin-bottom: 0cm; text-align: justify;\">\u00a0<\/p>\n<p>&nbsp;<\/p>\n<h3 style=\"text-align: justify;\"><span style=\"color: #a8aaad;\"><img loading=\"lazy\" decoding=\"async\" class=\"alignnone  wp-image-8165\" src=\"\/wp-content\/uploads\/2014\/04\/dialogue1.jpg\" alt=\"dialogue1\" width=\"64\" height=\"69\" \/>\u25a0 <\/span><span style=\"color: #231f20;\">J\u2019imagine que les jeunes filles de l\u2019internat t\u2019ouvrent souvent leur coeur. Comment vis-tu ce r\u00f4le de confidente et conseill\u00e8re aupr\u00e8s d\u2019elles ? As-tu le droit de leur partager ta foi ? <\/span><\/h3>\n<p style=\"margin-bottom: 0cm; text-align: justify;\">\u00a0<\/p>\n<p style=\"margin-bottom: 0cm; text-align: justify;\"><span style=\"color: #231f20;\">Je suis \u00e9ducatrice sp\u00e9cialis\u00e9e de formation, cela m\u2019aide pour mieux entourer ces filles et tout le monde sait que je suis pasteur des jeunes dans une \u00e9glise. Je n\u2019ai pas le droit de partager ma foi de moi-m\u00eame, mais r\u00e9pondre aux questions que les filles posent sur ma foi : oui ! J\u2019ai vraiment le privil\u00e8ge d\u2019avoir la confiance des filles et souvent le soir, avant d\u2019aller se coucher, l\u2019une ou l\u2019autre vient s\u2019asseoir sur mon lit pour me parler. Je suis reconnaissante que Dieu m\u2019ait plac\u00e9e l\u00e0 pour pouvoir parler de son amour \u00e0 ces jeunes filles d\u00e9j\u00e0 terriblement bless\u00e9es par la vie. <\/span><\/p>\n<p style=\"margin-bottom: 0cm; text-align: justify;\">\u00a0<\/p>\n<p>&nbsp;<\/p>\n<h3 style=\"text-align: justify;\"><span style=\"color: #a8aaad;\"><img loading=\"lazy\" decoding=\"async\" class=\"alignnone  wp-image-8165\" src=\"\/wp-content\/uploads\/2014\/04\/dialogue1.jpg\" alt=\"dialogue1\" width=\"64\" height=\"69\" \/>\u25a0 <\/span><span style=\"color: #231f20;\">Selon toi, \u00e0 quoi ressemble le quotidien de ces jeunes ? Quelles sont pour toi les difficult\u00e9s qu\u2019elles rencontrent, leurs combats ? <\/span><\/h3>\n<p style=\"margin-bottom: 0cm; text-align: justify;\">\u00a0<\/p>\n<p style=\"margin-bottom: 0cm; text-align: justify;\"><span style=\"color: #231f20;\">Mis \u00e0 part l\u2019envoi de SMS derri\u00e8re le dos du prof, c\u2019est l\u2019\u00e9chec scolaire et l\u2019absence de but dans la vie. Le \u00ab matage \u00bb ou la \u00ab collection \u00bb des gar\u00e7ons (ou des filles), avec ce besoin d\u2019\u00eatre aim\u00e9. D\u00e9passer les limites sans se faire prendre (alcool, drogue, destruction, vol&#8230;), l\u2019omnipr\u00e9sence de l\u2019\u00e9cran ou du babyfoot durant le temps libre. Rares sont celles qui passent un coup de fil \u00e0 la maison, car, \u00ab les parents, \u00e7a sert \u00e0 quoi au fait ? \u00bb <\/span><\/p>\n<p style=\"margin-bottom: 0cm; text-align: justify;\">\u00a0<\/p>\n<p>&nbsp;<\/p>\n<h3><span style=\"color: #a8aaad;\"><img loading=\"lazy\" decoding=\"async\" class=\"alignnone  wp-image-8165\" src=\"\/wp-content\/uploads\/2014\/04\/dialogue1.jpg\" alt=\"dialogue1\" width=\"64\" height=\"69\" \/>\u25a0 <\/span><span style=\"color: #231f20;\">Quelle est la question qui revient le plus souvent ? <\/span><\/h3>\n<p style=\"margin-bottom: 0cm; text-align: justify;\">\u00a0<\/p>\n<p style=\"margin-bottom: 0cm; text-align: justify;\"><span style=\"color: #231f20;\">Leurs questions profondes tournent autour de l\u2019avenir qui \u00e0 leurs yeux parait si noir. Suite au suicide d\u2019une jeune fille de 16 ans, j\u2019ai eu des discussions plus profondes avec les jeunes de l\u2019internat qu\u2019avec les jeunes du GDJ qui sont dans le lyc\u00e9e. Plusieurs filles m\u2019ont pos\u00e9 la m\u00eame question r\u00e9currente : \u00ab c\u2019est quoi, le sens de la vie ? \u00bb Les filles font des crises d\u2019angoisse, pleurent, d\u00e9priment \u00e0 cause de relations bris\u00e9es, tant sentimentales que familiales. <\/span><\/p>\n<p style=\"margin-bottom: 0cm; text-align: justify;\">\u00a0<\/p>\n<p style=\"margin-bottom: 0cm; text-align: justify;\">\u00a0<\/p>\n<h3><span style=\"color: #a8aaad;\"><img loading=\"lazy\" decoding=\"async\" class=\"alignnone  wp-image-8165\" src=\"\/wp-content\/uploads\/2014\/04\/dialogue1.jpg\" alt=\"dialogue1\" width=\"64\" height=\"69\" \/>\u25a0 <\/span><span style=\"color: #231f20;\">\u00c0 quoi aspirent ces jeunes ? <\/span><\/h3>\n<p style=\"margin-bottom: 0cm; text-align: justify;\">\u00a0<\/p>\n<p style=\"margin-bottom: 0cm; text-align: justify;\"><span style=\"color: #231f20;\">Je crois qu\u2019ils ne veulent pas se l\u2019avouer, mais ils aspirent \u00e0 trouver un sens profond \u00e0 leurs vies. Ils aspirent \u00e0 la libert\u00e9, \u00ab Fais tout ce qui te plaira \u00bb, et \u00e0 l\u2019ind\u00e9pendance : \u00ab Ce que je veux, quand et comme je veux \u00bb. Les filles plus \u00e2g\u00e9es me disent qu\u2019elles aspirent \u00e0 s\u2019installer enfin avec leur copain et \u00e0 trouver du travail, ce qui signifie pour elles la r\u00e9ussite. <\/span><\/p>\n<p style=\"margin-bottom: 0cm; text-align: justify;\">\u00a0<\/p>\n<p>&nbsp;<\/p>\n<h3><span style=\"color: #a8aaad;\"><img loading=\"lazy\" decoding=\"async\" class=\"alignnone  wp-image-8165\" src=\"\/wp-content\/uploads\/2014\/04\/dialogue1.jpg\" alt=\"dialogue1\" width=\"64\" height=\"69\" \/>\u25a0 <\/span><span style=\"color: #231f20;\">En quoi ce travail de surveillante t\u2019aide-t-il dans ton minist\u00e8re aupr\u00e8s des jeunes de l\u2019\u00c9glise ? <\/span><\/h3>\n<p style=\"margin-bottom: 0cm; text-align: justify;\">\u00a0<\/p>\n<p style=\"margin-bottom: 0cm; text-align: justify;\"><span style=\"color: #231f20;\">Cela m\u2019aide \u00e0 r\u00e9ellement comprendre dans quel univers les jeunes de l\u2019\u00c9glise passent la majorit\u00e9 de leur temps. L\u2019autre jour, un gar\u00e7on du GDJ m\u2019a dit : \u00ab Dis-moi comment ne pas c\u00e9der et sortir avec une non-chr\u00e9tienne alors que je les c\u00f4toie 6 jours sur 7 ? \u00bb Je peux mieux comprendre leurs luttes et leurs combats au quotidien. <\/span><\/p>\n<p style=\"margin-bottom: 0cm; text-align: justify;\">\u00a0<\/p>\n<p style=\"margin-bottom: 0cm; text-align: center;\"><span style=\"color: #231f20;\">L.B-L. <\/span><\/p>\n","protected":false},"excerpt":{"rendered":"<p>Zoom sur la jeunesse 2011 &nbsp; L\u00c9A BARITEAU LUCZAK 24 ANS, ANIMATRICE RADIO POUR \u00ab PHARE FM \u00bb DANS LA R\u00c9GION LYONNAISE DEPUIS 4 ANS \u00bd &nbsp; &nbsp; Ils c\u00f4toient les jeunes, semaine apr\u00e8s semaine, hors du contexte familial et scolaire et souhaitent avant tout les voir avancer toujours plus avec Dieu. Douze responsables de [&hellip;]<\/p>\n","protected":false},"author":64,"featured_media":0,"comment_status":"closed","ping_status":"closed","sticky":false,"template":"","format":"standard","meta":{"footnotes":""},"categories":[50,33,13],"tags":[],"class_list":["post-7097","post","type-post","status-publish","format-standard","hentry","category-jeunesse","category-temoignages","category-la-vie-de-leglise"],"_links":{"self":[{"href":"https:\/\/www.servir.caef.net\/index.php?rest_route=\/wp\/v2\/posts\/7097","targetHints":{"allow":["GET"]}}],"collection":[{"href":"https:\/\/www.servir.caef.net\/index.php?rest_route=\/wp\/v2\/posts"}],"about":[{"href":"https:\/\/www.servir.caef.net\/index.php?rest_route=\/wp\/v2\/types\/post"}],"author":[{"embeddable":true,"href":"https:\/\/www.servir.caef.net\/index.php?rest_route=\/wp\/v2\/users\/64"}],"replies":[{"embeddable":true,"href":"https:\/\/www.servir.caef.net\/index.php?rest_route=%2Fwp%2Fv2%2Fcomments&post=7097"}],"version-history":[{"count":0,"href":"https:\/\/www.servir.caef.net\/index.php?rest_route=\/wp\/v2\/posts\/7097\/revisions"}],"wp:attachment":[{"href":"https:\/\/www.servir.caef.net\/index.php?rest_route=%2Fwp%2Fv2%2Fmedia&parent=7097"}],"wp:term":[{"taxonomy":"category","embeddable":true,"href":"https:\/\/www.servir.caef.net\/index.php?rest_route=%2Fwp%2Fv2%2Fcategories&post=7097"},{"taxonomy":"post_tag","embeddable":true,"href":"https:\/\/www.servir.caef.net\/index.php?rest_route=%2Fwp%2Fv2%2Ftags&post=7097"}],"curies":[{"name":"wp","href":"https:\/\/api.w.org\/{rel}","templated":true}]}}