{"id":7100,"date":"2011-04-23T08:45:07","date_gmt":"2011-04-23T08:45:07","guid":{"rendered":"\/?p=7100"},"modified":"2017-05-17T10:25:19","modified_gmt":"2017-05-17T10:25:19","slug":"paroles-de-jeunes","status":"publish","type":"post","link":"https:\/\/www.servir.caef.net\/?p=7100","title":{"rendered":"Paroles de jeunes"},"content":{"rendered":"<h1 style=\"text-align: center;\"><img loading=\"lazy\" decoding=\"async\" class=\"alignnone size-full wp-image-2645\" src=\"\/wp-content\/uploads\/2011\/05\/Temoignage.jpg\" alt=\"Temoignage\" width=\"390\" height=\"36\" srcset=\"https:\/\/www.servir.caef.net\/wp-content\/uploads\/2011\/05\/Temoignage.jpg 390w, https:\/\/www.servir.caef.net\/wp-content\/uploads\/2011\/05\/Temoignage-300x27.jpg 300w\" sizes=\"auto, (max-width: 390px) 100vw, 390px\" \/><\/h1>\n<h1 style=\"text-align: center;\">\u00a0<\/h1>\n<h1 style=\"text-align: center;\">Paroles de jeunes<\/h1>\n<p>&nbsp;<\/p>\n<p>&nbsp;<\/p>\n<p><span style=\"font-size: 16px;\"><span style=\"color: #b22222;\"><strong>Par Marie-Christine Fave<br \/> <\/strong><\/span><\/span><\/p>\n<p>&nbsp;<\/p>\n<p><a href=\"\/wp-content\/uploads\/2009\/06\/M.C.Fave_.jpg\"><img loading=\"lazy\" decoding=\"async\" class=\"alignnone size-full wp-image-1076\" title=\"M.C.Fave\" src=\"\/wp-content\/uploads\/2009\/06\/M.C.Fave_.jpg\" alt=\"\" width=\"113\" height=\"147\" align=\"left\" hspace=\"10\" vspace=\"10\" \/><\/a><\/p>\n<p style=\"margin-bottom: 0cm;\" align=\"LEFT\"><a href=\"\/wp-content\/uploads\/2013\/04\/jeune4.jpg\"><img loading=\"lazy\" decoding=\"async\" class=\"alignnone size-full wp-image-7101\" title=\"jeune4\" src=\"\/wp-content\/uploads\/2013\/04\/jeune4.jpg\" alt=\"\" width=\"238\" height=\"661\" align=\"right\" hspace=\"10\" vspace=\"10\" srcset=\"https:\/\/www.servir.caef.net\/wp-content\/uploads\/2013\/04\/jeune4.jpg 238w, https:\/\/www.servir.caef.net\/wp-content\/uploads\/2013\/04\/jeune4-108x300.jpg 108w\" sizes=\"auto, (max-width: 238px) 100vw, 238px\" \/><\/a><\/p>\n<p>&nbsp;<\/p>\n<p style=\"margin-bottom: 0cm; text-align: justify;\"><strong><span style=\"font-size: small;\">Ils s\u2019appellent D\u00e9rek, Thibaut, Jean David, Natana, Rapha\u00ebl ainsi que Yasmine, Cl\u00e9mentine, Naomi, D\u00e9bora, Priscilla, Anouck, Jennifer et Aur\u00e9lie. Ils viennent des Alpes, de l\u2019Alsace, du Sud ou du Nord de la France, et m\u00eame de Madagascar. Ils font part de leurs r\u00e9flexions et de quelques pages de leur vie. Un grand merci \u00e0 chacun pour ces partages \u00e0 coeur ouvert.<\/span><br \/> <\/strong><\/p>\n<p style=\"margin-bottom: 0cm; text-align: justify;\">\u00a0<\/p>\n<p style=\"margin-bottom: 0cm; text-align: justify;\">\u00a0<\/p>\n<h2><span style=\"color: #008080;\"><em>D\u2019abord, qu\u2019est-ce qui t\u2019a aid\u00e9 dans ta vie chr\u00e9tienne ? <br \/> <\/em><\/span><\/h2>\n<p style=\"margin-bottom: 0cm; text-align: justify;\">\u00a0<\/p>\n<p style=\"margin-bottom: 0cm; text-align: justify;\"><span style=\"color: #231f20;\">\u00ab Les camps, r\u00e9pond spontan\u00e9ment Aur\u00e9lie. On est avec des amis chr\u00e9tiens, on partage vraiment, on se sent bien. \u00bb <\/span><\/p>\n<p style=\"margin-bottom: 0cm; text-align: justify;\">\u00a0<\/p>\n<h3><span style=\"color: #0000cd;\">Des amis chr\u00e9tiens <br \/> <\/span><\/h3>\n<p style=\"margin-bottom: 0cm; text-align: justify;\">\u00a0<\/p>\n<p style=\"margin-bottom: 0cm; text-align: justify;\"><span style=\"color: #231f20;\">\u00ab C\u2019est super de parler ensemble : on a les m\u00eames questions, les m\u00eames probl\u00e8mes, ajoute Thibaut. Comme je ne voyais pas beaucoup de chr\u00e9tiens de mon \u00e2ge dans l\u2019ann\u00e9e, les camps chr\u00e9tiens ont \u00e9t\u00e9 pour moi une mine d\u2019or. \u00bb Pour Priscilla, c\u2019est le groupe de jeunes (GDJ) qui l\u2019a aid\u00e9e. Cependant, la raison est<\/span>similaire : \u00ab avoir des amis qui vivent les m\u00eames choses. \u00bb Et \u00ab dans mon GDJ, souligne Jennifer, on se soutenait, on grandissait ensemble dans la foi. \u00bb<\/p>\n<p style=\"margin-bottom: 0cm; text-align: justify;\">\u00a0<\/p>\n<h3><span style=\"color: #0000cd;\">Des mod\u00e8les qui donnent envie <br \/> <\/span><\/h3>\n<p style=\"margin-bottom: 0cm; text-align: justify;\">\u00a0<\/p>\n<p style=\"margin-bottom: 0cm; text-align: justify;\">La majorit\u00e9 des r\u00e9ponses concernent l\u2019impact laiss\u00e9 par des personnes (amis, exemples).<\/p>\n<p style=\"margin-bottom: 0cm; text-align: justify;\">Ce qui m\u2019a aid\u00e9, c\u2019est :<\/p>\n<p style=\"margin-bottom: 0cm; text-align: justify;\"><span style=\"font-size: small;\">\u2022 Le soutien de mes parents, leur encouragement. (Cl\u00e9mentine) <\/span><\/p>\n<p style=\"margin-bottom: 0cm; text-align: justify;\"><span style=\"font-size: small;\">\u2022 Ma famille, mes parents par leur exemple, leur t\u00e9moignage dans la vie quotidienne. (Naomi) <\/span><\/p>\n<p style=\"margin-bottom: 0cm; text-align: justify;\"><span style=\"font-size: small;\">\u2022 Mes parents, mes grands fr\u00e8res et soeurs, des gens que je regardais en pensant : j\u2019ai envie d\u2019\u00eatre comme cela. Quand je vois ces bons mod\u00e8les, je me dis que je suis en chemin pour devenir comme eux. (Jennifer) <\/span><\/p>\n<p style=\"margin-bottom: 0cm; text-align: justify;\"><span style=\"font-size: small;\">\u2022 L\u2019exemple de fr\u00e8res jeunes qui vivent leur foi dans la simplicit\u00e9. (D\u00e9rek) <\/span><\/p>\n<p style=\"margin-bottom: 0cm; text-align: justify;\"><span style=\"font-size: small;\">\u2022 De bonnes influences, des personnes assez proches pour me dire quand ce que je fais n\u2019est pas acceptable. (Priscilla) <\/span><\/p>\n<p style=\"margin-bottom: 0cm; text-align: justify;\">\u00a0<\/p>\n<p style=\"margin-bottom: 0cm; text-align: justify;\"><!--more--><\/p>\n<table style=\"width: 200px;\" border=\"1\" cellspacing=\"5\" cellpadding=\"5\">\n<tbody>\n<tr>\n<td bgcolor=\"blue\">\n<h3 style=\"text-align: justify;\"><span style=\"color: #fff;\"><span style=\"font-size: small;\"><i><b>\u00abCe qui m\u2019a aid\u00e9, c\u2019est de voir la passion de Dieu chez quelqu\u2019un. \u00bb <\/b><\/i><\/span><\/span><\/h3>\n<\/td>\n<\/tr>\n<\/tbody>\n<\/table>\n<p>&nbsp;<\/p>\n<h3><span style=\"color: #0000cd;\">Le v\u00e9cu <br \/> <\/span><\/h3>\n<p style=\"margin-bottom: 0cm; text-align: justify;\">\u00a0<\/p>\n<p style=\"margin-bottom: 0cm; text-align: justify;\"><a href=\"\/wp-content\/uploads\/2011\/pdf2011\/Servir 2-2011 G\u00e9n\u00e9ration jeunes.pdf#page=20\" target=\"_blank\"><img loading=\"lazy\" decoding=\"async\" title=\"iconePDF\" src=\"\/wp-content\/uploads\/2011\/01\/iconePDF.jpg\" alt=\"\" width=\"81\" height=\"76\" align=\"right\" hspace=\"8\" vspace=\"8\" \/><\/a>\u00ab J\u2019ai grandi au Maroc, explique Yasmine. Je me suis retrouv\u00e9e toute seule en venant faire mes \u00e9tudes. Cela m\u2019a pouss\u00e9e \u00e0 d\u00e9pendre de Dieu, \u00e0 lui faire davantage confiance. \u00bb De son c\u00f4t\u00e9, Jean David confie : \u00ab Ce qui m\u2019a aid\u00e9, c\u2019est de ne jamais \u00eatre seul, de savoir que Dieu est l\u00e0. \u00bb Pour Rapha\u00ebl, ce qui a compt\u00e9, ce sont les formations, ces temps mis \u00e0 part. Il a particip\u00e9 \u00e0 2 micromissions humanitaires et spirituelles. Elles restent pour lui des exp\u00e9riences tr\u00e8s enrichissantes. Quant \u00e0 Jennifer, l\u2019\u00e9t\u00e9 dernier, elle se dirige vers l\u2019Albanie dans le cadre d\u2019une courte mission. Et l\u00e0, en observant le GDJ engag\u00e9 dans l\u2019\u00c9glise, elle est interpell\u00e9e personnellement : \u00ab J\u2019allais \u00e0 l\u2019\u00c9glise, mais je n\u2019\u00e9tais pas forc\u00e9ment impliqu\u00e9e. Maintenant, je suis engag\u00e9e \u00e0 l\u2019\u00e9cole du dimanche et j\u2019essaye d\u2019apprendre \u00e0 conna\u00eetre les nouvelles personnes \u00e0 l\u2019\u00c9glise. M\u00eame si je suis ado, je suis responsable face aux filles plus jeunes. \u00bb<\/p>\n<p style=\"margin-bottom: 0cm; text-align: justify;\">\u00a0<\/p>\n<p style=\"margin-bottom: 0cm; text-align: justify;\">\u00a0<\/p>\n<h2><em><span style=\"color: #008080;\">Moi et l\u2019\u00c9glise\u2026 R\u00e9flexions ouvertes <br \/> <\/span><\/em><\/h2>\n<p style=\"margin-bottom: 0cm; text-align: justify;\">\u00a0<\/p>\n<p style=\"margin-bottom: 0cm; text-align: justify;\"><span style=\"font-size: small;\">Rapha\u00ebl et Natana constatent eux aussi une \u00e9volution personnelle. \u00ab Quand j\u2019\u00e9tais petit, je ne connaissais pas vraiment les gens, reconna\u00eet Rapha\u00ebl. Alors l\u2019\u00c9glise me paraissait distante. \u00bb Et Natana de compl\u00e9ter : \u00ab On ne se sentait pas vraiment concern\u00e9s. On ne savait pas pourquoi on allait \u00e0 l\u2019\u00c9glise. Maintenant, je n\u2019ai plus d\u2019obligation des parents (ils sont loin). C\u2019est \u00e0 moi de choisir et je le vis comme un engagement envers Dieu. \u00bb <\/span><\/p>\n<p style=\"margin-bottom: 0cm; text-align: justify;\">\u00a0<\/p>\n<h3><span style=\"color: #0000cd;\">Se sentir \u00e0 l\u2019aise, int\u00e9gr\u00e9 ? <br \/> <\/span><\/h3>\n<p style=\"margin-bottom: 0cm; text-align: justify;\">\u00a0<\/p>\n<p style=\"margin-bottom: 0cm; text-align: justify;\">\u00ab Cela d\u00e9pend du chemin parcouru avec Dieu, affirme Jonathan. Quand j\u2019avais entre 12 et 15 ans, je ne me sentais pas inclus dans l\u2019\u00c9glise. J\u2019avais l\u2019impression que les autres \u00e9taient des extraterrestres. Quand on avance avec le Seigneur, on s\u2019incorpore tout naturellement \u00e0 l\u2019\u00c9glise. \u00bb \u00ab On se sent \u00e0 l\u2019aise quand on s\u2019implique, quand on n\u2019est pas simplement spectateur \u00bb, ajoute Yasmine. Un avis repris par :<\/p>\n<p style=\"margin-bottom: 0cm; text-align: justify;\"><span style=\"color: #231f20;\">\u2022 <\/span><span style=\"font-size: small;\">D\u00e9bora : Je fais partie d\u2019un groupe de musique r\u00e9gional. Cela m\u2019a permis de m\u2019int\u00e9grer et cela me fait plaisir de voir que je peux apporter quelque chose. <\/span><\/p>\n<p style=\"margin-bottom: 0cm; text-align: justify;\"><span style=\"font-size: small;\">\u2022 Thibaut : M\u2019investir dans la louange a favoris\u00e9 des liens plus \u00e9troits et mon int\u00e9gration. Je ne suis plus spectateur au culte, mais acteur. Le service pour Dieu devient concret. <\/span><\/p>\n<p style=\"margin-bottom: 0cm; text-align: justify;\">\u00a0<\/p>\n<p style=\"margin-bottom: 0cm; text-align: justify;\"><span style=\"font-size: small;\">La plupart des jeunes interview\u00e9s ont affirm\u00e9 se sentir \u00e0 l\u2019aise dans leur \u00c9glise. Selon D\u00e9rek, qui a visit\u00e9 et fr\u00e9quent\u00e9 plusieurs \u00c9glises, \u00ab on n\u2019est pas du tout dans la mentalit\u00e9 : les jeunes au fond ! J\u2019ai l\u2019impression que nous sommes pris en compte en tant qu\u2019adultes. \u00bb<\/span><\/p>\n<p>&nbsp;<\/p>\n<h3><span style=\"color: #0000cd;\">Paroles d\u2019\u00e9tudiants <br \/> <\/span><\/h3>\n<p style=\"margin-bottom: 0cm; text-align: justify;\">\u00a0<\/p>\n<p style=\"margin-bottom: 0cm; text-align: justify;\"><span style=\"font-size: small;\">D\u2019apr\u00e8s Rapha\u00ebl et Jean David, \u00ab une vie d\u2019\u00c9glise, c\u2019est compliqu\u00e9 quand on est \u00e9tudiant \u00bb. Ils ne peuvent pas s\u2019engager autant qu\u2019ils le souhaiteraient \u00e0 cause de la double vie : semaine\/weekend dans 2 villes diff\u00e9rentes. Faut-il s\u2019attacher \u00e0 un lieu ? <\/span><\/p>\n<p style=\"margin-bottom: 0cm; text-align: justify;\">\u00a0<\/p>\n<p style=\"margin-bottom: 0cm; text-align: justify;\"><span style=\"font-size: small;\">\u00ab J\u2019h\u00e9site \u00e0 m\u2019investir dans un endroit, confie Anouck, car je sais que je vais partir. \u00bb Un raisonnement semblable freine aussi Rapha\u00ebl. Pour Natana, loin de son pays, la situation s\u2019av\u00e8re bien diff\u00e9rente. Il a opt\u00e9 pour une ville universitaire o\u00f9 on lui avait recommand\u00e9 une \u00c9glise. La question de comment entretenir sa vie spirituelle a prim\u00e9 dans son choix. <\/span><\/p>\n<h3><span style=\"color: #0000cd;\"><br \/> \u00ab On veut toujours l\u2019\u00c9glise qu\u2019on n\u2019a pas \u00bb <br \/> <\/span><\/h3>\n<p style=\"margin-bottom: 0cm; text-align: justify;\">\u00a0<\/p>\n<p style=\"margin-bottom: 0cm; text-align: justify;\"><span style=\"font-size: small;\">ajoute D\u00e9rek en mettant en garde : \u00ab on peut passer trop de temps \u00e0 comparer avec d\u2019autres \u00c9glises, notamment sur le temps de louange. \u00bb L\u2019\u00c9glise n\u2019est \u00e9videmment pas parfaite et les manques ou erreurs se produisent parfois. \u00ab Il faut faire attention \u00e0 ne pas casser la motivation \u00bb. \u00ab J\u2019avais 14 ans, se rappelle Cl\u00e9mentine, et j\u2019\u00e9tais \u00e0 fond quand on a parl\u00e9 d\u2019une campagne d\u2019\u00e9vang\u00e9lisation. Le responsable du GDJ m\u2019a expliqu\u00e9 qu\u2019on ne s\u2019y investirait pas, car les grands n\u2019\u00e9taient pas pr\u00eats. \u00bb Cl\u00e9mentine voit aussi le besoin \u00ab d\u2019avoir un r\u00e9f\u00e9rent adulte \u00e0 qui parler, une personne de confiance externe \u00e0 la famille. \u00bb Yasmine constate \u00e9galement ce manque : \u00ab Entre jeunes, on vit un peu les m\u00eames choses et donc on n\u2019a pas toujours les r\u00e9ponses pour s\u2019aider. \u00bb <\/span><\/p>\n<p>&nbsp;<\/p>\n<h3><span style=\"color: #0000cd;\"><span style=\"font-size: small;\">Pour eux, l\u2019\u00c9glise, c\u2019est\u2026 <br \/> <\/span><\/span><\/h3>\n<p style=\"margin-bottom: 0cm; text-align: justify;\">\u00a0<\/p>\n<p style=\"margin-bottom: 0cm; text-align: justify;\"><span style=\"font-size: small;\">\u2022 L\u00e0 o\u00f9 on se ressource, o\u00f9 on fait des projets ensemble, o\u00f9 on est d\u00e9pendants les uns des autres. (D\u00e9rek) <\/span><\/p>\n<p style=\"margin-bottom: 0cm; text-align: justify;\"><span style=\"font-size: small;\">\u2022 Une grande famille tr\u00e8s h\u00e9t\u00e9rog\u00e8ne avec un point central : l\u2019amour de Dieu et pour Dieu. J\u2019aime bien cette diversit\u00e9. (Jonathan) <\/span><\/p>\n<p style=\"margin-bottom: 0cm; text-align: justify;\"><span style=\"font-size: small;\">\u2022 Un milieu o\u00f9 on se sent accept\u00e9 tel qu\u2019on est, o\u00f9 je vois de la compassion dans certains regards. Cela m\u2019a toujours touch\u00e9e. (Naomi) <\/span><\/p>\n<p style=\"margin-bottom: 0cm; text-align: justify;\"><span style=\"color: #008080;\"><br \/> <\/span><\/p>\n<p style=\"margin-bottom: 0cm; text-align: justify;\">\u00a0<\/p>\n<h2><span style=\"color: #008080;\"><em>Les copains <br \/> <\/em><\/span><\/h2>\n<p style=\"margin-bottom: 0cm; text-align: justify;\">\u00a0<\/p>\n<p style=\"margin-bottom: 0cm; text-align: justify;\"><span style=\"font-size: small;\">\u00ab Si on a v\u00e9cu quelque chose avec Dieu, explique D\u00e9bora, on ne peut pas le partager avec des amis non chr\u00e9tiens. On ne peut pas parler avec eux comme avec des amis chr\u00e9tiens. \u00bb \u00ab Au coll\u00e8ge, mes camarades ne comprenaient pas mes choix \u00bb, souligne Jennifer. Pour elle et Cl\u00e9mentine, les ann\u00e9es coll\u00e8ge repr\u00e9sentent la p\u00e9riode la plus difficile. \u00ab \u00c0 cet \u00e2ge, argumente Cl\u00e9mentine, on est facilement dans le rejet de l\u2019autre. En classe de quatri\u00e8me, tout le monde se moquait de moi. Je n\u2019\u00e9tais certes pas tr\u00e8s bien dans ma peau, mais aussi je refusais de suivre le mouvement quand il s\u2019agissait de certaines blagues ou de jeux bizarres. Au lyc\u00e9e, les jeunes r\u00e9fl\u00e9chissent davantage et sont moins dans le jugement. \u00bb <\/span><\/p>\n<p style=\"margin-bottom: 0cm; text-align: justify;\">\u00a0<\/p>\n<p style=\"margin-bottom: 0cm; text-align: justify;\"><span style=\"font-size: small;\">Pour d\u2019autres, comme D\u00e9rek, le moment le plus d\u00e9licat arrive au lyc\u00e9e : \u00ab On commence \u00e0 \u00eatre adulte, \u00e0 profiter de la libert\u00e9 et on ne sait pas tr\u00e8s bien la g\u00e9rer. \u00bb <\/span><\/p>\n<p style=\"margin-bottom: 0cm; text-align: justify;\">\u00a0<\/p>\n<h3><span style=\"color: #0000cd;\">Sortir ? Faire la f\u00eate ? <br \/> <\/span><\/h3>\n<p style=\"margin-bottom: 0cm; text-align: justify;\">\u00a0<\/p>\n<p style=\"margin-bottom: 0cm; text-align: justify;\"><span style=\"font-size: small;\">\u00ab Certains copains me d\u00e9\u00e7oivent dans les soir\u00e9es. Comment se comporter ? se demande Thibaut. Rigoler avec eux ou oser parler ? Ils se vantent d\u2019avoir bu tant de verres. J\u2019essaie de ne pas plaisanter sur ce sujet. Je ne me sens absolument pas exclu pour autant. Je suis rarement le seul \u00e0 rester sobre dans les soir\u00e9es. Et m\u00eame si j\u2019\u00e9tais le seul, j\u2019assumerais. \u00bb Quand Cl\u00e9mentine est invit\u00e9e \u00e0 une soir\u00e9e, si elle s\u2019y rend, ce sera avec \u00ab le bon groupe de personnes. En effet, c\u2019est plus ou moins facile selon les jeunes qu\u2019on c\u00f4toie. \u00bb D\u2019une mani\u00e8re g\u00e9n\u00e9rale, Aur\u00e9lie constate : \u00ab J\u2019ai toujours choisi mes copines et c\u2019est important. \u00bb<\/span><\/p>\n<p style=\"margin-bottom: 0cm; text-align: justify;\">\u00a0<\/p>\n<h3><span style=\"color: #0000cd;\">Les filles\u2026 <br \/> <\/span><\/h3>\n<p style=\"margin-bottom: 0cm; text-align: justify;\">\u00a0<\/p>\n<p style=\"margin-bottom: 0cm; text-align: justify;\"><span style=\"font-size: small;\">\u00ab Pas de probl\u00e8me avec l\u2019alcool, la drogue ou les soir\u00e9es, affirment deux des jeunes, mais la relation avec les filles, c\u2019est plus dur ! C\u2019est difficile d\u2019avoir des ami(e)s \u00bb, avoue l\u2019un. Et l\u2019autre reconna\u00eet : \u00ab Je sais que c\u2019est une faiblesse pour moi, une lutte au quotidien. Je me remets \u00e0 Dieu. C\u2019est gr\u00e2ce \u00e0 lui que j\u2019arrive \u00e0 r\u00e9sister. Maintenant je comprends le verset qui d\u00e9clare : <em><span style=\"background-color: #add8e6;\">quand je suis faible, c\u2019est alors que je suis fort. \u00bb (2 Co 12.10)<\/span><\/em> <\/span><\/p>\n<p style=\"margin-bottom: 0cm; text-align: justify;\">\u00a0<\/p>\n<h3><span style=\"color: #0000cd;\">Les 2 Jonathan <br \/> <\/span><\/h3>\n<p style=\"margin-bottom: 0cm; text-align: justify;\">\u00a0<\/p>\n<p style=\"margin-bottom: 0cm; text-align: justify;\"><span style=\"font-size: small;\">\u00ab J\u2019\u00e9tais partag\u00e9 entre la mani\u00e8re de vivre pour Dieu et celle du monde. J\u2019avais l\u2019impression qu\u2019il y avait le Jonathan du coll\u00e8ge et celui du week-end (samedi au GDJ, dimanche au culte). Environ un an apr\u00e8s avoir fait un pas vers Dieu, j\u2019ai fini par comprendre qu\u2019il fallait un seul Jonathan et donc choisir. \u00bb <\/span><\/p>\n<p style=\"margin-bottom: 0cm; text-align: justify;\">\u00a0<\/p>\n<h3><span style=\"color: #0000cd;\">Oser se positionner <br \/> <\/span><\/h3>\n<p style=\"margin-bottom: 0cm; text-align: justify;\">\u00a0<\/p>\n<p style=\"margin-bottom: 0cm; text-align: justify;\"><span style=\"font-size: small;\">Chacun chemine \u00e0 son rythme et les ann\u00e9es coll\u00e8ge, lyc\u00e9e, universit\u00e9 varient des uns aux autres. Priscilla d\u00e9crit son parcours : \u00ab Au coll\u00e8ge, je m\u2019assumais tr\u00e8s bien en tant que chr\u00e9tienne. Au lyc\u00e9e, je ne le disais pas haut et fort. J\u2019essayais de garder mon petit groupe d\u2019amis sans \u00eatre trop diff\u00e9rente. Une situation nouvelle arrivait avec le d\u00e9but des \u00e9tudes. C\u2019\u00e9tait pour moi l\u2019occasion de changer. J\u2019ai commenc\u00e9 en disant directement que j\u2019\u00e9tais chr\u00e9tienne. C\u2019est plus facile de t\u00e9moigner \u00e0 l\u2019universit\u00e9 qu\u2019au lyc\u00e9e. \u00bb Naomi constate effectivement une curiosit\u00e9 par rapport \u00e0 la religion chez ses amies. \u00ab Les discussions avec mes camarades m\u2019ont remis en question et m\u2019ont incit\u00e9 \u00e0 approfondir ma foi. Au final, cela a d\u00e9velopp\u00e9 en moi l\u2019envie de mieux conna\u00eetre Dieu. \u00bb <\/span><\/p>\n<p style=\"margin-bottom: 0cm; text-align: justify;\">\u00a0<\/p>\n<p style=\"margin-bottom: 0cm; text-align: justify;\"><span style=\"font-size: small;\">Se positionner reste un d\u00e9fi, comme l\u2019exprime Thibaut : \u00ab Certains de mes copains savent que je suis chr\u00e9tien. C\u2019est comme un poids sur mes \u00e9paules. Mais j\u2019ai envie d\u2019\u00eatre un mod\u00e8le et de refl\u00e9ter l\u2019image de Christ. \u00bb <\/span><\/p>\n<p style=\"margin-bottom: 0cm; text-align: justify;\">\u00a0<\/p>\n<table style=\"width: 200px;\" border=\"1\" cellspacing=\"5\" cellpadding=\"5\">\n<tbody>\n<tr>\n<td bgcolor=\"yellow\">\n<p style=\"margin-bottom: 0cm; text-align: justify;\"><span style=\"color: #000000;\"><i><b>\u00ab Le d\u00e9fi, c\u2019est d&rsquo;\u00eatre soi-m\u00eame dans un monde qui te pousse \u00e0 ressembler \u00e0 tout le monde. \u00bb <\/b><\/i><\/span><\/p>\n<p style=\"margin-bottom: 0cm; text-align: justify;\"><span style=\"color: #000000;\">Une citation qui a aid\u00e9 Cl\u00e9mentine <\/span><\/p>\n<\/td>\n<\/tr>\n<\/tbody>\n<\/table>\n<p style=\"margin-bottom: 0cm; text-align: justify;\">\u00a0<\/p>\n<p style=\"margin-bottom: 0cm; text-align: justify;\">\u00a0<\/p>\n<p style=\"margin-bottom: 0cm; text-align: center;\"><span style=\"color: #000000;\">M-C.F. <\/span><\/p>\n<hr \/>\n<p style=\"margin-bottom: 0cm; text-align: justify;\">NOTE<\/p>\n<p style=\"margin-bottom: 0cm; text-align: justify;\">\u00a0<\/p>\n<p style=\"margin-bottom: 0cm; text-align: justify;\"><span style=\"color: #231f20;\"><strong>1.<\/strong> D\u00e9bora, Thibaut et Jennifer ont 17 ans. Cl\u00e9mentine vient de finir ses \u00e9tudes et les autres sont \u00e9tudiants.<\/span><\/p>\n","protected":false},"excerpt":{"rendered":"<p>\u00a0 Paroles de jeunes &nbsp; &nbsp; Par Marie-Christine Fave &nbsp; &nbsp; Ils s\u2019appellent D\u00e9rek, Thibaut, Jean David, Natana, Rapha\u00ebl ainsi que Yasmine, Cl\u00e9mentine, Naomi, D\u00e9bora, Priscilla, Anouck, Jennifer et Aur\u00e9lie. Ils viennent des Alpes, de l\u2019Alsace, du Sud ou du Nord de la France, et m\u00eame de Madagascar. Ils font part de leurs r\u00e9flexions et [&hellip;]<\/p>\n","protected":false},"author":34,"featured_media":0,"comment_status":"closed","ping_status":"closed","sticky":false,"template":"","format":"standard","meta":{"footnotes":""},"categories":[50,33,13],"tags":[],"class_list":["post-7100","post","type-post","status-publish","format-standard","hentry","category-jeunesse","category-temoignages","category-la-vie-de-leglise"],"_links":{"self":[{"href":"https:\/\/www.servir.caef.net\/index.php?rest_route=\/wp\/v2\/posts\/7100","targetHints":{"allow":["GET"]}}],"collection":[{"href":"https:\/\/www.servir.caef.net\/index.php?rest_route=\/wp\/v2\/posts"}],"about":[{"href":"https:\/\/www.servir.caef.net\/index.php?rest_route=\/wp\/v2\/types\/post"}],"author":[{"embeddable":true,"href":"https:\/\/www.servir.caef.net\/index.php?rest_route=\/wp\/v2\/users\/34"}],"replies":[{"embeddable":true,"href":"https:\/\/www.servir.caef.net\/index.php?rest_route=%2Fwp%2Fv2%2Fcomments&post=7100"}],"version-history":[{"count":0,"href":"https:\/\/www.servir.caef.net\/index.php?rest_route=\/wp\/v2\/posts\/7100\/revisions"}],"wp:attachment":[{"href":"https:\/\/www.servir.caef.net\/index.php?rest_route=%2Fwp%2Fv2%2Fmedia&parent=7100"}],"wp:term":[{"taxonomy":"category","embeddable":true,"href":"https:\/\/www.servir.caef.net\/index.php?rest_route=%2Fwp%2Fv2%2Fcategories&post=7100"},{"taxonomy":"post_tag","embeddable":true,"href":"https:\/\/www.servir.caef.net\/index.php?rest_route=%2Fwp%2Fv2%2Ftags&post=7100"}],"curies":[{"name":"wp","href":"https:\/\/api.w.org\/{rel}","templated":true}]}}