{"id":7116,"date":"2011-04-24T15:06:30","date_gmt":"2011-04-24T15:06:30","guid":{"rendered":"\/?p=7116"},"modified":"2017-05-17T10:22:38","modified_gmt":"2017-05-17T10:22:38","slug":"un-temoin-fidele-de-notre-histoire-marie-durand-2e-partie","status":"publish","type":"post","link":"https:\/\/www.servir.caef.net\/?p=7116","title":{"rendered":"Un t\u00e9moin fid\u00e8le de notre histoire : Marie Durand (2e partie)"},"content":{"rendered":"<h1 style=\"text-align: center;\"><a href=\"\/wp-content\/uploads\/2011\/04\/bouchet.jpg\"><img loading=\"lazy\" decoding=\"async\" class=\"alignnone size-full wp-image-7118\" title=\"bouchet\" src=\"\/wp-content\/uploads\/2011\/04\/bouchet.jpg\" alt=\"\" width=\"400\" height=\"570\" align=\"left\" hspace=\"10\" vspace=\"10\" srcset=\"https:\/\/www.servir.caef.net\/wp-content\/uploads\/2011\/04\/bouchet.jpg 600w, https:\/\/www.servir.caef.net\/wp-content\/uploads\/2011\/04\/bouchet-210x300.jpg 210w\" sizes=\"auto, (max-width: 400px) 100vw, 400px\" \/><\/a>Un t\u00e9moin fid\u00e8le de notre<\/h1>\n<p>&nbsp;<\/p>\n<h1 style=\"text-align: center;\">histoire :<\/h1>\n<p>&nbsp;<\/p>\n<h1 style=\"text-align: center;\"><span style=\"color: #ff8c00;\">Marie Durand<\/span><strong><sub>1 <\/sub><\/strong><\/h1>\n<p>&nbsp;<\/p>\n<h1 style=\"text-align: center;\">(2e partie)<\/h1>\n<p>&nbsp;<\/p>\n<p>&nbsp;<\/p>\n<p>&nbsp;<\/p>\n<p>&nbsp;<\/p>\n<p><span style=\"font-size: 16px;\"><span style=\"color: #b22222;\"><strong>Par Fran\u00e7ois-Jean Martin<br \/> <\/strong><\/span><\/span><\/p>\n<p><a href=\"\/wp-content\/uploads\/2009\/09\/Fran\u00e7ois-Jean-Martin.jpg\"><img loading=\"lazy\" decoding=\"async\" class=\"alignnone size-full wp-image-873\" title=\"Fran\u00e7ois-Jean Martin\" src=\"\/wp-content\/uploads\/2009\/09\/Fran\u00e7ois-Jean-Martin.jpg\" alt=\"\" width=\"79\" height=\"98\" align=\"left\" hspace=\"10\" vspace=\"10\" \/><\/a><\/p>\n<p>&nbsp;<\/p>\n<p>&nbsp;<\/p>\n<p style=\"margin-bottom: 0cm; text-align: justify;\"><strong><span style=\"font-size: small;\">Nous f\u00eatons cette ann\u00e9e le trois centi\u00e8me anniversaire de la naissance de Marie Durand. Si son histoire \u00e0 la Tour de Constance est bien connue, on ignore en g\u00e9n\u00e9ral la suite qui fut tout aussi remplie d\u2019\u00e9preuves et de d\u00e9livrances durant les huit derni\u00e8res ann\u00e9es de sa vie. Nous en donnerons quelques aspects r\u00e9sum\u00e9s dans cette seconde partie. <\/span><\/strong><\/p>\n<p style=\"margin-bottom: 0cm; text-align: justify;\">\u00a0<\/p>\n<p style=\"margin-bottom: 0cm; text-align: justify;\">\u00a0<\/p>\n<p style=\"margin-bottom: 0cm; text-align: justify;\">\u00a0<\/p>\n<p style=\"margin-bottom: 0cm; text-align: justify;\">\u00a0<\/p>\n<p style=\"margin-bottom: 0cm; text-align: justify;\"><!--more--><\/p>\n<p>&nbsp;<\/p>\n<p>&nbsp;<\/p>\n<p>&nbsp;<\/p>\n<h2><em>En Vivarais <br \/> <\/em><\/h2>\n<p style=\"margin-bottom: 0cm; text-align: justify;\">\u00a0<\/p>\n<p style=\"margin-bottom: 0cm; text-align: justify;\"><a href=\"\/wp-content\/uploads\/2011\/04\/tourconstane.jpg\"><img loading=\"lazy\" decoding=\"async\" class=\"size-full wp-image-7117 alignleft\" style=\"margin: 10px;\" title=\"tourconstane\" src=\"\/wp-content\/uploads\/2011\/04\/tourconstane.jpg\" alt=\"\" width=\"200\" height=\"301\" align=\"right\" hspace=\"10\" vspace=\"10\" srcset=\"https:\/\/www.servir.caef.net\/wp-content\/uploads\/2011\/04\/tourconstane.jpg 284w, https:\/\/www.servir.caef.net\/wp-content\/uploads\/2011\/04\/tourconstane-199x300.jpg 199w\" sizes=\"auto, (max-width: 200px) 100vw, 200px\" \/><\/a><span style=\"color: #231f20;\"><a href=\"\/wp-content\/uploads\/2011\/pdf2011\/Servir 2-2011 G\u00e9n\u00e9ration jeunes.pdf#page=33\" target=\"_blank\"><img loading=\"lazy\" decoding=\"async\" title=\"iconePDF\" src=\"\/wp-content\/uploads\/2011\/01\/iconePDF.jpg\" alt=\"\" width=\"81\" height=\"76\" align=\"right\" hspace=\"8\" vspace=\"8\" \/><\/a>\u00c0 sa sortie de prison,<i> il <\/i><\/span><span style=\"color: #231f20;\">semble selon une tradition orale recueillie que Marie Durand se serait momentan\u00e9ment r\u00e9fugi\u00e9e \u00e0 Saint-Jean, chez sa ni\u00e8ce apostate, avant de reprendre possession de sa maison dont Jean-Jacques Bevengut \u00e9tait toujours locataire. Institu\u00e9 fermier du domaine des Durand, il s\u2019acquittait avec r\u00e9gularit\u00e9 de son loyer. Celui-ci para\u00eet avoir alors avanc\u00e9 une somme assez <\/span><span style=\"color: #231f20;\"><i>importante, qui permit de remettre en \u00e9tat les <\/i><\/span><span style=\"color: #231f20;\">b\u00e2timents o\u00f9 Marie allait d\u00e9sormais achever sa vie. Elle regagna le Bouchet-de-Pranles. <\/span><\/p>\n<p style=\"margin-bottom: 0cm; text-align: justify;\"><span style=\"color: #231f20;\">On aurait pu croire qu\u2019\u00e0 pr\u00e9sent la vie de Marie allait se passer paisiblement jusqu\u2019\u00e0 ce qu\u2019elle rejoigne son ma\u00eetre c\u00e9leste. H\u00e9las, il n\u2019en fut rien, bien au contraire. Les soucis n\u2019allaient pas tarder \u00e0 poursuivre Marie Durand jusque dans sa retraite. <\/span><\/p>\n<p style=\"margin-bottom: 0cm; text-align: justify;\">\u00a0<\/p>\n<p style=\"margin-bottom: 0cm; text-align: justify;\">\u00a0<\/p>\n<h2><em>Une ni\u00e8ce ingrate <br \/> <\/em><\/h2>\n<p style=\"margin-bottom: 0cm; text-align: justify;\">\u00a0<\/p>\n<p style=\"margin-bottom: 0cm; text-align: justify;\"><span style=\"color: #231f20;\">En vain avait-elle prodigu\u00e9 \u00e0 sa ni\u00e8ce des tr\u00e9sors d\u2019affection. Celle-ci ne put pas ou ne voulut pas emp\u00eacher son mari de tendre \u00e0 sa tante de v\u00e9ritables traquenards. L\u2019ancienne captive, infirme, dut se rendre le 5 septembre 1771 en l\u2019\u00e9tude Jallat, de St-Vincent-de-Durfort. Il fallait r\u00e9gler les questions d\u2019int\u00e9r\u00eat laiss\u00e9es en suspens depuis son retour, et qui l\u2019opposaient \u00e0 Cazeneuve, le mari de sa ni\u00e8ce. <\/span><\/p>\n<p style=\"margin-bottom: 0cm; text-align: justify;\"><span style=\"color: #231f20;\">Elle devait \u00e0 celui-ci ce que sa femme avait remis \u00e0 Bevengut lors de la lib\u00e9ration de l\u2019h\u00e9ro\u00efne, et les d\u00e9penses faites jusque-l\u00e0 pour l\u2019entretien de la ferme. Mais Anne Cazeneuve devait aussi \u00e0 sa tante les revenus des biens (ils appartenaient \u00e0 Marie) dont elle avait profit\u00e9 entre 1762 et 1768. D\u2019autres comptes aussi \u00e9taient en cours. Pour y mettre un terme, on conclut un accord d\u00e9finitif, suivant lequel Marie Durand reconnaissait devoir \u00e0 Cazeneuve une dette consid\u00e9rable. <\/span><\/p>\n<p style=\"margin-bottom: 0cm; text-align: justify;\"><span style=\"color: #231f20;\">On a du mal \u00e0 mesurer l\u2019ingratitude d\u2019Anne Durand-Cazeneuve \u00e0 l\u2019\u00e9gard de sa tante qu\u2019elle presse de payer une somme qui repose principalement sur un h\u00e9ritage o\u00f9 le liquide est chose fort rare. <\/span><\/p>\n<p style=\"margin-bottom: 0cm; text-align: justify;\"><span style=\"color: #231f20;\">Marie hypoth\u00e9qua ses biens, mais elle put r\u00e9gler Cazeneuve en son temps et ne lui devait d\u00e9sormais plus rien de son vivant. <\/span><\/p>\n<p style=\"margin-bottom: 0cm; text-align: justify;\"><span style=\"color: #231f20;\">Il lui restait toutefois \u00e0 payer les int\u00e9r\u00eats de ces diverses sommes. Elle s\u2019adressa, une fois de plus, \u00e0 Paul Rabaut. Celui-ci fit parvenir une requ\u00eate \u00e0 son ami d\u2019Amsterdam, le pasteur Courtonne. La demande fut transmise, et, le 30 juin, le Consistoire de l\u2019\u00c9glise lui accorda une rente annuelle. <\/span><\/p>\n<p style=\"margin-bottom: 0cm; text-align: justify;\">\u00a0<\/p>\n<p style=\"margin-bottom: 0cm; text-align: justify;\">\u00a0<\/p>\n<h2><em>L\u2019adversit\u00e9 s\u2019acharne <br \/> <\/em><\/h2>\n<p style=\"margin-bottom: 0cm; text-align: justify;\">\u00a0<\/p>\n<p style=\"margin-bottom: 0cm; text-align: justify;\"><span style=\"color: #231f20;\">Comme si l\u2019adversit\u00e9 s\u2019acharnait sur Marie, au lendemain m\u00eame de l\u2019octroi d\u2019une pension qui paraissait la pr\u00e9server dor\u00e9navant de tout souci excessif, son oncle Vabre mourut. Aussit\u00f4t, le fils a\u00een\u00e9 s\u2019empara de la cr\u00e9ance et il r\u00e9clama les 300 livres pr\u00eat\u00e9es depuis 1760. Pour se lib\u00e9rer, l\u2019h\u00e9ro\u00efne eut recours \u00e0 Catherine Gout\u00e8s, qu\u2019elle avait \u00e9lev\u00e9e \u00e0 la Tour. Elle lui avan\u00e7a 350 livres. Mais Marie n\u2019en \u00e9tait pas pour autant d\u00e9livr\u00e9e de ses tracas. N\u2019ayant plus rien, elle emprunta \u00e0 Matthieu Coing quelque somme pour vivre et l\u2019ancienne captive restait lourdement endett\u00e9e. <\/span><\/p>\n<p style=\"margin-bottom: 0cm; text-align: justify;\">\u00a0<\/p>\n<p style=\"margin-bottom: 0cm; text-align: justify;\">\u00a0<\/p>\n<h2><em>Son testament <br \/> <\/em><\/h2>\n<p style=\"margin-bottom: 0cm; text-align: justify;\">\u00a0<\/p>\n<p style=\"margin-bottom: 0cm; text-align: justify;\"><span style=\"color: #231f20;\">Sentant que la fin pouvait d\u00e9sormais la surprendre d\u2019un jour \u00e0 l\u2019autre, elle fit \u00e9tablir son testament par le notaire Jallat devant qui elle avait d\u00fb signer quelques ann\u00e9es plus t\u00f4t le dur contrat que lui imposait Cazeneuve. <\/span><\/p>\n<p style=\"margin-bottom: 0cm; text-align: justify;\"><span style=\"color: #231f20;\">Cette fois, elle r\u00e9voqua les dispositions prises \u00e0 Aigues-Mortes le 25 octobre 1760. Elle d\u00e9sh\u00e9ritait sa ni\u00e8ce, en lui laissant suivant l\u2019usage les 5 sols symboliques par lesquels toute r\u00e9clamation devenait impossible \u00e0 l\u2019apostate, hormis celle des 1 200 livres reconnues par l\u2019accord de septembre 1771. Anne \u00e9tait nomm\u00e9e, elle avait sa part. Quant au reste de sa maigre fortune, Marie la l\u00e9guait \u00e0 Marie Vey-Goutet, sa compagne. En d\u00e9pit de ces derni\u00e8res affirmations, Marie allait, une fois encore, modifier enti\u00e8rement ces clauses au cours des mois qui suivirent. La vie devenait sans doute de plus en plus difficile pour elle et sa vieille compagne. <\/span><\/p>\n<p style=\"margin-bottom: 0cm; text-align: justify;\"><span style=\"color: #231f20;\">Les terres \u00e9taient en friches. Elle omit donc de faire r\u00e9gulariser le testament \u00e0 peine \u00e9tabli et le 21 juillet 1775, elle mit \u00e0 ex\u00e9cution un autre projet plus conforme \u00e0 ses besoins r\u00e9els : elle reconnut comme son l\u00e9gataire universel le jeune et \u00e9nergique n\u00e9gociant Jacques Blache. Celui-ci du moins serait capable de rendre aux domaines abandonn\u00e9s leur valeur d\u2019autrefois. <\/span><\/p>\n<p style=\"margin-bottom: 0cm; text-align: justify;\"><span style=\"color: #231f20;\">Puis elle se r\u00e9serva pour elle et la Gout\u00eate, jusqu\u2019\u00e0 leur d\u00e9c\u00e8s, quelques produits de la propri\u00e9t\u00e9 : \u00ab Quatre setiers de seigle et quatre de froments, et la moiti\u00e9 d\u2019un cochon gras \u00bb. Elles conservaient en outre la jouissance viag\u00e8re d\u2019une chambre pr\u00e8s de la cuisine et d\u2019un galetas au-dessus : c\u2019\u00e9tait tout juste de quoi vivre dans la plus extr\u00eame simplicit\u00e9, presque le d\u00e9nuement. Les biens donn\u00e9s furent \u00e9valu\u00e9s \u00e0 4 000 livres et l\u2019acte fut l\u00e9galis\u00e9 \u00e0 Privas. <\/span><\/p>\n<p style=\"margin-bottom: 0cm; text-align: justify;\"><span style=\"color: #231f20;\">Quand l\u2019\u00e9t\u00e9 eut \u00e9tendu sa vive et chaude lumi\u00e8re une fois encore sur les vieilles murailles de la maison familiale et sur les champs que Blache commen\u00e7ait \u00e0 peine \u00e0 remettre en valeur, aux premiers jours de juillet 1776, la \u00ab grande lib\u00e9ratrice \u00bb que la prisonni\u00e8re saluait en 1766 arracha Marie aux vicissitudes d\u2019ici-bas. Marie Durand meurt dans sa maison natale au Bouchet-de-Pranles. Le mus\u00e9e du Vivarais protestant y est \u00e9tabli. <\/span><\/p>\n<p style=\"margin-bottom: 0cm; text-align: justify;\"><span style=\"color: #231f20;\">Sa ni\u00e8ce n\u2019oublia pas ses int\u00e9r\u00eats et tira tout aussit\u00f4t sur Blache la lettre de change correspondant aux 1 200 livres qu\u2019\u00e0 titre de l\u00e9gataire le marchand devait lui remettre selon les accords de 1771. Le 15 septembre 1777 enfin, Jean Chambonnet, de Mal\u00e9on, re\u00e7ut de Blache les 200 livres qu\u2019Anne, au temps o\u00f9 elle \u00e9tait encore fid\u00e8le, lui avait emprunt\u00e9es le 18 septembre 1763 au nom de sa tante. Gout\u00eate demeurait seule au Bouchet-de-Pranles. Nul indice ne nous renseigne sur l\u2019heure de sa mort. <\/span><\/p>\n<p style=\"margin-bottom: 0cm; text-align: justify;\">\u00a0<\/p>\n<p style=\"margin-bottom: 0cm; text-align: justify;\">\u00a0<\/p>\n<h2><em>Conclusion <br \/> <\/em><\/h2>\n<p style=\"margin-bottom: 0cm; text-align: justify;\">\u00a0<\/p>\n<p style=\"margin-bottom: 0cm; text-align: justify;\"><span style=\"color: #231f20;\">Si nous avons pris du temps pour rappeler cette longue histoire, humble et tragique, et donn\u00e9 des d\u00e9tails, ce n\u2019est pas pour faire oeuvre d\u2019historien \u2013 d\u2019autres, mieux arm\u00e9s, dont j\u2019ai utilis\u00e9 les travaux, l\u2019ont fait avant moi. Mais cette vie fait partie de la nu\u00e9e de t\u00e9moins de la foi. La foi de cette femme a surv\u00e9cu, malgr\u00e9 tant de souffrances. Jusqu\u2019au bout, Marie Durand est rest\u00e9e fid\u00e8le. Et Dieu est rest\u00e9 fid\u00e8le dans sa nuit. <\/span><\/p>\n<p style=\"margin-bottom: 0cm; text-align: justify;\"><span style=\"color: #231f20;\">C\u2019est le seul int\u00e9r\u00eat de cette histoire que de nous permettre de retrouver cette femme t\u00e9moin du Christ, sans cesse si forte et si tendre, dans la simplicit\u00e9 de son \u00e2me. Une lumi\u00e8re extraordinaire rayonne ainsi du chaos apparent des cruaut\u00e9s humaines. Aujourd\u2019hui encore, comme tout le long de l\u2019Histoire, il existe de tels hommes et femmes dont les noms ne passeront m\u00eame pas dans l\u2019histoire des hommes, mais qui brillent dans le livre de la vie. Pour nous, dans les pays occidentaux, qui pouvons vivre librement notre foi, cela nous pousse \u00e0 l\u2019intercession pour ceux qui ne le peuvent pas et \u00e0 savoir profiter de la libert\u00e9 que nous avons pour \u00eatre coh\u00e9rents et mettre notre foi en pratique. <\/span><\/p>\n<p style=\"margin-bottom: 0cm; text-align: justify;\"><span style=\"color: #231f20;\">Cette seconde partie, fort r\u00e9sum\u00e9e, nous a conduits depuis la Tour jusqu\u2019aux cr\u00eates abruptes du Vivarais. Si l\u2019injustice des choses de ce monde para\u00eet avoir accabl\u00e9 sans mesure Marie, elle pouvait \u00e0 bon droit se souvenir du mot de son Ma\u00eetre : \u00ab Vous aurez des tribulations \u00bb. Car, dans sa vie sacrifi\u00e9e, mais triomphante, elle en r\u00e9alisait une fois de plus la promesse : <span style=\"background-color: #add8e6;\"><em>\u00ab Prenez courage, j\u2019ai vaincu le monde \u00bb<\/em><\/span>. <\/span><\/p>\n<p style=\"margin-bottom: 0cm; text-align: justify;\">\u00a0<\/p>\n<p style=\"margin-bottom: 0cm; text-align: center;\"><span style=\"color: #231f20;\">F-J.M.<\/span><\/p>\n<p style=\"margin-bottom: 0cm; text-align: justify;\">\u00a0<\/p>\n<hr \/>\n<p style=\"text-align: justify;\">NOTE<\/p>\n<p style=\"text-align: justify;\">\u00a0<\/p>\n<p style=\"margin-bottom: 0cm; text-align: justify;\"><span style=\"color: #231f20;\"><strong>1.<\/strong> Ce travail a \u00e9t\u00e9 fait \u00e0 partir de mon cours sur le protestantisme et des notes prises lors de mes visites sur les lieux cit\u00e9s. J\u2019ai aussi pris beaucoup de notes sur le livre <\/span><span style=\"color: #231f20;\"><i>MARIE DURAND Prisonni\u00e8re \u00e0 la Tour de Constance (1715-1768), son temps, sa famille, ses compagnes de captivit\u00e9, <\/i><\/span><span style=\"color: #231f20;\">de Daniel BENOIT, revu et corrig\u00e9 par Andr\u00e9 FABRE<\/span><span style=\"color: #231f20;\"><i>, <\/i><\/span><span style=\"color: #231f20;\">Nouvelle soci\u00e9t\u00e9 d\u2019\u00e9ditions de Toulouse, DIEULEFIT (Dr\u00f4me), 1938.<\/span><\/p>\n","protected":false},"excerpt":{"rendered":"<p>Un t\u00e9moin fid\u00e8le de notre &nbsp; histoire : &nbsp; Marie Durand1 &nbsp; (2e partie) &nbsp; &nbsp; &nbsp; &nbsp; Par Fran\u00e7ois-Jean Martin &nbsp; &nbsp; Nous f\u00eatons cette ann\u00e9e le trois centi\u00e8me anniversaire de la naissance de Marie Durand. Si son histoire \u00e0 la Tour de Constance est bien connue, on ignore en g\u00e9n\u00e9ral la suite qui [&hellip;]<\/p>\n","protected":false},"author":3,"featured_media":0,"comment_status":"closed","ping_status":"closed","sticky":false,"template":"","format":"standard","meta":{"footnotes":""},"categories":[87,82,78,10,88],"tags":[],"class_list":["post-7116","post","type-post","status-publish","format-standard","hentry","category-combat-spirituel","category-liberation","category-epreuves","category-histoire-de-leglise","category-souffrance"],"_links":{"self":[{"href":"https:\/\/www.servir.caef.net\/index.php?rest_route=\/wp\/v2\/posts\/7116","targetHints":{"allow":["GET"]}}],"collection":[{"href":"https:\/\/www.servir.caef.net\/index.php?rest_route=\/wp\/v2\/posts"}],"about":[{"href":"https:\/\/www.servir.caef.net\/index.php?rest_route=\/wp\/v2\/types\/post"}],"author":[{"embeddable":true,"href":"https:\/\/www.servir.caef.net\/index.php?rest_route=\/wp\/v2\/users\/3"}],"replies":[{"embeddable":true,"href":"https:\/\/www.servir.caef.net\/index.php?rest_route=%2Fwp%2Fv2%2Fcomments&post=7116"}],"version-history":[{"count":0,"href":"https:\/\/www.servir.caef.net\/index.php?rest_route=\/wp\/v2\/posts\/7116\/revisions"}],"wp:attachment":[{"href":"https:\/\/www.servir.caef.net\/index.php?rest_route=%2Fwp%2Fv2%2Fmedia&parent=7116"}],"wp:term":[{"taxonomy":"category","embeddable":true,"href":"https:\/\/www.servir.caef.net\/index.php?rest_route=%2Fwp%2Fv2%2Fcategories&post=7116"},{"taxonomy":"post_tag","embeddable":true,"href":"https:\/\/www.servir.caef.net\/index.php?rest_route=%2Fwp%2Fv2%2Ftags&post=7116"}],"curies":[{"name":"wp","href":"https:\/\/api.w.org\/{rel}","templated":true}]}}