{"id":7164,"date":"2011-07-22T09:05:27","date_gmt":"2011-07-22T09:05:27","guid":{"rendered":"\/?p=7164"},"modified":"2014-09-26T08:22:35","modified_gmt":"2014-09-26T08:22:35","slug":"in-memoriam-john-stott-1921-2011","status":"publish","type":"post","link":"https:\/\/www.servir.caef.net\/?p=7164","title":{"rendered":"In memoriam &#8211; John STOTT (1921-2011)"},"content":{"rendered":"<p style=\"text-align: center;\" align=\"LEFT\"><span style=\"color: #231f20;\"><span style=\"font-family: Arial,sans-serif;\"><span style=\"font-size: small;\"><span style=\"font-size: xx-large; font-style: oblique; color: #800000;\"><a href=\"\/wp-content\/uploads\/2011\/07\/in-memoriam.gif\"><img loading=\"lazy\" decoding=\"async\" class=\"alignnone size-full wp-image-8567\" alt=\"in-memoriam\" src=\"\/wp-content\/uploads\/2011\/07\/in-memoriam.gif\" width=\"301\" height=\"62\" \/><\/a><\/span><\/span><\/span><\/span><\/p>\n<p style=\"text-align: justify;\" align=\"LEFT\">\u00a0<\/p>\n<h1 style=\"text-align: center;\"><span style=\"color: #ff0000;\">John STOTT <strong>(1921-2011) <\/strong><\/span><\/h1>\n<p>&nbsp;<\/p>\n<p style=\"text-align: center;\"><span style=\"font-size: large;\">Communiqu\u00e9 du London Institute for Contemporary Christianity (LICC)<\/span><\/p>\n<p style=\"text-align: center;\"><span style=\"font-size: medium;\">Traduction : Sarah Bariteau \u2013 Arrangement : Marcel Reutenauer<\/span><\/p>\n<p>&nbsp;<\/p>\n<p align=\"LEFT\"><a href=\"\/wp-content\/uploads\/2011\/07\/stott.jpg\"><img loading=\"lazy\" decoding=\"async\" class=\"size-full wp-image-7165 aligncenter\" alt=\"stott\" src=\"\/wp-content\/uploads\/2011\/07\/stott.jpg\" width=\"222\" height=\"250\" \/><\/a><\/p>\n<p style=\"text-align: justify;\" align=\"LEFT\"><span style=\"color: #000000;\"><span style=\"font-family: Arial,sans-serif;\"><span style=\"font-size: small;\"><span style=\"color: #231f20;\">\u00a0<\/span><\/span><\/span><\/span><\/p>\n<p style=\"text-align: justify;\" align=\"LEFT\"><span style=\"color: #000000;\"><span style=\"font-family: Arial,sans-serif;\"><span style=\"font-size: small;\"><span style=\"color: #c58536; font-size: xx-large;\">J<\/span><span style=\"color: #231f20;\">ohn STOTT est d\u00e9c\u00e9d\u00e9 paisiblement le 27 Juillet, \u00e0 St-Barnabas, la maison de retraite o\u00f9 il passa ses derni\u00e8res ann\u00e9es. C\u2019\u00e9tait un v\u00e9ritable homme de Dieu. <\/span><\/span><\/span><\/span><\/p>\n<p style=\"text-align: justify;\" align=\"LEFT\">\u00a0<!--more--><\/p>\n<p style=\"text-align: justify;\" align=\"LEFT\"><span style=\"color: #000000;\"><span style=\"font-family: Arial,sans-serif;\"><span style=\"font-size: small;\"><span style=\"color: #231f20;\"><a href=\"\/wp-content\/uploads\/2011\/pdf2011\/Servir%203-2011%20La%20promesse%20de%20sa%20venue.pdf#page=35\" target=\"_blank\"><img loading=\"lazy\" decoding=\"async\" title=\"iconePDF\" alt=\"\" src=\"\/wp-content\/uploads\/2011\/01\/iconePDF.jpg\" width=\"81\" height=\"76\" align=\"right\" hspace=\"8\" vspace=\"8\" \/><\/a>Au travers de paroles bienveillantes prononc\u00e9es face \u00e0 face, ou prononc\u00e9es depuis l\u2019estrade, ou encore par \u00e9crit dans ses nombreux ouvrages, il fut un ami pour des centaines des milliers de personnes. En toutes circonstances, les paroles de John \u00e9taient saines, porteuses de joie, forg\u00e9es dans la pri\u00e8re, et offertes en retour \u00e0 l\u2019Esprit qui les fa\u00e7onnait selon Son plan : pour l\u2019honneur du nom de J\u00e9sus et la gloire du P\u00e8re. Lorsque John parlait, personne ne doutait de qui il \u00e9tait le messager. <\/span><\/span><\/span><\/span><\/p>\n<p style=\"text-align: justify;\" align=\"LEFT\">\u00a0<\/p>\n<p style=\"text-align: justify;\" align=\"LEFT\"><span style=\"color: #000000;\"><span style=\"font-family: Arial,sans-serif;\"><span style=\"font-size: small;\"><span style=\"color: #231f20;\">En essayant de r\u00e9sumer l\u2019oeuvre de John ainsi que son caract\u00e8re, il est difficile de savoir par quoi commencer. Son entreprise remarquable pour l\u2019\u00e9rudition biblique, la formation de leaders, la croissance de l\u2019\u00e9glise locale, le fa\u00e7onnement des \u00e9vang\u00e9liques au sein de l\u2019\u00e9glise anglicane, la r\u00e9formation de la mission internationale afin qu\u2019elle prenne en compte les actions sociales, la cr\u00e9ation d\u2019un mouvement \u00e9vang\u00e9lique international ; tout cela rend d\u2019autant plus remarquables sa nature pleine de gr\u00e2ce, sa soumission et son humilit\u00e9. De la m\u00eame fa\u00e7on, sa nature aimable rend ses actions d\u2019autant plus extraordinaires. Comment est-il possible, d\u2019un point de vue humain, qu\u2019un homme si doux et gentil puisse aider \u00e0 regrouper autant de personnes pour les besoins d\u2019une mission nouvelle et pour une coop\u00e9ration radicale ? Sa r\u00e9ponse serait certainement : par J\u00e9sus. <\/span><\/span><\/span><\/span><\/p>\n<p style=\"text-align: justify;\" align=\"LEFT\">\u00a0<\/p>\n<p style=\"text-align: justify;\" align=\"LEFT\"><span style=\"color: #000000;\"><span style=\"font-family: Arial,sans-serif;\"><span style=\"font-size: small;\"><span style=\"color: #231f20;\">John fut l\u2019un des fondateurs de l\u2019Institut Londonien du Christianisme Contemporain, notre premier directeur et notre pr\u00e9sident, jusqu\u2019\u00e0 ce jour. Il voyait le besoin urgent de permettre aux chr\u00e9tiens de ne pas s\u00e9parer foi et vie quotidienne, au travail comme dans leur voisinage, dans les amphith\u00e9\u00e2tres comme dans les lieux de culte. Il dirigea et fa\u00e7onna le LICC afin que celui-ci d\u00e9veloppe et offre de la sagesse aux chr\u00e9tiens du monde entier et de tous les contextes professionnels et eccl\u00e9siastiques. Il conserva un fervent int\u00e9r\u00eat pour ce travail. Sa joie \u00e0 la vue du progr\u00e8s de cette cause et son souci de voir le LICC continuer \u00e0 fleurir \u00e9taient \u00e9vidents. <\/span><\/span><\/span><\/span><\/p>\n<p style=\"text-align: justify;\" align=\"LEFT\">\u00a0<\/p>\n<p style=\"text-align: justify;\" align=\"LEFT\"><span style=\"color: #000000;\"><span style=\"font-family: Arial,sans-serif;\"><span style=\"font-size: small;\"><span style=\"color: #231f20;\">Il y a beaucoup de choses pour lesquelles nous pouvons remercier et louer Dieu concernant John. Mais c\u2019est aussi une p\u00e9riode de deuil pour beaucoup, beaucoup d\u2019autres personnes.<\/span><\/span><\/span><\/span><\/p>\n","protected":false},"excerpt":{"rendered":"<p>\u00a0 John STOTT (1921-2011) &nbsp; Communiqu\u00e9 du London Institute for Contemporary Christianity (LICC) Traduction : Sarah Bariteau \u2013 Arrangement : Marcel Reutenauer &nbsp; \u00a0 John STOTT est d\u00e9c\u00e9d\u00e9 paisiblement le 27 Juillet, \u00e0 St-Barnabas, la maison de retraite o\u00f9 il passa ses derni\u00e8res ann\u00e9es. C\u2019\u00e9tait un v\u00e9ritable homme de Dieu. \u00a0<\/p>\n","protected":false},"author":10,"featured_media":0,"comment_status":"closed","ping_status":"closed","sticky":false,"template":"","format":"standard","meta":{"footnotes":""},"categories":[15],"tags":[],"class_list":["post-7164","post","type-post","status-publish","format-standard","hentry","category-in-memoriam"],"_links":{"self":[{"href":"https:\/\/www.servir.caef.net\/index.php?rest_route=\/wp\/v2\/posts\/7164","targetHints":{"allow":["GET"]}}],"collection":[{"href":"https:\/\/www.servir.caef.net\/index.php?rest_route=\/wp\/v2\/posts"}],"about":[{"href":"https:\/\/www.servir.caef.net\/index.php?rest_route=\/wp\/v2\/types\/post"}],"author":[{"embeddable":true,"href":"https:\/\/www.servir.caef.net\/index.php?rest_route=\/wp\/v2\/users\/10"}],"replies":[{"embeddable":true,"href":"https:\/\/www.servir.caef.net\/index.php?rest_route=%2Fwp%2Fv2%2Fcomments&post=7164"}],"version-history":[{"count":0,"href":"https:\/\/www.servir.caef.net\/index.php?rest_route=\/wp\/v2\/posts\/7164\/revisions"}],"wp:attachment":[{"href":"https:\/\/www.servir.caef.net\/index.php?rest_route=%2Fwp%2Fv2%2Fmedia&parent=7164"}],"wp:term":[{"taxonomy":"category","embeddable":true,"href":"https:\/\/www.servir.caef.net\/index.php?rest_route=%2Fwp%2Fv2%2Fcategories&post=7164"},{"taxonomy":"post_tag","embeddable":true,"href":"https:\/\/www.servir.caef.net\/index.php?rest_route=%2Fwp%2Fv2%2Ftags&post=7164"}],"curies":[{"name":"wp","href":"https:\/\/api.w.org\/{rel}","templated":true}]}}