{"id":7277,"date":"2012-01-13T09:32:46","date_gmt":"2012-01-13T09:32:46","guid":{"rendered":"\/?p=7277"},"modified":"2017-05-17T13:21:42","modified_gmt":"2017-05-17T13:21:42","slug":"quelques-statistiques-sur-les-francais-et-la-bible","status":"publish","type":"post","link":"https:\/\/www.servir.caef.net\/?p=7277","title":{"rendered":"Quelques statistiques sur les Fran\u00e7ais et la Bible"},"content":{"rendered":"<h1 style=\"text-align: center;\">Quelques statistiques sur les Fran\u00e7ais et la Bible<\/h1>\n<p>&nbsp;<\/p>\n<p>&nbsp;<\/p>\n<p>&nbsp;<\/p>\n<p><span style=\"font-family: arial,helvetica,sans-serif; color: #800000;\"><strong><span style=\"font-size: large;\">Par Reynald Kozycki<\/span><\/strong><\/span><\/p>\n<p>&nbsp;<\/p>\n<p><a href=\"\/wp-content\/uploads\/2010\/03\/kozycki.jpg\"><img loading=\"lazy\" decoding=\"async\" class=\"alignnone size-full wp-image-6928\" src=\"\/wp-content\/uploads\/2010\/03\/kozycki.jpg\" alt=\"kozycki\" width=\"94\" height=\"126\" \/><\/a><\/p>\n<p>&nbsp;<\/p>\n<p><!--more--><\/p>\n<p><strong><i><a href=\"\/wp-content\/uploads\/2012\/pdf2012\/Servir%201-2012%20Lecture%20de%20la%20Bible.pdf#page=10\" target=\"_blank\"><img loading=\"lazy\" decoding=\"async\" title=\"iconePDF\" src=\"\/wp-content\/uploads\/2011\/01\/iconePDF.jpg\" alt=\"\" width=\"81\" height=\"76\" align=\"right\" hspace=\"8\" vspace=\"8\" \/><\/a><\/i><\/strong><\/p>\n<table style=\"background-color: #fdfab9;\" border=\"1\" cellspacing=\"10\" cellpadding=\"5\" align=\"center\">\n<tbody>\n<tr>\n<td style=\"width: 300px;\" valign=\"top\">\n<h2 style=\"text-align: center;\" align=\"LEFT\">Sondage Ipsos janvier 2010<\/h2>\n<p align=\"LEFT\">\u00a0<\/p>\n<p style=\"text-align: justify;\" align=\"LEFT\"><span style=\"font-family: Arial,sans-serif;\"><span style=\"font-size: small;\">27 % des Fran\u00e7ais estiment que la Bible est une r\u00e9f\u00e9rence culturelle tr\u00e8s pr\u00e9sente ou plut\u00f4t pr\u00e9sente dans la soci\u00e9t\u00e9 fran\u00e7aise actuellement<sub><strong>1<\/strong><\/sub>. <\/span><\/span><\/p>\n<p style=\"text-align: justify;\" align=\"LEFT\">\u00a0<\/p>\n<p style=\"text-align: justify;\" align=\"LEFT\"><span style=\"font-family: Arial,sans-serif;\"><span style=\"font-size: small;\">Beaucoup de nos contemporains connaissent des \u00e9pisodes de la Bible, mais 12 % d\u2019entre eux disent \u00ab ne pas conna\u00eetre \u00bb celui de la mort et la r\u00e9surrection de J\u00e9sus ; 59 %, celui de Paul et du chemin de Damas\u2026 <\/span><\/span><\/p>\n<p style=\"text-align: justify;\" align=\"LEFT\">\u00a0<\/p>\n<p style=\"text-align: justify;\" align=\"LEFT\"><span style=\"font-family: Arial,sans-serif;\"><span style=\"font-size: small;\">62% n\u2019ont aucune Bible chez eux, et 81 % des personnes sans religion. 71 % des moins de 25 ans ne poss\u00e8dent pas de Bible non plus. <\/span><\/span><\/p>\n<p style=\"text-align: justify;\" align=\"LEFT\">\u00a0<\/p>\n<p style=\"text-align: justify;\" align=\"LEFT\"><span style=\"font-family: Arial,sans-serif;\"><span style=\"font-size: small;\">8 % des possesseurs de la Bible disent la lire tous les jours et 5 % une fois par semaine.<\/span><\/span><\/p>\n<\/td>\n<td style=\"width: 300px;\" valign=\"top\">\n<h2 style=\"text-align: center;\">Sondage Ifop novembre 2010<\/h2>\n<p>&nbsp;<\/p>\n<p style=\"text-align: justify;\"><span style=\"font-family: Arial,sans-serif;\"><span style=\"font-size: small;\">2,5 \u00e0 2,8 % de la population en m\u00e9tropole se r\u00e9clament du protestantisme, soit 1,7 million. 56 % se r\u00e9clament des \u00c9glises luth\u00e9ro-r\u00e9form\u00e9es, et 30 % du courant \u00e9vang\u00e9lique (le reste ne se situe pas). <\/span><\/span><\/p>\n<p style=\"text-align: justify;\">\u00a0<\/p>\n<p style=\"text-align: justify;\"><span style=\"font-family: Arial,sans-serif;\"><span style=\"font-size: small;\">9 % des Luth\u00e9ro-r\u00e9form\u00e9s affirment aller au culte chaque semaine, contre 65 % des \u00c9vang\u00e9liques (600.000 affirment pratiquer leur religion sur les 1,7 million)<sub><strong>2<\/strong><\/sub>. <\/span><\/span><\/p>\n<p style=\"text-align: justify;\">\u00a0<\/p>\n<p style=\"text-align: justify;\"><span style=\"font-family: Arial,sans-serif;\"><span style=\"font-size: small;\">17 % des luth\u00e9ro-r\u00e9form\u00e9s disent lire la Bible au moins une fois par semaine, contre 74 % des \u00e9vang\u00e9liques. <\/span><\/span><\/p>\n<\/td>\n<td style=\"width: 300px;\" valign=\"top\">\n<h2 style=\"text-align: center;\">Commentaire sur la lecture de la Bible<\/h2>\n<p>&nbsp;<\/p>\n<p style=\"text-align: justify;\"><span style=\"font-family: Arial,sans-serif;\"><span style=\"font-size: small;\">Les \u00c9vang\u00e9liques repr\u00e9sentent le public \u00ab chr\u00e9tien \u00bb le plus assidu \u00e0 la lecture de la Bible, mais on remarque qu\u2019un quart d\u2019entre eux n\u2019ouvre pratiquement jamais leur Bible (quelques fois dans l\u2019ann\u00e9e). Il est de plus en plus rare, semble-t-il, de trouver des chr\u00e9tiens lisant tr\u00e8s r\u00e9guli\u00e8rement la Parole de Dieu. Nous sommes loin du <em><span style=\"background-color: #ccffff;\">Psaume 1<\/span><\/em> parlant du bonheur de ceux qui trouvent leur plaisir dans la loi de Dieu (ou sa parole), qui la m\u00e9ditent jour et nuit. Loin aussi de ces paroles que J\u00e9sus reprend pour repousser les ruses de Satan : <span style=\"background-color: #ccffff;\"><em>L\u2019homme ne vivra pas de pain seulement, mais de toute parole qui sort de la bouche de Dieu (Mt 4.4)<\/em><\/span>. Mais peut-\u00eatre que les lecteurs de notre revue sont une exception ? <\/span><\/span><\/p>\n<\/td>\n<\/tr>\n<\/tbody>\n<\/table>\n<hr \/>\n<p>&nbsp;<\/p>\n<p><span style=\"font-size: small;\"><strong><span style=\"font-family: arial,helvetica,sans-serif;\">NOTES<\/span><\/strong><\/span><\/p>\n<p>&nbsp;<\/p>\n<p align=\"LEFT\"><span style=\"font-family: Arial,sans-serif;\"><span style=\"font-size: small;\"><strong>1.<\/strong> Sondage Ipsos pour l\u2019Alliance Biblique Fran\u00e7aise de janvier 2010. Il a \u00e9t\u00e9 r\u00e9alis\u00e9 aupr\u00e8s d\u2019 un \u00e9chantillon de 1017 pe rsonnes repr\u00e9sentatives de la population fran\u00e7aise de 15 ans et plus, interrog\u00e9es par t\u00e9l\u00e9phone du 29 au 30 janvier 2010.<\/span><\/span><\/p>\n<p align=\"LEFT\">\u00a0<\/p>\n<p><span style=\"font-family: Arial,sans-serif;\"><span style=\"font-size: small;\"><strong>2.<\/strong> Jean-Luc MOUTON \u00e9crit : \u00ab <i>Les \u00e9vang\u00e9liques, plus engag\u00e9s, plus dynamiques, plus fervents, sont, sans conteste, le fer de lance d\u2019une forme de reconqu\u00eate du protestantisme en France <\/i>\u00bb, voir \u00ab \u00c9ditorial \u00bb, page 2, <i>R\u00e9forme <\/i>3392, 18 novembre 2010<\/span><\/span><\/p>\n","protected":false},"excerpt":{"rendered":"<p>Quelques statistiques sur les Fran\u00e7ais et la Bible &nbsp; &nbsp; &nbsp; Par Reynald Kozycki &nbsp; &nbsp;<\/p>\n","protected":false},"author":21,"featured_media":0,"comment_status":"closed","ping_status":"closed","sticky":false,"template":"","format":"standard","meta":{"footnotes":""},"categories":[26,11],"tags":[],"class_list":["post-7277","post","type-post","status-publish","format-standard","hentry","category-la-bible","category-la-vie-du-chretien"],"_links":{"self":[{"href":"https:\/\/www.servir.caef.net\/index.php?rest_route=\/wp\/v2\/posts\/7277","targetHints":{"allow":["GET"]}}],"collection":[{"href":"https:\/\/www.servir.caef.net\/index.php?rest_route=\/wp\/v2\/posts"}],"about":[{"href":"https:\/\/www.servir.caef.net\/index.php?rest_route=\/wp\/v2\/types\/post"}],"author":[{"embeddable":true,"href":"https:\/\/www.servir.caef.net\/index.php?rest_route=\/wp\/v2\/users\/21"}],"replies":[{"embeddable":true,"href":"https:\/\/www.servir.caef.net\/index.php?rest_route=%2Fwp%2Fv2%2Fcomments&post=7277"}],"version-history":[{"count":0,"href":"https:\/\/www.servir.caef.net\/index.php?rest_route=\/wp\/v2\/posts\/7277\/revisions"}],"wp:attachment":[{"href":"https:\/\/www.servir.caef.net\/index.php?rest_route=%2Fwp%2Fv2%2Fmedia&parent=7277"}],"wp:term":[{"taxonomy":"category","embeddable":true,"href":"https:\/\/www.servir.caef.net\/index.php?rest_route=%2Fwp%2Fv2%2Fcategories&post=7277"},{"taxonomy":"post_tag","embeddable":true,"href":"https:\/\/www.servir.caef.net\/index.php?rest_route=%2Fwp%2Fv2%2Ftags&post=7277"}],"curies":[{"name":"wp","href":"https:\/\/api.w.org\/{rel}","templated":true}]}}