{"id":7368,"date":"2012-07-24T14:27:51","date_gmt":"2012-07-24T14:27:51","guid":{"rendered":"\/?p=7368"},"modified":"2017-05-17T14:54:22","modified_gmt":"2017-05-17T14:54:22","slug":"les-dons-de-lesprit-premiers-reperages","status":"publish","type":"post","link":"https:\/\/www.servir.caef.net\/?p=7368","title":{"rendered":"Les dons de l\u2019Esprit : premiers rep\u00e9rages"},"content":{"rendered":"<h1 style=\"text-align: center;\">Les dons de l\u2019Esprit : premiers rep\u00e9rages<\/h1>\n<p>&nbsp;<\/p>\n<p><a href=\"\/wp-content\/uploads\/2013\/09\/colombe.jpg\"><img loading=\"lazy\" decoding=\"async\" class=\"size-full wp-image-7369 aligncenter\" src=\"\/wp-content\/uploads\/2013\/09\/colombe.jpg\" alt=\"colombe\" width=\"600\" height=\"466\" srcset=\"https:\/\/www.servir.caef.net\/wp-content\/uploads\/2013\/09\/colombe.jpg 600w, https:\/\/www.servir.caef.net\/wp-content\/uploads\/2013\/09\/colombe-300x233.jpg 300w\" sizes=\"auto, (max-width: 600px) 100vw, 600px\" \/><\/a><\/p>\n<p>&nbsp;<\/p>\n<p><span style=\"color: #800000; font-size: large;\"><strong>Par Jacques Nussbaumer<\/strong><\/span><\/p>\n<p>&nbsp;<\/p>\n<p><a href=\"\/wp-content\/uploads\/2013\/09\/Nussbaumer.jpg\"><img loading=\"lazy\" decoding=\"async\" class=\"size-full wp-image-7370 alignleft\" style=\"margin: 10px;\" src=\"\/wp-content\/uploads\/2013\/09\/Nussbaumer.jpg\" alt=\"Nussbaumer\" width=\"75\" height=\"106\" \/><\/a><\/p>\n<h2 align=\"LEFT\"><span style=\"color: #3366ff;\"><em>Introduction<\/em> <\/span><\/h2>\n<p style=\"text-align: justify;\" align=\"LEFT\">\u00a0<\/p>\n<p style=\"text-align: justify;\" align=\"LEFT\"><span style=\"font-family: Arial,sans-serif;\"><span style=\"font-size: small;\"><span style=\"color: #231f20;\">Les dons de l\u2019Esprit : Voil\u00e0 un sujet qui a aliment\u00e9 bien des pol\u00e9miques, jusqu\u2019\u00e0 susciter hostilit\u00e9 et divisions entre et au sein m\u00eame des \u00c9glises. On l\u2019associe souvent au d\u00e9veloppement des mouvements pentec\u00f4tistes et charismatiques qui, en mettant l\u2019accent sur les dons du Saint-Esprit, a pu \u00eatre diversement per\u00e7u comme un mouvement de R\u00e9veil ou, \u00e0 l\u2019inverse, comme une d\u00e9viance conduisant \u00e0 des d\u00e9bordements incontr\u00f4l\u00e9s et une th\u00e9ologie fantaisiste. L\u2019\u00e9poque est \u00e0 un certain apaisement, apr\u00e8s que des voix se furent lev\u00e9es dans les diff\u00e9rents \u00ab camps \u00bb pour mettre en garde contre les exc\u00e8s de part et d\u2019autre (pratiques bibliquement peu inform\u00e9es, jugements caricaturaux et blessants\u2026). Ex\u00e9g\u00e8tes et th\u00e9ologiens ont entam\u00e9 un dialogue plus ir\u00e9nique, m\u00eame si une diversit\u00e9 d\u2019appr\u00e9ciation subsiste selon les sensibilit\u00e9s et les interpr\u00e9tations des textes bibliques. <\/span><\/span><\/span><\/p>\n<p style=\"text-align: justify;\" align=\"LEFT\">\u00a0<\/p>\n<p style=\"text-align: justify;\" align=\"LEFT\">\u00a0<!--more--><\/p>\n<h2 align=\"LEFT\"><span style=\"color: #3366ff;\"><em>Un cadre pour r\u00e9fl\u00e9chir aux dons spirituels<\/em> <\/span><\/h2>\n<p style=\"text-align: justify;\" align=\"LEFT\">\u00a0<\/p>\n<p style=\"text-align: justify;\"><span style=\"color: #231f20;\"><span style=\"font-family: Arial,sans-serif;\"><span style=\"color: #231f20;\"><a href=\"\/wp-content\/uploads\/2012\/pdf2012\/Servir%203-2012%20dons%20pour%20le%20service.pdf#page=4\" target=\"_blank\"><img loading=\"lazy\" decoding=\"async\" title=\"iconePDF\" src=\"\/wp-content\/uploads\/2011\/01\/iconePDF.jpg\" alt=\"\" width=\"81\" height=\"76\" align=\"right\" hspace=\"8\" vspace=\"8\" \/><\/a>Le sujet a une grande importance, car c\u2019est bien sous la conduite de l\u2019Esprit que les chr\u00e9tiens sont appel\u00e9s \u00e0 vivre <span style=\"background-color: #ccffff;\"><em>(Rm 8.14 ; Ga 5.16)<\/em><\/span>. Que ce soit dans la discr\u00e9tion des soupirs qui accompagnent la pri\u00e8re <span style=\"background-color: #ccffff;\"><em>(Rm 8.26)<\/em><\/span> ou l\u2019\u00e9clatante puissance que manifeste une r\u00e9surrection, la troisi\u00e8me personne de la Trinit\u00e9 a pour mission de glorifier le Fils <span style=\"background-color: #ccffff;\"><em>(Jn 16.14)<\/em><\/span> et de \u00ab <\/span><span style=\"color: #231f20;\"><i>manifester la pr\u00e9sence active de Dieu dans le monde, et en particulier dans l\u2019\u00c9glise <\/i><\/span><span style=\"font-size: small;\">\u00bb<strong><sub>1<\/sub><\/strong>. Il <i>est <\/i>particuli\u00e8rement Celui qui r\u00e9g\u00e9n\u00e8re<i>, <\/i>fortifie, purifie, illumine, r\u00e9v\u00e8le, atteste, conduit\u2026 Rappelons-nous que le Saint- Esprit est une <i>personne <\/i>qui ne se confond pas avec ses diverses manifestations, mais en est la source. Il peut encore \u00eatre utile de mentionner que le Saint-Esprit est lui-m\u00eame donn\u00e9, envoy\u00e9 pour habiter dans le croyant r\u00e9g\u00e9n\u00e9r\u00e9 et dans l\u2019\u00c9glise <span style=\"background-color: #ccffff;\"><em>(Rm 5.5 ; 8.9 ; 1 Co 2.12)<\/em><\/span>. Dans le Nouveau Testament, les dons spirituels <i>pr\u00e9supposent <\/i>en g\u00e9n\u00e9ral le don de l\u2019Esprit, m\u00eame si Paul <span style=\"background-color: #ccffff;\"><em>(1 Co 13)<\/em><\/span> et J\u00e9sus lui-m\u00eame <span style=\"background-color: #ccffff;\"><em>(Mt 7.22-23)<\/em><\/span> laissent entendre que ce qui pourrait appara\u00eetre comme un \u00ab don spirituel \u00bb chez quelqu\u2019un n\u2019est pas une marque incontestable de la pr\u00e9sence ou de la pl\u00e9nitude de l\u2019Esprit. <\/span><\/span><\/span><\/p>\n<p style=\"text-align: justify;\">\u00a0<\/p>\n<p style=\"text-align: justify;\">\u00a0<\/p>\n<h2><em><span style=\"color: #3366ff;\">Les dons de l\u2019Esprit : de quoi parle-t-on ?<\/span> <\/em><\/h2>\n<p style=\"text-align: justify;\">\u00a0<\/p>\n<p style=\"text-align: justify;\"><span style=\"color: #231f20;\"><span style=\"font-family: Arial,sans-serif;\"><span style=\"font-size: small;\">Lorsqu\u2019on \u00e9voque les dons de l\u2019Esprit, plusieurs textes bibliques s\u2019imposent g\u00e9n\u00e9ralement \u00e0 l\u2019\u00e9tude : <span style=\"background-color: #ccffff;\"><em>Rm 12.3-8, 1 Co 12, 1 P 4.10 et \u00c9p 4.7-16<\/em><\/span> sont les plus cit\u00e9s. On y trouve plusieurs expressions qui rendent l\u2019id\u00e9e de don spirituel. Notons d\u2019ailleurs que l\u2019expression <span style=\"background-color: #ccffff;\"><i>don spirituel <\/i><\/span>n\u2019appara\u00eet telle quelle qu\u2019en <span style=\"background-color: #ccffff;\"><em>Romains 1.11<\/em><\/span>, et il faut d\u2019embl\u00e9e pr\u00e9ciser qu\u2019elle ne d\u00e9signe pas ce que l\u2019on appelle aujourd\u2019hui les \u00ab dons spirituels \u00bb. Il nous faut donc clarifier ce dont on parle\u2026 <\/span><\/span><\/span><\/p>\n<p style=\"text-align: justify;\">\u00a0<\/p>\n<p style=\"text-align: justify;\"><span style=\"color: #231f20;\"><span style=\"font-family: Arial,sans-serif;\"><span style=\"font-size: small;\">Sylvain ROMEROWSKI<strong><sub>2<\/sub><\/strong> observe que, en fran\u00e7ais (comme en anglais et en allemand), le terme <i>don <\/i>peut avoir deux sens assez diff\u00e9rents : il peut d\u00e9signer le don au sens du <i>cadeau <\/i>que l\u2019on re\u00e7oit, ou le don dont on est dou\u00e9, se r\u00e9f\u00e9rant plut\u00f4t \u00e0 une aptitude qui serait alors donn\u00e9e par Dieu \u00e0 une personne. S. ROMEROWSKI remarque que les ex\u00e9g\u00e8tes et th\u00e9ologiens se sont souvent concentr\u00e9s sur la question du \u00ab don dont on est dou\u00e9 \u00bb, alors qu\u2019en grec le terme <i>charisma <\/i>n\u2019a pas ce sens, m\u00eame s\u2019il ne l\u2019exclut pas. Pour lui, les textes invoqu\u00e9s ne traitent pas explicitement et premi\u00e8rement des <i>capacit\u00e9s <\/i>que l\u2019Esprit donne aux croyants, mais plut\u00f4t des <i>cadeaux<\/i>, \u00e0 savoir les dons donn\u00e9s que sont la proph\u00e9tie, les gu\u00e9risons, la lib\u00e9ralit\u00e9, etc. Bref, les dons sont les activit\u00e9s<strong><sub>3<\/sub><\/strong> que suscite l\u2019Esprit au b\u00e9n\u00e9fice du peuple de Dieu pour lui permettre d\u2019accomplir sa mission jusqu\u2019au retour de Christ. L\u2019ap\u00f4tre Paul s\u2019adressait \u00e0 des Corinthiens se croyant (\u00e0 tort) tr\u00e8s spirituels, remplis de sagesse et de connaissance, et qui avaient pr\u00e9cis\u00e9ment besoin de reconna\u00eetre le caract\u00e8re gratuit de ces <i>cadeaux <\/i>que l\u2019Esprit faisait \u00e0 l\u2019\u00c9glise. Ainsi, sans nier que l\u2019Esprit puisse donner des capacit\u00e9s particuli\u00e8res qu\u2019il convient de mettre en oeuvre, l\u2019insistance de Paul sur le cadeau lui-m\u00eame renvoie d\u2019abord \u00e0 la grande g\u00e9n\u00e9rosit\u00e9 de Dieu envers son \u00c9glise. Le qualificatif <i>spirituel <\/i>rel\u00e8ve bien de la source divine, et non des qualit\u00e9s de celui qui re\u00e7oit le don. <\/span><\/span><\/span><\/p>\n<p style=\"text-align: justify;\">\u00a0<\/p>\n<p style=\"text-align: justify;\">\u00a0<\/p>\n<h2><span style=\"color: #3366ff;\"><em>La grande diversit\u00e9 des dons<\/em> <\/span><\/h2>\n<p style=\"text-align: justify;\">\u00a0<\/p>\n<p style=\"text-align: justify;\" align=\"LEFT\"><span style=\"font-family: Arial,sans-serif;\"><span style=\"font-size: small;\"><span style=\"color: #231f20;\">Ensuite, les divers textes mettent en lumi\u00e8re la (tr\u00e8s) grande diversit\u00e9 des dons que l\u2019Esprit fait \u00e0 l\u2019\u00c9glise. Les listes que l\u2019on trouve ne se recoupent pas tout \u00e0 fait, et ces dons sont de natures tr\u00e8s diff\u00e9rentes. Une \u00e9tude scrupuleuse du texte ne permet pas d\u2019\u00e9tablir de liste normative des dons spirituels. La diversit\u00e9 des dons mentionn\u00e9s peut \u00eatre rep\u00e9r\u00e9e selon plusieurs axes : leur caract\u00e8re \u00ab miraculeux \u00bb<strong><sub>4<\/sub><\/strong> ou pas, leur permanence variable dans la vie du croyant ou de l\u2019\u00c9glise<strong><sub>5<\/sub><\/strong>, leur expression publique ou priv\u00e9e, ou encore, dans la perspective des \u00ab dons-aptitude \u00bb, leur intensit\u00e9 en fonction du travail dont ils font l\u2019objet, de la foi mise en oeuvre\u2026 Et surtout de la volont\u00e9 du Saint-Esprit. GRUDEM note aussi une forme de continuit\u00e9 entre les dons spirituels et ce que vivent ordinairement les croyants : il arrive souvent qu\u2019ils soient conduits \u00e0 prier pour quelqu\u2019un sans avoir re\u00e7u pr\u00e9alablement d\u2019information particuli\u00e8re. <\/span><\/span><\/span><\/p>\n<p style=\"text-align: justify;\" align=\"LEFT\">\u00a0<\/p>\n<p style=\"text-align: justify;\" align=\"LEFT\"><span style=\"font-family: Arial,sans-serif;\"><span style=\"font-size: small;\"><span style=\"color: #231f20;\">D\u2019ailleurs, il faut bien l\u2019admettre, certains dons restent myst\u00e9rieux ! La r\u00e9alit\u00e9 que d\u00e9signent les <\/span><span style=\"color: #231f20;\"><i>paroles de connaissance <\/i><\/span><span style=\"color: #231f20;\">est d\u00e9battue : s\u2019agit-il d\u2019une r\u00e9v\u00e9lation divine et imm\u00e9diate d\u2019une situation particuli\u00e8re, ou d\u2019une capacit\u00e9 \u00e0 comprendre le sens d\u2019un texte de l\u2019\u00c9criture, qui implique aussi son \u00e9tude s\u00e9rieuse ? Le parler en langues rel\u00e8ve-t- il de la capacit\u00e9 \u00e0 parler des langues \u00e9trang\u00e8res (inconnues de celui qui parle), ou d\u2019une langue <\/span><span style=\"color: #231f20;\"><i>des anges<\/i><\/span><span style=\"color: #231f20;\">, ou encore d\u2019une forme de \u00ab langage \u00bb qui n\u2019est pas une langue (au sens de la linguistique) tout en exprimant une r\u00e9alit\u00e9 ressentie ou per\u00e7ue<strong><sub>6<\/sub><\/strong> ? Sans \u00eatre obstin\u00e9ment ferm\u00e9 \u00e0 l\u2019intervention du \u00ab miraculeux \u00bb, il n\u2019est pas toujours s\u00fbr que ce qui est pratiqu\u00e9 aujourd\u2019hui en r\u00e9f\u00e9rence \u00e0 ces dons corresponde r\u00e9ellement \u00e0 ce que Paul observait ou exp\u00e9rimentait dans son contexte\u2026 <\/span><\/span><\/span><\/p>\n<p style=\"text-align: justify;\" align=\"LEFT\">\u00a0<\/p>\n<p style=\"text-align: justify;\" align=\"LEFT\">\u00a0<\/p>\n<h2 align=\"LEFT\"><em>La dimension humaine des dons spirituels<\/em><\/h2>\n<p style=\"text-align: justify;\" align=\"LEFT\">\u00a0<\/p>\n<p style=\"text-align: justify;\" align=\"LEFT\"><span style=\"font-family: Arial,sans-serif;\"><span style=\"font-size: small;\"><span style=\"color: #231f20;\">Les textes mettant l\u2019accent sur l\u2019activit\u00e9 divine plus que sur les capacit\u00e9s humaines, les modalit\u00e9s de cette action restent variables. L\u2019Esprit peut, bien s\u00fbr, se servir des capacit\u00e9s naturelles pour les mettre au service du Royaume. <span style=\"background-color: #ccffff;\"><em>Romains 12.3<\/em><\/span> sugg\u00e8re d\u2019ailleurs de ne pas avoir de pr\u00e9tentions excessives. Une qualit\u00e9 p\u00e9dagogique peut \u00eatre fructueuse pour un minist\u00e8re d\u2019enseignement, mais le Seigneur peut aussi utiliser un orateur moins talentueux. Il semble que, dans ce domaine, l\u2019ap\u00f4tre Paul n\u2019excellait pas forc\u00e9ment <span style=\"background-color: #ccffff;\"><em>(1 Co 2.1-4)<\/em><\/span>\u2026 Nous avons pu nous-m\u00eames entendre de remarquables orateurs dont l\u2019enseignement manquait d\u2019\u00e9quilibre biblique. Nous sommes incit\u00e9s \u00e0 nous attacher premi\u00e8rement au contenu de ce qui est dit et, sans les m\u00e9priser, \u00e0 ne pas sur\u00e9valuer les qualit\u00e9s rh\u00e9toriques. Ainsi, l\u2019articulation entre les aspects humains et l\u2019activit\u00e9 de l\u2019Esprit peut \u00eatre variable. Quelles capacit\u00e9s requiert le don de lib\u00e9ralit\u00e9 ? Probablement quelques ressources, mais ne suffit-il pas d\u2019une bonne disposition d\u2019esprit, conforme \u00e0 l\u2019\u00c9vangile ? Que ce soit dans la discr\u00e9tion d\u2019une relation priv\u00e9e (encouragement) ou une intervention \u00ab en chaire \u00bb, toutes sont des cadeaux qui rel\u00e8vent de l\u2019action du m\u00eame Esprit <span style=\"background-color: #ccffff;\"><em>(1 Co 12.4s)<\/em><\/span>. <\/span><\/span><\/span><\/p>\n<p style=\"text-align: justify;\" align=\"LEFT\">\u00a0<\/p>\n<p style=\"text-align: justify;\" align=\"LEFT\">\u00a0<\/p>\n<h2 align=\"LEFT\"><em>\u00c0 qui sont donn\u00e9s les dons ? <\/em><\/h2>\n<p style=\"text-align: justify;\" align=\"LEFT\">\u00a0<a href=\"\/wp-content\/uploads\/2012\/09\/dons.jpg\"><img loading=\"lazy\" decoding=\"async\" class=\" wp-image-7371 alignleft\" style=\"margin: 10px;\" src=\"\/wp-content\/uploads\/2012\/09\/dons.jpg\" alt=\"dons\" width=\"370\" height=\"201\" srcset=\"https:\/\/www.servir.caef.net\/wp-content\/uploads\/2012\/09\/dons.jpg 771w, https:\/\/www.servir.caef.net\/wp-content\/uploads\/2012\/09\/dons-300x163.jpg 300w\" sizes=\"auto, (max-width: 370px) 100vw, 370px\" \/><\/a><\/p>\n<p style=\"text-align: justify;\" align=\"LEFT\"><span style=\"font-family: Arial,sans-serif;\"><span style=\"font-size: small;\"><span style=\"color: #231f20;\">Dans l\u2019ensemble des textes, on peut aussi observer que les dons spirituels peuvent \u00eatre consid\u00e9r\u00e9s sous l\u2019angle des chr\u00e9tiens qui en b\u00e9n\u00e9ficient, mais aussi de celui qui les met \u00e0 disposition de l\u2019\u00c9glise : le don spirituel est un cadeau partag\u00e9 ! Ainsi, dans plusieurs textes, Paul fait allusion \u00e0 son minist\u00e8re d\u2019ap\u00f4tre comme un <\/span><span style=\"color: #231f20;\"><i>don<\/i><\/span><span style=\"color: #231f20;\"><strong><sub>7<\/sub><\/strong>. Paul invite Timoth\u00e9e \u00e0 ne pas n\u00e9gliger <span style=\"background-color: #ccffff;\"><em>(1 Tm 4.14)<\/em><\/span>, et m\u00eame \u00e0 raviver <em><span style=\"background-color: #ccffff;\">(2 Tm 1.6)<\/span><\/em>, le don re\u00e7u, qui peut \u00eatre compris comme son minist\u00e8re<strong><sub>8<\/sub><\/strong>. Anciens, responsables de services, ou chr\u00e9tiens \u00e0 l\u2019oeuvre dans l\u2019\u00c9glise, consid\u00e9rons- nous notre charge ou notre activit\u00e9 comme un don venant de Dieu, ou comme un produit de notre propre g\u00e9n\u00e9rosit\u00e9 ? Dans la liste d\u2019\u00c9ph\u00e9siens 4, ce ne sont ni les capacit\u00e9s ni m\u00eame les activit\u00e9s qui constituent le don de Dieu, mais les personnes elles-m\u00eames. Dieu a donn\u00e9 des ap\u00f4tres, proph\u00e8tes, \u00e9vang\u00e9listes et pasteurs-enseignants<sub><strong>9<\/strong><\/sub> \u00e0 l\u2019\u00c9glise ! Alors, tout est don ! Les <\/span><span style=\"color: #231f20;\"><i>dons spirituels <\/i><\/span><span style=\"color: #231f20;\">sont des dons pour ceux qui les partagent comme pour ceux qui en b\u00e9n\u00e9ficient, les premiers \u00e9tant eux-m\u00eames un don ! <\/span><\/span><\/span><\/p>\n<p style=\"text-align: justify;\" align=\"LEFT\">\u00a0<\/p>\n<p style=\"text-align: justify;\" align=\"LEFT\">\u00a0<\/p>\n<h2 align=\"LEFT\"><em>Donn\u00e9s pour l\u2019\u00e9dification<\/em><\/h2>\n<p style=\"text-align: justify;\" align=\"LEFT\">\u00a0<\/p>\n<p style=\"text-align: justify;\" align=\"LEFT\"><span style=\"font-family: Arial,sans-serif;\"><span style=\"font-size: small;\"><span style=\"color: #231f20;\"><a href=\"\/wp-content\/uploads\/2012\/09\/vitraux.jpg\"><img loading=\"lazy\" decoding=\"async\" class=\"alignright\" style=\"margin: 10px;\" src=\"\/wp-content\/uploads\/2012\/09\/vitraux.jpg\" alt=\"vitraux\" width=\"307\" height=\"435\" \/><\/a>Donn\u00e9s pour l\u2019\u00e9dification, c\u2019est bien l\u2019objet des textes qui parlent de la diversit\u00e9 des dons, en fait, des \u00ab cadeaux \u00e0 l\u2019\u00c9glise \u00bb ! L\u2019Esprit <\/span><span style=\"color: #231f20;\"><i>donne <\/i><\/span><span style=\"color: #231f20;\">pour le bien de l\u2019\u00c9glise<strong><sub>10<\/sub><\/strong>\u2026 On peut noter deux dimensions \u00e0 cet objectif : une notion de gratuit\u00e9, parce que faire du bien est dans la nature de Dieu, et un aspect plus intentionnel. Il s\u2019agit de permettre au corps de fonctionner et de grandir dans l\u2019unit\u00e9 et la connaissance de Christ <span style=\"background-color: #ccffff;\"><em>(\u00c9p 4.12-16)<\/em><\/span>, mais aussi de donner \u00e0 chaque membre du corps ce dont il a besoin pour son activit\u00e9 propre <span style=\"background-color: #ccffff;\"><em>(v.12)<\/em><\/span>. Dans ce texte, le minist\u00e8re est celui de chaque croyant ! Ainsi, consid\u00e9rant l\u2019objectif collectif que <\/span><span style=\"color: #231f20;\">Dieu poursuit par les dons spirituels, certaines <\/span><span style=\"color: #231f20;\">questions seront reformul\u00e9es. Il est important de mettre nos \u00ab dons-capacit\u00e9s \u00bb au service des autres <span style=\"background-color: #ccffff;\"><em>(1 P 4.10)<\/em><\/span> et de les travailler. Mais il est \u00e9galement important de consid\u00e9rer ce que nous faisons d\u00e9j\u00e0, ou pouvons faire, sans \u00ab capacit\u00e9s \u00bb particuli\u00e8res, comme un don que Dieu fait \u00e0 l\u2019\u00c9glise ! Dois-je chercher l\u2019\u00c9glise locale o\u00f9 je peux mettre en oeuvre mes dons, ou me mettre \u00e0 l\u2019oeuvre dans l\u2019\u00c9glise locale, selon ses besoins ? Il ne faudrait pas trop vite opposer les deux options, mais il est biblique de ne pas m\u00e9priser ce qui peut \u00eatre <\/span><span style=\"color: #231f20;\"><i>donn\u00e9 <\/i><\/span><span style=\"color: #231f20;\">(par l\u2019Esprit !) de pr\u00e9cieux \u00e0 l\u2019\u00c9glise sans comp\u00e9tence particuli\u00e8re. Inversement, plut\u00f4t que de se lamenter en \u00c9glise sur les dons qui paraissent manquer, on pourrait r\u00e9fl\u00e9chir \u00e0 ce que Dieu a donn\u00e9 \u00e0 l\u2019\u00c9glise et y discerner une direction pour mobiliser, encourager, former les membres\u2026 Il est n\u00e9cessaire de veiller \u00e0 la bonne articulation entre l\u2019\u00e9panouissement personnel et l\u2019\u00e9panouissement collectif. D\u2019ailleurs, si l\u2019expression de ces dons rel\u00e8ve prioritairement de l\u2019\u00c9glise locale, peut-\u00eatre notre congr\u00e9gationalisme visc\u00e9ral nous fait-il oublier que certains dons la d\u00e9passent, et peuvent s\u2019exercer en r\u00e9seau, sur un territoire ou au sein d\u2019une famille d\u2019\u00c9glises\u2026 <\/span><\/span><\/span><\/p>\n<p style=\"text-align: justify;\" align=\"LEFT\">\u00a0<\/p>\n<p style=\"text-align: justify;\" align=\"LEFT\">\u00a0<\/p>\n<h2 align=\"LEFT\"><em><span style=\"color: #3366ff;\">Hi\u00e9rarchie des dons ?<\/span> <\/em><\/h2>\n<p style=\"text-align: justify;\" align=\"LEFT\">\u00a0<\/p>\n<p style=\"text-align: justify;\" align=\"LEFT\"><span style=\"font-family: Arial,sans-serif;\"><span style=\"font-size: small;\"><span style=\"color: #231f20;\">Cadeaux de Dieu pour l\u2019\u00c9glise, il est enfin n\u00e9cessaire de rappeler que les dons spirituels ne sont pas des indicateurs de la maturit\u00e9 spirituelle du croyant. Paul insiste sur l\u2019importance <\/span><span style=\"color: #231f20;\"><i>\u00e9gale <\/i><\/span><span style=\"color: #231f20;\">de chaque don pour la vie de l\u2019\u00c9glise, \u00e0 l\u2019image du corps qui a besoin de chaque membre. En m\u00eame temps, il invite aussi \u00e0 rechercher les dons les meilleurs <span style=\"background-color: #ccffff;\"><em>(1 Co 12.31)<\/em><\/span>\u2026 Or, il semble que deux crit\u00e8res soient \u00e0 consid\u00e9rer : c\u2019est d\u2019abord l\u2019amour donn\u00e9 (\u00e0 cultiver !) \u00e0 chaque croyant qui conf\u00e8re une valeur \u00e0 tout <\/span><span style=\"color: #231f20;\"><i>don spirituel <\/i><\/span><span style=\"color: #231f20;\">pour celui qui le partage <span style=\"background-color: #ccffff;\"><em>(1 Co 13)<\/em><\/span>. Deuxi\u00e8mement, les dons <\/span><span style=\"color: #231f20;\"><i>les meilleurs <\/i><\/span><span style=\"color: #231f20;\">correspondent \u00e0 ceux qui sont le plus utiles \u00e0 l\u2019\u00e9dification des autres <span style=\"background-color: #ccffff;\"><em>(1 Co 14.12, 26)<\/em><\/span>. Certains cadeaux qui favorisent la pi\u00e9t\u00e9 personnelle sont moins essentiels que ceux qui contribuent \u00e0 la construction de l\u2019\u00c9glise. Or, en mati\u00e8re de vie d\u2019\u00c9glise, les minist\u00e8res de la Parole ont un r\u00f4le structurant, sans \u00eatre oppos\u00e9s aux autres qui expriment la dimension concr\u00e8te de la r\u00e9alit\u00e9 proclam\u00e9e et enseign\u00e9e. Si le don est bien cadeau de l\u2019Esprit, soyons reconnaissants ! Et d\u00e9sirons le meilleur pour le corps de Christ ! <\/span><\/span><\/span><\/p>\n<p style=\"text-align: justify;\" align=\"LEFT\">\u00a0<\/p>\n<p style=\"text-align: justify;\" align=\"LEFT\"><span style=\"font-family: Arial,sans-serif;\"><span style=\"font-size: small;\"><span style=\"color: #231f20;\">J.N. <\/span><\/span><\/span><\/p>\n<hr \/>\n<p style=\"text-align: justify;\" align=\"LEFT\"><span style=\"font-family: arial,helvetica,sans-serif;\">NOTES<\/span><\/p>\n<p style=\"text-align: justify;\" align=\"LEFT\">\u00a0<\/p>\n<p style=\"text-align: justify;\"><span style=\"font-family: Arial,sans-serif;\"><span style=\"font-size: small;\"><span style=\"color: #231f20;\"><strong>1.<\/strong><i> Wayne G RUDEM, Th\u00e9ologie Syst\u00e9matique, Charols, <\/i><\/span><span style=\"color: #231f20;\">Excelsis, 2010, p.699 <\/span><\/span><\/span><\/p>\n<p style=\"text-align: justify;\" align=\"LEFT\">\u00a0<\/p>\n<p style=\"text-align: justify;\" align=\"LEFT\"><span style=\"color: #000000;\"><span style=\"font-family: Arial,sans-serif;\"><span style=\"font-size: small;\"><span style=\"color: #231f20;\"><strong>2.<\/strong> Sylvain ROMEROWSKI, \u00ab Les \u00ab charismata \u00bb du Nouveau Testament : Aptitudes ou minist\u00e8res ? \u00bb <\/span><span style=\"color: #231f20;\"><i>ThEv <\/i><\/span><span style=\"color: #231f20;\">vol. 1, n\u00b01, 2002, pp. 15-38 ; du m\u00eame auteur, \u00ab dons spirituels \u00bb, in <\/span><span style=\"color: #231f20;\"><i>Dictionnaire de Th\u00e9ologie Biblique<\/i><\/span><span style=\"color: #231f20;\">, Cl\u00e9on d\u2019Andran, Excelsis, 2006, pp.521-534. <\/span><\/span><\/span><\/span><\/p>\n<p style=\"text-align: justify;\" align=\"LEFT\">\u00a0<\/p>\n<p style=\"text-align: justify;\" align=\"LEFT\"><span style=\"color: #000000;\"><span style=\"font-family: Arial,sans-serif;\"><span style=\"font-size: small;\"><span style=\"color: #231f20;\"><strong>3.<\/strong> Sans toujours distinguer l\u2019activit\u00e9 elle-m\u00eame et le r\u00e9sultat obtenu. <\/span><\/span><\/span><\/span><\/p>\n<p style=\"text-align: justify;\" align=\"LEFT\">\u00a0<\/p>\n<p style=\"text-align: justify;\" align=\"LEFT\"><span style=\"color: #000000;\"><span style=\"font-family: Arial,sans-serif;\"><span style=\"font-size: small;\"><span style=\"color: #231f20;\"><strong>4.<\/strong> Il faut entendre ici le terme <\/span><span style=\"color: #231f20;\"><i>miraculeux <\/i><\/span><span style=\"color: #231f20;\">comme relevant d\u2019une \u00ab <\/span><span style=\"color: #231f20;\"><i>activit\u00e9 divine moins ordinaire par laquelle Dieu se rend t\u00e9moignage \u00e0 luim\u00eame et suscite l\u2019admiration et l\u2019\u00e9tonnement chez les gens <\/i><\/span><span style=\"color: #231f20;\">\u00bb (Wayne Grudem, op.cit., p.380). Les dons mentionn\u00e9s en 1 Co 12 le sont tous. <\/span><\/span><\/span><\/span><\/p>\n<p style=\"text-align: justify;\" align=\"LEFT\">\u00a0<\/p>\n<p style=\"text-align: justify;\" align=\"LEFT\"><span style=\"color: #000000;\"><span style=\"font-family: Arial,sans-serif;\"><span style=\"font-size: small;\"><span style=\"color: #231f20;\"><strong>5.<\/strong> L\u2019apostolat au sens fort \u00e9tait permanent dans la vie de Paul, mais temporaire dans l\u2019Histoire de l\u2019\u00c9glise. <\/span><\/span><\/span><\/span><\/p>\n<p style=\"text-align: justify;\" align=\"LEFT\">\u00a0<\/p>\n<p style=\"text-align: justify;\" align=\"LEFT\"><span style=\"color: #000000;\"><span style=\"font-family: Arial,sans-serif;\"><span style=\"font-size: small;\"><span style=\"color: #231f20;\"><strong>6.<\/strong> Pour quelques pr\u00e9cisions sur les discussions men\u00e9es sur ces divers d\u00e9bats, voir par exemple Sylvain ROMEROWSKI, \u00ab Dons spirituels \u00bb, op.cit. ; voir aussi D.A. CARSON, <\/span><span style=\"color: #231f20;\"><i>Showing the Spirit<\/i><\/span><span style=\"color: #231f20;\">, Grand Rapids, Baker Books, 1987. <\/span><\/span><\/span><\/span><\/p>\n<p style=\"text-align: justify;\" align=\"LEFT\">\u00a0<\/p>\n<p style=\"text-align: justify;\" align=\"LEFT\"><span style=\"color: #231f20;\"><span style=\"font-family: Arial,sans-serif;\"><span style=\"font-size: small;\"><strong>7.<\/strong> Rm 1.5 ; 15.15-16 ; \u00c9p 3.2, 7 ; Col 1.25. <\/span><\/span><\/span><\/p>\n<p style=\"text-align: justify;\" align=\"LEFT\">\u00a0<\/p>\n<p style=\"text-align: justify;\" align=\"LEFT\"><span style=\"color: #231f20;\"><span style=\"font-family: Arial,sans-serif;\"><span style=\"font-size: small;\"><strong>8.<\/strong> Sylvain ROMEROWSKI, \u00ab Les charismata du Nouveau Testament\u2026 \u00bb, op.cit, pp.23-24 <\/span><\/span><\/span><\/p>\n<p style=\"text-align: justify;\" align=\"LEFT\">\u00a0<\/p>\n<p style=\"text-align: justify;\" align=\"LEFT\"><span style=\"color: #231f20;\"><span style=\"font-family: Arial,sans-serif;\"><span style=\"font-size: small;\"><strong>9.<\/strong> Le texte original peut laisser penser que les deux termes, <\/span><span style=\"color: #231f20;\"><i>pasteurs <\/i><\/span><span style=\"color: #231f20;\">et <\/span><span style=\"color: #231f20;\"><i>enseignants <\/i><\/span><span style=\"color: #231f20;\">d\u00e9signent une m\u00eame r\u00e9alit\u00e9 qui les associe. <\/span><\/span><\/span><\/p>\n<p style=\"text-align: justify;\" align=\"LEFT\">\u00a0<\/p>\n<p style=\"text-align: justify;\" align=\"LEFT\"><span style=\"color: #231f20;\"><span style=\"font-family: Arial,sans-serif;\"><span style=\"color: #231f20;\"><strong>10.<\/strong> Les textes rep\u00e9r\u00e9s parlent principalement de l\u2019activit\u00e9 \u00e0 destination de l\u2019\u00c9glise, m\u00eame si ces <\/span><span style=\"color: #231f20;\"><i>dons spirituels <\/i><\/span><span style=\"color: #231f20;\">peuvent avoir un impact au-del\u00e0, dans le t\u00e9moignage de l\u2019\u00c9glise.<\/span><\/span><\/span><\/p>\n","protected":false},"excerpt":{"rendered":"<p>Les dons de l\u2019Esprit : premiers rep\u00e9rages &nbsp; &nbsp; Par Jacques Nussbaumer &nbsp; Introduction \u00a0 Les dons de l\u2019Esprit : Voil\u00e0 un sujet qui a aliment\u00e9 bien des pol\u00e9miques, jusqu\u2019\u00e0 susciter hostilit\u00e9 et divisions entre et au sein m\u00eame des \u00c9glises. On l\u2019associe souvent au d\u00e9veloppement des mouvements pentec\u00f4tistes et charismatiques qui, en mettant l\u2019accent [&hellip;]<\/p>\n","protected":false},"author":53,"featured_media":0,"comment_status":"closed","ping_status":"closed","sticky":false,"template":"","format":"standard","meta":{"footnotes":""},"categories":[59,24,72,13],"tags":[],"class_list":["post-7368","post","type-post","status-publish","format-standard","hentry","category-etudes-bibliques","category-le-saint-esprit","category-service","category-la-vie-de-leglise"],"_links":{"self":[{"href":"https:\/\/www.servir.caef.net\/index.php?rest_route=\/wp\/v2\/posts\/7368","targetHints":{"allow":["GET"]}}],"collection":[{"href":"https:\/\/www.servir.caef.net\/index.php?rest_route=\/wp\/v2\/posts"}],"about":[{"href":"https:\/\/www.servir.caef.net\/index.php?rest_route=\/wp\/v2\/types\/post"}],"author":[{"embeddable":true,"href":"https:\/\/www.servir.caef.net\/index.php?rest_route=\/wp\/v2\/users\/53"}],"replies":[{"embeddable":true,"href":"https:\/\/www.servir.caef.net\/index.php?rest_route=%2Fwp%2Fv2%2Fcomments&post=7368"}],"version-history":[{"count":0,"href":"https:\/\/www.servir.caef.net\/index.php?rest_route=\/wp\/v2\/posts\/7368\/revisions"}],"wp:attachment":[{"href":"https:\/\/www.servir.caef.net\/index.php?rest_route=%2Fwp%2Fv2%2Fmedia&parent=7368"}],"wp:term":[{"taxonomy":"category","embeddable":true,"href":"https:\/\/www.servir.caef.net\/index.php?rest_route=%2Fwp%2Fv2%2Fcategories&post=7368"},{"taxonomy":"post_tag","embeddable":true,"href":"https:\/\/www.servir.caef.net\/index.php?rest_route=%2Fwp%2Fv2%2Ftags&post=7368"}],"curies":[{"name":"wp","href":"https:\/\/api.w.org\/{rel}","templated":true}]}}