{"id":7398,"date":"2012-07-26T09:20:13","date_gmt":"2012-07-26T09:20:13","guid":{"rendered":"\/?p=7398"},"modified":"2017-05-17T14:48:53","modified_gmt":"2017-05-17T14:48:53","slug":"parcours-de-vie","status":"publish","type":"post","link":"https:\/\/www.servir.caef.net\/?p=7398","title":{"rendered":"T\u00e9moignage &#8211; Parcours de vie"},"content":{"rendered":"<h1 style=\"text-align: center;\"><img loading=\"lazy\" decoding=\"async\" class=\"alignnone size-full wp-image-8710\" src=\"\/wp-content\/uploads\/2015\/01\/interview.jpg\" alt=\"interview\" width=\"329\" height=\"126\" srcset=\"https:\/\/www.servir.caef.net\/wp-content\/uploads\/2015\/01\/interview.jpg 329w, https:\/\/www.servir.caef.net\/wp-content\/uploads\/2015\/01\/interview-300x114.jpg 300w\" sizes=\"auto, (max-width: 329px) 100vw, 329px\" \/><\/h1>\n<p>&nbsp;<\/p>\n<h1 style=\"text-align: center;\"><a href=\"\/wp-content\/uploads\/2011\/05\/Temoignage.jpg\"><img loading=\"lazy\" decoding=\"async\" class=\"alignnone size-full wp-image-2645\" src=\"\/wp-content\/uploads\/2011\/05\/Temoignage.jpg\" alt=\"Temoignage\" width=\"390\" height=\"36\" srcset=\"https:\/\/www.servir.caef.net\/wp-content\/uploads\/2011\/05\/Temoignage.jpg 390w, https:\/\/www.servir.caef.net\/wp-content\/uploads\/2011\/05\/Temoignage-300x27.jpg 300w\" sizes=\"auto, (max-width: 390px) 100vw, 390px\" \/><\/a><\/h1>\n<h1 style=\"text-align: center;\">\u00a0<\/h1>\n<h1 style=\"text-align: center;\">Parcours de vie<\/h1>\n<p>&nbsp;<\/p>\n<p>&nbsp;<\/p>\n<p><span style=\"font-size: large; color: #800000;\"><strong>Par Marie-Christine Fave<\/strong><\/span><\/p>\n<p><a href=\"\/wp-content\/uploads\/2009\/06\/M.C.Fave_.jpg\"><img loading=\"lazy\" decoding=\"async\" class=\"size-full wp-image-1076 alignleft\" style=\"margin: 10px;\" src=\"\/wp-content\/uploads\/2009\/06\/M.C.Fave_.jpg\" alt=\"M.C.Fave\" width=\"113\" height=\"147\" \/><\/a><\/p>\n<p style=\"text-align: justify;\">\u00a0<\/p>\n<p style=\"text-align: justify;\" align=\"LEFT\"><span style=\"color: #231f20;\"><span style=\"font-family: Arial,sans-serif;\"><span style=\"font-size: small;\">\u00a0\u00a0 Ils ont accept\u00e9 de nous faire part en quelques mots de leur itin\u00e9raire (version recherche et exercice des dons). Priscille et Mica\u00ebl DUFOUR (Marseille), \u00c9va et Mayeul (Marseille), Gilles PILLOUD (Grenoble) et Paul (Cavaillon) viennent de terminer la formation du R.E.F.<strong><sub>1<\/sub><\/strong><i> Philippe MONNERY, David et Hanna SOMMER, Bruno et Dominique LICCIARDI sont engag\u00e9s respectivement dans des assembl\u00e9es CAEF \u00e0 Saint-\u00c9tienne, Barr et Moulins. Ils pensent avoir identifi\u00e9, au moins en grande partie, les dons et capacit\u00e9s re\u00e7us de la part de Dieu. <\/i><\/span><\/span><\/span><\/p>\n<p style=\"text-align: justify;\" align=\"LEFT\">\u00a0<\/p>\n<p style=\"text-align: justify;\" align=\"LEFT\"><!--more--><\/p>\n<p style=\"text-align: justify;\">\u00a0<\/p>\n<p style=\"text-align: justify;\">\u00a0<\/p>\n<h2><em>Parcours d\u00e9couverte<\/em><\/h2>\n<p style=\"text-align: justify;\">\u00a0<\/p>\n<h3><em><i><b><em><i><a href=\"\/wp-content\/uploads\/2012\/pdf2012\/Servir%203-2012%20dons%20pour%20le%20service.pdf#page=27\" target=\"_blank\"><img loading=\"lazy\" decoding=\"async\" title=\"iconePDF\" src=\"\/wp-content\/uploads\/2011\/01\/iconePDF.jpg\" alt=\"\" width=\"81\" height=\"76\" align=\"right\" hspace=\"8\" vspace=\"8\" \/><\/a><\/i><\/em><\/b><\/i><img loading=\"lazy\" decoding=\"async\" class=\"alignnone  wp-image-8165\" src=\"\/wp-content\/uploads\/2014\/04\/dialogue1.jpg\" alt=\"dialogue1\" width=\"41\" height=\"44\" \/>Comment ont-ils trouv\u00e9 ces dons que Dieu leur a confi\u00e9s ? <\/em><\/h3>\n<p style=\"text-align: justify;\">\u00a0<\/p>\n<p style=\"text-align: justify;\"><span style=\"color: #231f20;\"><span style=\"font-family: Arial,sans-serif;\"><span style=\"font-size: small;\"><strong>La pratique<\/strong> <\/span><\/span><\/span><\/p>\n<p style=\"text-align: justify;\"><span style=\"color: #231f20;\"><span style=\"font-family: Arial,sans-serif;\"><span style=\"font-size: small;\">\u00a0\u00a0 \u00ab Je me suis converti \u00e0 l\u2019\u00e2ge de 17 ans et j\u2019ai pass\u00e9 mon BAFA<strong><sub>2<\/sub><\/strong> l\u2019ann\u00e9e suivante, explique Mayeul. J\u2019ai appris \u00e0 servir le Seigneur au travers de la jeunesse, puis plus tard dans l\u2019\u00c9glise. Dieu m\u2019a mis en situation d\u2019utiliser mes dons. \u00bb <\/span><\/span><\/span><\/p>\n<p style=\"text-align: justify;\">\u00a0<\/p>\n<p style=\"text-align: justify;\"><span style=\"color: #231f20;\"><span style=\"font-family: Arial,sans-serif;\"><span style=\"font-size: small;\">\u00a0\u00a0 \u00ab C\u2019est en forgeant qu\u2019on devient forgeron, rappelle Paul, qui reconna\u00eet surtout ses dons en relation avec le minist\u00e8re de la Parole. Pendant mes \u00e9tudes universitaires, les responsables d\u2019Agape Campus ont demand\u00e9 \u00e0 trois \u00e9tudiants (dont moi) de pr\u00e9parer un message. J\u2019ai eu, par la suite, l\u2019occasion d\u2019apporter d\u2019autres pr\u00e9dications \u00e0 Agape et je me sentais \u00e0 l\u2019aise. Puis je suis arriv\u00e9 \u00e0 Lyon dans une \u00c9glise qui laissait de la place aux jeunes et on m\u2019a fait confiance. \u00bb David a lui aussi d\u00e9couvert ses dons en se mettant en route, au travail : \u00ab J\u2019ai alors relev\u00e9 des domaines o\u00f9 je me sentais \u00e0 l\u2019aise et o\u00f9 il y avait une certaine efficacit\u00e9. \u00bb \u00c9va, de son c\u00f4t\u00e9, s\u2019est investie dans plusieurs services, tout en \u00e9tant pr\u00eate \u00e0 revenir en arri\u00e8re si l\u2019essai ne s\u2019av\u00e9rait pas concluant. Elle s\u2019est r\u00e9cemment engag\u00e9e dans la d\u00e9coration de la salle pour divers \u00e9v\u00e8nements : \u00ab Je me suis rendu compte qu\u2019il y avait un besoin et je m\u2019y suis mise. La d\u00e9couverte de ce don artistique est arriv\u00e9e sur le terrain, notamment avec les retours entendus. \u00bb Pour Philippe, sa recherche s\u2019est bas\u00e9e essentiellement sur la pratique en r\u00e9pondant aux divers besoins et sur le retour d\u2019autres personnes. <\/span><\/span><\/span><\/p>\n<p style=\"text-align: justify;\">\u00a0<\/p>\n<p style=\"text-align: justify;\"><span style=\"color: #231f20;\"><span style=\"font-family: Arial,sans-serif;\"><span style=\"font-size: small;\"><strong>Les retours<\/strong> <\/span><\/span><\/span><\/p>\n<p style=\"text-align: justify;\"><span style=\"color: #231f20;\"><span style=\"font-family: Arial,sans-serif;\"><span style=\"font-size: small;\">\u00a0\u00a0 \u00c9va et Philippe les ont mentionn\u00e9s. Ce sont ces r\u00e9flexions des uns ou des autres en nous observant qui nous ont encourag\u00e9s \u00e0 continuer ou \u00e0 nous orienter vers d\u2019autres activit\u00e9s. Pour Mayeul, c\u2019\u00e9tait \u00ab le retour des personnes avec qui je travaillais \u00bb. Pour Hanna, c\u2019est plut\u00f4t David qui l\u2019a tant\u00f4t pouss\u00e9e en avant, tant\u00f4t frein\u00e9e. \u00ab Un conjoint attentif est vraiment une aide pour d\u00e9couvrir ses dons \u00bb, constate Hanna. Pour Mica\u00ebl, c\u2019est entre autres le retour d\u2019un ancien et des personnes de l\u2019assembl\u00e9e : \u00ab J\u2019avais eu l\u2019occasion de conduire des temps d\u2019enseignement au groupe de jeunes. Je ne savais pas si c\u2019\u00e9tait mon don, mais cette question me travaillait. Je suis all\u00e9 voir un ancien en lui expliquant : j\u2019ai le d\u00e9sir de me former et de servir le Seigneur dans les temps d\u2019enseignement ou de pr\u00e9sidence. Il m\u2019a lanc\u00e9. \u00bb <\/span><\/span><\/span><\/p>\n<p style=\"text-align: justify;\"><span style=\"color: #231f20;\"><span style=\"font-family: Arial,sans-serif;\"><span style=\"font-size: small;\">\u00a0\u00a0 Quant \u00e0 Paul, il a re\u00e7u des retours au d\u00e9but dans le cadre de la formation d\u2019Agape. Cependant, \u00ab tr\u00e8s rapidement, je n\u2019ai plus eu assez de retours, confie-t- il. Dans l\u2019\u00e9glise, j\u2019en ai cherch\u00e9 aussi. On ressent ce besoin quand on est d\u00e9butant. C\u2019est une sorte de validation. Ces r\u00e9flexions sont utiles pour s\u2019am\u00e9liorer. M\u00eame si j\u2019ai eu quelques discussions informelles et rapides sur le parking, je me demandais : <i>suis-je \u00e0 la hauteur ? <\/i>Ce manque de retour \u00e9tait un peu d\u00e9stabilisant. \u00bb <\/span><\/span><\/span><\/p>\n<p style=\"text-align: justify;\">\u00a0<\/p>\n<p style=\"text-align: justify;\"><span style=\"color: #231f20;\"><span style=\"font-family: Arial,sans-serif;\"><span style=\"font-size: small;\"><strong>Regards int\u00e9rieurs<\/strong> <\/span><\/span><\/span><\/p>\n<p style=\"text-align: justify;\"><span style=\"color: #231f20;\"><span style=\"font-family: Arial,sans-serif;\"><span style=\"font-size: small;\">\u00a0\u00a0 Dominique s\u2019est elle aussi pos\u00e9 une question, mais d\u2019un autre genre : \u00ab Si je n\u2019avais aucune contrainte, aucun obstacle, qu\u2019est-ce que j\u2019aurais \u00e0 coeur de faire ? \u00bb Sa r\u00e9ponse fut : \u00ab Aider les chr\u00e9tiens \u00e0 grandir, accompagner ceux qui sont bless\u00e9s, ceux qui n\u2019avancent pas. Je me suis rendu compte que j\u2019avais un coeur de berger. Et comme le travail pastoral ne peut pas se faire sans la pri\u00e8re, l\u2019intercession a pris plus de place dans ma vie. \u00bb <\/span><\/span><\/span><\/p>\n<p style=\"text-align: justify;\"><span style=\"color: #231f20;\"><span style=\"font-family: Arial,sans-serif;\"><span style=\"font-size: small;\">\u00a0\u00a0 Quand Bruno pense au don d\u2019enseignement qu\u2019il exerce depuis plusieurs ann\u00e9es, il se souvient de ses ann\u00e9es universitaires et de sa curiosit\u00e9 dans la recherche : \u00ab Elle s\u2019est en fait d\u00e9plac\u00e9e du domaine scientifique \u00e0 celui de l\u2019\u00e9tude de la Bible. J\u2019aime me poser des questions, chercher des r\u00e9ponses et les exposer. Et surtout, j\u2019ai un amour pour la Parole de Dieu et maintenant aussi une certaine connaissance des \u00c9critures. Dans un sens, enseigner la Bible est venu assez naturellement \u2013 et, en plus, je suis professeur de m\u00e9tier ! \u00bb De son c\u00f4t\u00e9, Mayeul note comme facteur pour d\u00e9couvrir ses dons \u00ab le go\u00fbt et la motivation \u00bb. Priscille exprime \u00e9galement son go\u00fbt pour l\u2019enseignement des petits enfants. \u00ab Quand on exerce ses dons, conclut Mica\u00ebl, on prend plaisir \u00e0 ce qu\u2019on fait. \u00bb <\/span><\/span><\/span><\/p>\n<p style=\"text-align: justify;\">\u00a0<\/p>\n<p style=\"text-align: justify;\"><strong><span style=\"color: #231f20;\"><span style=\"font-family: Arial,sans-serif;\"><span style=\"font-size: small;\">Le questionnaire du livre de SCHWARZ<sub>3<\/sub> <\/span><\/span><\/span><\/strong><\/p>\n<p style=\"text-align: justify;\"><span style=\"color: #231f20;\"><span style=\"font-family: Arial,sans-serif;\"><span style=\"font-size: small;\">\u00a0\u00a0 \u00ab Il a balis\u00e9 ma d\u00e9couverte des dons, affirme Mayeul. Je l\u2019ai rempli 3 fois en 10 ans \u00bb. \u00c9va, quant \u00e0 elle, a fait ce questionnaire alors qu\u2019elle \u00e9tait encore au lyc\u00e9e. \u00ab C\u2019est une d\u00e9marche pertinente, assure-t-elle. Cela m\u2019a beaucoup encourag\u00e9e. Les r\u00e9sultats montraient 2 dons potentiels, dont un au niveau du chant que j\u2019ai pu rapidement exercer. On attend souvent d\u2019\u00eatre m\u00fbr pour servir et rechercher ses dons ; c\u2019est une erreur. La pratique des dons n\u2019est pas synonyme de maturit\u00e9. \u00bb <\/span><\/span><\/span><\/p>\n<p style=\"text-align: justify;\"><span style=\"color: #231f20;\"><span style=\"font-family: Arial,sans-serif;\"><span style=\"font-size: small;\">\u00a0\u00a0 Gilles jouait depuis longtemps de la musique : \u00ab Je ne l\u2019avais pas r\u00e9f\u00e9renc\u00e9 en tant que don. Le questionnaire m\u2019a permis de mettre des noms sur mes capacit\u00e9s \u00bb. Pour Priscille, Mica\u00ebl et Philippe, le questionnaire a en fait apport\u00e9 une confirmation par rapport \u00e0 ce qu\u2019ils faisaient d\u00e9j\u00e0. <\/span><\/span><\/span><\/p>\n<p style=\"text-align: justify;\">\u00a0<\/p>\n<p style=\"text-align: justify;\"><span style=\"color: #231f20;\"><span style=\"font-family: Arial,sans-serif;\"><span style=\"font-size: small;\"><strong>Polyvalence ?<\/strong> <\/span><\/span><\/span><\/p>\n<p style=\"text-align: justify;\"><span style=\"color: #231f20;\"><span style=\"font-family: Arial,sans-serif;\"><span style=\"font-size: small;\">\u00a0\u00a0 \u00ab Encore maintenant, j\u2019ai un peu de mal \u00e0 identifier tous mes dons avec certitude, reconna\u00eet Mayeul. En effet, c\u2019est un peu dur de trouver ses dons quand on en a potentiellement plusieurs. Je pense toutefois que c\u2019est en train de se pr\u00e9ciser. \u00bb <\/span><\/span><\/span><\/p>\n<p style=\"text-align: justify;\">\u00a0<\/p>\n<p style=\"text-align: justify;\">\u00a0<\/p>\n<h2><em>Parcours prioritaire<\/em><\/h2>\n<p style=\"text-align: justify;\">\u00a0<\/p>\n<h3><span style=\"color: #008080;\"><em><img loading=\"lazy\" decoding=\"async\" class=\"alignnone  wp-image-8165\" src=\"\/wp-content\/uploads\/2014\/04\/dialogue1.jpg\" alt=\"dialogue1\" width=\"41\" height=\"44\" \/>D\u00e9couvrir ses dons : qu\u2019est-ce que cela change ?<\/em> <\/span><\/h3>\n<p style=\"text-align: justify;\">\u00a0<\/p>\n<p style=\"text-align: justify;\"><span style=\"color: #231f20;\"><span style=\"font-family: Arial,sans-serif;\"><span style=\"font-size: small;\">\u00a0\u00a0 \u00ab Cela m\u2019a permis d\u2019une part d\u2019\u00eatre attentif \u00e0 mes capacit\u00e9s pour ne pas les n\u00e9gliger, et d\u2019autre part de travailler pour les am\u00e9liorer, et aussi de ne pas avoir peur quand une activit\u00e9 se rapprochait de mes dons \u00bb, explique Gilles. Dominique conna\u00eet ses dons depuis 2 ans environ et cela a chang\u00e9 ses priorit\u00e9s : \u00ab Quand je n\u2019ai pas le temps de tout faire, je sais ce que je dois privil\u00e9gier. Quand quelqu\u2019un appelle \u00e0 l\u2019aide, je sais que c\u2019est ma place. Avant, j\u2019aurais peut-\u00eatre raisonn\u00e9 ainsi : <i>j\u2019ai d\u2019autres choses \u00e0 faire<\/i>. Identifier ses dons permet de remettre les choses dans l\u2019ordre et d\u2019\u00eatre disponible pour les priorit\u00e9s. \u00bb <\/span><\/span><\/span><\/p>\n<p style=\"text-align: justify;\">\u00a0<\/p>\n<p style=\"text-align: justify;\">\u00a0<\/p>\n<h2><em>Parcours progression<\/em><\/h2>\n<h3>\u00a0<\/h3>\n<h3><em><span style=\"color: #008080;\"><img loading=\"lazy\" decoding=\"async\" class=\"alignnone  wp-image-8165\" src=\"\/wp-content\/uploads\/2014\/04\/dialogue1.jpg\" alt=\"dialogue1\" width=\"41\" height=\"44\" \/>Comment d\u00e9veloppent-ils leurs dons ?<\/span> <\/em><\/h3>\n<p style=\"text-align: justify;\">\u00a0<\/p>\n<p style=\"text-align: justify;\"><span style=\"color: #231f20;\"><span style=\"font-family: Arial,sans-serif;\"><span style=\"font-size: small;\">\u00a0\u00a0 Certains suivent (ou ont suivi) une formation appropri\u00e9e \u00e0 un don particulier : Dominique avec FJA<strong><sub>4<\/sub><\/strong> dans le domaine de la relation d\u2019aide ; Bruno avec des cours par correspondance de la Facult\u00e9 de Vaux-sur-Seine ; Priscille avec une missionnaire de l\u2019AEE<strong><sub>5<\/sub><\/strong> et sa m\u00e8re : \u00ab Quand je me suis convertie, j\u2019ai appris en voyant faire ma m\u00e8re \u00e0 l\u2019\u00e9cole du dimanche. Certaines formations m\u2019ont ensuite bien aid\u00e9 : ce sont des cl\u00e9s \u00bb. Mica\u00ebl a repris des cours de guitare : \u00ab C\u2019est en pratiquant qu\u2019on d\u00e9veloppe ses dons, affirme-t-il. Et comme on n\u2019atteint jamais le top niveau, il faut se former en permanence \u00bb. <\/span><\/span><\/span><\/p>\n<p style=\"text-align: justify;\"><span style=\"color: #231f20;\"><span style=\"font-family: Arial,sans-serif;\"><span style=\"font-size: small;\">\u00a0\u00a0 Paul se situe aussi dans une d\u00e9marche de formation continue. Il a eu l\u2019occasion de relire les notes de sa premi\u00e8re pr\u00e9dication. \u00ab J\u2019ai progress\u00e9, constate-t-il, mais j\u2019ai pass\u00e9 du temps pour cela \u00bb. Bruno, de son c\u00f4t\u00e9, n\u2019h\u00e9site pas \u00e0 s\u2019\u00e9quiper pour ses pr\u00e9parations d\u2019\u00e9tude en achetant des commentaires et des livres de th\u00e9ologie. <\/span><\/span><\/span><\/p>\n<p style=\"text-align: justify;\">\u00a0<\/p>\n<p>&nbsp;<\/p>\n<h2><em>Parcours modifi\u00e9 ?<\/em><\/h2>\n<p style=\"text-align: justify;\">\u00a0<\/p>\n<h3><em><img loading=\"lazy\" decoding=\"async\" class=\"alignnone  wp-image-8165\" src=\"\/wp-content\/uploads\/2014\/04\/dialogue1.jpg\" alt=\"dialogue1\" width=\"41\" height=\"44\" \/>Observent-ils une \u00e9volution de leurs dons au cours de leur vie ?<\/em><\/h3>\n<p style=\"text-align: justify;\">\u00a0<\/p>\n<p style=\"text-align: justify;\"><span style=\"color: #231f20;\"><span style=\"font-family: Arial,sans-serif;\"><span style=\"font-size: small;\"><strong>Des nouveaux dons ?<\/strong> <\/span><\/span><\/span><\/p>\n<p style=\"text-align: justify;\"><span style=\"color: #231f20;\"><span style=\"font-family: Arial,sans-serif;\"><span style=\"font-size: small;\">\u00a0\u00a0 \u00ab J\u2019ai d\u2019abord vu le don d\u2019\u00e9vang\u00e9liste, confie Philippe. Je suis maintenant en train de d\u00e9velopper d\u2019autres dons. Comme on est peu nombreux dans l\u2019\u00c9glise, je me retrouve souvent en position de nouveaut\u00e9. En faisant, je me dis : j\u2019ai peut-\u00eatre aussi ce don. \u00bb <\/span><\/span><\/span><\/p>\n<p style=\"text-align: justify;\"><span style=\"color: #231f20;\"><span style=\"font-family: Arial,sans-serif;\"><span style=\"font-size: small;\">\u00a0\u00a0 \u00ab Il y a quelques mois, je n\u2019aurais jamais mentionn\u00e9 l\u2019\u00e9vang\u00e9lisation dans mes dons, ajoute Mayeul, et pourtant, Dieu m\u2019a mis \u00e0 coeur l\u2019annonce de l\u2019\u00c9vangile. Je n\u2019oublie pas non plus une pri\u00e8re que j\u2019ai adress\u00e9e \u00e0 Dieu il y a 3 ans. Je lui ai dit : j\u2019aimerais \u00eatre utilis\u00e9 par Toi pour mener quelqu\u2019un au Seigneur. Et j\u2019ai eu l\u2019occasion de conduire plusieurs jeunes au Seigneur ainsi qu\u2019un adulte r\u00e9cemment. J\u2019ai \u00e9t\u00e9 surpris par le Seigneur. \u00bb <\/span><\/span><\/span><\/p>\n<p style=\"text-align: justify;\">\u00a0<\/p>\n<p style=\"text-align: justify;\"><span style=\"color: #231f20;\"><span style=\"font-family: Arial,sans-serif;\"><span style=\"font-size: small;\"><strong>Une nouvelle utilisation ?<\/strong> <\/span><\/span><\/span><\/p>\n<p style=\"text-align: justify;\"><span style=\"color: #231f20;\"><span style=\"font-family: Arial,sans-serif;\"><span style=\"font-size: small;\">\u00a0\u00a0 \u00ab J\u2019ai \u00e9t\u00e9 amen\u00e9 \u00e0 me servir des m\u00eames dons diff\u00e9remment selon les contextes, reconna\u00eet David. En ce qui concerne la coordination, j\u2019ai utilis\u00e9 ce don dans un cadre assez technique quand je dirigeais un orphelinat au Tchad. Maintenant dans un minist\u00e8re pastoral, il s\u2019applique de mani\u00e8re moins formelle et dans un domaine relationnel. \u00bb Quant \u00e0 Hanna, elle exp\u00e9rimente une nouvelle approche dans l\u2019exercice de l\u2019un de ses dons : \u00ab Autrefois, j\u2019ai travaill\u00e9 parmi les enfants avec ce que j\u2019ai appris dans ma profession. Maintenant, c\u2019est comme si le Saint-Esprit me formait pour avoir un contact plus profond avec les enfants et me demandait de me laisser guider par Dieu. \u00bb <\/span><\/span><\/span><\/p>\n<p style=\"text-align: justify;\">\u00a0<\/p>\n<p style=\"text-align: justify;\">\u00a0<\/p>\n<h2><em>Servir avec ses dons : oui, mais pas uniquement<\/em><\/h2>\n<p style=\"text-align: justify;\">\u00a0<\/p>\n<p style=\"text-align: justify;\"><span style=\"color: #231f20;\"><span style=\"font-family: Arial,sans-serif;\"><span style=\"font-size: small;\">\u00a0\u00a0 Nous nous sentons plus \u00e0 l\u2019aise et nous accomplissons mieux notre service quand il correspond \u00e0 nos dons. Toutefois, dans les domaines o\u00f9 il n\u2019a pas beaucoup de facilit\u00e9s, David fait ce constat : \u00ab Dieu m\u2019utilise quand je m\u2019investis. Je suis alors t\u00e9moin de ce que Dieu est en train d\u2019accomplir. Et j\u2019\u00e9prouve plus de surprise et d\u2019\u00e9merveillement que lorsque je fonctionne avec mes capacit\u00e9s. Mais cela demande de la d\u00e9pendance par rapport \u00e0 Dieu et de la pers\u00e9v\u00e9rance \u00bb. <\/span><\/span><\/span><\/p>\n<p style=\"text-align: justify;\"><span style=\"color: #231f20;\"><span style=\"font-family: Arial,sans-serif;\"><span style=\"font-size: small;\">\u00a0\u00a0 Enfin, ne restons pas dans la passivit\u00e9 si nous n\u2019avons pas encore d\u00e9couvert nos dons, comme le soulignent Gilles et Dominique : \u00ab Si je ne m\u2019\u00e9tais pas jet\u00e9 \u00e0 l\u2019eau, je n\u2019aurais pas d\u00e9velopp\u00e9 mes dons. Il y a une action volontaire \u00e0 un moment. \u00bb \u00ab Pendant 20 ans, je me suis engag\u00e9e dans beaucoup d\u2019activit\u00e9s o\u00f9 j\u2019\u00e9tais \u00e0 l\u2019aise sans pour autant conna\u00eetre mes dons. Je n\u2019ai pas attendu de d\u00e9couvrir mes dons pour servir \u00bb. <\/span><\/span><\/span><\/p>\n<p style=\"text-align: justify;\">\u00a0<\/p>\n<p style=\"text-align: justify;\"><span style=\"color: #231f20;\"><span style=\"font-family: Arial,sans-serif;\"><span style=\"font-size: small;\">Propos recueillis par Marie Christine FAVE <\/span><\/span><\/span><\/p>\n<hr \/>\n<p style=\"text-align: justify;\">NOTES<\/p>\n<p style=\"text-align: justify;\">\u00a0<\/p>\n<p style=\"text-align: justify;\" align=\"LEFT\"><span style=\"color: #000000;\"><span style=\"font-family: Arial,sans-serif;\"><span style=\"font-size: small;\"><span style=\"color: #231f20;\"><strong>1.<\/strong> REF : \u00ab Responsables en formation \u00bb ; programme de formation des CAEF. <\/span><\/span><\/span><\/span><\/p>\n<p style=\"text-align: justify;\" align=\"LEFT\">\u00a0<\/p>\n<p style=\"text-align: justify;\" align=\"LEFT\"><span style=\"color: #000000;\"><span style=\"font-family: Arial,sans-serif;\"><span style=\"font-size: small;\"><span style=\"color: #231f20;\"><strong>2.<\/strong> BAFA : Brevet d\u2019Aptitude aux Fonctions d\u2019Animateur <\/span><\/span><\/span><\/span><\/p>\n<p style=\"text-align: justify;\" align=\"LEFT\">\u00a0<\/p>\n<p style=\"text-align: justify;\" align=\"LEFT\"><span style=\"color: #000000;\"><span style=\"font-family: Arial,sans-serif;\"><span style=\"font-size: small;\"><span style=\"color: #231f20;\"><strong>3.<\/strong> \u00ab D\u00e9couvrez vos dons \u00bb, Christian A. Schwarz, \u00c9ditions Empreinte, 142 pages <\/span><\/span><\/span><\/span><\/p>\n<p style=\"text-align: justify;\" align=\"LEFT\">\u00a0<\/p>\n<p style=\"text-align: justify;\" align=\"LEFT\"><span style=\"color: #000000;\"><span style=\"font-family: Arial,sans-serif;\"><span style=\"font-size: small;\"><span style=\"color: #231f20;\"><strong>4.<\/strong> FJA : Famille, je t\u2019aime <\/span><\/span><\/span><\/span><\/p>\n<p style=\"text-align: justify;\" align=\"LEFT\">\u00a0<\/p>\n<p style=\"text-align: justify;\" align=\"LEFT\"><span style=\"color: #000000;\"><span style=\"font-family: Arial,sans-serif;\"><span style=\"font-size: small;\"><span style=\"color: #231f20;\"><strong>5.<\/strong> AEE : Association Evangile et Enfance<br \/><\/span><\/span><\/span><\/span><\/p>\n","protected":false},"excerpt":{"rendered":"<p>&nbsp; \u00a0 Parcours de vie &nbsp; &nbsp; Par Marie-Christine Fave \u00a0 \u00a0\u00a0 Ils ont accept\u00e9 de nous faire part en quelques mots de leur itin\u00e9raire (version recherche et exercice des dons). Priscille et Mica\u00ebl DUFOUR (Marseille), \u00c9va et Mayeul (Marseille), Gilles PILLOUD (Grenoble) et Paul (Cavaillon) viennent de terminer la formation du R.E.F.1 Philippe MONNERY, [&hellip;]<\/p>\n","protected":false},"author":34,"featured_media":0,"comment_status":"closed","ping_status":"closed","sticky":false,"template":"","format":"standard","meta":{"footnotes":""},"categories":[72,33],"tags":[],"class_list":["post-7398","post","type-post","status-publish","format-standard","hentry","category-service","category-temoignages"],"_links":{"self":[{"href":"https:\/\/www.servir.caef.net\/index.php?rest_route=\/wp\/v2\/posts\/7398","targetHints":{"allow":["GET"]}}],"collection":[{"href":"https:\/\/www.servir.caef.net\/index.php?rest_route=\/wp\/v2\/posts"}],"about":[{"href":"https:\/\/www.servir.caef.net\/index.php?rest_route=\/wp\/v2\/types\/post"}],"author":[{"embeddable":true,"href":"https:\/\/www.servir.caef.net\/index.php?rest_route=\/wp\/v2\/users\/34"}],"replies":[{"embeddable":true,"href":"https:\/\/www.servir.caef.net\/index.php?rest_route=%2Fwp%2Fv2%2Fcomments&post=7398"}],"version-history":[{"count":0,"href":"https:\/\/www.servir.caef.net\/index.php?rest_route=\/wp\/v2\/posts\/7398\/revisions"}],"wp:attachment":[{"href":"https:\/\/www.servir.caef.net\/index.php?rest_route=%2Fwp%2Fv2%2Fmedia&parent=7398"}],"wp:term":[{"taxonomy":"category","embeddable":true,"href":"https:\/\/www.servir.caef.net\/index.php?rest_route=%2Fwp%2Fv2%2Fcategories&post=7398"},{"taxonomy":"post_tag","embeddable":true,"href":"https:\/\/www.servir.caef.net\/index.php?rest_route=%2Fwp%2Fv2%2Ftags&post=7398"}],"curies":[{"name":"wp","href":"https:\/\/api.w.org\/{rel}","templated":true}]}}