{"id":7417,"date":"2007-05-02T12:59:32","date_gmt":"2007-05-02T12:59:32","guid":{"rendered":"\/?p=7417"},"modified":"2016-09-27T07:47:28","modified_gmt":"2016-09-27T07:47:28","slug":"accompagner-la-personne-agee","status":"publish","type":"post","link":"https:\/\/www.servir.caef.net\/?p=7417","title":{"rendered":"Accompagner la personne \u00e2g\u00e9e"},"content":{"rendered":"<h1 style=\"text-align: center;\">Accompagner la personne \u00e2g\u00e9e<\/h1>\n<p>&nbsp;<\/p>\n<p><span style=\"color: #800000;\"><strong><span style=\"font-size: large;\">Par David Dordolo<\/span><\/strong><\/span><\/p>\n<p><a href=\"\/wp-content\/uploads\/2007\/05\/Dordolo.jpg\"><img loading=\"lazy\" decoding=\"async\" class=\"alignnone\" style=\"margin: 10px;\" src=\"\/wp-content\/uploads\/2007\/05\/Dordolo.jpg\" alt=\"Dordolo\" width=\"76\" height=\"99\" \/><\/a><\/p>\n<p align=\"LEFT\">\u00a0<\/p>\n<h2 align=\"LEFT\"><span style=\"color: #3366ff;\"><em>Donn\u00e9es d\u00e9mographiques<\/em><\/span><\/h2>\n<p align=\"LEFT\">\u00a0<\/p>\n<p align=\"LEFT\">En France, en un si\u00e8cle, l\u2019esp\u00e9rance moyenne de vie a pratiquement doubl\u00e9, passant de 40 \u00e0 78 ans. Elle continue \u00e0 progresser de 3 mois par an. Cela est d\u00fb, en grande partie, aux progr\u00e8s de la m\u00e9decine. Actuellement, les personnes \u00e2g\u00e9es de plus de 75 ans repr\u00e9sentent 8,2 % de la population fran\u00e7aise. On estime que les personnes de plus de 85 ans seront plus de 5 millions vers 2050.<\/p>\n<p style=\"text-align: justify;\" align=\"LEFT\">\u00a0<\/p>\n<p><!--more--><\/p>\n<p style=\"text-align: justify;\" align=\"LEFT\">\u00a0<\/p>\n<h2 align=\"LEFT\"><em><span style=\"color: #3366ff;\">Cons\u00e9quences<\/span> <\/em><\/h2>\n<p style=\"text-align: justify;\" align=\"LEFT\">\u00a0<\/p>\n<p style=\"text-align: justify;\" align=\"LEFT\"><span style=\"color: #1b489a;\"><span style=\"font-family: Arial,sans-serif;\"><span style=\"font-size: small;\"><span style=\"color: #231f20;\"><em><a href=\"\/wp-content\/uploads\/2007\/05\/aine4.jpg\"><img loading=\"lazy\" decoding=\"async\" class=\"alignleft\" style=\"margin: 10px;\" src=\"\/wp-content\/uploads\/2007\/05\/aine4.jpg\" alt=\"aine4\" width=\"482\" height=\"478\" \/><\/a><\/em><strong><a href=\"\/wp-content\/uploads\/2007\/pdf2007\/Servir2007_3.pdf#page=8\" target=\"_blank\"><img loading=\"lazy\" decoding=\"async\" title=\"iconePDF\" src=\"\/wp-content\/uploads\/2011\/01\/iconePDF.jpg\" alt=\"\" width=\"81\" height=\"76\" align=\"right\" hspace=\"8\" vspace=\"8\" \/><\/a><\/strong>Le nombre grandissant de personnes \u00e2g\u00e9es dans la soci\u00e9t\u00e9 est une r\u00e9alit\u00e9 lourde de cons\u00e9quences \u00e9conomiques et sociales, qui nous concerne tous : soci\u00e9t\u00e9, familles, individus, \u00e9glises. <\/span><\/span><\/span><\/span><\/p>\n<p style=\"text-align: justify;\" align=\"LEFT\"><span style=\"color: #1b489a;\"><span style=\"font-family: Arial,sans-serif;\"><span style=\"font-size: small;\"><span style=\"color: #231f20;\">Sans nous attarder sur les cons\u00e9quences \u00e9conomiques, abondamment d\u00e9velopp\u00e9es dans les m\u00e9dias, rappelons simplement : <\/span><\/span><\/span><\/span><\/p>\n<p style=\"text-align: justify;\" align=\"LEFT\"><span style=\"color: #1b489a;\"><span style=\"font-family: Arial,sans-serif;\"><span style=\"font-size: small;\"><span style=\"color: #231f20;\">&#8211; Le financement des pensions de retraites. <\/span><\/span><\/span><\/span><\/p>\n<p style=\"text-align: justify;\" align=\"LEFT\"><span style=\"color: #1b489a;\"><span style=\"font-family: Arial,sans-serif;\"><span style=\"font-size: small;\"><span style=\"color: #231f20;\">&#8211; L\u2019accroissement des d\u00e9penses d\u2019Assurance Maladie. <\/span><\/span><\/span><\/span><\/p>\n<p style=\"text-align: justify;\" align=\"LEFT\"><span style=\"color: #1b489a;\"><span style=\"font-family: Arial,sans-serif;\"><span style=\"font-size: small;\"><span style=\"color: #231f20;\">&#8211; Le d\u00e9veloppement des services de maintien \u00e0 domicile et des places en \u00e9tablissement pour personnes \u00e2g\u00e9es. <\/span><\/span><\/span><\/span><\/p>\n<p style=\"text-align: justify;\" align=\"LEFT\"><span style=\"color: #1b489a;\"><span style=\"font-family: Arial,sans-serif;\"><span style=\"font-size: small;\"><span style=\"color: #231f20;\">Sur le plan social, cela conduit \u00e0 reconsid\u00e9rer la place de la personne \u00e2g\u00e9e dans la soci\u00e9t\u00e9 et en particulier dans la famille, qui compte d\u00e9sormais quatre g\u00e9n\u00e9rations de personnes : l\u2019a\u00efeul n\u2019est plus un grand-parent mais un arri\u00e8re grand-parent, et ses enfants ne sont plus des actifs mais des retrait\u00e9s ayant enfants et petits-enfants. C\u2019est donc un nouveau type de lien familial qui est en train de se mettre en place. <\/span><\/span><\/span><\/span><\/p>\n<p style=\"text-align: justify;\" align=\"LEFT\">\u00a0<\/p>\n<p style=\"text-align: justify;\" align=\"LEFT\">\u00a0<\/p>\n<h2 align=\"LEFT\"><em><span style=\"color: #3366ff;\">Une incitation biblique<\/span> <\/em><\/h2>\n<p style=\"text-align: justify;\" align=\"LEFT\">\u00a0<\/p>\n<p style=\"text-align: justify;\"><span style=\"font-family: Arial,sans-serif;\"><span style=\"font-size: small;\"><span style=\"color: #231f20;\"><span style=\"color: #231f20;\">Quelques versets de la Bible peuvent<\/span> nous encourager \u00e0 accompagner la personne \u00e2g\u00e9e : <\/span><\/span><\/span><\/p>\n<p style=\"text-align: justify;\"><span style=\"font-family: Arial,sans-serif;\"><span style=\"font-size: small;\"><span style=\"color: #231f20;\"><em><span style=\"background-color: #ccffff;\">\u00ab Tu honoreras la personne du vieillard. \u00bb Lv 19.32<\/span><\/em>. <\/span><\/span><\/span><\/p>\n<p style=\"text-align: justify;\"><span style=\"font-family: Arial,sans-serif;\"><span style=\"font-size: small;\"><span style=\"color: #231f20;\"><span style=\"background-color: #ccffff;\"><em>\u00ab Jette ton pain sur la face des eaux, car avec le temps tu le retrouveras. \u00bb Ec 11.1<\/em><\/span>. <\/span><\/span><\/span><\/p>\n<p style=\"text-align: justify;\"><span style=\"font-family: Arial,sans-serif;\"><span style=\"font-size: small;\"><span style=\"color: #231f20;\"><span style=\"background-color: #ccffff;\"><em>\u00ab Tout ce que vous voulez que les autres fassent pour vous, faites-le de m\u00eame pour eux. \u00bb Mt 7.12<\/em><\/span>. <\/span><\/span><\/span><\/p>\n<p style=\"text-align: justify;\"><span style=\"font-family: Arial,sans-serif;\"><span style=\"font-size: small;\"><span style=\"color: #231f20;\">\u00a0\u00a0\u00a0 On peut comprendre que vouloir accompagner la personne \u00e2g\u00e9e aujourd\u2019hui, c\u2019est pr\u00e9parer notre propre vieillesse. <\/span><\/span><\/span><\/p>\n<p style=\"text-align: justify;\">\u00a0<\/p>\n<p style=\"text-align: justify;\">\u00a0<\/p>\n<h2><span style=\"color: #3366ff;\"><em>Comprendre pour accompagner <\/em><\/span><\/h2>\n<p style=\"text-align: justify;\">\u00a0<\/p>\n<p style=\"text-align: justify;\"><span style=\"font-family: Arial,sans-serif;\"><span style=\"font-size: small;\"><span style=\"color: #231f20;\">\u00a0\u00a0 Notre compr\u00e9hension des besoins et des attentes de la personne \u00e2g\u00e9e correspond-elle effectivement \u00e0 ses besoins et \u00e0 ses attentes ? On pourrait \u00eatre surpris du d\u00e9calage. <\/span><\/span><\/span><\/p>\n<p style=\"text-align: justify;\"><span style=\"font-family: Arial,sans-serif;\"><span style=\"font-size: small;\"><span style=\"color: #231f20;\">\u00a0\u00a0 Accompagner la personne \u00e2g\u00e9e, c\u2019est donc d\u2019abord essayer de comprendre ce qu\u2019elle vit, ce qu\u2019elle ressent. Cela est d\u2019autant plus vrai que la soci\u00e9t\u00e9 et les mentalit\u00e9s \u00e9voluent rapidement. <\/span><\/span><\/span><\/p>\n<p style=\"text-align: justify;\">\u00a0<\/p>\n<h3><span style=\"color: #3366ff;\">Les \u00e9tapes du vieillissement <\/span><\/h3>\n<p style=\"text-align: justify;\">\u00a0<\/p>\n<p style=\"text-align: justify;\"><span style=\"font-family: Arial,sans-serif;\"><span style=\"font-size: small;\"><span style=\"color: #231f20;\">\u00a0\u00a0 Vieillir, c\u2019est parcourir sa vie, de la naissance \u00e0 la mort. Voici quelques observations permettant de mieux comprendre l\u2019encha\u00eenement des diff\u00e9rentes \u00e9tapes du vieillissement : <\/span><\/span><\/span><\/p>\n<p style=\"text-align: justify;\">\u00a0<\/p>\n<p style=\"text-align: justify;\"><span style=\"font-family: Arial,sans-serif;\"><span style=\"font-size: small;\"><span style=\"color: #231f20;\"><strong>1 \u2013 La vie active (avant la retraite)<\/strong> <\/span><\/span><\/span><\/p>\n<p style=\"text-align: justify;\"><span style=\"font-family: Arial,sans-serif;\"><span style=\"font-size: small;\"><span style=\"color: #231f20;\">\u00a0\u00a0 D\u00e8s le plus jeune \u00e2ge, on cherche \u00e0 \u00eatre libre et ind\u00e9pendant : <\/span><\/span><\/span><\/p>\n<p style=\"text-align: justify;\"><span style=\"font-family: Arial,sans-serif;\"><span style=\"font-size: small;\"><span style=\"color: #231f20;\">\u00a0\u00a0 &#8211; on d\u00e9veloppe ses capacit\u00e9s, <\/span><\/span><\/span><\/p>\n<p style=\"text-align: justify;\"><span style=\"font-family: Arial,sans-serif;\"><span style=\"font-size: small;\"><span style=\"color: #231f20;\">\u00a0\u00a0 &#8211; nos activit\u00e9s nous conf\u00e8rent un sentiment de valeur propre, <\/span><\/span><\/span><\/p>\n<p style=\"text-align: justify;\"><span style=\"font-family: Arial,sans-serif;\"><span style=\"font-size: small;\"><span style=\"color: #231f20;\">\u00a0\u00a0 &#8211; on est tourn\u00e9 vers l\u2019avenir, &#8211; on ne se sent pas concern\u00e9 par la vieillesse. <\/span><\/span><\/span><\/p>\n<p style=\"text-align: justify;\">\u00a0<\/p>\n<p style=\"text-align: justify;\"><span style=\"font-family: Arial,sans-serif;\"><span style=\"font-size: small;\"><span style=\"color: #231f20;\"><strong>2 \u2013 La retraite active (de 60 ans \u00e0 75\/80 ans)<\/strong> <\/span><\/span><\/span><\/p>\n<p style=\"text-align: justify;\"><span style=\"font-family: Arial,sans-serif;\"><span style=\"font-size: small;\"><span style=\"color: #231f20;\">\u00a0\u00a0 Jusqu\u2019en 1981, on prenait sa retraite vers 65 ans. Celle-ci marquait alors une n\u00e9cessaire fin d\u2019activit\u00e9 professionnelle, apr\u00e8s une vie de dur labeur. C\u2019\u00e9tait le d\u00e9but de la vieillesse : on vivait encore quelques ann\u00e9es, avec des ressources financi\u00e8res limit\u00e9es et des forces physiques qui diminuaient. Lorsqu\u2019un probl\u00e8me de sant\u00e9 survenait, la d\u00e9pendance apparaissait, suivie assez rapidement du d\u00e9c\u00e8s. <\/span><\/span><\/span><\/p>\n<p style=\"text-align: justify;\"><span style=\"font-family: Arial,sans-serif;\"><span style=\"font-size: small;\"><span style=\"color: #231f20;\">\u00a0\u00a0 On prend maintenant la retraite \u00e0 60 ans, et cette phase de la vie est v\u00e9cue de mani\u00e8re radicalement diff\u00e9rente. Elle correspond \u00e0 une p\u00e9riode de vie agr\u00e9able, o\u00f9 l\u2019on peut m\u00eame s\u2019\u00e9panouir. On appelle volontiers les \u00ab retrait\u00e9s \u00bb des \u00ab seniors \u00bb qui peuvent jouir d\u2019une certaine aisance financi\u00e8re. Avec une bonne sant\u00e9, cette p\u00e9riode est synonyme d\u2019activit\u00e9s choisies, de loisirs, de libert\u00e9 et d\u2019ind\u00e9pendance. <\/span><\/span><\/span><\/p>\n<p style=\"text-align: justify;\">\u00a0<\/p>\n<p style=\"text-align: justify;\"><span style=\"font-family: Arial,sans-serif;\"><span style=\"font-size: small;\"><span style=\"color: #231f20;\"><strong>3 \u2013 Le d\u00e9but de la perte d\u2019autonomie (de 75\/80 ans \u00e0 85\/90 ans)<\/strong> <\/span><\/span><\/span><\/p>\n<p style=\"text-align: justify;\"><span style=\"font-family: Arial,sans-serif;\"><span style=\"font-size: small;\"><span style=\"color: #231f20;\">\u00a0\u00a0 L\u2019apparition des premiers signes de perte d\u2019autonomie varie beaucoup d\u2019une personne \u00e0 une autre : recours aux livraisons \u00e0 domicile, \u00e0 une aide m\u00e9nag\u00e8re, s\u00e9dentarisation, enfants qui insistent pour venir donner un coup de main, soins m\u00e9dicaux plus fr\u00e9quents. On n\u2019a plus le m\u00eame sentiment de libert\u00e9 et d\u2019ind\u00e9pendance. A cela s\u2019ajoute le transfert \u00e9conomique vers les enfants et petits-enfants, motiv\u00e9 par le d\u00e9sir de leur \u00ab laisser quelque chose \u00bb. Par le d\u00e9c\u00e8s d\u2019amis et de voisins, et de la difficult\u00e9 \u00e0 se d\u00e9placer, on a moins de relations. <\/span><\/span><\/span><\/p>\n<p style=\"text-align: justify;\">\u00a0<\/p>\n<p style=\"text-align: justify;\"><span style=\"font-family: Arial,sans-serif;\"><span style=\"font-size: small;\"><span style=\"color: #231f20;\"><strong>4- La d\u00e9pendance (\u00e0 partir de 85\/90 ans)<\/strong> <\/span><\/span><\/span><\/p>\n<p style=\"text-align: justify;\"><span style=\"font-family: Arial,sans-serif;\"><span style=\"font-size: small;\"><span style=\"color: #231f20;\">\u00a0\u00a0 Les probl\u00e8mes de sant\u00e9 et les douleurs rendent p\u00e9nibles les actes \u00e9l\u00e9mentaires de la vie quotidienne \u00e0 un point tel que l\u2019on devient d\u00e9pendant d\u2019une tierce personne pour les accomplir. Les alt\u00e9rations de l\u2019audition et de la vision ont pour effet d\u2019isoler la personne. Le service d\u2019aide \u00e0 domicile devient progressivement le seul lien avec l\u2019ext\u00e9rieur. On se cramponne alors \u00e0 son domicile comme \u00e0 un dernier rempart, protecteur de notre vie, de notre histoire, de ce qui est en train de devenir notre pass\u00e9. C\u2019est le \u00ab quatri\u00e8me \u00e2ge \u00bb. <\/span><\/span><\/span><\/p>\n<p style=\"text-align: justify;\"><span style=\"font-family: Arial,sans-serif;\"><span style=\"font-size: small;\"><span style=\"color: #231f20;\">\u00a0\u00a0 Et puis, une nuit, on fait une chute, sans pouvoir se relever sans aide ; ou alors, c\u2019est un malaise inexpliqu\u00e9 qui entra\u00eene une hospitalisation ; on oublie peut-\u00eatre une casserole sur <\/span><span style=\"color: #ffffff;\">7 <\/span><span style=\"color: #231f20;\">la gazini\u00e8re allum\u00e9e \u2026 Peu de chose en somme, pourtant cela semble rendre anxieux les enfants. Vient alors ce diagnostic, qui tombe comme une sentence : impossible de rester \u00e0 domicile, il faut entrer en \u00e9tablissement. <\/span><\/span><\/span><\/p>\n<p style=\"text-align: justify;\">\u00a0<\/p>\n<p style=\"text-align: justify;\"><span style=\"font-family: Arial,sans-serif;\"><span style=\"font-size: small;\"><span style=\"color: #231f20;\"><strong>5 \u2013 L\u2019entr\u00e9e en \u00e9tablissement (vers 90 ans)<\/strong> <\/span><\/span><\/span><\/p>\n<p style=\"text-align: justify;\"><span style=\"font-family: Arial,sans-serif;\"><span style=\"font-size: small;\"><span style=\"color: #231f20;\">\u00a0\u00a0 Elle peut \u00eatre motiv\u00e9e par la solitude ou par un probl\u00e8me de sant\u00e9 qui oblige \u00e0 un suivi m\u00e9dical constant. Plus g\u00e9n\u00e9ralement, elle est la cons\u00e9quence d\u2019une alt\u00e9ration de l\u2019autonomie, physique et\/ou psychique. La vie quotidienne dans le cadre habituel devient difficile, voire dangereuse (escaliers inadapt\u00e9s, baignoire \u00e0 enjamber &#8230;). Malheureusement, cette d\u00e9cision est souvent repouss\u00e9e au-del\u00e0 de ce qui est raisonnable parce qu\u2019elle est un constat de la perte de capacit\u00e9, souvent v\u00e9cue comme un \u00e9chec pour la personne. Elle traduit aussi la crainte de la vie en collectivit\u00e9 et de la perte d\u2019ind\u00e9pendance (dans le choix des horaires, de l\u2019alimentation). <\/span><\/span><\/span><\/p>\n<p style=\"text-align: justify;\"><span style=\"font-family: Arial,sans-serif;\"><span style=\"font-size: small;\"><span style=\"color: #231f20;\">\u00a0\u00a0 Ainsi, dans la plupart des cas, la d\u00e9cision d\u2019entrer en \u00e9tablissement est prise dans l\u2019urgence, donc difficile \u00e0 mettre en oeuvre et \u00e0 vivre par la personne \u00e2g\u00e9e. <\/span><\/span><\/span><\/p>\n<p style=\"text-align: justify;\"><span style=\"font-family: Arial,sans-serif;\"><span style=\"font-size: small;\"><span style=\"color: #231f20;\">\u00a0\u00a0 Par contre, lorsque celle-ci anticipe les difficult\u00e9s et prend sa d\u00e9cision sereinement, seule ou avec sa famille, sans la pression des \u00e9v\u00e8nements, cela conduit \u00e0 une adaptation r\u00e9ussie : la personne poss\u00e8de alors suffisamment de ressources physiques et morales pour \u00eatre actrice de ce changement et d\u00e9velopper un r\u00e9el projet de vie qui laisse augurer de belles ann\u00e9es en \u00e9tablissement. Certes, l\u2019abandon du domicile est toujours un \u00ab d\u00e9racinement \u00bb, mais le choix judicieux de l\u2019\u00e9tablissement d\u2019accueil et les visites r\u00e9guli\u00e8res d\u2019une famille attentionn\u00e9e et entour\u00e9e par des professionnels contribuent grandement \u00e0 faciliter le passage de cette \u00e9tape d\u00e9licate. <\/span><\/span><\/span><\/p>\n<p style=\"text-align: justify;\">\u00a0<\/p>\n<p style=\"text-align: justify;\"><span style=\"font-family: Arial,sans-serif;\"><span style=\"font-size: small;\"><span style=\"color: #231f20;\">Sur ces r\u00e9alit\u00e9s viennent se greffer un certain nombre de craintes ou d\u2019appr\u00e9hensions, des ressentis de la personne \u00e2g\u00e9e qu\u2019il est important de conna\u00eetre. <\/span><\/span><\/span><\/p>\n<p style=\"text-align: justify;\">\u00a0<\/p>\n<p style=\"text-align: justify;\">\u00a0<\/p>\n<h2><em>Que ressent la personne \u00e2g\u00e9e ?<\/em><\/h2>\n<p style=\"text-align: justify;\">\u00a0<\/p>\n<p style=\"text-align: justify;\"><span style=\"font-family: Arial,sans-serif;\"><span style=\"font-size: small;\"><span style=\"color: #231f20;\"><strong>\u00a0\u00a0 Le sentiment d\u2019\u00eatre devenu inutile<\/strong> <\/span><\/span><\/span><\/p>\n<p style=\"text-align: justify;\"><span style=\"font-family: Arial,sans-serif;\"><span style=\"font-size: small;\"><span style=\"color: #231f20;\">\u00a0\u00a0 Passer de l\u2019\u00e9tat de consommateur courtis\u00e9 et productif \u00e0 celui de vieillard rid\u00e9 et d\u00e9laiss\u00e9, n\u2019est pas ais\u00e9 \u00e0 vivre, surtout pour une g\u00e9n\u00e9ration qui a \u00e9t\u00e9 habitu\u00e9e \u00e0 travailler dur, \u00e0 \u00eatre valoris\u00e9e par ce qu\u2019elle r\u00e9alisait. <\/span><\/span><\/span><\/p>\n<p style=\"text-align: justify;\">\u00a0<\/p>\n<p style=\"text-align: justify;\"><span style=\"font-family: Arial,sans-serif;\"><span style=\"font-size: small;\"><span style=\"color: #231f20;\"><strong>\u00a0\u00a0 La peur de la d\u00e9pendance<\/strong>, en particulier de la d\u00e9pendance psychique <\/span><\/span><\/span><\/p>\n<p style=\"text-align: justify;\"><span style=\"font-family: Arial,sans-serif;\"><span style=\"font-size: small;\"><span style=\"color: #231f20;\">\u00a0\u00a0 Elle est renforc\u00e9e par la communication faite sur la maladie d\u2019Alzheimer et par l\u2019\u00e9volution du nombre de personnes concern\u00e9es (20% des plus de 80 ans). L\u2019id\u00e9e de pouvoir \u00ab perdre la t\u00eate \u00bb est tr\u00e8s difficile \u00e0 supporter pour une personne \u00e2g\u00e9e. En \u00e9tablissement, cette crainte est renforc\u00e9e par le \u00ab miroir des autres \u00bb : l\u2019observation de son entourage renvoie une image de ce qu\u2019on va devenir. <\/span><\/span><\/span><\/p>\n<p style=\"text-align: justify;\">\u00a0<\/p>\n<p style=\"text-align: justify;\"><span style=\"font-family: Arial,sans-serif;\"><span style=\"font-size: small;\"><span style=\"color: #231f20;\"><strong>\u00a0\u00a0 Les relations complexes avec ses enfants<\/strong> <\/span><\/span><\/span><\/p>\n<p style=\"text-align: justify;\"><span style=\"font-family: Arial,sans-serif;\"><span style=\"font-size: small;\"><span style=\"color: #231f20;\"><i>\u00a0\u00a0 Inversion <\/i><\/span><\/span><\/span><\/p>\n<p style=\"text-align: justify;\"><span style=\"font-family: Arial,sans-serif;\"><span style=\"font-size: small;\"><span style=\"color: #231f20;\">\u00a0\u00a0 Que ce soit \u00e0 domicile ou en \u00e9tablissement, le vieillissement modifie la relation parent-enfants au point que celle-ci peut aller jusqu\u2019\u00e0 s\u2019inverser, les enfants devenant insensiblement parents de leur parent. <\/span><\/span><\/span><\/p>\n<p style=\"text-align: justify;\">\u00a0<\/p>\n<p style=\"text-align: justify;\"><span style=\"font-family: Arial,sans-serif;\"><span style=\"font-size: small;\"><span style=\"color: #231f20;\"><i>\u00a0\u00a0 Culpabilit\u00e9 <\/i><\/span><\/span><\/span><\/p>\n<p style=\"text-align: justify;\"><span style=\"font-family: Arial,sans-serif;\"><span style=\"font-size: small;\"><span style=\"color: #231f20;\">\u00a0\u00a0 Durant cette derni\u00e8re g\u00e9n\u00e9ration, le mode de vie s\u2019est profond\u00e9ment modifi\u00e9. Assumer un parent d\u00e9pendant devient tr\u00e8s difficile pour une famille dont les deux conjoints travaillent \u00e0 l\u2019ext\u00e9rieur. Mais les mentalit\u00e9s ont \u00e9volu\u00e9 moins rapidement, et les enfants ont fr\u00e9quemment le sentiment de ne pas en faire assez pour leur parent. Ce sentiment de culpabilit\u00e9 est amplifi\u00e9 lorsqu\u2019une entr\u00e9e dans un \u00e9tablissement s\u2019av\u00e8re n\u00e9cessaire ; il est m\u00eame exacerb\u00e9 lorsque cette entr\u00e9e est v\u00e9cue \u00e0 contre-coeur par le parent. <\/span><\/span><\/span><\/p>\n<p style=\"text-align: justify;\"><span style=\"font-family: Arial,sans-serif;\"><span style=\"font-size: small;\"><span style=\"color: #231f20;\">\u00a0\u00a0 La tentation est forte, pour la personne \u00e2g\u00e9e, de jouer sur cette corde sensible. Parfois, cela peut aller jusqu\u2019\u00e0 la manipulation et la tyran- nie vis-\u00e0-vis des enfants. <\/span><\/span><\/span><\/p>\n<p style=\"text-align: justify;\"><span style=\"font-family: Arial,sans-serif;\"><span style=\"font-size: small;\"><span style=\"color: #231f20;\">\u00a0\u00a0 Parfois, ce sont les enfants qui culpabilisent leur parent, leur reprochant \u00e0 demi-mot de les emp\u00eacher de vivre et de s\u2019occuper de leurs propres enfants, voire, de les mettre en difficult\u00e9 financi\u00e8re ; cela peut aller jusqu\u2019\u00e0 la maltraitance. Celle-ci n\u2019est pas forc\u00e9ment une violence physique ; elle peut se traduire par du chantage, des pressions psychologiques, de l\u2019infantilisation, de la n\u00e9gligence avec intention de nuire. <\/span><\/span><\/span><\/p>\n<p style=\"text-align: justify;\">\u00a0<\/p>\n<p style=\"text-align: justify;\"><span style=\"font-family: Arial,sans-serif;\"><span style=\"font-size: small;\"><span style=\"color: #231f20;\"><i>\u00a0\u00a0 Ne pas \u00eatre \u00e0 charge <\/i><\/span><\/span><\/span><\/p>\n<p style=\"text-align: justify;\"><span style=\"font-family: Arial,sans-serif;\"><span style=\"font-size: small;\"><span style=\"color: #231f20;\">\u00a0\u00a0 En g\u00e9n\u00e9ral, la personne \u00e2g\u00e9e d\u00e9sire ne pas \u00eatre \u00e0 charge de ses enfants. Au contraire, elle cherche \u00e0 transmettre \u00e0 ses enfants quelque chose de ses biens, fussent-ils modestes. <\/span><\/span><\/span><\/p>\n<p style=\"text-align: justify;\">\u00a0<\/p>\n<p style=\"text-align: justify;\"><span style=\"font-family: Arial,sans-serif;\"><span style=\"font-size: small;\"><span style=\"color: #231f20;\"><strong>\u00a0\u00a0 Le fardeau du devenir de leur famille<\/strong> <\/span><\/span><\/span><\/p>\n<p style=\"text-align: justify;\"><span style=\"font-family: Arial,sans-serif;\"><span style=\"font-size: small;\"><span style=\"color: #231f20;\">\u00a0\u00a0 M\u00eame si la personne \u00e2g\u00e9e ne l\u2019exprime pas, on constate combien elle est sensible au devenir de ses enfants et petits-enfants, combien elle prend \u00e0 coeur leurs difficult\u00e9s. <\/span><\/span><\/span><\/p>\n<p style=\"text-align: justify;\">\u00a0<\/p>\n<p style=\"text-align: justify;\"><span style=\"font-family: Arial,sans-serif;\"><span style=\"font-size: small;\"><span style=\"color: #231f20;\"><strong>\u00a0\u00a0 La crainte de la mort<\/strong> <\/span><\/span><\/span><\/p>\n<p style=\"text-align: justify;\"><span style=\"font-family: Arial,sans-serif;\"><span style=\"font-size: small;\"><span style=\"color: #231f20;\">\u00a0\u00a0 Les personnes \u00e2g\u00e9es parlent beaucoup plus facilement de la mort que nous, avec plus de facilit\u00e9. Elles semblent r\u00e9sign\u00e9es face \u00e0 la mort et se disent pr\u00eates ; mais qu\u2019en est-il r\u00e9ellement ? <\/span><\/span><\/span><\/p>\n<p style=\"text-align: justify;\">\u00a0<\/p>\n<p style=\"text-align: justify;\">\u00a0<\/p>\n<h2><em>Comment accompagner la personne \u00e2g\u00e9e ?<\/em><\/h2>\n<p style=\"text-align: justify;\">\u00a0<\/p>\n<p style=\"text-align: justify;\"><span style=\"font-family: Arial,sans-serif;\"><span style=\"font-size: small;\"><span style=\"color: #231f20;\">\u00a0\u00a0 Pour les diff\u00e9rentes raisons exprim\u00e9es pr\u00e9c\u00e9demment, la personne \u00e2g\u00e9e perd le sentiment d\u2019exister. Pourtant ses besoins demeurent et c\u2019est la non satisfaction de ses besoins profonds qui la conduit \u00e0 se laisser glisser, \u00e0 attendre la mort. Accompagner la personne \u00e2g\u00e9e, c\u2019est lui permettre d\u2019\u00eatre : <\/span><\/span><\/span><\/p>\n<p style=\"text-align: justify;\"><span style=\"font-family: Arial,sans-serif;\"><span style=\"font-size: small;\"><span style=\"color: #231f20;\"><strong>\u2022 consid\u00e9r\u00e9e, respect\u00e9e<\/strong> <\/span><\/span><\/span><\/p>\n<p style=\"text-align: justify;\"><span style=\"font-family: Arial,sans-serif;\"><span style=\"font-size: small;\"><span style=\"color: #231f20;\">\u00a0\u00a0 Elle doit sentir qu\u2019elle a de la valeur pour ceux qui l\u2019entourent ; que m\u00eame si son apparence ext\u00e9rieure et ses capacit\u00e9s se d\u00e9gradent, on attache de l\u2019importance \u00e0 elle. On va donc l\u2019appeler par son nom, lui parler directement en la regardant dans les yeux (ne pas parler d\u2019elle \u00e0 la troisi\u00e8me personne en sa pr\u00e9sence), lui manifester de la politesse, demander son avis. <\/span><\/span><\/span><\/p>\n<p style=\"text-align: justify;\"><span style=\"font-family: Arial,sans-serif;\"><span style=\"font-size: small;\"><span style=\"color: #231f20;\"><strong>\u2022 \u00e9cout\u00e9e<\/strong> <\/span><\/span><\/span><\/p>\n<p style=\"text-align: justify;\"><span style=\"font-family: Arial,sans-serif;\"><span style=\"font-size: small;\"><span style=\"color: #231f20;\">\u00a0\u00a0 La personne \u00e2g\u00e9e voit ses facult\u00e9s diminuer, son fonctionnement se ralentir, son \u00e9locution devenir plus lente. Dans ce si\u00e8cle o\u00f9 l\u2019on court apr\u00e8s le temps, il est important de lui donner du temps pour s\u2019exprimer et d\u2019avoir une \u00e9coute active et attentive. <\/span><\/span><\/span><\/p>\n<p style=\"text-align: justify;\"><span style=\"font-family: Arial,sans-serif;\"><span style=\"font-size: small;\"><span style=\"color: #231f20;\"><strong>\u2022 aim\u00e9e<\/strong> <\/span><\/span><\/span><\/p>\n<p style=\"text-align: justify;\"><span style=\"font-family: Arial,sans-serif;\"><span style=\"font-size: small;\"><span style=\"color: #231f20;\">\u00a0\u00a0 Parce que sans amour, la vie perd toute sa saveur. Mais \u00eatre aim\u00e9 de mani\u00e8re d\u00e9sint\u00e9ress\u00e9e, quand on n\u2019a plus rien \u00e0 apporter, procure une joie profonde. L\u2019amour s\u2019exprime par le comportement, par une main pos\u00e9e sur sa main, se lit dans les yeux. <\/span><\/span><\/span><\/p>\n<p style=\"text-align: justify;\"><span style=\"font-family: Arial,sans-serif;\"><span style=\"font-size: small;\"><span style=\"color: #231f20;\"><strong>\u2022 utile<\/strong> <\/span><\/span><\/span><\/p>\n<p style=\"text-align: justify;\"><span style=\"font-family: Arial,sans-serif;\"><span style=\"font-size: small;\"><span style=\"color: #231f20;\">\u00a0\u00a0 Il est tellement plus facile et plus rapide de faire \u00e0 la place de la personne \u00e2g\u00e9e, mais c\u2019est tellement plus d\u00e9motivant pour la personne. Pourtant, m\u00eame \u00e0 90 ans, on est toujours heureux de pouvoir aider \u00e0 \u00e9plucher les l\u00e9gumes, mettre le couvert, participer \u00e0 la mesure de ses moyens. Quand il est n\u00e9cessaire d\u2019aider une personne, on contribue \u00e0 entretenir son autonomie si on le fait avec elle, et non pas \u00e0 sa place. <\/span><\/span><\/span><\/p>\n<p style=\"text-align: justify;\"><span style=\"font-family: Arial,sans-serif;\"><span style=\"font-size: small;\"><span style=\"color: #231f20;\"><strong>\u2022 visit\u00e9e par sa famille et ses amis<\/strong> <\/span><\/span><\/span><\/p>\n<p style=\"text-align: justify;\"><span style=\"font-family: Arial,sans-serif;\"><span style=\"font-size: small;\"><span style=\"color: #231f20;\">\u00a0\u00a0 La solitude est vite pesante et le temps para\u00eet long quand on est seul. Les visites de ceux que l\u2019on aime font donc plaisir, mais elles cr\u00e9ent une fatigue croissante avec l\u2019\u00e2ge. Quatre visites d\u2019un quart d\u2019heure valent mieux qu\u2019une visite d\u2019une heure. Saisir les occasions de contribuer \u00e0 la paix. Ne pas fuir les sujets difficiles tels que la mort, les obs\u00e8ques, un conflit, etc. lorsqu\u2019ils sont \u00e9voqu\u00e9s par la personne \u00e2g\u00e9e. <\/span><\/span><\/span><\/p>\n<p style=\"text-align: justify;\">\u00a0<\/p>\n<p style=\"text-align: justify;\">\u00a0<\/p>\n<h2><em>Conclusion <\/em><\/h2>\n<p style=\"text-align: justify;\">\u00a0<\/p>\n<p style=\"text-align: justify;\"><span style=\"font-family: Arial,sans-serif;\"><span style=\"font-size: small;\"><span style=\"color: #231f20;\">L\u2019accompagnement de la personne \u00e2g\u00e9e n\u2019est pas un moyen de se donner bonne conscience, d\u2019imposer ses id\u00e9es ou de combattre l\u2019injustice. C\u2019est d\u2019abord une rencontre, une acceptation de l\u2019autre, respectueuse de sa vie, de son histoire, de son apparence ; c\u2019est un moment o\u00f9 l\u2019on peut se donner sans attendre en retour ; c\u2019est aussi un moment o\u00f9 l\u2019on peut apprendre, sur la vie, sur nous-m\u00eames, apprendre \u00e0 laisser la place, et\u2026peut-\u00eatre se pr\u00e9parer \u00e0 vieillir. <\/span><\/span><\/span><\/p>\n","protected":false},"excerpt":{"rendered":"<p>Accompagner la personne \u00e2g\u00e9e &nbsp; Par David Dordolo \u00a0 Donn\u00e9es d\u00e9mographiques \u00a0 En France, en un si\u00e8cle, l\u2019esp\u00e9rance moyenne de vie a pratiquement doubl\u00e9, passant de 40 \u00e0 78 ans. Elle continue \u00e0 progresser de 3 mois par an. Cela est d\u00fb, en grande partie, aux progr\u00e8s de la m\u00e9decine. Actuellement, les personnes \u00e2g\u00e9es de [&hellip;]<\/p>\n","protected":false},"author":123,"featured_media":0,"comment_status":"closed","ping_status":"closed","sticky":false,"template":"","format":"standard","meta":{"footnotes":""},"categories":[79,72,88,13],"tags":[],"class_list":["post-7417","post","type-post","status-publish","format-standard","hentry","category-amour","category-service","category-souffrance","category-la-vie-de-leglise"],"_links":{"self":[{"href":"https:\/\/www.servir.caef.net\/index.php?rest_route=\/wp\/v2\/posts\/7417","targetHints":{"allow":["GET"]}}],"collection":[{"href":"https:\/\/www.servir.caef.net\/index.php?rest_route=\/wp\/v2\/posts"}],"about":[{"href":"https:\/\/www.servir.caef.net\/index.php?rest_route=\/wp\/v2\/types\/post"}],"author":[{"embeddable":true,"href":"https:\/\/www.servir.caef.net\/index.php?rest_route=\/wp\/v2\/users\/123"}],"replies":[{"embeddable":true,"href":"https:\/\/www.servir.caef.net\/index.php?rest_route=%2Fwp%2Fv2%2Fcomments&post=7417"}],"version-history":[{"count":0,"href":"https:\/\/www.servir.caef.net\/index.php?rest_route=\/wp\/v2\/posts\/7417\/revisions"}],"wp:attachment":[{"href":"https:\/\/www.servir.caef.net\/index.php?rest_route=%2Fwp%2Fv2%2Fmedia&parent=7417"}],"wp:term":[{"taxonomy":"category","embeddable":true,"href":"https:\/\/www.servir.caef.net\/index.php?rest_route=%2Fwp%2Fv2%2Fcategories&post=7417"},{"taxonomy":"post_tag","embeddable":true,"href":"https:\/\/www.servir.caef.net\/index.php?rest_route=%2Fwp%2Fv2%2Ftags&post=7417"}],"curies":[{"name":"wp","href":"https:\/\/api.w.org\/{rel}","templated":true}]}}