{"id":7445,"date":"2007-05-04T15:21:42","date_gmt":"2007-05-04T15:21:42","guid":{"rendered":"\/?p=7445"},"modified":"2016-09-27T07:41:56","modified_gmt":"2016-09-27T07:41:56","slug":"la-gerbe-dor-2","status":"publish","type":"post","link":"https:\/\/www.servir.caef.net\/?p=7445","title":{"rendered":"La \u00ab Gerbe d\u2019Or \u00bb"},"content":{"rendered":"<div style=\"background-image: url('\/wp-content\/uploads\/2013\/10\/aine-fond.jpg'); background-repeat: no-repeat;\" align=\"center\">\n<h1 style=\"text-align: center;\">La \u00ab Gerbe d\u2019Or \u00bb<\/h1>\n<p>&nbsp;<\/p>\n<p>&nbsp;<\/p>\n<p>&nbsp;<\/p>\n<p>&nbsp;<\/p>\n<p>&nbsp;<\/p>\n<p>&nbsp;<\/p>\n<p>&nbsp;<\/p>\n<p>&nbsp;<\/p>\n<p>&nbsp;<\/p>\n<p style=\"text-align: left;\"><a href=\"\/wp-content\/uploads\/2013\/10\/hammann.jpg\"><img loading=\"lazy\" decoding=\"async\" class=\" wp-image-7447 alignleft\" style=\"margin: 10px;\" src=\"\/wp-content\/uploads\/2013\/10\/hammann.jpg\" alt=\"hammann\" width=\"286\" height=\"218\" \/><\/a><em>Interview<\/em><br \/><em>de G\u00e9rard et Suzanne HAMMANN,<\/em><br \/><em>responsables du groupe<\/em><br \/><em>\u00ab La Gerbe d\u2019Or \u00bb<\/em><br \/><em>\u00e0 l\u2019Eglise \u00ab La Bonne Nouvelle \u00bb<\/em> <em>de Strasbourg.<\/em><\/p>\n<p style=\"text-align: left;\">\u00a0<\/p>\n<p style=\"text-align: left;\">\u00a0<\/p>\n<p style=\"text-align: left;\"><img loading=\"lazy\" decoding=\"async\" class=\"size-full wp-image-8710 alignright\" src=\"\/wp-content\/uploads\/2015\/01\/interview.jpg\" alt=\"interview\" width=\"329\" height=\"126\" srcset=\"https:\/\/www.servir.caef.net\/wp-content\/uploads\/2015\/01\/interview.jpg 329w, https:\/\/www.servir.caef.net\/wp-content\/uploads\/2015\/01\/interview-300x114.jpg 300w\" sizes=\"auto, (max-width: 329px) 100vw, 329px\" \/><\/p>\n<p style=\"text-align: justify;\">\u00a0\u00a0\u00a0\u00a0<span style=\"font-family: Arial,sans-serif;\"><span style=\"font-size: small;\"><span style=\"color: #231f20;\">\u00a0\u00a0 <\/span><\/span><\/span><\/p>\n<p style=\"text-align: justify;\">\u00a0<\/p>\n<p style=\"text-align: justify;\">\u00a0<\/p>\n<p style=\"text-align: justify;\">\u00a0<\/p>\n<p style=\"text-align: justify;\">\u00a0<\/p>\n<p style=\"text-align: justify;\">\u00a0<\/p>\n<p style=\"text-align: justify;\">\u00a0<\/p>\n<p style=\"text-align: justify;\"><span style=\"font-family: Arial,sans-serif;\"><span style=\"font-size: small;\"><span style=\"color: #231f20;\"><strong>Qu\u2019est-ce qui est propos\u00e9 aux a\u00een\u00e9s de la BN de Strasbourg ?<\/strong><\/span><\/span><\/span><\/p>\n<p style=\"text-align: justify;\"><span style=\"font-family: Arial,sans-serif;\"><span style=\"font-size: small;\"><span style=\"color: #231f20;\">\u00a0\u00a0 <\/span><span style=\"color: #231f20;\">Avant de r\u00e9pondre aux questions, nous aimerions pr\u00e9ciser que le groupe de la \u00ab Gerbe d\u2019Or \u00bb ne regroupe pas seulement les a\u00een\u00e9s de l\u2019Eglise \u00ab La Bonne Nouvelle \u00bb de Strasbourg, mais \u00e9galement certains des \u00e9glises BN soeurs ainsi qu\u2019un bon noyau de l\u2019Eglise M\u00e9thodiste. <\/span><\/span><\/span><\/p>\n<p style=\"text-align: justify;\"><span style=\"font-family: Arial,sans-serif;\"><span style=\"font-size: small;\"><span style=\"color: #231f20;\">En outre, chaque participant est libre d\u2019inviter des amis ou connaissances (voisins, famille, &#8230;) pas forc\u00e9ment chr\u00e9tiens. <\/span><\/span><\/span><\/p>\n<p style=\"text-align: justify;\">\u00a0<!--more--><\/p>\n<p style=\"text-align: justify;\"><span style=\"font-family: Arial,sans-serif;\"><span style=\"font-size: small;\"><span style=\"color: #231f20;\"><a href=\"\/wp-content\/uploads\/2007\/pdf2007\/Servir2007_3.pdf#page=23\" target=\"_blank\"><img loading=\"lazy\" decoding=\"async\" title=\"iconePDF\" src=\"\/wp-content\/uploads\/2011\/01\/iconePDF.jpg\" alt=\"\" width=\"81\" height=\"76\" align=\"right\" hspace=\"8\" vspace=\"8\" \/><\/a>\u00a0\u00a0 Le groupe de la \u00ab Gerbe d\u2019Or \u00bb est ouvert \u00e0 toute personne \u00e0 partir de 60 ans environ et jusqu\u2019\u00e0 l\u2019\u00e2ge de 90 ans et m\u00eame au-del\u00e0 &#8230; <\/span><\/span><\/span><\/p>\n<p style=\"text-align: justify;\"><span style=\"font-family: Arial,sans-serif;\"><span style=\"font-size: small;\"><span style=\"color: #231f20;\">\u00a0\u00a0 Nous proposons, durant l\u2019ann\u00e9e, diff\u00e9rentes rencontres et activit\u00e9s visant \u00e0 d\u00e9velopper la communion fraternelle, la convivialit\u00e9, l\u2019\u00e9coute mutuelle, l\u2019entraide et aussi pour lutter contre l\u2019isolement. <\/span><\/span><\/span><\/p>\n<p style=\"text-align: justify;\"><span style=\"font-family: Arial,sans-serif;\"><span style=\"font-size: small;\"><span style=\"color: #231f20;\">\u00a0\u00a0 Cela peut se r\u00e9sumer par les <span style=\"background-color: #ccffff;\"><em>versets 1 et 3 du Psaume 133 : \u00ab Voici, oh qu\u2019il est agr\u00e9able, qu\u2019il est doux pour des fr\u00e8res <\/em>(et soeurs)<em> de demeurer ensemble,\u2026car c\u2019est l\u00e0 que l\u2019Eternel envoie la b\u00e9n\u00e9diction, la vie pour l\u2019\u00e9ternit\u00e9. \u00bb <\/em><\/span><\/span><\/span><\/span><\/p>\n<p style=\"text-align: justify;\">\u00a0<\/p>\n<h3 style=\"text-align: justify;\"><span style=\"font-family: Arial,sans-serif;\"><span style=\"font-size: small;\"><span style=\"color: #231f20;\">\u00a0\u00a0 Comment et pourquoi \u00eates-vous devenus les animateurs de ce groupe ? <\/span><\/span><\/span><\/h3>\n<p style=\"text-align: justify;\"><span style=\"font-family: Arial,sans-serif;\"><span style=\"font-size: small;\"><span style=\"color: #231f20;\"><i>\u00a0\u00a0 <span style=\"text-decoration: underline;\">G\u00e9rard<\/span> <\/i><\/span><span style=\"color: #231f20;\">: Etant Ancien \u00e0 l\u2019\u00e9glise de la BN, une de mes activit\u00e9s pr\u00e9f\u00e9r\u00e9es est de visiter les malades, les personnes \u00e2g\u00e9es ou isol\u00e9es et j\u2019ai toujours eu un bon contact avec les a\u00een\u00e9s. C\u2018est tout naturellement que Charles RICK (responsable de la Gerbe d\u2019Or avant moi) m\u2019a invit\u00e9 avec mon \u00e9pouse \u00e0 certaines activit\u00e9s du groupe. <\/span><\/span><\/span><\/p>\n<p style=\"text-align: justify;\"><span style=\"font-family: Arial,sans-serif;\"><span style=\"font-size: small;\"><span style=\"color: #231f20;\"><i>\u00a0\u00a0 <span style=\"text-decoration: underline;\">Suzanne <\/span><\/i><\/span><span style=\"color: #231f20;\"><span style=\"text-decoration: underline;\">:<\/span> Auparavant nous nous sommes occup\u00e9s pendant plus de 30 ans de la Jeunesse (groupe de jeunes, colos, camps,&#8230;). A la fin des ann\u00e9es 90 nous avons cess\u00e9 ces activit\u00e9s. La Bible ne ditelle pas qu\u2019il y a un temps pour tout dans la vie ? <\/span><\/span><\/span><\/p>\n<p style=\"text-align: justify;\"><span style=\"font-family: Arial,sans-serif;\"><span style=\"font-size: small;\"><span style=\"color: #231f20;\">\u00a0\u00a0 Depuis 5 ans nous avons pris en charge la \u00ab Gerbe d\u2019Or \u00bb en rel\u00e8ve de Charles RICK. Nous le faisons avec joie et plaisir, avec les dons que le Seigneur nous a accord\u00e9s. Nous \u00e9tions enseignants et sommes depuis quelques ann\u00e9es \u00e0 la retraite, nous avons donc de la disponibilit\u00e9. <\/span><\/span><\/span><\/p>\n<p style=\"text-align: justify;\">\u00a0<\/p>\n<h3 style=\"text-align: justify;\"><span style=\"font-family: Arial,sans-serif;\"><span style=\"font-size: small;\"><span style=\"color: #1448a0;\">\u00a0\u00a0 Quelles sont les activit\u00e9s propos\u00e9es ? <\/span><\/span><\/span><\/h3>\n<p style=\"text-align: justify;\"><span style=\"font-family: Arial,sans-serif;\"><span style=\"font-size: small;\"><span style=\"color: #231f20;\">\u00a0\u00a0<a href=\"\/wp-content\/uploads\/2012\/05\/aine-repas.jpg\"><img loading=\"lazy\" decoding=\"async\" class=\"size-full wp-image-7448 alignright\" style=\"margin: 10px;\" src=\"\/wp-content\/uploads\/2012\/05\/aine-repas.jpg\" alt=\"aine-repas\" width=\"335\" height=\"251\" srcset=\"https:\/\/www.servir.caef.net\/wp-content\/uploads\/2012\/05\/aine-repas.jpg 335w, https:\/\/www.servir.caef.net\/wp-content\/uploads\/2012\/05\/aine-repas-300x224.jpg 300w\" sizes=\"auto, (max-width: 335px) 100vw, 335px\" \/><\/a>Au printemps nous proposons <\/span><strong><span style=\"color: #231f20;\">une apr\u00e8s-midi conviviale avec un go\u00fbter <\/span><\/strong><span style=\"color: #231f20;\">offert par la \u00ab Gerbe d\u2019Or \u00bb. <\/span><\/span><\/span><\/p>\n<p style=\"text-align: justify;\"><span style=\"font-family: Arial,sans-serif;\"><span style=\"font-size: small;\"><span style=\"color: #231f20;\">A l\u2019automne nous organisons <\/span><strong><span style=\"color: #231f20;\">une rencontre avec repas de midi<\/span><\/strong><span style=\"color: #231f20;\">. Pour ces deux activit\u00e9s \u2013 qui r\u00e9unissent 40 \u00e0 60 personnes &#8211; nous invitons un intervenant (de l\u2019Eglise ou d\u2019ailleurs) pour un partage autour d\u2019un th\u00e8me : missionnaire, t\u00e9moignage v\u00e9cu, diaporama, etc. &#8230; Il y a aussi des moments de nouvelles des uns et des autres, des jeux, des chants, etc. &#8230; <\/span><\/span><\/span><\/p>\n<p style=\"text-align: justify;\">\u00a0<\/p>\n<p style=\"text-align: justify;\"><span style=\"font-family: Arial,sans-serif;\"><span style=\"font-size: small;\"><span style=\"color: #231f20;\">\u00a0\u00a0 Au mois de mai nous organisons <\/span><strong><span style=\"color: #231f20;\">un s\u00e9jour de 10 jours <\/span><\/strong><span style=\"color: #231f20;\">dans notre Centre de Vacances \u00ab Le Sattel \u00bb dans les Vosges. L\u2019effectif est de 15 \u00e0 20 personnes. L\u00e0 encore nous invitons un orateur pour les partages bibliques. Durant le s\u00e9jour les activit\u00e9s sont nombreuses : s\u00e9ances de gymnastique douce, promenades, bricolage, jeux de soci\u00e9t\u00e9, jeux collectifs, soir\u00e9es vid\u00e9o, partages, questions \u00e0 l\u2019orateur, r\u00e9unions de pri\u00e8re. Une grande soir\u00e9e festive avec repas a lieu \u00e0 la fin du s\u00e9jour. Chacun peut s\u2019y exprimer : chants, po\u00e8mes, sketches, surprises, etc. &#8230; <\/span><\/span><\/span><\/p>\n<p style=\"text-align: justify;\"><span style=\"font-family: Arial,sans-serif;\"><span style=\"font-size: small;\"><span style=\"color: #231f20;\">\u00a0\u00a0 Fin juin ou d\u00e9but juillet nous proposons <\/span><strong><span style=\"color: #231f20;\">une excursion d\u2019une journ\u00e9e <\/span><\/strong><span style=\"color: #231f20;\">en autocar (40 \u00e0 50 personnes) avec visites touristiques (mus\u00e9e, fabrication de chocolat, bonbons, confitures, bi\u00e8re, distillerie, cristallerie, promenade en bateau, saboterie, \u00e9levage d\u2019escargots, etc.). A midi nous d\u00e9jeunons dans un restaurant et nous profitons du d\u00e9placement pour visiter une assembl\u00e9e \u00e9vang\u00e9lique locale pour un moment de partage biblique. <\/span><\/span><\/span><\/p>\n<p style=\"text-align: justify;\">\u00a0<\/p>\n<p style=\"text-align: justify;\"><span style=\"font-family: Arial,sans-serif;\"><span style=\"font-size: small;\"><span style=\"color: #231f20;\">\u00a0\u00a0 D\u00e9but d\u00e9cembre nous avons <\/span><span style=\"color: #231f20;\">une f\u00eate de No\u00ebl <\/span><span style=\"color: #231f20;\">dans un restaurant de Strasbourg (70 \u00e0 80 personnes). A cette occasion nous invitons un Ancien de l\u2019Eglise et son \u00e9pouse ainsi qu\u2019un intervenant pour un animation : pr\u00e9sentation d\u2019une oeuvre chr\u00e9tienne, pianiste ou autre musicien, missionnaire, etc. &#8230; <\/span><\/span><\/span><\/p>\n<p style=\"text-align: justify;\"><span style=\"font-family: Arial,sans-serif;\"><span style=\"font-size: small;\"><span style=\"color: #231f20;\">\u00a0\u00a0 L\u2019apr\u00e8s-midi est agr\u00e9ment\u00e9e de jeux, nouvelles, \u2026 et nous f\u00eatons les \u00abgrands anniversaires\u00bb (80 et 90 ans). <\/span><\/span><\/span><\/p>\n<p style=\"text-align: justify;\"><span style=\"font-family: Arial,sans-serif;\"><span style=\"font-size: small;\"><span style=\"color: #231f20;\">\u00a0\u00a0 <\/span><\/span><\/span><\/p>\n<p style=\"text-align: justify;\"><span style=\"font-family: Arial,sans-serif;\"><span style=\"font-size: small;\"><span style=\"color: #231f20;\">D\u00e9but janvier, chacune des 120 personnes inscrites dans notre fichier re\u00e7oit <strong>une carte de voeux<\/strong>. <\/span><\/span><\/span><\/p>\n<p style=\"text-align: justify;\">\u00a0<\/p>\n<h3 style=\"text-align: justify;\"><span style=\"font-family: Arial,sans-serif;\"><span style=\"font-size: small;\"><span style=\"color: #231f20;\">\u00a0\u00a0<a href=\"\/wp-content\/uploads\/2012\/05\/aine-etude.jpg\"><img loading=\"lazy\" decoding=\"async\" class=\"size-full wp-image-7449 alignleft\" style=\"margin: 10px;\" src=\"\/wp-content\/uploads\/2012\/05\/aine-etude.jpg\" alt=\"aine-etude\" width=\"313\" height=\"235\" srcset=\"https:\/\/www.servir.caef.net\/wp-content\/uploads\/2012\/05\/aine-etude.jpg 313w, https:\/\/www.servir.caef.net\/wp-content\/uploads\/2012\/05\/aine-etude-300x225.jpg 300w\" sizes=\"auto, (max-width: 313px) 100vw, 313px\" \/><\/a> Comment les a\u00een\u00e9s appr\u00e9cient-ils ces rencontres ? <\/span><\/span><\/span><\/h3>\n<p style=\"text-align: justify;\"><span style=\"font-family: Arial,sans-serif;\"><span style=\"font-size: small;\"><span style=\"color: #231f20;\">\u00a0\u00a0 Beaucoup de personnes fr\u00e9quentant ce groupe sont seules (veufs, veuves ou c\u00e9libataires) et n\u2019ont pas beaucoup d\u2019activit\u00e9s durant l\u2019ann\u00e9e, aussi sont-elles toutes heureuses de participer \u00e0 nos rencontres et elles nous disent fr\u00e9quemment que cela leur fait du bien de se retrouver avec d\u2019autres. Elles sont toujours en attente de la prochaine rencontre et ont h\u00e2te de s\u2019inscrire pour s\u2019assurer d\u2019\u00eatre de la partie. <\/span><\/span><\/span><\/p>\n<p style=\"text-align: justify;\">\u00a0<\/p>\n<h3 style=\"text-align: justify;\"><span style=\"font-family: Arial,sans-serif;\"><span style=\"font-size: small;\"><span style=\"color: #231f20;\">\u00a0\u00a0 Toutes les personnes \u00e2g\u00e9es de l\u2019Eglise participent-elles aux rencontres ? <\/span><\/span><\/span><\/h3>\n<p style=\"text-align: justify;\"><span style=\"font-family: Arial,sans-serif;\"><span style=\"font-size: small;\"><span style=\"color: #231f20;\">\u00a0\u00a0 Malheureusement non : un bon nombre de personnes ne sont plus assez valides et sont d\u00e9pendantes, fragiles, malades, &#8230; Lors de nos rencontres nous prions pour elles, parfois nous leur envoyons un courrier et nous les visitons \u00e0 domicile ou en maison de retraite. <\/span><\/span><\/span><\/p>\n<p style=\"text-align: justify;\"><span style=\"font-family: Arial,sans-serif;\"><span style=\"font-size: small;\"><span style=\"color: #231f20;\">\u00a0\u00a0 D\u2019autres ne participent pas parce qu\u2019elles sont encore tr\u00e8s actives et ont un emploi du temps tr\u00e8s charg\u00e9. <\/span><\/span><\/span><\/p>\n<p style=\"text-align: justify;\"><span style=\"font-family: Arial,sans-serif;\"><span style=\"font-size: small;\"><span style=\"color: #231f20;\">\u00a0\u00a0 Il y en a aussi qui ne souhaitent pas participer \u00e0 notre groupe ne se sentant pas encore du \u00ab3\u00e8me \u00e2ge\u00bb \u2026 ou par peur de vieillir ? <\/span><\/span><\/span><\/p>\n<p style=\"text-align: justify;\">\u00a0<\/p>\n<h3 style=\"text-align: justify;\"><span style=\"font-family: Arial,sans-serif;\"><span style=\"font-size: small;\"><span style=\"color: #231f20;\">\u00a0\u00a0 Quelle analyse faites-vous par rapport \u00e0 la place des a\u00een\u00e9s dans l\u2019Eglise ? <\/span><\/span><\/span><\/h3>\n<p style=\"text-align: justify;\"><span style=\"font-family: Arial,sans-serif;\"><span style=\"font-size: small;\"><span style=\"color: #231f20;\">\u00a0\u00a0 La famille de Dieu se compose d\u2019enfants, de jeunes, d\u2019adultes et d\u2019a\u00een\u00e9s ; toutes les g\u00e9n\u00e9rations sont repr\u00e9sent\u00e9es et c\u2019est une bonne chose. <\/span><\/span><\/span><\/p>\n<p style=\"text-align: justify;\"><span style=\"font-family: Arial,sans-serif;\"><span style=\"font-size: small;\"><span style=\"color: #231f20;\">\u00a0\u00a0 M\u00eame si les sensibilit\u00e9s sont diff\u00e9rentes, une Eglise \u00e9quilibr\u00e9e doit avoir des repr\u00e9sentants de chaque cat\u00e9gorie. Les a\u00een\u00e9s n\u2019ont peut-\u00eatre plus l\u2019\u00e9nergie ou le dynamisme des jeunes, mais ils ont des minist\u00e8res tr\u00e8s importants : pri\u00e8re, lib\u00e9ralit\u00e9, participation fid\u00e8le aux r\u00e9unions, &#8230; Ils sont ainsi des mod\u00e8les et des exemples pour les plus jeunes g\u00e9n\u00e9rations. <\/span><\/span><\/span><\/p>\n<p style=\"text-align: justify;\"><span style=\"font-family: Arial,sans-serif;\"><span style=\"font-size: small;\"><span style=\"color: #231f20;\">\u00a0\u00a0 Les besoins des a\u00een\u00e9s sont les m\u00eames que pour les chr\u00e9tiens de tout \u00e2ge, c\u2019est-\u00e0-dire : affection, amour, \u00e9coute, compr\u00e9hension, communion fraternelle, encouragement, exhortation,&#8230; Les a\u00een\u00e9s ont et doivent avoir leur place dans l\u2019Eglise, c\u2019est indispensable, primordial et n\u00e9cessaire pour la vie de l\u2019\u00e9glise locale. <\/span><\/span><\/span><\/p>\n<p style=\"text-align: justify;\"><span style=\"font-family: Arial,sans-serif;\"><span style=\"font-size: small;\"><span style=\"color: #231f20;\">\u00a0\u00a0 C\u2019est aussi une richesse inestimable et la Bible parle souvent des personnes \u00e2g\u00e9es. Le Seigneur les aime <span style=\"color: #000000; background-color: #ccffff;\"><em>(Ps 103.5)<\/em><\/span>, ils portent encore des fruits dans leur vieillesse (Ps 92.15), le Seigneur les accompagne et leur dit cette promesse : <span style=\"background-color: #ccffff; color: #000000;\"><em>\u00ab Jusqu\u2019\u00e0 votre vieillesse je serai le m\u00eame, jusqu\u2019\u00e0 votre vieillesse je vous soutiendrai. \u00bb (Es 46.4). <\/em><\/span><\/span><\/span><\/span><\/p>\n<p style=\"text-align: justify;\">\u00a0<\/p>\n<p style=\"text-align: justify;\"><span style=\"font-family: Arial,sans-serif;\"><span style=\"font-size: small;\"><span style=\"color: #231f20;\">Propos recueillis par Marcel Reutenauer <\/span><\/span><\/span><\/p>\n<\/div>\n","protected":false},"excerpt":{"rendered":"<p>La \u00ab Gerbe d\u2019Or \u00bb &nbsp; &nbsp; &nbsp; &nbsp; &nbsp; &nbsp; &nbsp; &nbsp; &nbsp; Interviewde G\u00e9rard et Suzanne HAMMANN,responsables du groupe\u00ab La Gerbe d\u2019Or \u00bb\u00e0 l\u2019Eglise \u00ab La Bonne Nouvelle \u00bb de Strasbourg. \u00a0 \u00a0 \u00a0\u00a0\u00a0\u00a0\u00a0\u00a0 \u00a0 \u00a0 \u00a0 \u00a0 \u00a0 \u00a0 Qu\u2019est-ce qui est propos\u00e9 aux a\u00een\u00e9s de la BN de Strasbourg ? \u00a0\u00a0 [&hellip;]<\/p>\n","protected":false},"author":124,"featured_media":0,"comment_status":"closed","ping_status":"closed","sticky":false,"template":"","format":"standard","meta":{"footnotes":""},"categories":[14,33,13],"tags":[],"class_list":["post-7445","post","type-post","status-publish","format-standard","hentry","category-eglises-et-oeuvres","category-temoignages","category-la-vie-de-leglise"],"_links":{"self":[{"href":"https:\/\/www.servir.caef.net\/index.php?rest_route=\/wp\/v2\/posts\/7445","targetHints":{"allow":["GET"]}}],"collection":[{"href":"https:\/\/www.servir.caef.net\/index.php?rest_route=\/wp\/v2\/posts"}],"about":[{"href":"https:\/\/www.servir.caef.net\/index.php?rest_route=\/wp\/v2\/types\/post"}],"author":[{"embeddable":true,"href":"https:\/\/www.servir.caef.net\/index.php?rest_route=\/wp\/v2\/users\/124"}],"replies":[{"embeddable":true,"href":"https:\/\/www.servir.caef.net\/index.php?rest_route=%2Fwp%2Fv2%2Fcomments&post=7445"}],"version-history":[{"count":0,"href":"https:\/\/www.servir.caef.net\/index.php?rest_route=\/wp\/v2\/posts\/7445\/revisions"}],"wp:attachment":[{"href":"https:\/\/www.servir.caef.net\/index.php?rest_route=%2Fwp%2Fv2%2Fmedia&parent=7445"}],"wp:term":[{"taxonomy":"category","embeddable":true,"href":"https:\/\/www.servir.caef.net\/index.php?rest_route=%2Fwp%2Fv2%2Fcategories&post=7445"},{"taxonomy":"post_tag","embeddable":true,"href":"https:\/\/www.servir.caef.net\/index.php?rest_route=%2Fwp%2Fv2%2Ftags&post=7445"}],"curies":[{"name":"wp","href":"https:\/\/api.w.org\/{rel}","templated":true}]}}