{"id":7482,"date":"2007-05-09T10:05:51","date_gmt":"2007-05-09T10:05:51","guid":{"rendered":"\/?p=7482"},"modified":"2016-09-27T07:08:42","modified_gmt":"2016-09-27T07:08:42","slug":"william-wilberforce-1759-1833-portrait","status":"publish","type":"post","link":"https:\/\/www.servir.caef.net\/?p=7482","title":{"rendered":"WILLIAM WILBERFORCE (1759-1833) &#8211; PORTRAIT"},"content":{"rendered":"<h1 style=\"text-align: center;\"><a href=\"\/wp-content\/uploads\/2013\/10\/wilburforce.jpg\"><img loading=\"lazy\" decoding=\"async\" class=\"size-full wp-image-7483 alignleft\" style=\"margin: 10px;\" src=\"\/wp-content\/uploads\/2013\/10\/wilburforce.jpg\" alt=\"wilburforce\" width=\"265\" height=\"332\" srcset=\"https:\/\/www.servir.caef.net\/wp-content\/uploads\/2013\/10\/wilburforce.jpg 265w, https:\/\/www.servir.caef.net\/wp-content\/uploads\/2013\/10\/wilburforce-239x300.jpg 239w\" sizes=\"auto, (max-width: 265px) 100vw, 265px\" \/><\/a>WILLIAM WILBERFORCE <a href=\"\/wp-content\/uploads\/2013\/10\/wilburforce-2.jpg\"><img loading=\"lazy\" decoding=\"async\" class=\"alignright\" style=\"margin: 10px;\" src=\"\/wp-content\/uploads\/2013\/10\/wilburforce-2.jpg\" alt=\"wilburforce-2\" width=\"152\" height=\"191\" \/><\/a><\/h1>\n<p style=\"text-align: center;\">\u00a0<\/p>\n<h1 style=\"text-align: center;\">(1759-1833)<\/h1>\n<p style=\"text-align: center;\">\u00a0<\/p>\n<h1 style=\"text-align: center;\">PORTRAIT<\/h1>\n<p>&nbsp;<\/p>\n<p>&nbsp;<\/p>\n<p>&nbsp;<\/p>\n<p>&nbsp;<\/p>\n<p>&nbsp;<\/p>\n<p>&nbsp;<\/p>\n<p>&nbsp;<\/p>\n<p>&nbsp;<\/p>\n<p>&nbsp;<\/p>\n<p>&nbsp;<\/p>\n<p>&nbsp;<\/p>\n<p>&nbsp;<\/p>\n<p>&nbsp;<\/p>\n<p>&nbsp;<\/p>\n<p>&nbsp;<\/p>\n<p>&nbsp;<\/p>\n<p>&nbsp;<\/p>\n<p>&nbsp;<\/p>\n<p><span style=\"font-size: large;\"><strong><span style=\"color: #800000;\">Par PIERRE WHEELER<\/span><\/strong><\/span><\/p>\n<p>&nbsp;<\/p>\n<p style=\"text-align: justify;\" align=\"LEFT\"><span style=\"font-family: Arial,sans-serif;\"><span style=\"font-size: small;\"><span style=\"color: #231f20;\"><span style=\"font-size: xx-large;\">W<\/span>illiam Wilberforce ! Depuis quelques mois, les \u00e9vang\u00e9liques en Grande Bretagne comm\u00e9morent l\u2019oeuvre accomplie par ce parlementaire extraordinaire, d\u00e9put\u00e9 d\u2019ailleurs \u00e0 23 ans. De nombreux articles, la t\u00e9l\u00e9, une journ\u00e9e de souvenir le 25 mars et un film<strong><sub>1<\/sub><\/strong> l\u2019a rappel\u00e9e aux britanniques. <\/span><\/span><\/span><\/p>\n<p style=\"text-align: justify;\" align=\"LEFT\">\u00a0<!--more--><\/p>\n<p style=\"text-align: justify;\" align=\"LEFT\"><span style=\"font-family: Arial,sans-serif;\"><span style=\"font-size: small;\"><span style=\"color: #231f20;\"><strong><b><a href=\"\/wp-content\/uploads\/2007\/pdf2007\/Servir2007_3.pdf#page=42\" target=\"_blank\"><img loading=\"lazy\" decoding=\"async\" title=\"iconePDF\" src=\"\/wp-content\/uploads\/2011\/01\/iconePDF.jpg\" alt=\"\" width=\"81\" height=\"76\" align=\"right\" hspace=\"8\" vspace=\"8\" \/><\/a><\/b><\/strong>C\u2019est que ce tr\u00e8s riche Anglais, apr\u00e8s sa conversion \u00e0 J\u00e9sus-Christ lors d\u2019un voyage \u00e0 23 ans en Europe &#8211; il fut anglican sans conna\u00eetre le Seigneur personnellement \u2013 ne cesse de lutter toute sa vie contre la traite des noirs pratiqu\u00e9e par plusieurs pays de l\u2019Europe occidentale, dont surtout l\u2019Angleterre. <\/span><\/span><\/span><\/p>\n<p style=\"text-align: justify;\" align=\"LEFT\">\u00a0<\/p>\n<p style=\"text-align: justify;\" align=\"LEFT\"><span style=\"font-family: Arial,sans-serif;\"><span style=\"font-size: small;\"><span style=\"color: #231f20;\">Il r\u00e9ussit en1807. Une loi fut vot\u00e9e par le Parlement britannique pour l\u2019interdire. <\/span><\/span><\/span><\/p>\n<p style=\"text-align: justify;\" align=\"LEFT\">\u00a0<\/p>\n<p style=\"text-align: justify;\" align=\"LEFT\"><span style=\"font-family: Arial,sans-serif;\"><span style=\"font-size: small;\"><span style=\"color: #231f20;\">Wilberforce \u00e9tait soutenu dans sa lutte<strong><sub>2<\/sub><\/strong>. D\u2019abord par William Pitt, premier ministre. D\u2019autres hommes, convaincus aussi que la traite \u00e9tait antichr\u00e9tienne, sillonnaient le pays pour \u00ab convertir \u00bb le grand public, car l\u2019Angleterre croyait alors que la traite \u00e9tait n\u00e9cessaire pour son \u00e9conomie. <\/span><\/span><\/span><\/p>\n<p style=\"text-align: justify;\" align=\"LEFT\"><span style=\"font-family: Arial,sans-serif;\"><span style=\"font-size: small;\"><span style=\"color: #231f20;\">\u00a0\u00a0 Les Etats du Sud de l\u2019Am\u00e9rique du Nord, devenus ind\u00e9pendants en 1776, avaient \u00e0 cette \u00e9poque \u00ab besoin \u00bb de main-d\u2019oeuvre pour leurs champs de coton. Amener hommes, femmes et enfants de l\u2019Afrique \u2013 parfois livr\u00e9s par d\u2019autres Africains \u2013 pour les vendre en Am\u00e9rique devint une affaire lucrative. Des navires \u00ab n\u00e9griers \u00bb furent \u00e9quip\u00e9s expr\u00e8s pour le transport &#8211; dans des conditions inhumaines. <\/span><\/span><\/span><\/p>\n<p style=\"text-align: justify;\" align=\"LEFT\">\u00a0<\/p>\n<p style=\"text-align: justify;\" align=\"LEFT\"><span style=\"font-family: Arial,sans-serif;\"><span style=\"font-size: small;\"><span style=\"color: #231f20;\">Mais la traite des noirs fut aussi imbriqu\u00e9e dans la \u00ab Industrial R\u00e9volution \u00bb que vivait alors l\u2019Angleterre. Le coton d\u2019Am\u00e9rique, arriv\u00e9 dans les usines de Manchester et sa r\u00e9gion qui employaient une main-d\u2019oeuvre bon march\u00e9, aida l\u2019Angleterre \u00e0 devenir riche. Pour devenir encore plus riche, les patrons employaient d\u2019autres \u00ab esclaves \u00bb \u2013 les enfants, parfois de 6 \u00e0 8 ans<strong><sub>3<\/sub><\/strong>. Pour le patronat, c\u2019\u00e9tait n\u00e9cessaire. Sa richesse en d\u00e9pendait. <\/span><\/span><\/span><\/p>\n<p style=\"text-align: justify;\" align=\"LEFT\">\u00a0<\/p>\n<p style=\"text-align: justify;\" align=\"LEFT\"><span style=\"font-family: Arial,sans-serif;\"><span style=\"font-size: small;\"><span style=\"color: #231f20;\">Puis vint Wilberforce ! Aid\u00e9 par une communaut\u00e9 \u00e9vang\u00e9lique de Clapham, pr\u00e8s de Londres, notre h\u00e9ros risque le tout pour le tout afin d\u2019\u00e9liminer la source m\u00eame de cette richesse : <\/span><span style=\"color: #231f20;\"><strong>la traite<\/strong>. <\/span><\/span><\/span><\/p>\n<p style=\"text-align: justify;\" align=\"LEFT\">\u00a0<\/p>\n<p style=\"text-align: justify;\" align=\"LEFT\"><span style=\"font-family: Arial,sans-serif;\"><span style=\"font-size: small;\"><span style=\"color: #231f20;\">La vocation de Wilberforce n\u2019\u00e9tait pas termin\u00e9e en 1807. Il voulait aller plus loin \u2013 lib\u00e9rer tous les esclaves dans le vaste Empire britannique. Il y arrive, mais seulement en 1834. L\u2019oeuvre de Wilberforce \u00e9tait alors enfin termin\u00e9e. Apr\u00e8s 45 ans de lutte, \u00e9puis\u00e9 physiquement, il meurt la m\u00eame ann\u00e9e, pour \u2026 \u00ab se reposer de ses travaux \u00bb. <\/span><\/span><\/span><\/p>\n<p style=\"text-align: justify;\" align=\"LEFT\">\u00a0<\/p>\n<p style=\"text-align: justify;\" align=\"LEFT\"><span style=\"font-family: Arial,sans-serif;\"><span style=\"font-size: small;\"><span style=\"color: #231f20;\">On comprend pourquoi Wilberforce fut enterr\u00e9 \u00e0 Westminster Abbey, le Panth\u00e9on de l\u2019Angleterre. <\/span><\/span><\/span><\/p>\n<p style=\"text-align: justify;\" align=\"LEFT\">\u00a0<\/p>\n<p style=\"text-align: justify;\" align=\"LEFT\"><span style=\"font-family: Arial,sans-serif;\"><span style=\"font-size: small;\"><span style=\"color: #231f20;\">P.W. <\/span><\/span><\/span><\/p>\n<hr \/>\n<p style=\"text-align: justify;\" align=\"LEFT\">NOTES<\/p>\n<p style=\"text-align: justify;\" align=\"LEFT\">\u00a0<\/p>\n<p style=\"text-align: justify;\" align=\"LEFT\"><span style=\"font-family: Arial,sans-serif;\"><span style=\"font-size: small;\"><span style=\"color: #231f20;\"><strong>1.<\/strong> Le film \u00ab <\/span><span style=\"color: #000000;\">Amazing Grace <\/span><span style=\"color: #231f20;\">\u00bb raconte l\u2019histoire de William Wilberforce, initiateur de l\u2019abolition de l\u2019esclavage. Le film sert \u00e9galement de support \u00e0 une <\/span><span style=\"color: #000000;\">campagne <\/span><span style=\"color: #231f20;\">contre les esclavages modernes. Aux USA, il est rest\u00e9 2 semaines en t\u00eate du top12 malgr\u00e9 un nombre limit\u00e9 de copies. (Source : Christian Today) <\/span><\/span><\/span><\/p>\n<p style=\"text-align: justify;\" align=\"LEFT\">\u00a0<\/p>\n<p style=\"text-align: justify;\" align=\"LEFT\"><span style=\"font-family: Arial,sans-serif;\"><span style=\"font-size: small;\"><span style=\"color: #231f20;\"><strong>2.<\/strong> Entre 1650 et 1850 on estime que plus de 12 millions d\u2019Africains ont \u00e9t\u00e9 captur\u00e9es et transport\u00e9es au Nouveau Monde, ce qui r\u00e9veilla la conscience d\u2019autres pays europ\u00e9ens : Danemark, Espagne, France, etc. <\/span><\/span><\/span><\/p>\n<p style=\"text-align: justify;\" align=\"LEFT\">\u00a0<\/p>\n<p style=\"text-align: justify;\" align=\"LEFT\"><span style=\"font-family: Arial,sans-serif;\"><span style=\"font-size: small;\"><span style=\"color: #231f20;\"><strong>3.<\/strong> Heureusement qu\u2019un peu plus tard un Lord Shaftesbury (1801-1885), d\u00e9put\u00e9 et le leader principal des \u00e9vang\u00e9liques en GB au 19\u00e8me si\u00e8cle, lutte pour faire voter une s\u00e9rie de lois d\u2019ordre social \u2013 6 en tout \u2013 pour stopper notamment l\u2019exploitation des jeunes enfants dans les usines et au fond des mines de charbon. <\/span><\/span><\/span><\/p>\n<p style=\"text-align: justify;\" align=\"LEFT\">\u00a0<\/p>\n<p style=\"text-align: justify;\" align=\"LEFT\"><span style=\"font-family: Arial,sans-serif;\"><span style=\"font-size: small;\"><span style=\"color: #231f20;\"><strong>4.<\/strong> L\u2019abolition de l\u2019esclavage a co\u00fbt\u00e9 cher. L\u2019Angleterre devait payer aux planteurs du Nouveau Monde 20 millions de livres en compensation, approximativement 10 milliards d\u2019euros aujourd\u2019hui.<\/span><\/span><\/span><\/p>\n","protected":false},"excerpt":{"rendered":"<p>WILLIAM WILBERFORCE \u00a0 (1759-1833) \u00a0 PORTRAIT &nbsp; &nbsp; &nbsp; &nbsp; &nbsp; &nbsp; &nbsp; &nbsp; &nbsp; &nbsp; &nbsp; &nbsp; &nbsp; &nbsp; &nbsp; &nbsp; &nbsp; &nbsp; Par PIERRE WHEELER &nbsp; William Wilberforce ! Depuis quelques mois, les \u00e9vang\u00e9liques en Grande Bretagne comm\u00e9morent l\u2019oeuvre accomplie par ce parlementaire extraordinaire, d\u00e9put\u00e9 d\u2019ailleurs \u00e0 23 ans. De nombreux articles, la [&hellip;]<\/p>\n","protected":false},"author":4,"featured_media":0,"comment_status":"closed","ping_status":"closed","sticky":false,"template":"","format":"standard","meta":{"footnotes":""},"categories":[4,16,87,88],"tags":[],"class_list":["post-7482","post","type-post","status-publish","format-standard","hentry","category-biographies","category-le-chretien-et-la-societe","category-combat-spirituel","category-souffrance"],"_links":{"self":[{"href":"https:\/\/www.servir.caef.net\/index.php?rest_route=\/wp\/v2\/posts\/7482","targetHints":{"allow":["GET"]}}],"collection":[{"href":"https:\/\/www.servir.caef.net\/index.php?rest_route=\/wp\/v2\/posts"}],"about":[{"href":"https:\/\/www.servir.caef.net\/index.php?rest_route=\/wp\/v2\/types\/post"}],"author":[{"embeddable":true,"href":"https:\/\/www.servir.caef.net\/index.php?rest_route=\/wp\/v2\/users\/4"}],"replies":[{"embeddable":true,"href":"https:\/\/www.servir.caef.net\/index.php?rest_route=%2Fwp%2Fv2%2Fcomments&post=7482"}],"version-history":[{"count":0,"href":"https:\/\/www.servir.caef.net\/index.php?rest_route=\/wp\/v2\/posts\/7482\/revisions"}],"wp:attachment":[{"href":"https:\/\/www.servir.caef.net\/index.php?rest_route=%2Fwp%2Fv2%2Fmedia&parent=7482"}],"wp:term":[{"taxonomy":"category","embeddable":true,"href":"https:\/\/www.servir.caef.net\/index.php?rest_route=%2Fwp%2Fv2%2Fcategories&post=7482"},{"taxonomy":"post_tag","embeddable":true,"href":"https:\/\/www.servir.caef.net\/index.php?rest_route=%2Fwp%2Fv2%2Ftags&post=7482"}],"curies":[{"name":"wp","href":"https:\/\/api.w.org\/{rel}","templated":true}]}}