{"id":7503,"date":"2006-01-15T07:30:44","date_gmt":"2006-01-15T07:30:44","guid":{"rendered":"\/?p=7503"},"modified":"2016-09-13T14:12:40","modified_gmt":"2016-09-13T14:12:40","slug":"mad-in-france-05","status":"publish","type":"post","link":"https:\/\/www.servir.caef.net\/?p=7503","title":{"rendered":"MAD IN France \u201805"},"content":{"rendered":"<h1 style=\"text-align: center;\" align=\"LEFT\"><span style=\"background-color: #ff6600;\"><em><a href=\"\/wp-content\/uploads\/2006\/01\/mad-in-france.jpg\"><img loading=\"lazy\" decoding=\"async\" class=\"alignnone size-full wp-image-9220\" src=\"\/wp-content\/uploads\/2006\/01\/mad-in-france.jpg\" alt=\"mad in france\" width=\"322\" height=\"233\" srcset=\"https:\/\/www.servir.caef.net\/wp-content\/uploads\/2006\/01\/mad-in-france.jpg 322w, https:\/\/www.servir.caef.net\/wp-content\/uploads\/2006\/01\/mad-in-france-300x217.jpg 300w\" sizes=\"auto, (max-width: 322px) 100vw, 322px\" \/><\/a><\/em><\/span><\/h1>\n<h1 style=\"text-align: center;\" align=\"LEFT\">\u00a0<\/h1>\n<h1 style=\"text-align: center;\" align=\"LEFT\"><span style=\"background-color: #ff6600;\"><em>\u00a0MAD IN France \u201805\u00a0<\/em><\/span><\/h1>\n<p style=\"text-align: justify;\" align=\"LEFT\">\u00a0<\/p>\n<p style=\"text-align: justify;\" align=\"LEFT\">\u00a0<\/p>\n<p style=\"text-align: justify;\" align=\"LEFT\"><span style=\"font-family: Arial,sans-serif;\"><span style=\"font-size: small;\"><i><b> <\/b><b> <\/b><\/i>Les 30, 31 D\u00e9cembre 2005 et 1er Janvier 2006, l&rsquo;\u00e9v\u00e9nement Mad in France a r\u00e9uni pas loin de 1200 jeunes de France, Suisse et Belgique venus passer la nouvelle ann\u00e9e ensemble. Un mix de concerts, mad louange, conf\u00e9rences, ateliers de discussion&#8230; dans une th\u00e9matique de d\u00e9cors de rue. Graffitti, sport extr\u00eame, ambiance de rue, tout \u00e9tait r\u00e9uni pour un week-end festif bien rempli. <\/span><\/span><\/p>\n<p style=\"text-align: justify;\" align=\"LEFT\">\u00a0<\/p>\n<p style=\"text-align: justify;\" align=\"LEFT\"><!--more--><\/p>\n<p style=\"text-align: justify;\" align=\"LEFT\"><span style=\"font-family: Arial,sans-serif;\"><span style=\"font-size: small;\"><i><b> <em><b> <a href=\"\/wp-content\/uploads\/2006\/pdf2006\/2006_01_33_madinfrance05.pdf\" target=\"_blank\"><img loading=\"lazy\" decoding=\"async\" title=\"iconePDF\" src=\"\/wp-content\/uploads\/2011\/01\/iconePDF.jpg\" alt=\"\" width=\"81\" height=\"76\" align=\"right\" hspace=\"8\" vspace=\"8\" \/><\/a><\/b><\/em><\/b><\/i>Mad in France c&rsquo;\u00e9tait du gros show avec des d\u00e9mos de trial, trickz, de la danse hip hop avec le groupe parisien AZARIA qui a su faire partager son don, des animations dynamiques, et une grande f\u00eate pour le passage \u00e0 la nouvelle ann\u00e9e&#8230; Les artistes Solid\u00e9o, Manou et New Gospel Family sont venus apporter leur touche de spectacle \u00e0 cet \u00e9v\u00e9nement. La reprise des cours a \u00e9t\u00e9 fracassante, voir somnolente pour certains ! Les bureaux de classe ont servi plut\u00f4t de repose-t\u00eates que de supports de travail. Preuve que Mad in France a \u00e9t\u00e9 un succ\u00e8s retentissant. <\/span><\/span><\/p>\n<p style=\"text-align: justify;\" align=\"LEFT\">\u00a0<\/p>\n<p style=\"text-align: justify;\" align=\"LEFT\"><span style=\"font-family: Arial,sans-serif;\"><span style=\"font-size: small;\">Mais le manque de sommeil ne fut pas tant l&rsquo;\u00e9l\u00e9ment essentiel de r\u00e9ussite de ce projet. Le but de cet \u00e9v\u00e9nement r\u00e9solument ax\u00e9 sur l&rsquo;\u00e9vang\u00e9lisation \u00e9tait de proposer l&rsquo;\u00e9vangile de fa\u00e7on accessible aux jeunes pour favoriser leur rencontre avec Dieu. Les speakers Daniel Mattioli et Jo\u00ebl Athia ont eu l&rsquo;opportunit\u00e9 de partager autour du th\u00e8me de \u00ab la Parole dans la rue \u00bb. <\/span><\/span><\/p>\n<p style=\"text-align: justify;\" align=\"LEFT\">\u00a0<\/p>\n<p style=\"text-align: justify;\" align=\"LEFT\"><span style=\"font-family: Arial,sans-serif;\"><span style=\"font-size: small;\">Mad in France c&rsquo;\u00e9tait aussi des ateliers de discussion sur des th\u00e8mes d&rsquo;\u00e9thique, d&rsquo;actualit\u00e9, o\u00f9 les jeunes ont pu d\u00e9battre et se positionner, des petits groupes (meeting potes) pour rencontrer des amis et \u00e9changer autour du message de l&rsquo;\u00e9vangile, un espace de discussion (le squat)&#8230; <\/span><\/span><\/p>\n<p style=\"text-align: justify;\" align=\"LEFT\">\u00a0<\/p>\n<p style=\"text-align: justify;\" align=\"LEFT\"><span style=\"font-family: Arial,sans-serif;\"><span style=\"font-size: small;\">Voil\u00e0 un t\u00e9moignage qui repr\u00e9sente pour nous le r\u00e9el succ\u00e8s de Mad in France &rsquo;05 : \u00ab Je m&rsquo;appelle Alexia, j&rsquo;ai eu l&rsquo;immense plaisir d&rsquo;\u00eatre \u00e0 Mad in France ! J&rsquo;ai retrouv\u00e9 Dieu \u00e0 Mad in France ! Deux ans que j&rsquo;\u00e9tais loin de lui, que je n&rsquo;avais plus confiance en lui, deux ans que je vivais loin de sa face et deux ans o\u00f9 je lui ai d\u00e9sob\u00e9i. Je me suis repentie, je me suis mise \u00e0 genoux, ce fut violent, les larmes ont coul\u00e9, mais mon coeur a \u00e9t\u00e9 alors rempli d&rsquo;une paix immense. Je suis enfin avec lui, j&rsquo;ai enfin repris sa main et je n&rsquo;ai pas l&rsquo;intention de me perdre \u00e0 nouveau. Dieu a agi dans mon coeur et je crois dans beaucoup d&rsquo;autres ! \u00bb Sign\u00e9 : Alexia qui a retrouv\u00e9 son p\u00e8re ! <\/span><\/span><\/p>\n<p style=\"text-align: justify;\" align=\"LEFT\">\u00a0<\/p>\n<p style=\"text-align: justify;\" align=\"LEFT\"><span style=\"font-family: Arial,sans-serif;\"><span style=\"font-size: small;\">Micha\u00ebl Newberry et Damien Boyer<\/span><\/span><\/p>\n","protected":false},"excerpt":{"rendered":"<p>\u00a0 \u00a0MAD IN France \u201805\u00a0 \u00a0 \u00a0 Les 30, 31 D\u00e9cembre 2005 et 1er Janvier 2006, l&rsquo;\u00e9v\u00e9nement Mad in France a r\u00e9uni pas loin de 1200 jeunes de France, Suisse et Belgique venus passer la nouvelle ann\u00e9e ensemble. Un mix de concerts, mad louange, conf\u00e9rences, ateliers de discussion&#8230; dans une th\u00e9matique de d\u00e9cors de rue. [&hellip;]<\/p>\n","protected":false},"author":299,"featured_media":0,"comment_status":"closed","ping_status":"closed","sticky":false,"template":"","format":"standard","meta":{"footnotes":""},"categories":[5,50],"tags":[],"class_list":["post-7503","post","type-post","status-publish","format-standard","hentry","category-conferences-et-congres","category-jeunesse"],"_links":{"self":[{"href":"https:\/\/www.servir.caef.net\/index.php?rest_route=\/wp\/v2\/posts\/7503","targetHints":{"allow":["GET"]}}],"collection":[{"href":"https:\/\/www.servir.caef.net\/index.php?rest_route=\/wp\/v2\/posts"}],"about":[{"href":"https:\/\/www.servir.caef.net\/index.php?rest_route=\/wp\/v2\/types\/post"}],"author":[{"embeddable":true,"href":"https:\/\/www.servir.caef.net\/index.php?rest_route=\/wp\/v2\/users\/299"}],"replies":[{"embeddable":true,"href":"https:\/\/www.servir.caef.net\/index.php?rest_route=%2Fwp%2Fv2%2Fcomments&post=7503"}],"version-history":[{"count":0,"href":"https:\/\/www.servir.caef.net\/index.php?rest_route=\/wp\/v2\/posts\/7503\/revisions"}],"wp:attachment":[{"href":"https:\/\/www.servir.caef.net\/index.php?rest_route=%2Fwp%2Fv2%2Fmedia&parent=7503"}],"wp:term":[{"taxonomy":"category","embeddable":true,"href":"https:\/\/www.servir.caef.net\/index.php?rest_route=%2Fwp%2Fv2%2Fcategories&post=7503"},{"taxonomy":"post_tag","embeddable":true,"href":"https:\/\/www.servir.caef.net\/index.php?rest_route=%2Fwp%2Fv2%2Ftags&post=7503"}],"curies":[{"name":"wp","href":"https:\/\/api.w.org\/{rel}","templated":true}]}}