{"id":7505,"date":"1990-01-15T07:41:28","date_gmt":"1990-01-15T07:41:28","guid":{"rendered":"\/?p=7505"},"modified":"2015-12-16T16:22:52","modified_gmt":"2015-12-16T16:22:52","slug":"nos-aines-nous-parlent","status":"publish","type":"post","link":"https:\/\/www.servir.caef.net\/?p=7505","title":{"rendered":"Nos a\u00een\u00e9s nous parlent !"},"content":{"rendered":"<h1 style=\"text-align: center;\" align=\"LEFT\">Nos a\u00een\u00e9s nous parlent !<\/h1>\n<p style=\"text-align: justify;\" align=\"LEFT\">\u00a0<\/p>\n<p style=\"text-align: justify;\" align=\"LEFT\"><a href=\"\/wp-content\/uploads\/2015\/01\/interview.jpg\"><img loading=\"lazy\" decoding=\"async\" class=\" size-full wp-image-8710 aligncenter\" src=\"\/wp-content\/uploads\/2015\/01\/interview.jpg\" alt=\"interview\" width=\"329\" height=\"126\" srcset=\"https:\/\/www.servir.caef.net\/wp-content\/uploads\/2015\/01\/interview.jpg 329w, https:\/\/www.servir.caef.net\/wp-content\/uploads\/2015\/01\/interview-300x114.jpg 300w\" sizes=\"auto, (max-width: 329px) 100vw, 329px\" \/><\/a><\/p>\n<p style=\"text-align: justify;\" align=\"LEFT\">\u00a0<\/p>\n<h3 style=\"text-align: justify;\" align=\"LEFT\"><span style=\"color: #800000;\">Monsieur et Madame Vanzo<\/span><span style=\"font-family: Arial,sans-serif;\"><span style=\"font-size: small;\"><span style=\"color: #000000;\"><b>, membres fid\u00e8les de l&rsquo;assembl\u00e9e des Gobelins (Paris 13e) depuis son d\u00e9but, ont \u00e9t\u00e9 interview\u00e9s par <span style=\"color: #800000;\">Esther Buckenham<\/span>. Monsieur Vanzo qui est ancien dans l&rsquo;assembl\u00e9e, a pu assister avec sa femme, de bout en bout, \u00e0 la Conf\u00e9rence Nationale 89 des C.A.E.F. \u00e0 Chevilly-Larue. Bonjour, Monsieur et Madame Vanzo ! Pourriez-vous me livrer vos impressions g\u00e9n\u00e9rales de la Conf\u00e9rence ? <\/b><\/span><\/span><\/span><\/h3>\n<p style=\"text-align: justify;\" align=\"LEFT\">\u00a0<\/p>\n<p style=\"text-align: justify;\" align=\"LEFT\"><!--more--><\/p>\n<p style=\"text-align: justify;\" align=\"LEFT\"><span style=\"font-family: Arial,sans-serif;\"><span style=\"font-size: small;\"><span style=\"color: #000000;\"><b><i><b> <em><b> <a href=\"\/wp-content\/uploads\/1990\/pdf1990\/1990_01_16_nosainesnousparlent.pdf\" target=\"_blank\"><img loading=\"lazy\" decoding=\"async\" title=\"iconePDF\" src=\"\/wp-content\/uploads\/2011\/01\/iconePDF.jpg\" alt=\"\" width=\"81\" height=\"76\" align=\"right\" hspace=\"8\" vspace=\"8\" \/><\/a><\/b><\/em><\/b><\/i><\/b>Dans le pass\u00e9 nous avons assist\u00e9 partiellement \u00e0 la Conf\u00e9rence Nationale, et cela a \u00e9t\u00e9 chaque fois tr\u00e8s bienfaisant. Cette ann\u00e9e, d\u00e9gag\u00e9s d&rsquo;obligations professionnelles, nous avons pu assister \u00e0 l&rsquo;ensemble de la Conf\u00e9rence, et avons v\u00e9cu un moment important. Nous avons r\u00e9alis\u00e9 que l&rsquo;Eglise a une bien plus grande dimension que celle d&rsquo;une assembl\u00e9e locale. C&rsquo;est une r\u00e9alit\u00e9 que bien s\u00fbr nous n&rsquo;ignorions pas, mais nous n&rsquo;avions pas encore eu l&rsquo;occasion d&rsquo;exp\u00e9rimenter de cette fa\u00e7on, une Eglise en mouvement, une Eglise qui bouge, une Eglise dont les membres se sentent tous concern\u00e9s \u2014 et s&rsquo;engagent ! <\/span><\/span><\/span><\/p>\n<h3 style=\"text-align: justify;\" align=\"LEFT\">\u00a0<\/h3>\n<h3 style=\"text-align: justify;\" align=\"LEFT\"><span style=\"font-family: Arial,sans-serif;\"><span style=\"font-size: small;\"><span style=\"color: #000000;\"><b><a href=\"\/wp-content\/uploads\/2014\/04\/dialogue-2.jpg\"><img loading=\"lazy\" decoding=\"async\" class=\"alignnone  wp-image-8166\" src=\"\/wp-content\/uploads\/2014\/04\/dialogue-2.jpg\" alt=\"dialogue-2\" width=\"53\" height=\"55\" \/><\/a>&#8211; Y a-t-il eu un aspect \u2014 ou plusieurs aspects \u2014 qui ont plus sp\u00e9cialement suscit\u00e9 notre int\u00e9r\u00eat ? <\/b><\/span><\/span><\/span><\/h3>\n<p style=\"text-align: justify;\" align=\"LEFT\">\u00a0<\/p>\n<p style=\"text-align: justify;\" align=\"LEFT\"><span style=\"font-family: Arial,sans-serif;\"><span style=\"font-size: small;\"><span style=\"color: #000000;\">Justement! L&rsquo;engagement de chaque membre dans l&rsquo;Eglise nous est apparu plus imp\u00e9ratif, plus urgent pour les temps qui viennent. Cela entra\u00eene pour chacun la responsabilit\u00e9 de s&rsquo;informer et de se former, de prier fid\u00e8lement, et d&rsquo;agir. Nous sommes confront\u00e9s \u00e0 des besoins pressants de vocations, de disponibilit\u00e9, de moyens financiers, d&rsquo;accroissement du nombre d&rsquo;assembl\u00e9es locales&#8230; de solidarit\u00e9. <\/span><\/span><\/span><\/p>\n<h3 style=\"text-align: justify;\" align=\"LEFT\">\u00a0<\/h3>\n<h3 style=\"text-align: justify;\" align=\"LEFT\"><span style=\"font-family: Arial,sans-serif;\"><span style=\"font-size: small;\"><span style=\"color: #000000;\"><b><a href=\"\/wp-content\/uploads\/2014\/04\/dialogue-2.jpg\"><img loading=\"lazy\" decoding=\"async\" class=\"alignnone  wp-image-8166\" src=\"\/wp-content\/uploads\/2014\/04\/dialogue-2.jpg\" alt=\"dialogue-2\" width=\"53\" height=\"55\" \/><\/a>&#8211; Vos enfants, tous les six, ont grandi dans l&rsquo;\u00e9glise. Vous avez aujourd&rsquo;hui la tr\u00e8s grande joie de les voir tous actifs dans l&rsquo;oeuvre de Dieu. A la conf\u00e9rence cette ann\u00e9e, vous avez rencontr\u00e9 et \u00e9cout\u00e9 plusieurs de leurs contemporains. Avez-vous l&rsquo;impression que \u00ab le courant passe \u00bb \u2014 que les hommes et les femmes de 30\/40 ans, ont aussi les convictions et la vision qui vous ont inspir\u00e9s depuis plus de 40 ann\u00e9es de vie d&rsquo;\u00e9glise ? <\/b><\/span><\/span><\/span><\/h3>\n<p style=\"text-align: justify;\" align=\"LEFT\">\u00a0<\/p>\n<p style=\"text-align: justify;\" align=\"LEFT\"><span style=\"font-family: Arial,sans-serif;\"><span style=\"font-size: small;\"><span style=\"color: #000000;\">Le nombre de jeunes adultes pr\u00e9sents nous a impressionn\u00e9s. Leur engagement, leur z\u00e8le, ainsi que leur ouverture sur l&rsquo;ext\u00e9rieur, nous ont \u00e9difi\u00e9s. Ils ont une vision plus \u00e9largie de l&rsquo;Eglise Universelle, et la plupart d&rsquo;entre eux semblent d&rsquo;autant plus motiv\u00e9s qu&rsquo;ils ont une meilleure formation et une connaissance plus approfondie de la Parole de Dieu. Par rapport \u00e0 notre propre pass\u00e9, ceci nous appara\u00eet comme \u00e9tant positif. <\/span><\/span><\/span><\/p>\n<h3 style=\"text-align: justify;\" align=\"LEFT\">\u00a0<\/h3>\n<h3 style=\"text-align: justify;\" align=\"LEFT\"><span style=\"font-family: Arial,sans-serif;\"><span style=\"font-size: small;\"><span style=\"color: #000000;\"><b><a href=\"\/wp-content\/uploads\/2014\/04\/dialogue-2.jpg\"><img loading=\"lazy\" decoding=\"async\" class=\"alignnone  wp-image-8166\" src=\"\/wp-content\/uploads\/2014\/04\/dialogue-2.jpg\" alt=\"dialogue-2\" width=\"53\" height=\"55\" \/><\/a>&#8211; Quelles sont les caract\u00e9ristiques que vous estimez indispensables pour les membres de nos assembl\u00e9es ? <\/b><\/span><\/span><\/span><\/h3>\n<p style=\"text-align: justify;\" align=\"LEFT\">\u00a0<\/p>\n<p style=\"text-align: justify;\" align=\"LEFT\"><span style=\"font-family: Arial,sans-serif;\"><span style=\"font-size: small;\"><span style=\"color: #000000;\"><a href=\"\/wp-content\/uploads\/2009\/11\/lecteur.jpg\"><img loading=\"lazy\" decoding=\"async\" class=\" wp-image-1670 alignleft\" style=\"margin: 10px;\" src=\"\/wp-content\/uploads\/2009\/11\/lecteur.jpg\" alt=\"lecteur\" width=\"326\" height=\"218\" srcset=\"https:\/\/www.servir.caef.net\/wp-content\/uploads\/2009\/11\/lecteur.jpg 543w, https:\/\/www.servir.caef.net\/wp-content\/uploads\/2009\/11\/lecteur-300x200.jpg 300w\" sizes=\"auto, (max-width: 326px) 100vw, 326px\" \/><\/a>Une caract\u00e9ristique indispensable ? Aspirer \u00e0 une meilleure connaissance des Ecritures, et mettre tout en oeuvre pour r\u00e9aliser cet objectif ! Outre un amour toujours grandissant pour le Seigneur J\u00e9sus-Christ, il y aura comme fruits de cette connaissance un amour fraternel qui accepte nos diff\u00e9rences \u2014 ne retenant chez l&rsquo;autre que ce qui est positif \u2014 ainsi que le respect des engagements pris, la fid\u00e9lit\u00e9 \u00e0 son assembl\u00e9e, et bien d&rsquo;autres choses&#8230; <\/span><\/span><\/span><\/p>\n<h3 style=\"text-align: justify;\" align=\"LEFT\">\u00a0<\/h3>\n<p>&nbsp;<\/p>\n<h3 style=\"text-align: justify;\" align=\"LEFT\"><span style=\"font-family: Arial,sans-serif;\"><span style=\"font-size: small;\"><span style=\"color: #000000;\"><b><a href=\"\/wp-content\/uploads\/2014\/04\/dialogue-2.jpg\"><img loading=\"lazy\" decoding=\"async\" class=\"alignnone  wp-image-8166\" src=\"\/wp-content\/uploads\/2014\/04\/dialogue-2.jpg\" alt=\"dialogue-2\" width=\"53\" height=\"55\" \/><\/a>&#8211; Vous avez 21 petits-enfants; craignez-vous pour leur avenir? Pensez-vous que dans nos \u00e9glises nous avons suffisamment le souci de l&rsquo;\u00e9ducation chr\u00e9tienne, et de la formation des jeunes ? <\/b><\/span><\/span><\/span><\/h3>\n<p style=\"text-align: justify;\" align=\"LEFT\">\u00a0<\/p>\n<p style=\"text-align: justify;\" align=\"LEFT\"><span style=\"font-family: Arial,sans-serif;\"><span style=\"font-size: small;\"><span style=\"color: #000000;\">L&rsquo;avenir est certes pr\u00e9occupant pour les jeunes. Sans le Seigneur nous serions d\u00e9sempar\u00e9s. Et pourtant&#8230; Dieu ne les a-t-il pas pris en charge ? Celui \u00e0 qui nous les confions a un plan pour chacun d&rsquo;eux. Outre le r\u00f4le important des parents, les \u00e9glises ont vraiment fait appara\u00eetre leur souci de toujours pr\u00e9coniser au maximum la formation des jeunes. Nous ne ferons jamais assez pour la rel\u00e8ve de demain ! Les assembl\u00e9es se heurtent souvent \u00e0 une p\u00e9nurie de possibilit\u00e9s, de moyens ; c&rsquo;est un sujet de pri\u00e8re essentiel. <\/span><\/span><\/span><\/p>\n<p style=\"text-align: justify;\" align=\"LEFT\">\u00a0<\/p>\n<h3 style=\"text-align: justify;\" align=\"LEFT\"><span style=\"font-family: Arial,sans-serif;\"><span style=\"font-size: small;\"><span style=\"color: #000000;\"><b><a href=\"\/wp-content\/uploads\/2014\/04\/dialogue-2.jpg\"><img loading=\"lazy\" decoding=\"async\" class=\"alignnone  wp-image-8166\" src=\"\/wp-content\/uploads\/2014\/04\/dialogue-2.jpg\" alt=\"dialogue-2\" width=\"53\" height=\"55\" \/><\/a>&#8211; Avec votre fils Etienne et sa femme Denyse, vous avez beaucoup travaill\u00e9 pour la Conf\u00e9rence (votre sourire, Yolande, a \u00e9t\u00e9 tr\u00e8s appr\u00e9ci\u00e9 pendant que vous serviez caf\u00e9 et th\u00e9 avec dext\u00e9rit\u00e9). Pensez-vous que cela \u00ab vaille la peine \u00bb ? Seriez-vous pr\u00eats \u00e0 recommencer ? <\/b><\/span><\/span><\/span><\/h3>\n<p style=\"text-align: justify;\" align=\"LEFT\">\u00a0<\/p>\n<p style=\"text-align: justify;\" align=\"LEFT\"><span style=\"font-family: Arial,sans-serif;\"><span style=\"font-size: small;\"><span style=\"color: #000000;\">Bien s\u00fbr ! En plus du plaisir de revoir tant d&rsquo;amis, et de la joie d&rsquo;\u00eatre ensemble, nous avons beaucoup re\u00e7u. Nous en sommes reconnaissants \u00e0 tous. Nous souhaitons recevoir la gr\u00e2ce de garder tout cela en m\u00e9moire jusqu&rsquo;\u00e0 la prochaine Conf\u00e9rence. <\/span><\/span><\/span><\/p>\n<p style=\"text-align: justify;\" align=\"LEFT\">\u00a0<\/p>\n<h3 style=\"text-align: justify;\" align=\"LEFT\"><span style=\"font-family: Arial,sans-serif;\"><span style=\"font-size: small;\"><span style=\"color: #000000;\"><b><a href=\"\/wp-content\/uploads\/2014\/04\/dialogue-2.jpg\"><img loading=\"lazy\" decoding=\"async\" class=\"alignnone  wp-image-8166\" src=\"\/wp-content\/uploads\/2014\/04\/dialogue-2.jpg\" alt=\"dialogue-2\" width=\"53\" height=\"55\" \/><\/a>&#8211; Merci beaucoup \u00e0 tous deux ! <\/b><\/span><\/span><\/span><\/h3>\n<p style=\"text-align: justify;\" align=\"LEFT\">\u00a0<\/p>\n<p style=\"text-align: justify;\" align=\"LEFT\"><span style=\"font-family: Arial,sans-serif;\"><span style=\"font-size: small;\"><span style=\"color: #000000;\">Propos recueillis par Esther Buckenham<\/span><\/span><\/span><\/p>\n","protected":false},"excerpt":{"rendered":"<p>Nos a\u00een\u00e9s nous parlent ! \u00a0 \u00a0 Monsieur et Madame Vanzo, membres fid\u00e8les de l&rsquo;assembl\u00e9e des Gobelins (Paris 13e) depuis son d\u00e9but, ont \u00e9t\u00e9 interview\u00e9s par Esther Buckenham. Monsieur Vanzo qui est ancien dans l&rsquo;assembl\u00e9e, a pu assister avec sa femme, de bout en bout, \u00e0 la Conf\u00e9rence Nationale 89 des C.A.E.F. \u00e0 Chevilly-Larue. Bonjour, [&hellip;]<\/p>\n","protected":false},"author":117,"featured_media":0,"comment_status":"closed","ping_status":"closed","sticky":false,"template":"","format":"standard","meta":{"footnotes":""},"categories":[5,29,13],"tags":[],"class_list":["post-7505","post","type-post","status-publish","format-standard","hentry","category-conferences-et-congres","category-la-famille","category-la-vie-de-leglise"],"_links":{"self":[{"href":"https:\/\/www.servir.caef.net\/index.php?rest_route=\/wp\/v2\/posts\/7505","targetHints":{"allow":["GET"]}}],"collection":[{"href":"https:\/\/www.servir.caef.net\/index.php?rest_route=\/wp\/v2\/posts"}],"about":[{"href":"https:\/\/www.servir.caef.net\/index.php?rest_route=\/wp\/v2\/types\/post"}],"author":[{"embeddable":true,"href":"https:\/\/www.servir.caef.net\/index.php?rest_route=\/wp\/v2\/users\/117"}],"replies":[{"embeddable":true,"href":"https:\/\/www.servir.caef.net\/index.php?rest_route=%2Fwp%2Fv2%2Fcomments&post=7505"}],"version-history":[{"count":0,"href":"https:\/\/www.servir.caef.net\/index.php?rest_route=\/wp\/v2\/posts\/7505\/revisions"}],"wp:attachment":[{"href":"https:\/\/www.servir.caef.net\/index.php?rest_route=%2Fwp%2Fv2%2Fmedia&parent=7505"}],"wp:term":[{"taxonomy":"category","embeddable":true,"href":"https:\/\/www.servir.caef.net\/index.php?rest_route=%2Fwp%2Fv2%2Fcategories&post=7505"},{"taxonomy":"post_tag","embeddable":true,"href":"https:\/\/www.servir.caef.net\/index.php?rest_route=%2Fwp%2Fv2%2Ftags&post=7505"}],"curies":[{"name":"wp","href":"https:\/\/api.w.org\/{rel}","templated":true}]}}