{"id":7527,"date":"1999-11-25T08:36:48","date_gmt":"1999-11-25T08:36:48","guid":{"rendered":"\/?p=7527"},"modified":"2014-09-26T08:28:54","modified_gmt":"2014-09-26T08:28:54","slug":"in-memoriam-simone-bernard","status":"publish","type":"post","link":"https:\/\/www.servir.caef.net\/?p=7527","title":{"rendered":"In memoriam Simone BERNARD"},"content":{"rendered":"<h1 style=\"text-align: center;\" align=\"LEFT\"><a href=\"\/wp-content\/uploads\/2011\/07\/in-memoriam.gif\"><img loading=\"lazy\" decoding=\"async\" class=\"alignnone size-full wp-image-8567\" alt=\"in-memoriam\" src=\"\/wp-content\/uploads\/2011\/07\/in-memoriam.gif\" width=\"301\" height=\"62\" \/><\/a><\/h1>\n<h1 style=\"text-align: center;\" align=\"LEFT\">\u00a0<\/h1>\n<h1 style=\"text-align: center;\" align=\"LEFT\">Simone BERNARD<\/h1>\n<p style=\"text-align: justify;\" align=\"LEFT\">\u00a0<\/p>\n<p style=\"text-align: justify;\" align=\"LEFT\">\u00a0<\/p>\n<p style=\"text-align: justify;\" align=\"LEFT\"><span style=\"font-family: Arial,sans-serif;\"><span style=\"font-size: small;\">Madame Simone BERNARD s&rsquo;est \u00e9teinte dans la paix du Seigneur le 8 ao\u00fbt dernier. N\u00e9e le 5 avril 1920 \u00e0 Paris, Simone Chefneux fut d\u00e8s sa jeunesse une chr\u00e9tienne engag\u00e9e dans les mouvements protestants (scoutisme, F\u00e9d\u00e9, cercles d&rsquo;\u00e9tudiants). <\/span><\/span><\/p>\n<p style=\"text-align: justify;\" align=\"LEFT\"><!--more--><\/p>\n<p style=\"text-align: justify;\" align=\"LEFT\">\u00a0<a href=\"\/wp-content\/uploads\/1999\/pdf1999\/1999_06_24%20inmemoriamsimonebernard.pdf\" target=\"_blank\"><img loading=\"lazy\" decoding=\"async\" title=\"iconePDF\" alt=\"\" src=\"\/wp-content\/uploads\/2011\/01\/iconePDF.jpg\" width=\"81\" height=\"76\" align=\"right\" hspace=\"8\" vspace=\"8\" \/><\/a><span style=\"font-family: Arial,sans-serif;\"><span style=\"font-size: small;\">Elle \u00e9pousa le 5 mai 1945 le docteur Pierre Bernard au temple de Belleville. Partageant avec son mari la vision d&rsquo;une vie chr\u00e9tienne consacr\u00e9e aux plus pauvres et aux plus d\u00e9munis, ils r\u00e9pondirent \u00e0 un appel de la Cimade et s&rsquo;install\u00e8rent en novembre 1946 \u00e0 Dunkerque qui \u00e9tait une ville totalement sinistr\u00e9e apr\u00e8s la guerre. <\/span><\/span><\/p>\n<p style=\"text-align: justify;\" align=\"LEFT\">\u00a0<\/p>\n<p style=\"text-align: justify;\" align=\"LEFT\"><span style=\"font-family: Arial,sans-serif;\"><span style=\"font-size: small;\">Leur minist\u00e8re dans cette ville dura plus de 50 ans ! Docteur en m\u00e9decine comme son mari, Simone Bernard fit un travail remarquable et reconnu de pr\u00e9vention et de d\u00e9pistage dans les \u00e9coles. Elle fut toute sa vie une aide pr\u00e9cieuse et d\u00e9vou\u00e9e aupr\u00e8s de son mari. <\/span><\/span><\/p>\n<p style=\"text-align: justify;\" align=\"LEFT\">\u00a0<\/p>\n<p style=\"text-align: justify;\" align=\"LEFT\"><span style=\"font-family: Arial,sans-serif;\"><span style=\"font-size: small;\">Ensemble, ils fond\u00e8rent un centre de r\u00e9insertion social \u00e0 Dunkerque (l&rsquo;Arc-en-Ciel) et une maison d&rsquo;enfants en Normandie (l&rsquo;Oasis). Elle exer\u00e7a \u00e9galement un minist\u00e8re pr\u00e9cieux au sein de l&rsquo;\u00e9glise locale (pr\u00e9sidence des r\u00e9unions de dames, animation des groupes d&rsquo;enfants). <\/span><\/span><\/p>\n<p style=\"text-align: justify;\" align=\"LEFT\">\u00a0<\/p>\n<p style=\"text-align: justify;\" align=\"LEFT\"><span style=\"font-family: Arial,sans-serif;\"><span style=\"font-size: small;\">Simone Bernard laisse le t\u00e9moignage authentique d&rsquo;une vie enti\u00e8rement consacr\u00e9e au Seigneur. <\/span><\/span><\/p>\n<p style=\"text-align: justify;\" align=\"LEFT\">\u00a0<\/p>\n<p style=\"text-align: justify;\" align=\"LEFT\"><span style=\"font-family: Arial,sans-serif;\"><span style=\"font-size: small;\">Y. R<\/span><\/span><\/p>\n","protected":false},"excerpt":{"rendered":"<p>\u00a0 Simone BERNARD \u00a0 \u00a0 Madame Simone BERNARD s&rsquo;est \u00e9teinte dans la paix du Seigneur le 8 ao\u00fbt dernier. N\u00e9e le 5 avril 1920 \u00e0 Paris, Simone Chefneux fut d\u00e8s sa jeunesse une chr\u00e9tienne engag\u00e9e dans les mouvements protestants (scoutisme, F\u00e9d\u00e9, cercles d&rsquo;\u00e9tudiants).<\/p>\n","protected":false},"author":10,"featured_media":0,"comment_status":"closed","ping_status":"closed","sticky":false,"template":"","format":"standard","meta":{"footnotes":""},"categories":[15],"tags":[],"class_list":["post-7527","post","type-post","status-publish","format-standard","hentry","category-in-memoriam"],"_links":{"self":[{"href":"https:\/\/www.servir.caef.net\/index.php?rest_route=\/wp\/v2\/posts\/7527","targetHints":{"allow":["GET"]}}],"collection":[{"href":"https:\/\/www.servir.caef.net\/index.php?rest_route=\/wp\/v2\/posts"}],"about":[{"href":"https:\/\/www.servir.caef.net\/index.php?rest_route=\/wp\/v2\/types\/post"}],"author":[{"embeddable":true,"href":"https:\/\/www.servir.caef.net\/index.php?rest_route=\/wp\/v2\/users\/10"}],"replies":[{"embeddable":true,"href":"https:\/\/www.servir.caef.net\/index.php?rest_route=%2Fwp%2Fv2%2Fcomments&post=7527"}],"version-history":[{"count":0,"href":"https:\/\/www.servir.caef.net\/index.php?rest_route=\/wp\/v2\/posts\/7527\/revisions"}],"wp:attachment":[{"href":"https:\/\/www.servir.caef.net\/index.php?rest_route=%2Fwp%2Fv2%2Fmedia&parent=7527"}],"wp:term":[{"taxonomy":"category","embeddable":true,"href":"https:\/\/www.servir.caef.net\/index.php?rest_route=%2Fwp%2Fv2%2Fcategories&post=7527"},{"taxonomy":"post_tag","embeddable":true,"href":"https:\/\/www.servir.caef.net\/index.php?rest_route=%2Fwp%2Fv2%2Ftags&post=7527"}],"curies":[{"name":"wp","href":"https:\/\/api.w.org\/{rel}","templated":true}]}}