{"id":7540,"date":"1998-01-25T10:14:43","date_gmt":"1998-01-25T10:14:43","guid":{"rendered":"\/?p=7540"},"modified":"2016-05-24T06:36:45","modified_gmt":"2016-05-24T06:36:45","slug":"le-maire-la-municipalite-et-nous","status":"publish","type":"post","link":"https:\/\/www.servir.caef.net\/?p=7540","title":{"rendered":"Le maire, la municipalit\u00e9 et nous"},"content":{"rendered":"<h1 style=\"text-align: center;\" align=\"LEFT\">COMMISSION<\/h1>\n<p>&nbsp;<\/p>\n<h1 style=\"text-align: center;\" align=\"LEFT\">D\u2019EVANGELISATION ET D\u2019IMPLANTATION D\u2019EGLISES<\/h1>\n<h1 style=\"text-align: center;\" align=\"LEFT\">\u00a0<\/h1>\n<h1 style=\"text-align: center;\" align=\"LEFT\">Le maire, la municipalit\u00e9 et nous<\/h1>\n<p align=\"LEFT\">\u00a0<a href=\"\/wp-content\/uploads\/2003\/03\/amis.jpg\"><img loading=\"lazy\" decoding=\"async\" class=\"size-full wp-image-8206 aligncenter\" src=\"\/wp-content\/uploads\/2003\/03\/amis.jpg\" alt=\"amis\" width=\"161\" height=\"244\" \/><\/a><\/p>\n<p style=\"text-align: justify;\" align=\"LEFT\"><strong><span style=\"font-family: Arial,sans-serif; color: #800000;\"><span style=\"font-size: small;\"><span style=\"font-size: large;\">par Gilbert Presle<\/span> <\/span><\/span><\/strong><\/p>\n<p style=\"text-align: justify;\" align=\"LEFT\">\u00a0<\/p>\n<p style=\"text-align: justify;\" align=\"LEFT\"><span style=\"font-family: Arial,sans-serif;\"><span style=\"font-size: small;\"><span style=\"color: #000000;\">Bien souvent, les Protestants \u00e9vang\u00e9liques n&rsquo;ont pas de relations avec les autorit\u00e9s de leur ville et vivent, de ce fait, dans une sorte de marginalit\u00e9. C&rsquo;est tout \u00e0 fait regrettable. <\/span><\/span><\/span><\/p>\n<p style=\"text-align: justify;\" align=\"LEFT\">\u00a0<\/p>\n<p style=\"text-align: justify;\" align=\"LEFT\"><!--more--><\/p>\n<p style=\"text-align: justify;\" align=\"LEFT\"><span style=\"font-family: Arial,sans-serif;\"><span style=\"font-size: small;\"><span style=\"color: #000000;\"><a href=\"\/wp-content\/uploads\/1998\/pdf1998\/1998_01_16_le_maireetnous.pdf\" target=\"_blank\"><img loading=\"lazy\" decoding=\"async\" title=\"iconePDF\" src=\"\/wp-content\/uploads\/2011\/01\/iconePDF.jpg\" alt=\"\" width=\"81\" height=\"76\" align=\"right\" hspace=\"8\" vspace=\"8\" \/><\/a>Lorsque notre Seigneur nous dit que nous sommes le <em><span style=\"background-color: #ccffff;\">\u00ab sel de la Terre \u00bb<\/span><\/em> et la <em><span style=\"background-color: #ccffff;\">\u00ab lumi\u00e8re du monde \u00bb<\/span><\/em>, il sugg\u00e8re que nous avons une place \u00e0 occuper &#8211; un minist\u00e8re \u00e0 exercer dans le monde. Et lorsqu&rsquo;il pr\u00e9cise que nous devons \u00eatre <span style=\"background-color: #ccffff;\"><em>\u00ab dans le monde \u00bb<\/em><\/span> sans \u00eatre <span style=\"background-color: #ccffff;\"><em>\u00ab du monde \u00bb<\/em><\/span>, il souligne un point important : cette place qui est la n\u00f4tre diff\u00e8re de celle de tous les autres acteurs oeuvrant dans la ville. En notre qualit\u00e9 de croyants, nous avons un minist\u00e8re unique \u00e0 exercer et les autorit\u00e9s municipales le savent ! Du reste, dans la plupart des cas, elles respectent cette place et, plus encore, elles d\u00e9sirent la voir tenue par des personnes comp\u00e9tentes ! A nous donc de bien remplir notre r\u00f4le de ministres du culte et d&rsquo;Eglise dans la cit\u00e9 ! <\/span><\/span><\/span><\/p>\n<p style=\"text-align: justify;\" align=\"LEFT\">\u00a0<\/p>\n<p style=\"text-align: justify;\" align=\"LEFT\"><span style=\"font-family: Arial,sans-serif;\"><span style=\"font-size: small;\"><span style=\"color: #000000;\">Dans une soci\u00e9t\u00e9 o\u00f9 le monde religieux est si ais\u00e9ment sujet \u00e0 caution, nous &#8211; les Evang\u00e9liques &#8211; avons tout int\u00e9r\u00eat \u00e0 nous faire conna\u00eetre et \u00e0 tisser de bonnes relations avec les autorit\u00e9s municipales. <\/span><\/span><\/span><\/p>\n<p style=\"text-align: justify;\" align=\"LEFT\">\u00a0<\/p>\n<p style=\"text-align: justify;\" align=\"LEFT\"><span style=\"font-family: Arial,sans-serif;\"><span style=\"font-size: small;\"><span style=\"color: #000000;\">N&rsquo;oublions pas que le maire est responsable de l&rsquo;ordre et de la s\u00e9curit\u00e9 dans sa ville et qu&rsquo;\u00e0 ce titre il a rang d&rsquo;officier de police. <\/span><\/span><\/span><\/p>\n<p style=\"text-align: justify;\" align=\"LEFT\">\u00a0<\/p>\n<p style=\"text-align: justify;\" align=\"LEFT\"><span style=\"font-family: Arial,sans-serif;\"><span style=\"font-size: small;\"><span style=\"color: #000000;\">Pensons donc \u00e0 nous faire conna\u00eetre de lui d\u00e8s le d\u00e9but de notre minist\u00e8re. Nous pouvons par exemple lui faire part de notre d\u00e9sir d&rsquo;\u00eatre inscrits sur la liste des personnalit\u00e9s de la ville qui sont invit\u00e9es r\u00e9guli\u00e8rement aux manifestations officielles. Bien s\u00fbr, il faut alors, autant que possible, participer \u00e0 ces rassemblements (8 mai, 14 juillet, 11 novembre, inaugurations, etc.). Ce qui signifie, entre autres, assister aux vins d&rsquo;honneur et serrer la main du maire ! A cet \u00e9gard, la r\u00e9ception du premier de l&rsquo;an est capitale. Il importe, dans un premier temps, d&rsquo;envoyer ses voeux au maire et au conseil municipal en rappelant que l&rsquo;on prie pour eux. Ces autorit\u00e9s sont responsables de notre paix et de notre libert\u00e9 d&rsquo;action. Nous devons prier pour elles et il n&rsquo;est pas interdit de leur dire que nous le faisons ! Evidemment, il ne suffit pas d&rsquo;\u00e9crire ; il faut ensuite \u00eatre pr\u00e9sents \u00e0 l&rsquo;occasion des voeux du maire. <\/span><\/span><\/span><\/p>\n<p style=\"text-align: justify;\" align=\"LEFT\">\u00a0<\/p>\n<p style=\"text-align: justify;\" align=\"LEFT\"><span style=\"font-family: Arial,sans-serif;\"><span style=\"font-size: small;\"><span style=\"color: #000000;\">Certains penseront qu&rsquo;aller \u00e0 ces diff\u00e9rentes manifestations la\u00efques et municipales, c&rsquo;est du temps perdu. Bien au contraire ! Se joindre aux autres en ces diverses occasions, c&rsquo;est montrer que l&rsquo;on participe \u00e0 la vie officielle de la cit\u00e9, que l&rsquo;on s&rsquo;int\u00e9resse aux pr\u00e9occupations des habitants de la commune et que l&rsquo;on est un acteur de la vie sociale comme bien d&rsquo;autres. <\/span><\/span><\/span><\/p>\n<p style=\"text-align: justify;\" align=\"LEFT\">\u00a0<\/p>\n<p style=\"text-align: justify;\" align=\"LEFT\"><span style=\"font-family: Arial,sans-serif;\"><span style=\"font-size: small;\"><span style=\"color: #000000;\">Par exp\u00e9rience, je recommande \u00e0 chaque responsable d&rsquo;Eglise de veiller \u00e0 \u00e9tablir de bonnes relations avec le maire de sa ville, quelle que soit sa couleur politique. Il ne faut pas oublier qu&rsquo;un maire veut \u00eatre au courant de tout ce qui se passe dans sa commune et que, d&rsquo;une mani\u00e8re ou d&rsquo;une autre, il l&rsquo;est. Mieux vaut alors que nous l&rsquo;informions nous-m\u00eames. Ou voudrions-nous laisser les rumeurs plus ou moins favorables prendre le relais ? <\/span><\/span><\/span><\/p>\n<p style=\"text-align: justify;\" align=\"LEFT\">\u00a0<\/p>\n<p style=\"text-align: justify;\" align=\"LEFT\"><span style=\"font-family: Arial,sans-serif;\"><span style=\"font-size: small;\"><span style=\"color: #000000;\">D&rsquo;autre part, n&rsquo;h\u00e9sitons pas \u00e0 inviter le maire aux \u00e9v\u00e9nements marquants de notre vie d&rsquo;Eglise (inauguration du local, 10e ou 20e anniversaire, etc.). D&rsquo;une mani\u00e8re g\u00e9n\u00e9rale, il importe que notre minist\u00e8re et le t\u00e9moignage de notre Eglise s&rsquo;inscrivent dans le contexte social de notre ville. Cela nous ouvrira bien des portes et nous facilitera de nombreuses d\u00e9marches administratives. <\/span><\/span><\/span><\/p>\n<p style=\"text-align: justify;\" align=\"LEFT\">\u00a0<\/p>\n<p style=\"text-align: justify;\" align=\"LEFT\"><span style=\"font-family: Arial,sans-serif;\"><span style=\"font-size: small;\"><span style=\"color: #000000;\">N&rsquo;oublions pas enfin que le maire est une personne sur les \u00e9paules de laquelle reposent de lourdes responsabilit\u00e9s. C&rsquo;est un homme politique et donc un homme confront\u00e9 \u00e0 une opposition qui veut prendre sa place. Ainsi, qu&rsquo;on s&rsquo;en rende compte ou non, le maire est bien souvent un homme seul. Alors il peut arriver qu&rsquo;il appr\u00e9cie de trouver un interlocuteur neutre et d\u00e9sint\u00e9ress\u00e9 en la personne du pasteur. L\u00e0 encore, montrons-nous attentifs et disponibles ! Notre minist\u00e8re de t\u00e9moins de J\u00e9sus-Christ consiste aussi \u00e0 \u00eatre \u00e0 l&rsquo;\u00e9coute des autorit\u00e9s de notre ville. <\/span><\/span><\/span><\/p>\n<p style=\"text-align: justify;\" align=\"LEFT\">\u00a0<\/p>\n<p style=\"text-align: justify;\" align=\"LEFT\"><span style=\"font-family: Arial,sans-serif;\"><span style=\"font-size: small;\"><span style=\"color: #000000;\">Que Dieu aide chacun dans son t\u00e9moignage aupr\u00e8s des responsables et des instances dirigeantes de sa commune. <span style=\"background-color: #ccffff;\"><em>Jr 29.7<\/em><\/span> ; <span style=\"background-color: #ccffff;\"><em>1 Tm 2.1-2<\/em><\/span> <\/span><\/span><\/span><\/p>\n<p style=\"text-align: justify;\" align=\"LEFT\">\u00a0<\/p>\n<p style=\"text-align: justify;\" align=\"LEFT\"><span style=\"font-family: Arial,sans-serif;\"><span style=\"font-size: small;\"><span style=\"color: #000000;\">G.P.<\/span><\/span><\/span><\/p>\n","protected":false},"excerpt":{"rendered":"<p>COMMISSION &nbsp; D\u2019EVANGELISATION ET D\u2019IMPLANTATION D\u2019EGLISES \u00a0 Le maire, la municipalit\u00e9 et nous \u00a0 par Gilbert Presle \u00a0 Bien souvent, les Protestants \u00e9vang\u00e9liques n&rsquo;ont pas de relations avec les autorit\u00e9s de leur ville et vivent, de ce fait, dans une sorte de marginalit\u00e9. C&rsquo;est tout \u00e0 fait regrettable. \u00a0<\/p>\n","protected":false},"author":203,"featured_media":0,"comment_status":"closed","ping_status":"closed","sticky":false,"template":"","format":"standard","meta":{"footnotes":""},"categories":[17,16,8],"tags":[],"class_list":["post-7540","post","type-post","status-publish","format-standard","hentry","category-lautorite","category-le-chretien-et-la-societe","category-evangelisation"],"_links":{"self":[{"href":"https:\/\/www.servir.caef.net\/index.php?rest_route=\/wp\/v2\/posts\/7540","targetHints":{"allow":["GET"]}}],"collection":[{"href":"https:\/\/www.servir.caef.net\/index.php?rest_route=\/wp\/v2\/posts"}],"about":[{"href":"https:\/\/www.servir.caef.net\/index.php?rest_route=\/wp\/v2\/types\/post"}],"author":[{"embeddable":true,"href":"https:\/\/www.servir.caef.net\/index.php?rest_route=\/wp\/v2\/users\/203"}],"replies":[{"embeddable":true,"href":"https:\/\/www.servir.caef.net\/index.php?rest_route=%2Fwp%2Fv2%2Fcomments&post=7540"}],"version-history":[{"count":0,"href":"https:\/\/www.servir.caef.net\/index.php?rest_route=\/wp\/v2\/posts\/7540\/revisions"}],"wp:attachment":[{"href":"https:\/\/www.servir.caef.net\/index.php?rest_route=%2Fwp%2Fv2%2Fmedia&parent=7540"}],"wp:term":[{"taxonomy":"category","embeddable":true,"href":"https:\/\/www.servir.caef.net\/index.php?rest_route=%2Fwp%2Fv2%2Fcategories&post=7540"},{"taxonomy":"post_tag","embeddable":true,"href":"https:\/\/www.servir.caef.net\/index.php?rest_route=%2Fwp%2Fv2%2Ftags&post=7540"}],"curies":[{"name":"wp","href":"https:\/\/api.w.org\/{rel}","templated":true}]}}