{"id":7566,"date":"2009-07-26T09:51:39","date_gmt":"2009-07-26T09:51:39","guid":{"rendered":"\/?p=7566"},"modified":"2017-05-16T12:58:00","modified_gmt":"2017-05-16T12:58:00","slug":"editorial-du-n4-juillet-aout-2009-la-volonte-de-dieu","status":"publish","type":"post","link":"https:\/\/www.servir.caef.net\/?p=7566","title":{"rendered":"Editorial du n\u00b04 D\u00e9cembre 2009 &#8211; La volont\u00e9 de Dieu"},"content":{"rendered":"<h1 style=\"text-align: center;\" align=\"LEFT\"><a href=\"\/wp-content\/uploads\/2013\/11\/couv-4-2009.jpg\"><img loading=\"lazy\" decoding=\"async\" class=\"alignnone size-full wp-image-7567\" src=\"\/wp-content\/uploads\/2013\/11\/couv-4-2009.jpg\" alt=\"couv 4-2009\" width=\"473\" height=\"670\" srcset=\"https:\/\/www.servir.caef.net\/wp-content\/uploads\/2013\/11\/couv-4-2009.jpg 473w, https:\/\/www.servir.caef.net\/wp-content\/uploads\/2013\/11\/couv-4-2009-211x300.jpg 211w\" sizes=\"auto, (max-width: 473px) 100vw, 473px\" \/><\/a><\/h1>\n<h1 style=\"text-align: center;\" align=\"LEFT\">\u00a0<\/h1>\n<h1 style=\"text-align: center;\" align=\"LEFT\">Editorial du n\u00b04 D\u00e9cembre 2009\u00a0<\/h1>\n<p style=\"text-align: center;\" align=\"LEFT\">\u00a0<\/p>\n<h1 style=\"text-align: center;\" align=\"LEFT\">La volont\u00e9 de Dieu<\/h1>\n<p style=\"text-align: justify;\" align=\"LEFT\">\u00a0<\/p>\n<p style=\"text-align: justify;\" align=\"LEFT\"><span style=\"color: #800000; font-size: large;\"><strong>Par Fran\u00e7oise Lombet<\/strong><\/span><\/p>\n<p style=\"text-align: justify;\" align=\"LEFT\"><a href=\"\/wp-content\/uploads\/2013\/02\/F-lombet.jpg\"><img loading=\"lazy\" decoding=\"async\" class=\"size-full wp-image-6983 alignleft\" style=\"margin: 10px;\" src=\"\/wp-content\/uploads\/2013\/02\/F-lombet.jpg\" alt=\"F-lombet\" width=\"113\" height=\"147\" \/><\/a><\/p>\n<p style=\"text-align: justify;\" align=\"LEFT\">\u00a0<\/p>\n<p style=\"text-align: justify;\" align=\"LEFT\">\u00a0<\/p>\n<p style=\"text-align: justify;\" align=\"LEFT\"><span style=\"font-family: Arial,sans-serif;\"><span style=\"font-size: small;\"><span style=\"color: #231f20;\">S\u2019il est une question qui revient souvent parmi toutes celles que nous nous posons, c\u2019est bien celle-ci : \u00ab Comment conna\u00eetre la volont\u00e9 de Dieu ? \u00bb <\/span><\/span><\/span><\/p>\n<p style=\"text-align: justify;\" align=\"LEFT\">\u00a0<\/p>\n<p style=\"text-align: justify;\" align=\"LEFT\"><span style=\"font-family: Arial,sans-serif;\"><span style=\"font-size: small;\"><span style=\"color: #231f20;\">La r\u00e9ponse semble simple. La volont\u00e9 de Dieu le P\u00e8re est le salut : <em><span style=\"background-color: #ccffff;\">\u00ab La vie \u00e9ternelle pour tous ceux qui tournent leurs regards vers le Fils, J\u00e9sus, et qui croient en lui \u00bb<\/span><\/em><strong><sub>1<\/sub><\/strong>. Dieu veut que tous les hommes soient sauv\u00e9s et parviennent \u00e0 sa connaissance. <\/span><\/span><\/span><\/p>\n<p style=\"text-align: justify;\" align=\"LEFT\">\u00a0<!--more--><\/p>\n<p style=\"text-align: justify;\" align=\"LEFT\"><span style=\"font-family: Arial,sans-serif;\"><span style=\"font-size: small;\"><span style=\"color: #231f20;\"><a href=\"\/wp-content\/uploads\/2009\/pdf2009\/Servir%20sommaire%20et%20\u00e9dito%204-2009%20Seigneur%20que%20veux%20tu.pdf#page=2\" target=\"_blank\"><img loading=\"lazy\" decoding=\"async\" title=\"iconePDF\" src=\"\/wp-content\/uploads\/2011\/01\/iconePDF.jpg\" alt=\"\" width=\"81\" height=\"76\" align=\"right\" hspace=\"8\" vspace=\"8\" \/><\/a>Et c\u2019est parce que J\u00e9sus a dit \u00e0 son P\u00e8re sur le Mont des Oliviers : <span style=\"background-color: #ccffff;\"><em>\u00ab Non pas ce que, moi, je veux, mais ce que, toi, tu veux \u00bb<\/em><\/span> que nous avons acc\u00e8s \u00e0 la connaissance de la volont\u00e9 divine. <\/span><\/span><\/span><\/p>\n<p style=\"text-align: justify;\" align=\"LEFT\">\u00a0<\/p>\n<p style=\"text-align: justify;\" align=\"LEFT\"><span style=\"font-family: Arial,sans-serif;\"><span style=\"font-size: small;\"><span style=\"color: #231f20;\">Mais alors, dans ma vie au quotidien, dans mes choix, mes d\u00e9cisions, quelle est la bonne voie ? Comment discerner ce que Dieu attend de moi ? Les articles pr\u00e9sent\u00e9s dans ce num\u00e9ro pourront nous aider \u00e0 rechercher son plan. Car c\u2019est une recherche active qui met en oeuvre notre intelligence, qui fait appel \u00e0 notre d\u00e9sir d\u2019agir, donc d\u2019ob\u00e9ir. En effet, le mot m\u00eame \u00ab volont\u00e9 \u00bb est d\u00e9fini comme la facult\u00e9 de se d\u00e9terminer \u00e0 certains actes et de les accomplir. Je veux faire ta volont\u00e9. Cela implique un d\u00e9sir, un effort de notre part, car nous n\u2019avons pas un Dieu distributeur de tout ce que nous pensons m\u00e9riter. Dieu est pr\u00eat \u00e0 nous r\u00e9pondre selon son plan si nous remplissons la premi\u00e8re condition de cette promesse : <span style=\"background-color: #ccffff;\"><em>\u00ab Fais de l\u2019\u00c9ternel tes d\u00e9lices et il te donnera ce que ton coeur d\u00e9sire ! \u00bb<\/em><\/span><sub><strong>2<\/strong><\/sub>. Sommes-nous pr\u00eats \u00e0 mettre Dieu \u00e0 la premi\u00e8re place, \u00e0 lui donner la priorit\u00e9 dans toute notre vie et \u00e0 apprendre \u00e0 discerner sa r\u00e9ponse pour s\u2019y conformer quelle qu\u2019elle soit ? Ainsi, nous nous associons \u00e0 cette pri\u00e8re de Paul adress\u00e9e \u00e0 Dieu dans sa lettre aux Colossiens : <span style=\"background-color: #ccffff;\"><em>\u00ab Nous lui demandons qu\u2019il vous fasse conna\u00eetre pleinement sa volont\u00e9 en vous donnant, par le Saint-Esprit, une enti\u00e8re sagesse et un parfait discernement \u00bb<\/em><\/span><sub><strong>3<\/strong><\/sub>. <\/span><\/span><\/span><\/p>\n<p style=\"text-align: justify;\" align=\"LEFT\">\u00a0<\/p>\n<p style=\"text-align: justify;\" align=\"LEFT\"><span style=\"font-family: Arial,sans-serif;\"><span style=\"font-size: small;\"><span style=\"color: #231f20;\">FRAN\u00c7OISE LOMBET<\/span><\/span><\/span><\/p>\n<hr \/>\n<p style=\"text-align: justify;\" align=\"LEFT\">\u00a0<\/p>\n<p style=\"text-align: justify;\" align=\"LEFT\">NOTES<\/p>\n<p style=\"text-align: justify;\" align=\"LEFT\">\u00a0<\/p>\n<p style=\"text-align: justify;\" align=\"LEFT\"><span style=\"font-family: Arial,sans-serif;\"><span style=\"font-size: small;\"><span style=\"color: #231f20;\"><strong>1.<\/strong> Jn 6.40 <\/span><\/span><\/span><\/p>\n<p style=\"text-align: justify;\" align=\"LEFT\">\u00a0<\/p>\n<p style=\"text-align: justify;\" align=\"LEFT\"><span style=\"font-family: Arial,sans-serif;\"><span style=\"font-size: small;\"><span style=\"color: #231f20;\"><strong>2.<\/strong> Ps 37.4 <\/span><\/span><\/span><\/p>\n<p style=\"text-align: justify;\" align=\"LEFT\">\u00a0<\/p>\n<p style=\"text-align: justify;\" align=\"LEFT\"><span style=\"font-family: Arial,sans-serif;\"><span style=\"font-size: small;\"><span style=\"color: #231f20;\"><strong>3.<\/strong> Col 1.10\u00a0<\/span><\/span><\/span><\/p>\n","protected":false},"excerpt":{"rendered":"<p>\u00a0 Editorial du n\u00b04 D\u00e9cembre 2009\u00a0 \u00a0 La volont\u00e9 de Dieu \u00a0 Par Fran\u00e7oise Lombet \u00a0 \u00a0 S\u2019il est une question qui revient souvent parmi toutes celles que nous nous posons, c\u2019est bien celle-ci : \u00ab Comment conna\u00eetre la volont\u00e9 de Dieu ? \u00bb \u00a0 La r\u00e9ponse semble simple. La volont\u00e9 de Dieu le P\u00e8re [&hellip;]<\/p>\n","protected":false},"author":50,"featured_media":0,"comment_status":"closed","ping_status":"closed","sticky":false,"template":"","format":"standard","meta":{"footnotes":""},"categories":[6,39,24],"tags":[],"class_list":["post-7566","post","type-post","status-publish","format-standard","hentry","category-dieu","category-editorial","category-le-saint-esprit"],"_links":{"self":[{"href":"https:\/\/www.servir.caef.net\/index.php?rest_route=\/wp\/v2\/posts\/7566","targetHints":{"allow":["GET"]}}],"collection":[{"href":"https:\/\/www.servir.caef.net\/index.php?rest_route=\/wp\/v2\/posts"}],"about":[{"href":"https:\/\/www.servir.caef.net\/index.php?rest_route=\/wp\/v2\/types\/post"}],"author":[{"embeddable":true,"href":"https:\/\/www.servir.caef.net\/index.php?rest_route=\/wp\/v2\/users\/50"}],"replies":[{"embeddable":true,"href":"https:\/\/www.servir.caef.net\/index.php?rest_route=%2Fwp%2Fv2%2Fcomments&post=7566"}],"version-history":[{"count":0,"href":"https:\/\/www.servir.caef.net\/index.php?rest_route=\/wp\/v2\/posts\/7566\/revisions"}],"wp:attachment":[{"href":"https:\/\/www.servir.caef.net\/index.php?rest_route=%2Fwp%2Fv2%2Fmedia&parent=7566"}],"wp:term":[{"taxonomy":"category","embeddable":true,"href":"https:\/\/www.servir.caef.net\/index.php?rest_route=%2Fwp%2Fv2%2Fcategories&post=7566"},{"taxonomy":"post_tag","embeddable":true,"href":"https:\/\/www.servir.caef.net\/index.php?rest_route=%2Fwp%2Fv2%2Ftags&post=7566"}],"curies":[{"name":"wp","href":"https:\/\/api.w.org\/{rel}","templated":true}]}}