{"id":7964,"date":"2012-11-13T10:54:52","date_gmt":"2012-11-13T10:54:52","guid":{"rendered":"\/?p=7964"},"modified":"2017-05-17T15:15:08","modified_gmt":"2017-05-17T15:15:08","slug":"la-mission-un-sport-collectif-ou-individuel","status":"publish","type":"post","link":"https:\/\/www.servir.caef.net\/?p=7964","title":{"rendered":"La Mission : un sport collectif ou individuel ?"},"content":{"rendered":"<h1 style=\"text-align: center;\">La Mission : un sport collectif ou individuel ?<\/h1>\n<p>&nbsp;<\/p>\n<p>&nbsp;<\/p>\n<p><span style=\"color: #800000; font-size: medium;\"><strong>Par Brad DICKSON<\/strong><\/span><\/p>\n<p><a href=\"\/wp-content\/uploads\/2014\/03\/Brad-Dickson.jpg\"><img loading=\"lazy\" decoding=\"async\" class=\"size-full wp-image-7965 alignleft\" style=\"margin: 10px;\" src=\"\/wp-content\/uploads\/2014\/03\/Brad-Dickson.jpg\" alt=\"Brad-Dickson\" width=\"112\" height=\"146\" \/><\/a><\/p>\n<p style=\"text-align: justify;\" align=\"LEFT\">\u00a0<\/p>\n<p style=\"text-align: justify;\" align=\"LEFT\"><span style=\"color: #231f20;\"><span style=\"font-family: Arial,sans-serif;\"><span style=\"font-size: small;\">Il est minuit, le 31 d\u00e9cembre 1978. Je me trouve dans une foule de plusieurs milliers d\u2019\u00e9tudiants chr\u00e9tiens rassembl\u00e9s pour un congr\u00e8s sur la mission. Un orateur dou\u00e9 et convaincant fait un vibrant appel : \u00ab Qui se l\u00e8vera pour partir en mission ? \u00bb Je me sens port\u00e9, pouss\u00e9, je me l\u00e8ve, j\u2019avance, un conseiller prie pour moi. Je suis pr\u00eat \u00e0 partir, me disje. Mais d\u00e8s le lendemain, un tsunami de questions me submerge : O\u00f9 partir ? Comment ? Avec quel argent ? Dans quelle fonction ? Avec les conseils de qui ? Sous quelle autorit\u00e9 ? Et je me rends compte tout d\u2019un coup que j\u2019ai besoin d\u2019en parler\u2026 aux anciens de mon \u00c9glise, qui ignorent tout de mon cheminement ! <\/span><\/span><\/span><\/p>\n<p style=\"text-align: justify;\" align=\"LEFT\"><span style=\"color: #231f20;\"><span style=\"font-family: Arial,sans-serif;\"><span style=\"font-size: small;\">Nous verrons dans cet article que deux textes cl\u00e9s du Nouveau Testament placent la responsabilit\u00e9 pour la mission prioritairement sur l\u2019\u00c9glise et ses responsables. Les individus sont aussi interpell\u00e9s. <\/span><\/span><\/span><\/p>\n<p style=\"text-align: justify;\" align=\"LEFT\">\u00a0<!--more--><\/p>\n<p style=\"text-align: justify;\" align=\"LEFT\">\u00a0<\/p>\n<h2 align=\"LEFT\"><em><span style=\"color: #ff6600;\">L\u2019\u00c9glise d\u2019Antioche<\/span> <\/em><\/h2>\n<p style=\"text-align: justify;\" align=\"LEFT\">\u00a0<\/p>\n<p style=\"text-align: justify;\" align=\"LEFT\"><span style=\"font-family: Arial,sans-serif;\"><span style=\"font-size: small;\"><span style=\"background-color: #99ccff;\"><span style=\"color: #231f20;\"><i><em><i><a href=\"\/wp-content\/uploads\/2012\/pdf2012\/Servir%204-2012%20Mission.pdf#page=15\" target=\"_blank\"><img loading=\"lazy\" decoding=\"async\" title=\"iconePDF\" src=\"\/wp-content\/uploads\/2011\/01\/iconePDF.jpg\" alt=\"\" width=\"81\" height=\"76\" align=\"right\" hspace=\"8\" vspace=\"8\" \/><\/a><\/i><\/em><\/i><em>Actes 13.1-4 : <\/em><\/span><span style=\"color: #231f20;\"><i>Il y avait, dans l\u2019\u00c9glise qui \u00e9tait \u00e0 Antioche, des proph\u00e8tes et des docteurs\u2026 Pendant qu\u2019ils c\u00e9l\u00e9braient le culte du Seigneur et qu\u2019ils je\u00fbnaient, le Saint-Esprit dit : Mettez-moi \u00e0 part Barnabas et Saul pour l\u2019oeuvre \u00e0 laquelle je les ai appel\u00e9s. Alors, apr\u00e8s avoir je\u00fbn\u00e9 et pri\u00e9, ils leur impos\u00e8rent les mains et les laiss\u00e8rent partir. Eux donc, envoy\u00e9s par le Saint-Esprit, descendirent \u00e0 S\u00e9leucie, et de l\u00e0 ils s\u2019embarqu\u00e8rent pour Chypre. <\/i><\/span><\/span><\/span><\/span><\/p>\n<p style=\"text-align: justify;\" align=\"LEFT\">\u00a0<\/p>\n<p style=\"text-align: justify;\" align=\"LEFT\"><span style=\"font-family: Arial,sans-serif;\"><span style=\"font-size: small;\"><span style=\"color: #231f20;\">Luc nous pr\u00e9sente l\u2019envoi en mission comme un sport collectif o\u00f9 trois partenaires s\u2019engagent : l\u2019Esprit saint, l\u2019\u00c9glise, et les missionnaires. <\/span><\/span><\/span><\/p>\n<p style=\"text-align: justify;\" align=\"LEFT\">\u00a0<\/p>\n<p style=\"text-align: justify;\" align=\"LEFT\"><span style=\"font-family: Arial,sans-serif;\"><span style=\"font-size: small;\"><span style=\"color: #231f20;\">L\u2019Esprit saint \u00e9merge dans ce texte comme \u00e9tant souverain sur la mission. Il est celui sans lequel rien ne se fait. Il prend l\u2019initiative. Il parle aux missionnaires, les appelant \u00e0 son service. Il parle \u00e0 l\u2019\u00c9glise, lui demandant de mettre \u00e0 part Paul et Barnabas pour la mission. Cela ne veut pas dire que Luc consid\u00e8re l\u2019\u00c9glise et les missionnaires comme des partenaires passifs. Ils ont chacun leur responsabilit\u00e9. Mais \u00e0 la fin, c\u2019est \u00ab envoy\u00e9s par le Saint-Esprit \u00bb que les missionnaires partent. Quel encouragement pour l\u2019\u00c9glise et pour ses missionnaires de savoir que la mission n\u2019est pas une entreprise humaine mais divine ! <\/span><\/span><\/span><\/p>\n<p style=\"text-align: justify;\" align=\"LEFT\">\u00a0<\/p>\n<p style=\"text-align: justify;\" align=\"LEFT\"><span style=\"font-family: Arial,sans-serif;\"><span style=\"font-size: small;\"><span style=\"color: #231f20;\">L\u2019\u00c9glise et ses responsables sont aussi centraux dans le r\u00e9cit. Ils sont exemplaires dans leur attitude de pri\u00e8re, dans leur recherche de la volont\u00e9 de Dieu et par leur g\u00e9n\u00e9rosit\u00e9. Ils sont d\u2019accord pour lib\u00e9rer leurs p\u00e8res spirituels, Barnabas et Paul, pour la mission. Ils leur imposent les mains, signifiant ainsi leur b\u00e9n\u00e9diction et leur solidarit\u00e9 spirituelle et financi\u00e8re. Ils sont pr\u00eats au sacrifice pour que la bonne nouvelle soit pr\u00each\u00e9e au loin. Qu\u2019il est regrettable de constater que certaines \u00c9glises attristent l\u2019Esprit en n\u2019encourageant pas la mission ! <\/span><\/span><\/span><\/p>\n<p style=\"text-align: justify;\" align=\"LEFT\">\u00a0<\/p>\n<p style=\"text-align: justify;\" align=\"LEFT\"><span style=\"font-family: Arial,sans-serif;\"><span style=\"font-size: small;\"><span style=\"color: #231f20;\">Luc pr\u00e9sente les missionnaires, eux aussi, comme des acteurs pleinement investis. Barnabas puis Paul d\u00e9couvrent \u00e0 Antioche une grande v\u00e9rit\u00e9 : les non-juifs aussi peuvent et doivent conna\u00eetre la bonne nouvelle du salut en J\u00e9sus- Christ !<strong><sub>1<\/sub><\/strong> Leurs yeux s\u2019ouvrent alors au champ de mission quasi infini et \u00e0 leur responsabilit\u00e9 d\u2019aller. On imagine ais\u00e9ment qu\u2019ils aient fait part \u00e0 leurs coll\u00e8gues anciens de leur fardeau pour les nations. Est-ce \u00e0 ce sujet que l\u2019\u00c9glise priait quand l\u2019Esprit a parl\u00e9 ? Et que faut-il lire entre les lignes quand le texte dit que l\u2019\u00c9glise \u00ab laisse partir \u00bb les missionnaires ? Les missionnaires avaient-ils un temps d\u2019avance sur les autres responsables dans le discernement de la volont\u00e9 de Dieu ? Y a-t-il eu h\u00e9sitation ? Dans tous les cas, \u00e0 la fin, c\u2019est l\u2019Esprit qui triomphe et les missionnaires partent avec la pleine b\u00e9n\u00e9diction de l\u2019\u00c9glise. <\/span><\/span><\/span><\/p>\n<p style=\"text-align: justify;\" align=\"LEFT\">\u00a0<\/p>\n<p style=\"text-align: justify;\" align=\"LEFT\">\u00a0<\/p>\n<h2 align=\"LEFT\"><span style=\"color: #ff6600;\"><em>L\u2019\u00c9glise de Rome<\/em> <\/span><\/h2>\n<p style=\"text-align: justify;\" align=\"LEFT\">\u00a0<\/p>\n<p style=\"text-align: justify;\" align=\"LEFT\"><span style=\"font-family: Arial,sans-serif;\"><span style=\"font-size: small;\"><span style=\"color: #231f20;\">En l\u2019an 58, Paul consid\u00e8re qu\u2019il a achev\u00e9 sa mission envers l\u2019Asie Mineure et la Gr\u00e8ce.<strong><sub>2<\/sub><\/strong> Son coeur se tourne vers l\u2019Espagne, territoire vierge en ce qui concerne l\u2019\u00c9vangile.<strong><sub>3<\/sub><\/strong> Il a besoin d\u2019une \u00c9glise solide derri\u00e8re lui pour r\u00e9aliser ce projet. Sa premi\u00e8re \u00c9glise d\u2019envoi, Antioche, est situ\u00e9e bien trop loin de l\u2019Espagne pour constituer une base de soutien pratique. Il esp\u00e8re donc trouver \u00e0 Rome une \u00c9glise convaincue de la <\/span>n\u00e9cessit\u00e9 de la mission et pr\u00eate \u00e0 mettre <span style=\"color: #231f20;\">la main au portefeuille : <\/span><em><span style=\"color: #231f20; background-color: #99ccff;\">quand je me rendrai en Espagne, j\u2019esp\u00e8re vous voir en passant et y \u00eatre accompagn\u00e9 par vous. <\/span><span style=\"color: #231f20;\"><span style=\"background-color: #99ccff;\">(Rm 15.23-24)<\/span> <\/span><\/em><\/span><\/span><\/p>\n<p style=\"text-align: justify;\" align=\"LEFT\">\u00a0<\/p>\n<p style=\"text-align: justify;\" align=\"LEFT\"><span style=\"font-family: Arial,sans-serif;\"><span style=\"font-size: small;\"><span style=\"color: #231f20;\">\u00c0 la lumi\u00e8re de cette demande, toute l\u2019<em><span style=\"background-color: #99ccff;\">\u00e9p\u00eetre aux <\/span><span style=\"background-color: #99ccff;\">Romains<\/span><\/em> peut \u00eatre lue comme une plaidoirie pour la mission.<strong><sub>4<\/sub><\/strong> Il veut convaincre cette \u00c9glise de la n\u00e9cessit\u00e9 de la mission et \u00eatre certain qu\u2019elle adh\u00e8re \u00e0 l\u2019\u00c9vangile qu\u2019il compte annoncer en Espagne.<strong><sub>5<\/sub><\/strong> <\/span><\/span><\/span><\/p>\n<p style=\"text-align: justify;\" align=\"LEFT\">\u00a0<\/p>\n<p style=\"text-align: justify;\" align=\"LEFT\"><span style=\"font-family: Arial,sans-serif;\"><span style=\"font-size: small;\"><span style=\"color: #231f20;\">Les <span style=\"background-color: #99ccff;\"><em>chapitres 1 \u00e0 3<\/em><\/span> traitent de la culpabilit\u00e9 universelle et de la juste condamnation de Dieu. Les pa\u00efens (il pense \u00e0 l\u2019Espagne) sont condamn\u00e9s malgr\u00e9 leur ignorance de l\u2019\u00c9vangile. Les Juifs ne seront jamais justifi\u00e9s par leurs pratiques religieuses. Tous ont besoin d\u2019entendre l\u2019\u00c9vangile. Ces chapitres sont d\u2019une actualit\u00e9 consternante pour nous. Combien de chr\u00e9tiens aujourd\u2019hui pensent faussement que musulmans, hindous ou animistes sont comme prot\u00e9g\u00e9s par leur ignorance ou par leur sinc\u00e9rit\u00e9 dans leurs pratiques religieuses ? Selon vous, y a-t-il vraiment besoin de la mission encore aujourd\u2019hui ? <\/span><\/span><\/span><\/p>\n<p style=\"text-align: justify;\" align=\"LEFT\">\u00a0<\/p>\n<p style=\"text-align: justify;\" align=\"LEFT\"><span style=\"font-family: Arial,sans-serif;\"><span style=\"font-size: small;\"><span style=\"color: #231f20;\">Les<span style=\"background-color: #99ccff;\"><em> chapitres 9 \u00e0 11<\/em><\/span> de la m\u00eame \u00e9p\u00eetre mettent en relief la souverainet\u00e9 de Dieu sur la mission. Il a un plan pour tous les peuples qu\u2019il ex\u00e9cutera. Mais cette souverainet\u00e9 n\u2019enl\u00e8ve pas le besoin de la pr\u00e9dication de l\u2019\u00c9vangile, bien au contraire. Au chapitre 10, Paul exhorte l\u2019\u00c9glise \u00e0 assumer pleinement sa responsabilit\u00e9 missionnaire. <\/span><\/span><\/span><\/p>\n<p style=\"text-align: justify;\" align=\"LEFT\">\u00a0<\/p>\n<p style=\"text-align: justify;\" align=\"LEFT\"><span style=\"font-family: Arial,sans-serif;\"><span style=\"font-size: small;\"><span style=\"color: #231f20; background-color: #99ccff;\"><i>Tous ceux qui feront appel au Seigneur seront sauv\u00e9s. Mais comment feront-ils appel \u00e0 lui s\u2019ils n\u2019ont pas cru en lui ? Et comment croiront-ils en lui s\u2019ils ne l\u2019ont pas entendu ? Et comment entendront-ils s\u2019il n\u2019y a personne pour le leur annoncer ? Et comment y aura-t-il des gens pour l\u2019annoncer s\u2019ils ne sont pas envoy\u00e9s ?<\/i><\/span><span style=\"color: #231f20;\"><strong><sub>6<\/sub><\/strong> <\/span><\/span><\/span><\/p>\n<p style=\"text-align: justify;\" align=\"LEFT\">\u00a0<\/p>\n<p style=\"text-align: justify;\" align=\"LEFT\"><span style=\"font-family: Arial,sans-serif;\"><span style=\"font-size: small;\"><span style=\"color: #231f20;\"><a href=\"\/wp-content\/uploads\/2012\/11\/commentaire-Bible.jpg\"><img loading=\"lazy\" decoding=\"async\" class=\"size-full wp-image-7966 alignleft\" style=\"margin: 10px;\" src=\"\/wp-content\/uploads\/2012\/11\/commentaire-Bible.jpg\" alt=\"commentaire Bible\" width=\"200\" height=\"290\" \/><\/a>L\u2019ap\u00f4tre nous invite \u00e0 r\u00e9fl\u00e9chir au processus missionnaire. En partant du salut, le r\u00e9sultat souhait\u00e9, il remonte la cha\u00eene en identifiant tous les maillons qui doivent \u00eatre mis en place. Pour \u00eatre sauv\u00e9, il faut que les hommes fassent appel \u00e0 Dieu, donc, il faut qu \u2019 ils croient, donc, il faut qu\u2019ils entendent l\u2019\u00c9vangile, donc, il faut qu\u2019il y ait des missionnaires\u2026 Mais Paul n\u2019arr\u00eate pas sa construction l\u00e0. Les missionnaires n\u2019apparaissent pas par g\u00e9n\u00e9ration spontan\u00e9e. Il faut qu\u2019ils soient s\u00e9lectionn\u00e9s, form\u00e9s, conseill\u00e9s, encourag\u00e9s, soutenus, envoy\u00e9s ! Il faut l\u2019\u00c9glise. Il faut une \u00c9glise concern\u00e9e, motiv\u00e9e, passionn\u00e9e par la mission. Il faut une \u00c9glise \u00e0 l\u2019\u00e9coute du Saint-Esprit. <\/span><\/span><\/span><\/p>\n<p style=\"text-align: justify;\" align=\"LEFT\">\u00a0<\/p>\n<p align=\"LEFT\">\u00a0<\/p>\n<h2 align=\"LEFT\"><span style=\"color: #ff9900;\"><em>Conclusion<\/em> <\/span><\/h2>\n<p style=\"text-align: justify;\" align=\"LEFT\">\u00a0<\/p>\n<p style=\"text-align: justify;\" align=\"LEFT\"><span style=\"font-family: Arial,sans-serif;\"><span style=\"font-size: small;\"><span style=\"color: #231f20;\">La mission est d\u00e9cid\u00e9ment un sport collectif. L\u2019Esprit Saint est le s\u00e9lectionneur. L\u2019\u00c9glise compose l\u2019\u00e9quipe dont certains, les missionnaires, seront en premi\u00e8re ligne. <\/span><\/span><\/span><\/p>\n<p style=\"text-align: justify;\">\u00a0<\/p>\n<p style=\"text-align: center;\"><span style=\"font-family: Arial,sans-serif;\"><span style=\"font-size: small;\"><span style=\"color: #231f20;\">B.D. <\/span><\/span><\/span><\/p>\n<hr \/>\n<p style=\"text-align: justify;\">\u00a0NOTES<\/p>\n<p style=\"text-align: justify;\">\u00a0<\/p>\n<p style=\"text-align: justify;\"><span style=\"font-family: Arial,sans-serif;\"><span style=\"font-size: small;\"><strong><span style=\"color: #231f20;\">1. <\/span><\/strong><span style=\"color: #231f20;\">Ac 11.21-26 <\/span><\/span><\/span><\/p>\n<p style=\"text-align: justify;\">\u00a0<\/p>\n<p style=\"text-align: justify;\"><span style=\"font-family: Arial,sans-serif;\"><span style=\"font-size: small;\"><span style=\"color: #231f20;\"><strong>2.<\/strong> Rm 15.23 : <\/span><span style=\"color: #231f20;\"><i>je n\u2019ai plus de champ d\u2019action dans ces contr\u00e9es. <\/i><\/span><\/span><\/span><\/p>\n<p style=\"text-align: justify;\">\u00a0<\/p>\n<p style=\"text-align: justify;\"><span style=\"font-family: Arial,sans-serif;\"><span style=\"font-size: small;\"><span style=\"color: #231f20;\"><strong>3.<\/strong> Rm 15.20 : <\/span><span style=\"color: #231f20;\"><i>je me suis fait un point d\u2019honneur d\u2019annoncer l\u2019\u00c9vangile l\u00e0 o\u00f9 Christ n\u2019avait pas \u00e9t\u00e9 nomm\u00e9, afin de ne pas b\u00e2tir sur le fondement d\u2019autrui. <\/i><\/span><\/span><\/span><\/p>\n<p style=\"text-align: justify;\">\u00a0<\/p>\n<p style=\"text-align: justify;\"><span style=\"font-family: Arial,sans-serif;\"><span style=\"font-size: small;\"><strong><span style=\"color: #231f20;\">4. <\/span><\/strong><span style=\"color: #231f20;\"><i>B. Dickson, <\/i><\/span><span style=\"color: #231f20;\"><i>Romains, commentaire biblique<\/i><\/span><span style=\"color: #231f20;\"><i>, \u00e9ditions CLE, 2005, page <\/i><\/span><span style=\"color: #231f20;\">17. <\/span><\/span><\/span><\/p>\n<p style=\"text-align: justify;\">\u00a0<\/p>\n<p style=\"text-align: justify;\"><span style=\"font-family: Arial,sans-serif;\"><span style=\"font-size: small;\"><span style=\"color: #231f20;\"><strong>5.<\/strong> Dans Rm 2.16 et 16.25, Paul emploie l\u2019expression : \u00ab mon \u00c9vangile \u00bb, car il sait qu\u2019il y a de faux enseignements qui circulent. <\/span><\/span><\/span><\/p>\n<p style=\"text-align: justify;\">\u00a0<\/p>\n<p style=\"text-align: justify;\"><span style=\"font-family: Arial,sans-serif;\"><span style=\"font-size: small;\"><span style=\"color: #231f20;\"><strong>6.<\/strong> Rm 10.13-16<\/span><\/span><\/span><\/p>\n","protected":false},"excerpt":{"rendered":"<p>La Mission : un sport collectif ou individuel ? &nbsp; &nbsp; Par Brad DICKSON \u00a0 Il est minuit, le 31 d\u00e9cembre 1978. Je me trouve dans une foule de plusieurs milliers d\u2019\u00e9tudiants chr\u00e9tiens rassembl\u00e9s pour un congr\u00e8s sur la mission. Un orateur dou\u00e9 et convaincant fait un vibrant appel : \u00ab Qui se l\u00e8vera pour [&hellip;]<\/p>\n","protected":false},"author":14,"featured_media":0,"comment_status":"closed","ping_status":"closed","sticky":false,"template":"","format":"standard","meta":{"footnotes":""},"categories":[12,59,13,11],"tags":[],"class_list":["post-7964","post","type-post","status-publish","format-standard","hentry","category-eglise-et-mission","category-etudes-bibliques","category-la-vie-de-leglise","category-la-vie-du-chretien"],"_links":{"self":[{"href":"https:\/\/www.servir.caef.net\/index.php?rest_route=\/wp\/v2\/posts\/7964","targetHints":{"allow":["GET"]}}],"collection":[{"href":"https:\/\/www.servir.caef.net\/index.php?rest_route=\/wp\/v2\/posts"}],"about":[{"href":"https:\/\/www.servir.caef.net\/index.php?rest_route=\/wp\/v2\/types\/post"}],"author":[{"embeddable":true,"href":"https:\/\/www.servir.caef.net\/index.php?rest_route=\/wp\/v2\/users\/14"}],"replies":[{"embeddable":true,"href":"https:\/\/www.servir.caef.net\/index.php?rest_route=%2Fwp%2Fv2%2Fcomments&post=7964"}],"version-history":[{"count":0,"href":"https:\/\/www.servir.caef.net\/index.php?rest_route=\/wp\/v2\/posts\/7964\/revisions"}],"wp:attachment":[{"href":"https:\/\/www.servir.caef.net\/index.php?rest_route=%2Fwp%2Fv2%2Fmedia&parent=7964"}],"wp:term":[{"taxonomy":"category","embeddable":true,"href":"https:\/\/www.servir.caef.net\/index.php?rest_route=%2Fwp%2Fv2%2Fcategories&post=7964"},{"taxonomy":"post_tag","embeddable":true,"href":"https:\/\/www.servir.caef.net\/index.php?rest_route=%2Fwp%2Fv2%2Ftags&post=7964"}],"curies":[{"name":"wp","href":"https:\/\/api.w.org\/{rel}","templated":true}]}}