{"id":8101,"date":"2013-01-10T15:04:41","date_gmt":"2013-01-10T15:04:41","guid":{"rendered":"\/?p=8101"},"modified":"2017-05-17T15:24:49","modified_gmt":"2017-05-17T15:24:49","slug":"obeissance-et-legalisme-comment-distinguer-lepitre-aux-galates","status":"publish","type":"post","link":"https:\/\/www.servir.caef.net\/?p=8101","title":{"rendered":"Ob\u00e9issance et l\u00e9galisme,  comment distinguer ?  L\u2019\u00e9p\u00eetre aux Galates"},"content":{"rendered":"<h1 style=\"text-align: center;\" align=\"LEFT\">Ob\u00e9issance et l\u00e9galisme,<\/h1>\n<h3 style=\"text-align: center;\" align=\"LEFT\">\u00a0<\/h3>\n<h1 style=\"text-align: center;\" align=\"LEFT\">comment distinguer ?<\/h1>\n<p style=\"text-align: center;\" align=\"LEFT\">\u00a0<\/p>\n<p style=\"text-align: center;\" align=\"LEFT\"><strong><span style=\"font-size: large;\">L\u2019\u00e9p\u00eetre aux Galates<\/span><\/strong><\/p>\n<p style=\"margin-bottom: 0cm;\" align=\"LEFT\">\u00a0<\/p>\n<p style=\"margin-bottom: 0cm;\" align=\"LEFT\">\u00a0<\/p>\n<p style=\"margin-bottom: 0cm;\" align=\"LEFT\"><span style=\"color: #800000; font-size: medium;\"><strong>Par L\u00e9onard Mutzner<\/strong><\/span><\/p>\n<p style=\"margin-bottom: 0cm; text-align: justify;\" align=\"LEFT\"><a href=\"\/wp-content\/uploads\/2007\/03\/L\u00e9o-Mutzner.jpg\"><img loading=\"lazy\" decoding=\"async\" class=\"size-full wp-image-2056 alignleft\" style=\"margin: 10px;\" src=\"\/wp-content\/uploads\/2007\/03\/L\u00e9o-Mutzner.jpg\" alt=\"L\u00e9o Mutzner\" width=\"112\" height=\"146\" \/><\/a><\/p>\n<p style=\"margin-bottom: 0cm; text-align: justify;\" align=\"LEFT\">\u00a0<\/p>\n<p style=\"margin-bottom: 0cm; text-align: justify;\" align=\"LEFT\"><span style=\"color: #231f20;\"><span style=\"font-family: Arial,sans-serif;\"><span style=\"font-size: small;\">L\u2019ap\u00f4tre Paul est inquiet. Au lieu de commencer par des \u00e9loges \u00e0 l\u2019\u00e9gard des destinataires de sa lettre ou avec une pri\u00e8re de reconnaissance, il entre tout de suite dans le vif du sujet en leur exprimant son \u00e9tonnement de les voir se tourner vers un autre \u00e9vangile <span style=\"background-color: #ccffff;\"><em>(1.6)<\/em><\/span>. Cette pr\u00e9occupation de Paul ressort tout au long de l\u2019\u00e9p\u00eetre. Au d\u00e9but du troisi\u00e8me chapitre, il dit : <span style=\"background-color: #ccffff;\"><i>\u00d4 Galates insens\u00e9s ! Qui vous a envo\u00fbt\u00e9s ainsi ? <\/i><\/span>Mais qu\u2019est-ce qui pr\u00e9occupe tant l\u2019ap\u00f4tre ? Un groupe de chr\u00e9tiens juda\u00efsants voulait que ces chr\u00e9tiens de Galatie respectent un certain nombre de r\u00e8gles en plus de la foi en J\u00e9sus-Christ. Ils \u00e9taient \u00ab l\u00e9galistes \u00bb. Le l\u00e9galisme est mauvais. L\u2019ob\u00e9issance est bonne. Mais comment distinguer les deux ? Apr\u00e8s une courte d\u00e9finition de ces deux termes, nous voulons voir \u00e0 travers trois exemples o\u00f9 ils nous am\u00e8nent. <\/span><\/span><\/span><\/p>\n<p style=\"margin-bottom: 0cm; text-align: justify;\" align=\"LEFT\"><!--more--><\/p>\n<p style=\"margin-bottom: 0cm; text-align: justify;\" align=\"LEFT\"><span style=\"color: #231f20;\"><span style=\"font-family: Arial,sans-serif;\"><span style=\"font-size: small;\"><a href=\"\/wp-content\/uploads\/2013\/01\/pieton.jpg\"><img loading=\"lazy\" decoding=\"async\" class=\" wp-image-8103 alignleft\" style=\"margin: 10px;\" src=\"\/wp-content\/uploads\/2013\/01\/pieton.jpg\" alt=\"pieton\" width=\"293\" height=\"407\" srcset=\"https:\/\/www.servir.caef.net\/wp-content\/uploads\/2013\/01\/pieton.jpg 444w, https:\/\/www.servir.caef.net\/wp-content\/uploads\/2013\/01\/pieton-215x300.jpg 215w\" sizes=\"auto, (max-width: 293px) 100vw, 293px\" \/><\/a><em><strong><em><a href=\"\/wp-content\/uploads\/2013\/pdf2013\/Servir%201-2013%20Le%20l%C3%A9galisme.pdf#14\" target=\"_blank\"><img loading=\"lazy\" decoding=\"async\" title=\"iconePDF\" src=\"\/wp-content\/uploads\/2011\/01\/iconePDF.jpg\" alt=\"\" width=\"81\" height=\"76\" align=\"right\" hspace=\"8\" vspace=\"8\" \/><\/a><\/em><\/strong><\/em>Par l\u00e9galisme, nous entendons <i>le moyen <\/i>pour \u00eatre justes et approuv\u00e9s. Il faut produire quelque chose pour gagner l\u2019approbation de Dieu. Dans cette dynamique, le l\u00e9galisme met l\u2019accent \u00e0 l\u2019ext\u00e9rieur, sur la performance, l\u2019apparence et les r\u00e9sultats. \u00c0 l\u2019int\u00e9rieur, le l\u00e9galisme g\u00e9n\u00e8re la crainte, l\u2019insoumission \u00e0 Dieu et, au fond, le rejet de la gr\u00e2ce de Dieu. L\u2019ap\u00f4tre Paul condamne s\u00e9v\u00e8rement le l\u00e9galisme. C\u2019est un autre \u00e9vangile. <\/span><\/span><\/span><\/p>\n<p style=\"margin-bottom: 0cm; text-align: justify;\" align=\"LEFT\"><span style=\"color: #231f20;\"><span style=\"font-family: Arial,sans-serif;\"><span style=\"font-size: small;\">Par ob\u00e9issance, nous entendons <strong><i>l\u2019expression <\/i><\/strong>de notre justification par la foi. Le terme grec traduit par \u00ab ob\u00e9ir \u00bb contient \u00e9galement le sens d\u2019\u00ab \u00e9couter \u00bb. Ainsi l\u2019ob\u00e9issance s\u2019enracine dans l\u2019\u00e9coute du salut en Dieu. Elle nous fait d\u00e9couvrir la gr\u00e2ce de Dieu et nous confier en elle. Dans cette gr\u00e2ce de Dieu s\u2019enracinent nos certitudes, notre reconnaissance et notre volont\u00e9 d\u2019ob\u00e9ir. Ainsi l\u2019ob\u00e9issance est fond\u00e9e sur la gr\u00e2ce de Dieu. <\/span><\/span><\/span><\/p>\n<h3 align=\"LEFT\">\u00a0<\/h3>\n<h3 align=\"LEFT\"><em>Comment s\u2019articulent le l\u00e9galisme et l\u2019ob\u00e9issance par rapport au salut ?<\/em><\/h3>\n<p style=\"margin-bottom: 0cm; text-align: justify;\" align=\"LEFT\"><span style=\"color: #231f20;\"><span style=\"font-family: Arial,sans-serif;\"><span style=\"font-size: small;\">Apr\u00e8s avoir accept\u00e9 l\u2019\u00c9vangile de J\u00e9sus-Christ, les Galates sont tomb\u00e9s dans le pi\u00e8ge du l\u00e9galisme. Ils avaient peur que la simple foi ne soit pas suffisante pour \u00eatre sauv\u00e9. Il fallait plus, et le point marquant de ce \u00ab plus \u00bb \u00e9tait la circoncision. Dans le l\u00e9galisme il y a toujours des \u00ab plus \u00bb qui au fond sont des \u00ab moins \u00bb. Comme dit l\u2019ap\u00f4tre Paul <em><span style=\"background-color: #ccffff;\">Si vous vous faites circoncire, le Christ ne vous sera plus d\u2019aucune utilit\u00e9. Tout homme qui se fait circoncire est tenu d\u2019accomplir la Loi tout enti\u00e8re ! ( 5.2-3 )<\/span><\/em> Le l\u00e9galisme offense Dieu puisqu\u2019 au fond il m\u00e9prise l\u2019oeuvre de J\u00e9sus-Christ. <\/span><\/span><\/span><\/p>\n<p style=\"margin-bottom: 0cm; text-align: justify;\" align=\"LEFT\">\u00a0<\/p>\n<p style=\"margin-bottom: 0cm; text-align: justify;\" align=\"LEFT\"><span style=\"color: #231f20;\"><span style=\"font-family: Arial,sans-serif;\"><span style=\"font-size: small;\">L\u2019ob\u00e9issance consiste \u00e0 affirmer que l\u2019oeuvre de J\u00e9sus-Christ sur la croix est suffisante. Notre seule d\u00e9marche consiste \u00e0 avoir confiance en J\u00e9sus-Christ. Dans l\u2019<span style=\"background-color: #ccffff;\"><em>\u00e9p\u00eetre aux Galates<\/em><\/span>, Paul fait un long d\u00e9veloppement sur sa propre vie, son cheminement et son minist\u00e8re parmi les pa\u00efens <span style=\"background-color: #ccffff;\"><em>(1.11-2.10)<\/em><\/span>. Il conna\u00eet le l\u00e9galisme par exp\u00e9rience. Mais Dieu l\u2019en a d\u00e9livr\u00e9 par la puissance de l\u2019\u00c9vangile. Apr\u00e8s son t\u00e9moignage, il montre que l\u2019\u00c9criture enseigne l\u2019ob\u00e9issance de la foi et il cite l\u2019exemple d\u2019Abraham qui \u00e9tait d\u00e9clar\u00e9 juste par la foi seule <span style=\"background-color: #ccffff;\"><em>(3.6-22)<\/em><\/span>. Si nous voulons \u00eatre des fils d\u2019Abraham et des fils de Dieu, la foi seule doit nous suffire. <\/span><\/span><\/span><\/p>\n<p style=\"margin-bottom: 0cm; text-align: justify;\" align=\"LEFT\"><span style=\"color: #231f20;\"><span style=\"font-family: Arial,sans-serif;\"><span style=\"font-size: small;\">Avons-nous bien compris sur quoi repose notre salut ? Avons-nous renonc\u00e9 aux clich\u00e9s du bon chr\u00e9tien ?<\/span><\/span><\/span><\/p>\n<p style=\"margin-bottom: 0cm; text-align: justify;\" align=\"LEFT\"><span style=\"color: #231f20;\"><span style=\"font-family: Arial,sans-serif;\"><span style=\"font-size: small;\">Avons-nous renonc\u00e9 aux tentations de la performance, de l\u2019apparence et du formalisme ? La gr\u00e2ce de Dieu est-elle pour nous la source suffisante de joie, de paix et de certitude de salut ? Sommes-nous rassur\u00e9s par l\u2019amour souverain de J\u00e9sus- Christ sur la croix ? <\/span><\/span><\/span><\/p>\n<h3 align=\"LEFT\">\u00a0<\/h3>\n<h3 align=\"LEFT\"><span style=\"color: #ff0000;\"><em>Comment s\u2019articulent le l\u00e9galisme et l\u2019ob\u00e9issance par rapport \u00e0 notre vie chr\u00e9tienne ?<\/em> <\/span><\/h3>\n<p style=\"margin-bottom: 0cm; text-align: justify;\" align=\"LEFT\"><span style=\"color: #231f20;\"><span style=\"font-family: Arial,sans-serif;\"><span style=\"font-size: small;\">Les Galates emprisonn\u00e9s dans l\u2019approche l\u00e9galiste sont oblig\u00e9s de puiser dans leurs propres ressources, \u00ab la chair \u00bb, qui est ici synonyme de nos facult\u00e9s humaines marqu\u00e9es malgr\u00e9 notre bonne volont\u00e9 et nos bonnes intentions par la faiblesse et des limites. L\u2019homme livr\u00e9 \u00e0 lui-m\u00eame produit une liste de vertus pas tr\u00e8s vertueuse, comme le montre l\u2019ap\u00f4tre Paul dans <span style=\"background-color: #ccffff;\"><em>Galates 5.19-21<\/em><\/span>. Ce sont les fameux fruits de la chair. Dans une d\u00e9marche l\u00e9galiste, il faut les cacher par une forme ext\u00e9rieure de performance et d\u2019apparence. Il faut constamment d\u00e9montrer que nous ne sommes pas si mauvais ! C\u2019est un effort qui co\u00fbte beaucoup d\u2019\u00e9nergie et de ressources ! Le l\u00e9galisme offense Dieu puisqu\u2019au fond il tente vainement de nous rendre justes par nous-m\u00eames. <\/span><\/span><\/span><\/p>\n<p style=\"margin-bottom: 0cm; text-align: justify;\" align=\"LEFT\">\u00a0<\/p>\n<p style=\"margin-bottom: 0cm; text-align: justify;\" align=\"LEFT\"><span style=\"color: #231f20;\"><span style=\"font-family: Arial,sans-serif;\"><span style=\"font-size: small;\">L\u2019ob\u00e9issance, par contre, consiste \u00e0 nous confier en Dieu, \u00e0 nous ouvrir \u00e0 son oeuvre, \u00e0 laisser l\u2019Esprit Saint travailler nos vies pour les transformer. L\u2019Esprit Saint occupe une place importante dans l\u2019<span style=\"background-color: #ccffff;\"><em>\u00e9p\u00eetre aux Galates<\/em><\/span>. Le terme revient 16 fois. Notre bon combat se situe au niveau de la confiance en Dieu, de notre \u00ab oui \u00bb \u00e0 lui sans restriction et de notre d\u00e9sir de voir le salut de Dieu s\u2019incarner dans nos vies. Dans un coeur ainsi dispos\u00e9, l\u2019Esprit de Dieu peut faire son oeuvre. La liste du fruit de l\u2019Esprit Saint <span style=\"background-color: #ccffff;\"><em>(5.22-23)<\/em><\/span> montre la dynamique dans laquelle \u00e9volue le croyant. Il grandit et s\u2019\u00e9panouit dans le salut de Dieu. <\/span><\/span><\/span><\/p>\n<p style=\"margin-bottom: 0cm; text-align: justify;\" align=\"LEFT\"><span style=\"color: #231f20;\"><span style=\"font-family: Arial,sans-serif;\"><span style=\"font-size: small;\">Sommes-nous dans une bonne dynamique d\u2019ob\u00e9issance dans notre vie chr\u00e9tienne ? Nous ouvrons-nous \u00e0 l\u2019oeuvre de l\u2019Esprit Saint dans nos vies ? Sommesnous anim\u00e9s par un d\u00e9sir d\u2019authenticit\u00e9, de sinc\u00e9rit\u00e9 et de profondeur ? Quels fruits voyons-nous appara\u00eetre dans nos vies ? <\/span><\/span><\/span><\/p>\n<h3 align=\"LEFT\">\u00a0<\/h3>\n<h3 align=\"LEFT\"><em><span style=\"color: #ff0000;\">Comment s\u2019articulent le l\u00e9galisme et l\u2019ob\u00e9issance dans nos relations les uns avec les autres ?<\/span> <\/em><\/h3>\n<p style=\"margin-bottom: 0cm; text-align: justify;\" align=\"LEFT\"><span style=\"color: #231f20;\"><span style=\"font-family: Arial,sans-serif;\"><span style=\"font-size: small;\"><a href=\"\/wp-content\/uploads\/2013\/01\/liste-coche.jpg\"><img loading=\"lazy\" decoding=\"async\" class=\"size-full wp-image-8104 alignright\" style=\"margin: 10px;\" src=\"\/wp-content\/uploads\/2013\/01\/liste-coche.jpg\" alt=\"liste-coche\" width=\"357\" height=\"283\" srcset=\"https:\/\/www.servir.caef.net\/wp-content\/uploads\/2013\/01\/liste-coche.jpg 357w, https:\/\/www.servir.caef.net\/wp-content\/uploads\/2013\/01\/liste-coche-300x237.jpg 300w\" sizes=\"auto, (max-width: 357px) 100vw, 357px\" \/><\/a>Le l\u00e9galisme nous fait vivre dans la crainte du regard des autres, nous pousse sans cesse \u00e0 nous comparer aux autres et finalement nous conduit dans bien des tensions et des conflits. L\u2019ap\u00f4tre Paul reprend s\u00e9v\u00e8rement une \u00ab colonne \u00bb de l\u2019\u00c9glise primitive, Pierre lui-m\u00eame. Cela nous est racont\u00e9 dans <span style=\"background-color: #ccffff;\"><em>Galates 2.11-14<\/em><\/span>. En effet, \u00e0 Antioche, Pierre mangeait \u00e0 table avec des chr\u00e9tiens d\u2019origine pa\u00efenne. Mais quand Jacques arrive avec un groupe de chr\u00e9tiens d\u2019origine juive, il quitte discr\u00e8tement la table et d\u2019autres le suivent. Il le fait par crainte de la r\u00e9action de Jacques. Avec cette r\u00e9action, il offense les fr\u00e8res et soeurs d\u2019origine pa\u00efenne et l\u2019ap\u00f4tre Paul dit qu\u2019il n\u2019est pas en accord avec l\u2019\u00c9vangile. Cet exemple montre que personne n\u2019est \u00e0 l\u2019abri du pi\u00e8ge de l\u00e9galisme. Notre naturel est plus proche du l\u00e9galisme que ce que nous voulons souvent admettre. Le l\u00e9galisme offense Dieu puisqu\u2019au fond il est centr\u00e9 sur nous-m\u00eames. <\/span><\/span><\/span><\/p>\n<p style=\"margin-bottom: 0cm; text-align: justify;\" align=\"LEFT\">\u00a0<\/p>\n<p style=\"margin-bottom: 0cm; text-align: justify;\" align=\"LEFT\"><span style=\"color: #231f20;\"><span style=\"font-family: Arial,sans-serif;\"><span style=\"font-size: small;\">L\u2019ob\u00e9issance nous rend libres, et une preuve de cette libert\u00e9 est notre amour du prochain <span style=\"background-color: #ccffff;\"><em>(5.13-15)<\/em><\/span>. La libert\u00e9 dans le sens biblique n\u2019est pas l\u2019autonomie, mais la capacit\u00e9 de rejeter le mal et de pratiquer le bien. Au <span style=\"background-color: #ccffff;\"><em>chapitre 6<\/em><\/span>, l\u2019ap\u00f4tre Paul montre \u00e0 travers quatre exemples comment cela peut se traduire dans nos relations : <\/span><\/span><\/span><\/p>\n<p style=\"margin-bottom: 0cm; text-align: justify;\" align=\"LEFT\">\u00a0<\/p>\n<p style=\"margin-bottom: 0cm; text-align: justify;\" align=\"LEFT\"><span style=\"color: #231f20;\"><span style=\"font-family: Arial,sans-serif;\"><span style=\"font-size: small;\">\u2022 Nous pouvons nous aider mutuellement \u00e0 nous restaurer du p\u00e9ch\u00e9 <span style=\"background-color: #ccffff;\"><em>(6.1)<\/em><\/span>. Le verbe employ\u00e9 vient de la m\u00e9decine et s\u2019applique \u00e0 ce qui est d\u00e9mis et qu\u2019il faut remettre. <\/span><\/span><\/span><\/p>\n<p style=\"margin-bottom: 0cm; text-align: justify;\" align=\"LEFT\"><span style=\"color: #231f20;\"><span style=\"font-family: Arial,sans-serif;\"><span style=\"font-size: small;\">\u2022 Nous sommes appel\u00e9s \u00e0 porter les fardeaux les uns des autres <span style=\"background-color: #ccffff;\"><em>(6.2)<\/em><\/span>. <\/span><\/span><\/span><\/p>\n<p style=\"margin-bottom: 0cm; text-align: justify;\" align=\"LEFT\"><span style=\"color: #231f20;\"><span style=\"font-family: Arial,sans-serif;\"><span style=\"font-size: small;\">\u2022 L\u2019ap\u00f4tre nous invite \u00e0 consid\u00e9rer les autres comme plus importants que nous-m\u00eames <span style=\"background-color: #ccffff;\"><em>(6.3-5)<\/em><\/span>. <\/span><\/span><\/span><\/p>\n<p style=\"margin-bottom: 0cm; text-align: justify;\" align=\"LEFT\"><span style=\"color: #231f20;\"><span style=\"font-family: Arial,sans-serif;\"><span style=\"font-size: small;\">\u2022 Finalement, nous sommes encourag\u00e9s \u00e0 faire du bien <span style=\"background-color: #ccffff;\"><em>(6.6-10)<\/em><\/span>. <\/span><\/span><\/span><\/p>\n<p style=\"margin-bottom: 0cm; text-align: justify;\" align=\"LEFT\">\u00a0<\/p>\n<p style=\"margin-bottom: 0cm; text-align: justify;\" align=\"LEFT\"><span style=\"color: #231f20;\"><span style=\"font-family: Arial,sans-serif;\"><span style=\"font-size: small;\">Nos relations sont-elles marqu\u00e9es par le d\u00e9sir de servir les autres par amour ? Sommes-nous lib\u00e9r\u00e9s de nous-m\u00eames pour aller \u00e0 la rencontre de l\u2019autre ? <\/span><\/span><\/span><\/p>\n<p style=\"margin-bottom: 0cm; text-align: justify;\" align=\"LEFT\"><span style=\"color: #231f20;\"><span style=\"font-family: Arial,sans-serif;\"><span style=\"font-size: small;\">L\u2019ap\u00f4tre Paul combat et condamne le l\u00e9galisme avec une tr\u00e8s grande fermet\u00e9. Il ne correspond pas \u00e0 l\u2019\u00c9vangile. Il cache une tr\u00e8s mauvaise disposition, comme le r\u00e9sume si bien Henri BLOCHER<strong><sub>1<\/sub><\/strong> : <\/span><\/span><\/span><\/p>\n<table style=\"background-color: #ee0011;\" border=\"0\">\n<tbody>\n<tr>\n<td style=\"text-align: justify;\"><strong><span style=\"font-size: small; color: #ffffff;\"><em>Le l\u00e9galisme est une tentative d\u2019\u00e9viter la pleine autorit\u00e9 du Seigneur sur nous : nous essayons de faire notre petit jeu avec les commandements, que nous manipulons. Cela nous opprime, mais, en m\u00eame temps, nous sommes les ma\u00eetres du jeu. Le l\u00e9galisme est un effort pour \u00e9chapper \u00e0 la par faite souverainet\u00e9 sur nous de ce P\u00e8re qui nous donne l\u2019\u00eatre, et qui exprime la v\u00e9rit\u00e9 de cet \u00eatre dans sa loi pour nous.<\/em><\/span><\/strong><\/td>\n<\/tr>\n<\/tbody>\n<\/table>\n<p style=\"margin-bottom: 0cm; text-align: justify;\" align=\"LEFT\">\u00a0<\/p>\n<p style=\"margin-bottom: 0cm; text-align: justify;\" align=\"LEFT\"><span style=\"color: #231f20;\"><span style=\"font-family: Arial,sans-serif;\"><span style=\"font-size: small;\">L\u2019ob\u00e9issance va beaucoup plus loin que le l\u00e9galisme. L\u2019ob\u00e9issance c\u2019est nous confier enti\u00e8rement \u00e0 Dieu, c\u2019est prendre appui sur ce que Dieu est, fait et dit et vivre en cons\u00e9quence. Comme disait d\u00e9j\u00e0 jadis le proph\u00e8te \u00c9sa\u00efe : <span style=\"background-color: #ccffff;\"><i>Si vous n\u2019avez pas la foi vous ne subsisterez pas <\/i>(Es 7.9)<\/span>. La foi est une question existentielle pour le chr\u00e9tien et cela dans tous les aspects de la vie. Les ressources du chr\u00e9tien ne sont pas en lui-m\u00eame, mais dans la gr\u00e2ce de Dieu manifest\u00e9e par la pr\u00e9sence et l\u2019action du Saint-Esprit. Ces ressources sont accessibles \u00e0 ceux qui croient. <\/span><\/span><\/span><\/p>\n<p style=\"margin-bottom: 0cm; text-align: justify;\" align=\"LEFT\">\u00a0<\/p>\n<p style=\"margin-bottom: 0cm; text-align: justify;\" align=\"LEFT\"><span style=\"color: #231f20;\"><span style=\"font-family: Arial,sans-serif;\"><span style=\"font-size: small;\"><span style=\"background-color: #ccffff;\"><i>Puisque l\u2019Esprit est la source de notre vie, laissons-le aussi diriger notre conduite ! <\/i>(5.25)<\/span> <\/span><\/span><\/span><\/p>\n<p style=\"margin-bottom: 0cm; text-align: justify;\" align=\"LEFT\">\u00a0<\/p>\n<p style=\"margin-bottom: 0cm; text-align: justify;\" align=\"LEFT\"><span style=\"color: #231f20;\"><span style=\"font-family: Arial,sans-serif;\"><span style=\"font-size: small;\">L.M. <\/span><\/span><\/span><\/p>\n<p style=\"margin-bottom: 0cm; text-align: justify;\" align=\"LEFT\">\u00a0<\/p>\n<p style=\"margin-bottom: 0cm; text-align: justify;\" align=\"LEFT\">\u00a0<\/p>\n<hr \/>\n<p style=\"margin-bottom: 0cm; text-align: justify;\" align=\"LEFT\">\u00a0NOTES<\/p>\n<p style=\"margin-bottom: 0cm; text-align: justify;\" align=\"LEFT\">\u00a0<\/p>\n<p><span style=\"color: #231f20;\"><span style=\"font-family: Arial,sans-serif;\"><span style=\"font-size: small;\"><strong>1.<\/strong><a href=\"http:\/\/%20www.eglisedutabernacle.fr\/divers\/foi-chretienne-et-legalisme\/\"> www.eglisedutabernacle.fr\/divers\/foi-chretienne-et-legalisme\/<\/a> <i>Pr\u00e9dication du 12 octobre 2012<\/i><\/span><\/span><\/span><\/p>\n","protected":false},"excerpt":{"rendered":"<p>Ob\u00e9issance et l\u00e9galisme, \u00a0 comment distinguer ? \u00a0 L\u2019\u00e9p\u00eetre aux Galates \u00a0 \u00a0 Par L\u00e9onard Mutzner \u00a0 L\u2019ap\u00f4tre Paul est inquiet. Au lieu de commencer par des \u00e9loges \u00e0 l\u2019\u00e9gard des destinataires de sa lettre ou avec une pri\u00e8re de reconnaissance, il entre tout de suite dans le vif du sujet en leur exprimant son [&hellip;]<\/p>\n","protected":false},"author":78,"featured_media":0,"comment_status":"closed","ping_status":"closed","sticky":false,"template":"","format":"standard","meta":{"footnotes":""},"categories":[44,59,69,68],"tags":[],"class_list":["post-8101","post","type-post","status-publish","format-standard","hentry","category-dieu-et-justice","category-etudes-bibliques","category-grace","category-la-loi"],"_links":{"self":[{"href":"https:\/\/www.servir.caef.net\/index.php?rest_route=\/wp\/v2\/posts\/8101","targetHints":{"allow":["GET"]}}],"collection":[{"href":"https:\/\/www.servir.caef.net\/index.php?rest_route=\/wp\/v2\/posts"}],"about":[{"href":"https:\/\/www.servir.caef.net\/index.php?rest_route=\/wp\/v2\/types\/post"}],"author":[{"embeddable":true,"href":"https:\/\/www.servir.caef.net\/index.php?rest_route=\/wp\/v2\/users\/78"}],"replies":[{"embeddable":true,"href":"https:\/\/www.servir.caef.net\/index.php?rest_route=%2Fwp%2Fv2%2Fcomments&post=8101"}],"version-history":[{"count":0,"href":"https:\/\/www.servir.caef.net\/index.php?rest_route=\/wp\/v2\/posts\/8101\/revisions"}],"wp:attachment":[{"href":"https:\/\/www.servir.caef.net\/index.php?rest_route=%2Fwp%2Fv2%2Fmedia&parent=8101"}],"wp:term":[{"taxonomy":"category","embeddable":true,"href":"https:\/\/www.servir.caef.net\/index.php?rest_route=%2Fwp%2Fv2%2Fcategories&post=8101"},{"taxonomy":"post_tag","embeddable":true,"href":"https:\/\/www.servir.caef.net\/index.php?rest_route=%2Fwp%2Fv2%2Ftags&post=8101"}],"curies":[{"name":"wp","href":"https:\/\/api.w.org\/{rel}","templated":true}]}}