{"id":8119,"date":"2013-01-15T08:19:37","date_gmt":"2013-01-15T08:19:37","guid":{"rendered":"\/?p=8119"},"modified":"2017-05-17T15:21:05","modified_gmt":"2017-05-17T15:21:05","slug":"le-chretien-dans-la-science","status":"publish","type":"post","link":"https:\/\/www.servir.caef.net\/?p=8119","title":{"rendered":"\u00ab Le chr\u00e9tien dans la science \u00bb"},"content":{"rendered":"<h1 style=\"text-align: center;\" align=\"LEFT\">\u00ab Le chr\u00e9tien dans la science \u00bb<\/h1>\n<p style=\"text-align: justify;\" align=\"LEFT\">\u00a0<a href=\"\/wp-content\/uploads\/2013\/01\/chretien-science-1.jpg\"><img loading=\"lazy\" decoding=\"async\" class=\"alignnone size-full wp-image-8121\" src=\"\/wp-content\/uploads\/2013\/01\/chretien-science-1.jpg\" alt=\"chretien-science-1\" width=\"771\" height=\"497\" srcset=\"https:\/\/www.servir.caef.net\/wp-content\/uploads\/2013\/01\/chretien-science-1.jpg 771w, https:\/\/www.servir.caef.net\/wp-content\/uploads\/2013\/01\/chretien-science-1-300x193.jpg 300w\" sizes=\"auto, (max-width: 771px) 100vw, 771px\" \/><\/a><\/p>\n<p style=\"text-align: justify;\" align=\"LEFT\"><span style=\"color: #800000;\"><strong>Par FRAN\u00c7OIS-JEAN MARTIN<\/strong><\/span><\/p>\n<p style=\"text-align: justify;\" align=\"LEFT\">\u00a0<a href=\"\/wp-content\/uploads\/2011\/02\/FJMartin.jpg\"><img loading=\"lazy\" decoding=\"async\" class=\"size-full wp-image-295 alignleft\" style=\"margin: 10px;\" src=\"\/wp-content\/uploads\/2011\/02\/FJMartin.jpg\" alt=\"Fran\u00e7ois-Jean Martin\" width=\"76\" height=\"99\" \/><\/a><\/p>\n<p style=\"text-align: justify;\" align=\"LEFT\"><span style=\"font-family: Arial,sans-serif;\"><span style=\"font-size: small;\"><span style=\"color: #231f20;\">Le R\u00e9seau des Scientifiques \u00c9vang\u00e9liques (RSE) a organis\u00e9 le samedi 19 janvier 2013 \u00e0 Paris, dans les locaux de l\u2019\u00c9glise \u00e9vang\u00e9lique chinoise, sa 5\u00e8me journ\u00e9e annuelle d\u2019\u00e9tudes et de rencontre. La journ\u00e9e \u00e9tait ouverte \u00e0 tout chr\u00e9tien \u00e9vang\u00e9lique \u00e0 profil scientifique, aux \u00e9tudiants, ainsi qu\u2019\u00e0 ceux qui avaient un int\u00e9r\u00eat professionnel pour le domaine. <\/span><\/span><\/span><\/p>\n<p style=\"text-align: justify;\" align=\"LEFT\"><!--more--><\/p>\n<p style=\"text-align: justify;\" align=\"LEFT\"><span style=\"font-family: Arial,sans-serif;\"><span style=\"font-size: small;\"><span style=\"color: #231f20;\"><em><strong><em><a href=\"\/wp-content\/uploads\/2013\/pdf2013\/Servir%201-2013%20Le%20l%C3%A9galisme.pdf#31\" target=\"_blank\"><img loading=\"lazy\" decoding=\"async\" title=\"iconePDF\" src=\"\/wp-content\/uploads\/2011\/01\/iconePDF.jpg\" alt=\"\" width=\"81\" height=\"76\" align=\"right\" hspace=\"8\" vspace=\"8\" \/><\/a><\/em><\/strong><\/em>Une soixantaine d\u2019\u00e9tudiants, de chercheurs et de th\u00e9ologiens avaient brav\u00e9 les conditions climatiques particuli\u00e8rement difficiles pour se retrouver et travailler ensemble. Organis\u00e9e et pr\u00e9sid\u00e9e de main de ma\u00eetre par Rachel VAUGHAN et Lydia JAEGER, la journ\u00e9e a permis les apports des orateurs suivants : Jacques BLOCHER, David BROWN, Isabelle GODIN, Yannick IMBERT, Alain LOMBET, Fran\u00e7ois-Jean MARTIN, Jean- Pascal PFISTER, Prisca ROBITZER. Le th\u00e8me d\u00e9clin\u00e9 en conf\u00e9rences, t\u00e9moignages, ateliers et table ronde \u00e9tait \u00ab Le chr\u00e9tien dans la science \u00bb<sub><strong>1<\/strong><\/sub>. En effet, malgr\u00e9 le r\u00f4le moteur <a href=\"\/wp-content\/uploads\/2013\/01\/chretien-science-2.jpg\"><img loading=\"lazy\" decoding=\"async\" class=\"wp-image-8123 alignleft\" style=\"margin: 10px;\" src=\"\/wp-content\/uploads\/2013\/01\/chretien-science-2.jpg\" alt=\"chretien-science-2\" width=\"142\" height=\"299\" \/><\/a>que les convictions bibliques ont jou\u00e9 \u00e0 l\u2019origine de la science moderne, travailler aujourd\u2019hui dans le domaine scientifique n\u2019est pas sans difficult\u00e9 pour le chr\u00e9tien. Ainsi diverses interrogations sont tr\u00e8s pr\u00e9sentes, comme : \u00ab Comment vivre sa foi dans le milieu scientifique ? Comment maintenir v\u00e9rit\u00e9 et int\u00e9grit\u00e9 dans la recherche, garder l\u2019\u00e9quilibre et la v\u00e9racit\u00e9 dans l\u2019enseignement ? Et comment r\u00e9pondre aux questions des coll\u00e8gues\/camarades ath\u00e9es ? \u00bb Cette journ\u00e9e a permis, par la qualit\u00e9 des apports et des \u00e9changes, d\u2019aborder ces diff\u00e9rentes questions et aux participants non seulement d\u2019augmenter leurs connaissances, mais aussi de s\u2019encourager mutuellement \u00e0 \u00eatre \u00ab sel et lumi\u00e8re \u00bb dans les diff\u00e9rents milieux scientifiques. La pr\u00e9sence d\u2019une majorit\u00e9 de jeunes chercheurs leur a aussi donn\u00e9 la possibilit\u00e9 d\u2019aborder et d\u2019\u00e9changer, avec des coll\u00e8gues plus exp\u00e9riment\u00e9s, sur les probl\u00e8mes qu\u2019ils rencontrent par rapport \u00e0 leur foi et au v\u00e9cu d\u2019une \u00e9thique \u00e9vang\u00e9lique dans une profession qui est aussi souvent une passion qui, comme d\u2019autres, peut se r\u00e9v\u00e9ler d\u00e9vorante et destructrice, en particulier par les attentes et exigences qu\u2019impose le syst\u00e8me actuel. <\/span><\/span><\/span><\/p>\n<p style=\"text-align: justify;\" align=\"LEFT\">\u00a0<\/p>\n<p style=\"text-align: justify;\" align=\"LEFT\"><span style=\"font-family: Arial,sans-serif;\"><span style=\"font-size: small;\"><span style=\"color: #231f20;\">Cette journ\u00e9e a permis aussi de voir la sortie des textes des conf\u00e9rences de l\u2019ann\u00e9e derni\u00e8re publi\u00e9s dans un ouvrage intitul\u00e9 <strong>\u00ab <\/strong><\/span><strong><span style=\"color: #231f20;\"><i>Adam, qui es-tu ? Perspectives bibliques et scientifiques sur l\u2019origine de l\u2019humanit\u00e9 <\/i><\/span><\/strong><span style=\"color: #231f20;\"><strong><i>\u00bb<\/i><\/strong><sub><strong>2<i> <\/i><\/strong><\/sub><\/span><\/span><\/span><\/p>\n<p align=\"LEFT\">\u00a0<\/p>\n<p align=\"LEFT\"><span style=\"font-family: Arial,sans-serif;\"><span style=\"font-size: small;\"><span style=\"color: #231f20;\">FRAN\u00c7OIS-JEAN MARTIN <\/span><\/span><\/span><\/p>\n<hr \/>\n<p align=\"LEFT\">NOTES<\/p>\n<p align=\"LEFT\">\u00a0<\/p>\n<p align=\"LEFT\"><span style=\"font-family: Arial,sans-serif;\"><span style=\"font-size: small;\"><span style=\"color: #231f20;\"><strong>1.<\/strong> Pour plus d\u2019informations et pouvoir \u00e9couter prochainement les diff\u00e9rentes interventions, on se reportera au site : <a href=\"http:\/\/www.scientifiquesevangeliques.org\">www.scientifiquesevangeliques.org<\/a>. <\/span><\/span><\/span><\/p>\n<p align=\"LEFT\">\u00a0<\/p>\n<p align=\"LEFT\"><span style=\"font-family: Arial,sans-serif;\"><span style=\"font-size: small;\"><span style=\"color: #231f20;\"><strong>2.<\/strong> \u00c9diteurs GBU-Excelsis, 2013, 216 pages, 21 <\/span><span style=\"color: #231f20;\">\u20ac<\/span><\/span><\/span><\/p>\n<p align=\"LEFT\">\u00a0<\/p>\n","protected":false},"excerpt":{"rendered":"<p>\u00ab Le chr\u00e9tien dans la science \u00bb \u00a0 Par FRAN\u00c7OIS-JEAN MARTIN \u00a0 Le R\u00e9seau des Scientifiques \u00c9vang\u00e9liques (RSE) a organis\u00e9 le samedi 19 janvier 2013 \u00e0 Paris, dans les locaux de l\u2019\u00c9glise \u00e9vang\u00e9lique chinoise, sa 5\u00e8me journ\u00e9e annuelle d\u2019\u00e9tudes et de rencontre. La journ\u00e9e \u00e9tait ouverte \u00e0 tout chr\u00e9tien \u00e9vang\u00e9lique \u00e0 profil scientifique, aux \u00e9tudiants, [&hellip;]<\/p>\n","protected":false},"author":3,"featured_media":0,"comment_status":"closed","ping_status":"closed","sticky":false,"template":"","format":"standard","meta":{"footnotes":""},"categories":[5,21,11],"tags":[],"class_list":["post-8119","post","type-post","status-publish","format-standard","hentry","category-conferences-et-congres","category-ethique","category-la-vie-du-chretien"],"_links":{"self":[{"href":"https:\/\/www.servir.caef.net\/index.php?rest_route=\/wp\/v2\/posts\/8119","targetHints":{"allow":["GET"]}}],"collection":[{"href":"https:\/\/www.servir.caef.net\/index.php?rest_route=\/wp\/v2\/posts"}],"about":[{"href":"https:\/\/www.servir.caef.net\/index.php?rest_route=\/wp\/v2\/types\/post"}],"author":[{"embeddable":true,"href":"https:\/\/www.servir.caef.net\/index.php?rest_route=\/wp\/v2\/users\/3"}],"replies":[{"embeddable":true,"href":"https:\/\/www.servir.caef.net\/index.php?rest_route=%2Fwp%2Fv2%2Fcomments&post=8119"}],"version-history":[{"count":0,"href":"https:\/\/www.servir.caef.net\/index.php?rest_route=\/wp\/v2\/posts\/8119\/revisions"}],"wp:attachment":[{"href":"https:\/\/www.servir.caef.net\/index.php?rest_route=%2Fwp%2Fv2%2Fmedia&parent=8119"}],"wp:term":[{"taxonomy":"category","embeddable":true,"href":"https:\/\/www.servir.caef.net\/index.php?rest_route=%2Fwp%2Fv2%2Fcategories&post=8119"},{"taxonomy":"post_tag","embeddable":true,"href":"https:\/\/www.servir.caef.net\/index.php?rest_route=%2Fwp%2Fv2%2Ftags&post=8119"}],"curies":[{"name":"wp","href":"https:\/\/api.w.org\/{rel}","templated":true}]}}