{"id":8194,"date":"1998-07-30T17:28:47","date_gmt":"1998-07-30T17:28:47","guid":{"rendered":"\/?p=8194"},"modified":"2016-06-01T07:01:08","modified_gmt":"2016-06-01T07:01:08","slug":"lautorite-dans-leglise-locale-3partie","status":"publish","type":"post","link":"https:\/\/www.servir.caef.net\/?p=8194","title":{"rendered":"L&rsquo;autorit\u00e9 dans l&rsquo;Eglise locale (3\u00b0partie)"},"content":{"rendered":"<h1 style=\"text-align: center;\" align=\"LEFT\"><a href=\"\/wp-content\/uploads\/2008\/03\/trinite-2.jpg\"><img loading=\"lazy\" decoding=\"async\" class=\" wp-image-8294 alignleft\" src=\"\/wp-content\/uploads\/2008\/03\/trinite-2.jpg\" alt=\"trinite-2\" width=\"134\" height=\"167\" \/><\/a>L&rsquo;autorit\u00e9 dans l&rsquo;Eglise locale<sub>1 <a href=\"\/wp-content\/uploads\/2009\/05\/serv3.gif\"><img loading=\"lazy\" decoding=\"async\" class=\" wp-image-6371 alignright\" src=\"\/wp-content\/uploads\/2009\/05\/serv3.gif\" alt=\"serv3\" width=\"210\" height=\"132\" \/><\/a><\/sub><\/h1>\n<p style=\"text-align: justify;\" align=\"LEFT\">\u00a0<\/p>\n<h3 style=\"text-align: center;\" align=\"LEFT\">(3\u00e8me partie)<\/h3>\n<p style=\"text-align: justify;\" align=\"LEFT\">\u00a0<\/p>\n<p style=\"text-align: justify;\" align=\"LEFT\">\u00a0<\/p>\n<p style=\"text-align: justify;\" align=\"LEFT\">\u00a0<\/p>\n<p style=\"text-align: justify;\" align=\"LEFT\">\u00a0<\/p>\n<p style=\"text-align: justify;\" align=\"LEFT\">\u00a0<\/p>\n<p style=\"text-align: justify;\" align=\"LEFT\">\u00a0<\/p>\n<p style=\"text-align: justify;\" align=\"LEFT\">\u00a0<\/p>\n<p style=\"text-align: justify;\" align=\"LEFT\">\u00a0<\/p>\n<p style=\"text-align: justify;\" align=\"LEFT\">\u00a0<\/p>\n<p style=\"text-align: justify;\" align=\"LEFT\"><strong><span style=\"font-family: Arial, sans-serif; font-size: medium;\"><span style=\"color: #000000;\"><span style=\"color: #800000;\">par Jacques Dubois<\/span> <\/span><\/span><\/strong><\/p>\n<p style=\"text-align: justify;\" align=\"LEFT\">\u00a0<\/p>\n<h2 align=\"LEFT\">\u00a0<\/h2>\n<h1 align=\"LEFT\">LES LIMITES DE L&rsquo;AUTORITE<\/h1>\n<p style=\"text-align: justify;\" align=\"LEFT\">\u00a0<\/p>\n<p style=\"text-align: justify;\" align=\"LEFT\">\u00a0<\/p>\n<p style=\"text-align: justify;\" align=\"LEFT\"><span style=\"font-family: Arial, sans-serif;\"><span style=\"font-size: small;\"><span style=\"color: #000000;\"><i><span style=\"background-color: #ccffff;\">Le P\u00e8re de gloire [&#8230;] a mis en action sa force souveraine dans le Christ, en le ressuscitant d&rsquo;entre les morts et en le faisant asseoir \u00e0 sa droite dans les lieux c\u00e9lestes, au-dessus de toute principaut\u00e9, autorit\u00e9, puissance, souverainet\u00e9 [&#8230;]. Il a tout mis sous ses pieds. (Ep. 1.17-23).<\/span> <\/i><\/span><\/span><\/span><\/p>\n<h3 align=\"LEFT\">\u00a0<\/h3>\n<h3 align=\"LEFT\">En Dieu aucune limite &#8230;<\/h3>\n<p style=\"text-align: justify;\" align=\"LEFT\">\u00a0<\/p>\n<p style=\"text-align: justify;\" align=\"LEFT\"><span style=\"font-family: Arial, sans-serif;\"><span style=\"font-size: small;\"><span style=\"color: #000000;\">en aucun domaine, que ce soit dans le ciel, sur la terre, aujourd&rsquo;hui ou dans l&rsquo;avenir. Le Christ est notre chef supr\u00eame. Il est la t\u00eate, nous sommes son corps, unis \u00e0 Lui, et nous voil\u00e0 pourtant dans la n\u00e9cessit\u00e9 de parler de nos limites. Contradiction ? Paradoxe ? Contradiction, certainement pas. En Christ, il n y a pas le oui et le non en m\u00eame temps. Mais comme le Christ sur la terre a \u00e9t\u00e9 abaiss\u00e9 et humili\u00e9 pour un temps, ainsi le sommes-nous, en attendant de le rejoindre quand il reviendra dans sa gloire. <\/span><\/span><\/span><\/p>\n<p style=\"text-align: justify;\" align=\"LEFT\">\u00a0<\/p>\n<p style=\"text-align: justify;\" align=\"LEFT\"><span style=\"font-family: Arial, sans-serif;\"><span style=\"font-size: small;\"><span style=\"color: #000000;\">Quelles sont alors nos limites ? On peut en distinguer trois groupes principaux. <\/span><\/span><\/span><\/p>\n<p style=\"text-align: justify;\" align=\"LEFT\">\u00a0<!--more--><\/p>\n<p style=\"text-align: right;\"><strong><a href=\"\/wp-content\/uploads\/1998\/pdf1998\/1998_02_01_autoriteldansleglise3parties.pdf\"><span style=\"color: #993366;\">Version compl\u00e8te en 3 parties<\/span><\/a><\/strong><br \/> <a href=\"\/wp-content\/uploads\/1998\/pdf1998\/1998_02_01_autoriteldansleglise3parties.pdf\"><img loading=\"lazy\" decoding=\"async\" title=\"iconePDF\" src=\"\/wp-content\/uploads\/2011\/01\/iconePDF.jpg\" alt=\"\" width=\"81\" height=\"76\" align=\"right\" hspace=\"8\" vspace=\"8\" \/><\/a><\/p>\n<p align=\"JUSTIFY\">\u00a0<\/p>\n<p>&nbsp;<\/p>\n<p align=\"LEFT\">\u00a0<\/p>\n<p align=\"LEFT\">\u00a0<\/p>\n<p align=\"LEFT\">\u00a0<\/p>\n<p align=\"LEFT\">\u00a0<\/p>\n<p align=\"LEFT\">\u00a0<\/p>\n<h2 align=\"LEFT\">A. Les limites impos\u00e9es par la volont\u00e9 de Dieu<\/h2>\n<p align=\"LEFT\">\u00a0<\/p>\n<h3 align=\"LEFT\"><a href=\"\/wp-content\/uploads\/1998\/pdf1998\/1998_04_01_autoritedansleglise3.pdf\"><img loading=\"lazy\" decoding=\"async\" title=\"iconePDF\" src=\"\/wp-content\/uploads\/2011\/01\/iconePDF.jpg\" alt=\"\" width=\"81\" height=\"76\" align=\"right\" hspace=\"8\" vspace=\"8\" \/><\/a>1 ) Limites li\u00e9es \u00e0 notre h\u00e9ritage g\u00e9n\u00e9tique<\/h3>\n<p style=\"text-align: justify;\" align=\"LEFT\">\u00a0<\/p>\n<p style=\"text-align: justify;\" align=\"LEFT\"><span style=\"font-family: Arial, sans-serif;\"><span style=\"font-size: small;\"><span style=\"color: #000000;\">Cet h\u00e9ritage s&rsquo;inscrit dans notre physique, dans l&rsquo;aspect moral de notre \u00eatre, dans sa dimension spirituelle. Nous sommes chacun de nous une cr\u00e9ature unique de Dieu, avec nos potentialit\u00e9s mais aussi nos barri\u00e8res. Elles nous sont impos\u00e9es et nous sont propres. <\/span><\/span><\/span><\/p>\n<p style=\"text-align: justify;\" align=\"LEFT\">\u00a0<\/p>\n<p style=\"text-align: justify;\" align=\"LEFT\"><span style=\"font-family: Arial, sans-serif;\"><span style=\"font-size: small;\"><span style=\"color: #000000;\">Paul n&rsquo;\u00e9tait pas Pierre, qui lui-m\u00eame n&rsquo;\u00e9tait pas Apollos. Dieu donne \u00e0 chacun sa propre mesure et il faut s&rsquo;en contenter ; car \u00e0 l&rsquo;int\u00e9rieur de cette mesure, Dieu manifeste la puissance de sa gr\u00e2ce. Une limite : <\/span><span style=\"color: #000000;\"><i><span style=\"background-color: #ccffff;\">une \u00e9charde dans la chair<\/span>&#8230; <\/i><\/span><span style=\"color: #000000;\">La r\u00e9ponse du Seigneur : <\/span><span style=\"color: #000000;\"><i><span style=\"background-color: #ccffff;\">ma gr\u00e2ce te suffit<\/span>. <\/i><\/span><span style=\"color: #000000;\">La conclusion de Paul : <\/span><span style=\"color: #000000; background-color: #ccffff;\"><i>Quand je suis faible, c&rsquo;est alors que je suis fort <\/i><\/span><span style=\"color: #000000;\"><span style=\"background-color: #ccffff;\">(2 Co 12)<\/span>. <\/span><\/span><\/span><\/p>\n<p style=\"text-align: justify;\" align=\"LEFT\">\u00a0<\/p>\n<p style=\"text-align: justify;\" align=\"LEFT\"><span style=\"font-family: Arial, sans-serif;\"><span style=\"font-size: small;\"><span style=\"color: #000000;\">Qui peut d\u00e9cider de la dur\u00e9e de son existence, de sa sant\u00e9, de sa maladie, de sa vitalit\u00e9, de sa faiblesse, de ses dons&#8230; ? Les uns en ont un peu plus, les autres un peu moins. On doit accepter ses limites personnelles, refuser le m\u00e9pris ou la jalousie ! <\/span><\/span><\/span><\/p>\n<p style=\"text-align: justify;\" align=\"LEFT\">\u00a0<\/p>\n<p style=\"text-align: justify;\" align=\"LEFT\"><span style=\"font-family: Arial, sans-serif;\"><span style=\"font-size: small;\"><span style=\"color: #000000;\">Ceux qui sont avec nous doivent aussi nous accepter avec nos limites. Bien que David dise au <span style=\"background-color: #ccffff;\">Ps 139.14 : <\/span><\/span><em><span style=\"color: #000000;\"><span style=\"background-color: #ccffff;\">Je te c\u00e9l\u00e8bre, car je suis une cr\u00e9ature merveilleuse<\/span>. <\/span><\/em><span style=\"color: #000000;\"><span style=\"background-color: #ffffff;\">Merveilleuse <\/span>oui, mais limit\u00e9e. <\/span><\/span><\/span><\/p>\n<p align=\"LEFT\">\u00a0<\/p>\n<h3 align=\"LEFT\">2) Limites personnelles inh\u00e9rentes \u00e0 la coll\u00e9gialit\u00e9<\/h3>\n<p style=\"text-align: justify;\" align=\"LEFT\">\u00a0<\/p>\n<p style=\"text-align: justify;\" align=\"LEFT\"><span style=\"font-family: Arial, sans-serif;\"><span style=\"font-size: small;\"><span style=\"color: #000000;\">Devoir travailler en coll\u00e9gialit\u00e9 implique l&rsquo;obligation de renoncer parfois \u00e0 une vision personnelle. On ne peut pas toujours s&rsquo;imposer dans le groupe. Les d\u00e9cisions se prennent ensemble, collectivement. Ce que l&rsquo;on perd en individualit\u00e9, on le gagne en coll\u00e9gialit\u00e9. Le b\u00e9n\u00e9fice final est incontestable. <\/span><\/span><\/span><\/p>\n<p style=\"text-align: justify;\" align=\"LEFT\">\u00a0<\/p>\n<p style=\"text-align: justify;\" align=\"LEFT\"><span style=\"font-family: Arial, sans-serif;\"><span style=\"font-size: small;\"><span style=\"color: #000000;\">Dans notre deuxi\u00e8me message<strong><sub>2<\/sub><\/strong> nous avons parl\u00e9 d&rsquo;une r\u00e8gle bien \u00e9tablie dans le N.T., celle de la coll\u00e9gialit\u00e9 consid\u00e9r\u00e9e comme une norme. <\/span><\/span><\/span><span style=\"font-family: Arial, sans-serif;\"><span style=\"font-size: small;\"><span style=\"color: #000000;\">. <\/span><span style=\"color: #000000;\">Avant de commencer son minist\u00e8re public, J\u00e9sus a choisi les Douze pour les avoir toujours avec lui. Plus tard, il a envoy\u00e9 70 disciples deux \u00e0 deux. Ils devaient apprendre \u00e0 travailler en \u00e9quipe. <\/span><\/span><\/span><\/p>\n<p style=\"text-align: justify;\" align=\"LEFT\">\u00a0<\/p>\n<p style=\"text-align: justify;\" align=\"LEFT\"><span style=\"font-family: Arial, sans-serif;\"><span style=\"font-size: small;\"><span style=\"color: #000000;\">Dans les <span style=\"background-color: #ccffff;\"><em>Actes<\/em><\/span>, il se pr\u00e9sente une situation o\u00f9 les ap\u00f4tres eux-m\u00eames d\u00e9l\u00e8guent \u00e0 l&rsquo;Eglise une responsabilit\u00e9 importante : la gestion mat\u00e9rielle. Ils choisissent 7 diacres. Il y a partage des responsabilit\u00e9s. Ce partage est toujours une d\u00e9centralisation, une certaine mani\u00e8re de \u00ab limiter \u00bb, en m\u00eame temps qu&rsquo;une multiplication b\u00e9n\u00e9fique. Rien d&rsquo;\u00e9tonnant puisque l&rsquo;on est dans la volont\u00e9 de Dieu. <\/span><\/span><\/span><\/p>\n<p style=\"text-align: justify;\" align=\"LEFT\">\u00a0<\/p>\n<p style=\"text-align: justify;\" align=\"LEFT\"><span style=\"font-family: Arial, sans-serif;\"><span style=\"font-size: small;\"><span style=\"color: #000000;\">Paul, pour sa part, respecte l&rsquo;autorit\u00e9 de l&rsquo;Eglise locale. Il ne d\u00e9cide pas tout, tout seul. Il ne prononce pas seul les jugements : \u00e0 Corinthe, il renvoie \u00e0 l&rsquo;Eglise la responsabilit\u00e9 de certaines d\u00e9cisions qui exigent un acte d&rsquo;autorit\u00e9 (d\u00e9sordres moraux, proc\u00e8s devant les infid\u00e8les, etc.). <\/span><\/span><\/span><\/p>\n<p style=\"text-align: justify;\" align=\"LEFT\">\u00a0<\/p>\n<p style=\"text-align: justify;\" align=\"LEFT\"><span style=\"font-family: Arial, sans-serif;\"><span style=\"font-size: small;\"><span style=\"color: #000000;\">Ce respect de la communaut\u00e9 doit se mettre en place le plus vite possible. Quand Paul commence \u00e0 Corinthe et a la joie de voir les premiers convertis, il prend soin de ne pas baptiser lui-m\u00eame <span style=\"background-color: #ccffff;\"><em>(1 Co 1.13-16)<\/em><\/span>. Paul se fixe des limites \u00e0 l&rsquo;exercice de son autorit\u00e9. C&rsquo;est d&rsquo;autant plus remarquable qu&rsquo;il aurait eu un \u00ab droit \u00bb sur eux: <span style=\"background-color: #ccffff;\">\u00ab <\/span><\/span><span style=\"color: #000000; background-color: #ccffff;\"><i>Quand vous auriez 10 000 ma\u00eetres en Christ, vous n &lsquo;avez cependant pas plusieurs p\u00e8res&#8230; <\/i><\/span><span style=\"color: #000000;\"><span style=\"background-color: #ccffff;\">\u00ab (1 Co 4.15)<\/span>. <\/span><\/span><\/span><\/p>\n<p align=\"LEFT\">\u00a0<\/p>\n<h3 align=\"LEFT\">3) Limites dues au fait que chaque membre d\u00e9pend d&rsquo;abord du Seigneur<\/h3>\n<p style=\"text-align: justify;\" align=\"LEFT\">\u00a0<\/p>\n<p style=\"text-align: justify;\" align=\"LEFT\"><span style=\"font-family: Arial, sans-serif;\"><span style=\"font-size: small;\"><span style=\"color: #000000;\">Chaque croyant re\u00e7oit du Seigneur une autorit\u00e9 pour diriger sa vie, prendre des d\u00e9cisions et s&rsquo;engager dans les combats spirituels. Sa t\u00e2che premi\u00e8re est de transmettre la Parole de Dieu. Il le fait comme un fr\u00e8re parmi les fr\u00e8res. Et c&rsquo;est elle, la Parole re\u00e7ue avec foi dans les coeurs, qui donne l&rsquo;autorit\u00e9 du Seigneur. Aucun croyant ne domine sur les autres. J\u00e9sus-Christ est le seul Chef supr\u00eame. <\/span><\/span><\/span><\/p>\n<p style=\"text-align: justify;\" align=\"LEFT\">\u00a0<\/p>\n<p style=\"text-align: justify;\" align=\"LEFT\"><span style=\"font-family: Arial, sans-serif;\"><span style=\"font-size: small;\"><span style=\"color: #000000;\">Il en va aussi du respect de chacun. Il faut observer une certaine retenue pour <\/span><span style=\"color: #000000;\"><i><span style=\"background-color: #ccffff;\">ne pas aller au-del\u00e0 <\/span><\/i><\/span><span style=\"color: #000000;\">de ce qui est demand\u00e9 <em><span style=\"background-color: #ccffff;\">(1 Co 4.6-7)<\/span><\/em>, pour ne pas manipuler. Un ancien n&rsquo;est ni un gendarme, ni un juge, encore moins un gourou. <\/span><\/span><\/span><\/p>\n<p style=\"text-align: justify;\" align=\"LEFT\">\u00a0<\/p>\n<p style=\"text-align: justify;\" align=\"LEFT\"><span style=\"font-family: Arial, sans-serif;\"><span style=\"font-size: small;\"><span style=\"color: #000000;\">Ne prenons pas go\u00fbt au pouvoir. Ne cherchons pas \u00e0 prendre autorit\u00e9 sur les autres. Que nul ne s&rsquo;enorgueillisse en prenant le parti de l&rsquo;un contre l&rsquo;autre. Acceptons cette limite pour ne pas prendre le risque d&rsquo;engendrer des divisions. <\/span><\/span><\/span><\/p>\n<p align=\"LEFT\">\u00a0<\/p>\n<h3 style=\"text-align: justify;\" align=\"LEFT\">4) Limites impos\u00e9es par le renoncement \u00e0 ses droits<\/h3>\n<p style=\"text-align: justify;\" align=\"LEFT\">\u00a0<\/p>\n<p style=\"text-align: justify;\" align=\"LEFT\"><span style=\"font-family: Arial, sans-serif;\"><span style=\"font-size: small;\"><span style=\"color: #000000;\">Ne risque-t-on pas ici de perdre une partie de son autorit\u00e9 ? Certains chr\u00e9tiens se posent la question. Selon le monde, renoncer \u00e0 ses droits est faire preuve de faiblesse. C\u2019est permettre aux autres d&rsquo;avancer leurs pions. Ce n&rsquo;est pas une strat\u00e9gie intelligente. <\/span><\/span><\/span><\/p>\n<p style=\"text-align: justify;\" align=\"LEFT\">\u00a0<\/p>\n<p style=\"text-align: justify;\" align=\"LEFT\"><span style=\"font-family: Arial, sans-serif;\"><span style=\"font-size: small;\"><span style=\"color: #000000;\">Paul aborde cette question. Elle lui tient m\u00eame tr\u00e8s \u00e0 coeur : <\/span><span style=\"background-color: #ccffff;\"><span style=\"color: #000000;\"><i>Ne suis-je pas libre ? Ne suis-je pas ap\u00f4tre ? [&#8230;] N&rsquo;avons-nous pas le droit de manger et de boire ? <\/i><\/span><span style=\"color: #000000;\">(de nous marier ? &#8230;) <\/span><span style=\"color: #000000;\"><i>Mais nous n&rsquo;avons pas us\u00e9 de ce droit. Au contraire, nous supportons tout, afin de ne pas cr\u00e9er d&rsquo;obstacle \u00e0 l&rsquo;Evangile de Christ <\/i><\/span><\/span><span style=\"color: #000000;\"><span style=\"background-color: #ccffff;\">(1 Co 9.1-12. Lire aussi 1 Co 9.15 et 2 Th 3.8-9)<\/span>. <\/span><\/span><\/span><\/p>\n<p style=\"text-align: justify;\" align=\"LEFT\">\u00a0<\/p>\n<p style=\"text-align: justify;\" align=\"LEFT\"><span style=\"font-family: Arial, sans-serif;\"><span style=\"font-size: small;\"><span style=\"color: #000000;\">Dans chacun de ces textes, l&rsquo;ap\u00f4tre donne une raison diff\u00e9rente et compl\u00e9mentaire : <\/span><\/span><\/span><\/p>\n<p style=\"text-align: justify; padding-left: 30px;\" align=\"LEFT\"><span style=\"font-family: Arial, sans-serif;\"><span style=\"font-size: small;\"><span style=\"color: #000000;\">\u2022 <\/span><span style=\"color: #000000;\">Tout supporter afin de ne pas cr\u00e9er d&rsquo;obstacle \u00e0 l&rsquo;Evangile de Christ. <\/span><\/span><\/span><\/p>\n<p style=\"text-align: justify; padding-left: 30px;\" align=\"LEFT\"><span style=\"font-family: Arial, sans-serif;\"><span style=\"font-size: small;\"><span style=\"color: #000000;\">\u2022 <\/span><span style=\"color: #000000;\">Entrer dans la joie du disciple fid\u00e8le. <\/span><\/span><\/span><\/p>\n<p style=\"text-align: justify; padding-left: 30px;\" align=\"LEFT\"><span style=\"font-family: Arial, sans-serif;\"><span style=\"font-size: small;\"><span style=\"color: #000000;\">\u2022 <\/span><span style=\"color: #000000;\">Faire en sorte qu&rsquo;avec le message proclam\u00e9, l&rsquo;exemple pratique soit aussi donn\u00e9 aux jeunes chr\u00e9tiens. <\/span><\/span><\/span><\/p>\n<p style=\"text-align: justify;\" align=\"LEFT\">\u00a0<\/p>\n<p style=\"text-align: justify;\" align=\"LEFT\"><span style=\"font-family: Arial, sans-serif;\"><span style=\"font-size: small;\"><span style=\"color: #000000;\">L&rsquo;autorit\u00e9 spirituelle d\u00e9pend largement de la coh\u00e9rence entre les paroles et la vie de chaque jour. C&rsquo;est ainsi que Paul peut \u00e9crire aux <span style=\"background-color: #ccffff;\">Philippiens (4.9) : <\/span><\/span><span style=\"color: #000000;\"><i><span style=\"background-color: #ccffff;\">Ce que vous avez appris, re\u00e7u et entendu de moi, et ce que vous avez vu en moi, pratiquez-le, et le Dieu de paix sera avec vous<\/span>. <\/i><\/span><\/span><\/span><\/p>\n<p style=\"text-align: justify;\" align=\"LEFT\">\u00a0<\/p>\n<p style=\"text-align: justify;\" align=\"LEFT\"><span style=\"font-family: Arial, sans-serif;\"><span style=\"font-size: small;\"><span style=\"color: #000000;\">La r\u00e9ponse est claire. En renon\u00e7ant \u00e0 s\u2019imposer, on ne perd rien de son autorit\u00e9, mais elle demeure devant Dieu et devant les hommes. <\/span><\/span><\/span><\/p>\n<p style=\"text-align: justify;\" align=\"LEFT\">\u00a0<\/p>\n<p style=\"text-align: justify;\" align=\"LEFT\"><span style=\"font-family: Arial, sans-serif;\"><span style=\"font-size: small;\"><span style=\"color: #000000;\">Il faut cependant remarquer que dans le domaine du renoncement aux droits l\u00e9gitimes, Paul n&rsquo;oblige personne. Il en fait une affaire de conviction personnelle, li\u00e9e \u00e0 la direction du Seigneur. Paul invite \u00e0 consid\u00e9rer le Christ, <\/span><span style=\"color: #000000;\"><i>\u00e0 <span style=\"background-color: #ccffff;\">avoir la pens\u00e9e qui \u00e9tait en Christ. De condition divine, il s&rsquo;est <\/span><\/i><\/span><span style=\"color: #000000; background-color: #ccffff;\"><i>d\u00e9pouill\u00e9 lui-m\u00eame&#8230; <\/i><\/span><span style=\"color: #000000;\"><span style=\"background-color: #ccffff;\">Ph 4.9ss)<\/span>. Le chemin emprunt\u00e9 par le Seigneur contient un premier temps de renoncement ponctuel&#8230; pour un second temps de rev\u00eatement \u00e9ternel. <\/span><\/span><\/span><\/p>\n<p style=\"text-align: justify;\" align=\"LEFT\">\u00a0<\/p>\n<p style=\"text-align: justify;\" align=\"LEFT\"><span style=\"font-family: Arial, sans-serif;\"><span style=\"font-size: small;\"><span style=\"color: #000000;\">Vient maintenant un deuxi\u00e8me groupe de limites. <\/span><\/span><\/span><\/p>\n<p style=\"text-align: justify;\" align=\"LEFT\">\u00a0<\/p>\n<p align=\"LEFT\">\u00a0<\/p>\n<h2 align=\"LEFT\">B. Les limites dues aux incons\u00e9quences<\/h2>\n<p align=\"LEFT\">\u00a0<\/p>\n<h3 align=\"LEFT\">1) Les fautes personnelles<\/h3>\n<p style=\"text-align: justify;\" align=\"LEFT\">\u00a0<\/p>\n<p style=\"text-align: justify;\" align=\"LEFT\"><span style=\"font-family: Arial, sans-serif;\"><span style=\"font-size: small;\"><span style=\"color: #000000;\">Les fautes personnelles, connues ou cach\u00e9es, parfois d\u00e9guis\u00e9es sous le manteau de l&rsquo;hypocrisie, traits de caract\u00e8re d\u00e9sagr\u00e9ables, habitudes mauvaises et coupables, parfois \u00ab double vie \u00bb, elles deviennent des interdits dans nos vies. <\/span><\/span><\/span><\/p>\n<p style=\"text-align: justify;\" align=\"LEFT\">\u00a0<\/p>\n<p style=\"text-align: justify;\" align=\"LEFT\"><span style=\"font-family: Arial, sans-serif;\"><span style=\"font-size: small;\"><span style=\"color: #000000;\">Personne n&rsquo;est \u00e0 l&rsquo;abri. Les serviteurs de Dieu pas plus que les autres. Lorsqu&rsquo;ils chutent, leur autorit\u00e9 est gravement compromise. Et parfois pour longtemps, selon la faute et l&rsquo;attitude du coupable. Ce qui est en cause, ce n&rsquo;est pas d&rsquo;abord la r\u00e9putation de l&rsquo;ancien, mais la saintet\u00e9 du Seigneur. Vient ensuite le scandale public. Malheureusement, attach\u00e9s les uns aux autres par des sentiments de respect, d&rsquo;amiti\u00e9, de confiance, certains ne veulent pas voir et nient l&rsquo;\u00e9vidence, contre toute v\u00e9rit\u00e9 et toute justice. <\/span><\/span><\/span><\/p>\n<p style=\"text-align: justify;\" align=\"LEFT\">\u00a0<\/p>\n<p style=\"text-align: justify;\" align=\"LEFT\"><span style=\"font-family: Arial, sans-serif;\"><span style=\"font-size: small;\"><span style=\"color: #000000;\">L&rsquo;autorit\u00e9 spirituelle et le p\u00e9ch\u00e9 ne vont jamais ensemble, ils s&rsquo;excluent mutuellement. Le Seigneur ne b\u00e9nit pas dans une situation d&rsquo;interdit. La conqu\u00eate de Canaan devrait nous l&rsquo;apprendre. <\/span><\/span><\/span><\/p>\n<p align=\"LEFT\">\u00a0<\/p>\n<h3 align=\"LEFT\">2) Les \u00e9garements collectifs<\/h3>\n<p style=\"text-align: justify;\" align=\"LEFT\">\u00a0<\/p>\n<p style=\"text-align: justify;\" align=\"LEFT\"><span style=\"font-family: Arial, sans-serif;\"><span style=\"font-size: small;\"><span style=\"color: #000000;\">Les \u00e9garements collectifs, comme ceux de l&rsquo;Eglise de Corinthe. Paul en dresse une liste \u00e9loquente. <\/span><span style=\"color: #000000; background-color: #ccffff;\"><i>Je crains de ne pas vous trouver \u00e0 mon arriv\u00e9e, tels que je voudrais, et d&rsquo;\u00eatre moi-m\u00eame trouv\u00e9 par vous tel que vous ne voudriez pas. Je crains qu&rsquo;il n&rsquo;y ait de la discorde, de la jalousie, des animosit\u00e9s, des rivalit\u00e9s, des m\u00e9disances, des racontars, de l&rsquo;orgueil, des d\u00e9sordres. Je crains qu&rsquo;\u00e0 mon arriv\u00e9e [\u2026] (je n&rsquo;aie \u00e0 pleurer) sur plusieurs de ceux qui ont p\u00e9ch\u00e9 pr\u00e9c\u00e9demment et ne se sont pas repentis <\/i><\/span><span style=\"color: #000000;\"><span style=\"background-color: #ccffff;\">(2 Co 12.20-21).<\/span> <\/span><\/span><\/span><\/p>\n<p style=\"text-align: justify;\" align=\"LEFT\">\u00a0<\/p>\n<p style=\"text-align: justify;\" align=\"LEFT\"><span style=\"font-family: Arial, sans-serif;\"><span style=\"font-size: small;\"><span style=\"color: #000000;\">Ici la discipline n&rsquo;a probablement pas \u00e9t\u00e9 faite comme elle aurait d\u00fb. Et les p\u00e9ch\u00e9s de certains sont devenus comme autant de virus qui ont infect\u00e9 une partie du corps. L&rsquo;Eglise de Corinthe est en mauvaise sant\u00e9 spirituelle. Dans une telle situation, qu&rsquo;en est-il de son t\u00e9moignage vis-\u00e0-vis du monde qui l&rsquo;entoure ? de son autorit\u00e9 spirituelle ? Et Les chr\u00e9tiens rest\u00e9s fid\u00e8les en son sein doivent souffrir et prier en silence. Qu&rsquo;une telle situation se prolonge ind\u00e9finiment et ce n&rsquo;est pas de \u00ab limite \u00bb qu&rsquo;il faudra parler, mais de \u00ab mine \u00bb totale. <\/span><\/span><\/span><\/p>\n<p style=\"text-align: justify;\" align=\"LEFT\">\u00a0<\/p>\n<p style=\"text-align: justify;\" align=\"LEFT\"><span style=\"font-family: Arial, sans-serif;\"><span style=\"font-size: small;\"><span style=\"color: #000000;\">L&rsquo;histoire nous enseigne. Les Eglises du bassin m\u00e9diterran\u00e9en fond\u00e9es au 1er si\u00e8cle par les ap\u00f4tres et de nombreux disciples fid\u00e8les ont connu une extension extraordinaire. Ce ne sont pas les pers\u00e9cutions mais bien le rel\u00e2chement spirituel et moral qui a d\u00e9truit l&rsquo;Eglise. Et peut-\u00eatre la m\u00e9connaissance de l&rsquo;Ecriture Sainte. Au 7e si\u00e8cle, les Eglises n&rsquo;ont pas r\u00e9sist\u00e9 \u00e0 la pouss\u00e9e de l&rsquo;Islam ; elles furent presque compl\u00e8tement balay\u00e9es. <\/span><\/span><\/span><\/p>\n<p align=\"LEFT\">\u00a0<\/p>\n<h3 align=\"LEFT\">3) Les conflits entre responsables<\/h3>\n<p style=\"text-align: justify;\" align=\"LEFT\">\u00a0<\/p>\n<p style=\"text-align: justify;\" align=\"LEFT\"><span style=\"font-family: Arial, sans-serif;\"><span style=\"font-size: small;\"><span style=\"color: #000000;\"><a href=\"\/wp-content\/uploads\/2014\/03\/conflit.jpg\"><img loading=\"lazy\" decoding=\"async\" class=\" wp-image-8074 alignleft\" style=\"margin: 10px;\" src=\"\/wp-content\/uploads\/2014\/03\/conflit.jpg\" alt=\"conflit\" width=\"281\" height=\"225\" srcset=\"https:\/\/www.servir.caef.net\/wp-content\/uploads\/2014\/03\/conflit.jpg 469w, https:\/\/www.servir.caef.net\/wp-content\/uploads\/2014\/03\/conflit-300x239.jpg 300w\" sizes=\"auto, (max-width: 281px) 100vw, 281px\" \/><\/a>I<\/span><\/span><\/span><span style=\"font-family: Arial, sans-serif;\"><span style=\"font-size: small;\"><span style=\"color: #000000;\">I s&rsquo;agit de tensions et de divisions dans le sens des termes utilis\u00e9s par Paul en<em> <span style=\"background-color: #ccffff;\">2 Co 12.20<\/span><\/em> : discorde, jalousie, animosit\u00e9, rivalit\u00e9s, m\u00e9disances, orgueil&#8230; Comme ce sont ceux qui sont \u00e0 la t\u00eate de l&rsquo;Eglise qui sont tomb\u00e9s dans ces travers, \u00e0 quelle autorit\u00e9 se r\u00e9f\u00e9rer alors ? <\/span><\/span><\/span><\/p>\n<p style=\"text-align: justify;\" align=\"LEFT\">\u00a0<\/p>\n<p style=\"text-align: justify;\" align=\"LEFT\"><span style=\"font-family: Arial, sans-serif;\"><span style=\"font-size: small;\"><span style=\"color: #000000;\">Paul constate ce probl\u00e8me \u00e0 Corinthe : des membres de l&rsquo;Eglise s&rsquo;intentent des proc\u00e8s entre eux (il ne dit pas explicitement que des responsables sont en cause, mais une lecture attentive du texte le sugg\u00e8re). Dans les structures f\u00e9d\u00e9ratives, synodales ou \u00e9piscopales, un appel \u00e0 l&rsquo;aide peut \u00eatre adress\u00e9 \u00e0 une instance sup\u00e9rieure. Mais dans le syst\u00e8me congr\u00e9gationaliste strict, comment r\u00e9soudre le conflit ? <\/span><\/span><\/span><\/p>\n<p style=\"text-align: justify;\" align=\"LEFT\">\u00a0<\/p>\n<p style=\"text-align: justify;\" align=\"LEFT\"><span style=\"font-family: Arial, sans-serif;\"><span style=\"font-size: small;\"><span style=\"color: #000000;\">Que va faire Paul ? Il interpelle les fautifs en parlant du temps eschatologique o\u00f9 les croyants jugeront le monde et les anges, puis ne leur pose qu&rsquo;une seule question : <\/span><span style=\"color: #000000; background-color: #ccffff;\"><i>Parmi vous, n&rsquo;y a-t-il pas un seul homme sage qui puisse prononcer un jugement entre ses fr\u00e8res ? <\/i><\/span><span style=\"color: #000000;\"><span style=\"background-color: #ccffff;\">(1 Co 6.5).<\/span> <\/span><\/span><\/span><\/p>\n<p style=\"text-align: justify;\" align=\"LEFT\">\u00a0<\/p>\n<p style=\"text-align: justify;\" align=\"LEFT\"><span style=\"font-family: Arial, sans-serif;\"><span style=\"font-size: small;\"><span style=\"color: #000000;\">Pauvre Eglise locale, lorsque les responsables ont \u00e0 ce point perdu le sens de leurs responsabilit\u00e9s, donc aussi leur autorit\u00e9 ! <\/span><\/span><\/span><\/p>\n<p style=\"text-align: justify;\" align=\"LEFT\">\u00a0<\/p>\n<p style=\"text-align: justify;\" align=\"LEFT\"><span style=\"font-family: Arial, sans-serif;\"><span style=\"font-size: small;\"><span style=\"color: #000000;\">C&rsquo;est ici qu&rsquo;il nous faut aborder une autre probl\u00e8me :<\/span><\/span><\/span><\/p>\n<h3 align=\"LEFT\">\u00a0<\/h3>\n<h3 align=\"LEFT\">4) L&rsquo;autoritarisme<\/h3>\n<p style=\"text-align: justify;\" align=\"LEFT\">\u00a0<\/p>\n<p style=\"text-align: justify;\" align=\"LEFT\"><span style=\"font-family: Arial, sans-serif;\"><span style=\"font-size: small;\"><span style=\"color: #000000;\">L&rsquo;autoritarisme est une caricature de l&rsquo;autorit\u00e9 (celui qui devient autoritaire l&rsquo;admet rarement). C&rsquo;est dans la nature des choses. Quels sont les premiers pas qui font quitter le bon chemin ? Pr\u00e9tentions excessives, trop haute opinion de soi, orgueil. La v\u00e9ritable autorit\u00e9 est li\u00e9e \u00e0 <\/span><span style=\"color: #000000; background-color: #ccffff;\"><i>une juste mesure de foi, \u00e0 un raisonnement \u00e9quilibr\u00e9, \u00e0 une juste appr\u00e9ciation de soi <\/i><\/span><span style=\"color: #000000;\"><span style=\"background-color: #ccffff;\">(Rm 12.3)<\/span>. <\/span><\/span><\/span><\/p>\n<p style=\"text-align: justify;\" align=\"LEFT\">\u00a0<\/p>\n<p style=\"text-align: justify;\" align=\"LEFT\"><span style=\"font-family: Arial, sans-serif;\"><span style=\"font-size: small;\"><span style=\"color: #000000;\">Elle est marqu\u00e9e du sceau de l&rsquo;humilit\u00e9 et de la douceur. J\u00e9sus disait de lui-m\u00eame qu&rsquo;il \u00e9tait <\/span><span style=\"color: #000000; background-color: #ccffff;\"><i>doux et humble de coeur <\/i><\/span><span style=\"color: #000000;\"><span style=\"background-color: #ccffff;\">(Mt. 11.29)<\/span>. La v\u00e9ritable autorit\u00e9 cr\u00e9e un sentiment de s\u00e9curit\u00e9 et de bonheur. C&rsquo;est pourquoi J\u00e9sus peut dire dans le m\u00eame texte : c&rsquo;est dans cette attitude de coeur que <\/span><span style=\"color: #000000;\"><i><span style=\"background-color: #ccffff;\">vous trouverez du repos pour vos \u00e2mes<\/span>. <\/i><\/span><span style=\"color: #000000;\">L&rsquo;autoritarisme va dans le sens oppos\u00e9, celui d&rsquo;une d\u00e9mesure insens\u00e9e, charnelle et coupable. <\/span><\/span><\/span><\/p>\n<p style=\"text-align: justify;\" align=\"LEFT\">\u00a0<\/p>\n<p style=\"text-align: justify;\" align=\"LEFT\"><span style=\"font-family: Arial, sans-serif;\"><span style=\"font-size: small;\"><span style=\"color: #000000;\">Comment survient-elle ? Les anciens sont des \u00ab leaders \u00bb, des \u00ab cadres \u00bb, des \u00ab conducteurs \u00bb. Ainsi, par la force des choses, ils conseillent, exhortent, rectifient, dirigent. Au d\u00e9part, ils le font en tremblant avec la gr\u00e2ce du Seigneur. L&rsquo;exp\u00e9rience aidant, ils prennent de plus en plus l&rsquo;habitude de parler et de d\u00e9cider, d&rsquo;agir sans r\u00e9plique, d&rsquo;asseoir leur autorit\u00e9, et bient\u00f4t s&rsquo;ils n&rsquo;y veillent pas, de mettre les \u00e2mes sous leur tutelle. <\/span><\/span><\/span><\/p>\n<p style=\"text-align: justify;\" align=\"LEFT\">\u00a0<\/p>\n<p style=\"text-align: justify;\" align=\"LEFT\"><span style=\"font-family: Arial, sans-serif;\"><span style=\"font-size: small;\"><span style=\"color: #000000;\">L&rsquo;ap\u00f4tre Jean parle ainsi d&rsquo;un homme qui a d\u00e9pass\u00e9 toute mesure : <\/span><span style=\"color: #000000; background-color: #ccffff;\"><i>J&rsquo;ai \u00e9crit quelques mots \u00e0 l&rsquo;Eglise. Mais Diotr\u00e8phe qui aime \u00e0 \u00eatre le premier parmi eux, ne nous re\u00e7oit pas. C&rsquo;est pourquoi, si je viens, je rappellerai les actes qu&rsquo;il commet en r\u00e9pandant contre nous des paroles mauvaises&#8230; <\/i><\/span><span style=\"color: #000000;\"><span style=\"background-color: #ccffff;\">(3 Jn 9-11)<\/span>. A partir de l\u00e0, une seule alternative : <\/span><\/span><\/span><\/p>\n<p style=\"text-align: justify; padding-left: 30px;\" align=\"LEFT\">\u00a0<\/p>\n<p style=\"text-align: justify; padding-left: 30px;\" align=\"LEFT\"><span style=\"font-family: Arial, sans-serif;\"><span style=\"font-size: small;\"><span style=\"color: #000000;\">1) Certains membres de l&rsquo;Eglise se laissent diriger sans r\u00e9agir, sans r\u00e9fl\u00e9chir. Ils prennent l&rsquo;habitude de d\u00e9pendre de celui qui pense et parle pour eux. Signe de faiblesse et d&rsquo;infantilisme. Ils ne peuvent plus grandir. <\/span><\/span><\/span><\/p>\n<p style=\"text-align: justify; padding-left: 30px;\" align=\"LEFT\">\u00a0<\/p>\n<p style=\"text-align: justify; padding-left: 30px;\" align=\"LEFT\"><span style=\"font-family: Arial, sans-serif;\"><span style=\"font-size: small;\"><span style=\"color: #000000;\">2) D&rsquo;autres refusent, avec raison, d \u00eatre asservis. Mais le danger qui pourrait les menacer serait de se laisser entra\u00eener \u00e0 refuser toute autorit\u00e9, m\u00eame la vraie, celle selon Dieu. <\/span><\/span><\/span><\/p>\n<p style=\"text-align: justify;\" align=\"LEFT\">\u00a0<\/p>\n<p style=\"text-align: justify;\" align=\"LEFT\"><span style=\"font-family: Arial, sans-serif;\"><span style=\"font-size: small;\"><span style=\"color: #000000;\">Il est impossible de n\u2019\u00eatre jamais directif. Mais il faut l\u2019\u00eatre le moins possible. Toujours dans la bonne direction. Et avec une juste mesure. Le but de l&rsquo;autorit\u00e9 est de soumettre chacun, non pas \u00e0 soi-m\u00eame, mais au Seigneur et \u00e0 sa Parole. Ce combat ne sera gagn\u00e9 qu&rsquo;avec des armes spirituelles et doit conduire \u00e0 l&rsquo;ob\u00e9issance \u00e0 Christ <span style=\"background-color: #ccffff;\">(2 Co 10.4-5)<\/span>. <\/span><\/span><\/span><\/p>\n<p style=\"text-align: justify;\" align=\"LEFT\">\u00a0<\/p>\n<p style=\"text-align: justify;\" align=\"LEFT\"><span style=\"font-family: Arial, sans-serif;\"><span style=\"font-size: small;\"><span style=\"color: #000000;\">Il faut encore mentionner une 3\u00e8me cat\u00e9gorie de limites \u00e0 l&rsquo;autorit\u00e9. <\/span><\/span><\/span><\/p>\n<p style=\"text-align: justify;\" align=\"LEFT\">\u00a0<\/p>\n<p align=\"LEFT\">\u00a0<\/p>\n<h2 align=\"LEFT\">C. Les limites dress\u00e9es par des r\u00e9sistances ext\u00e9rieures<\/h2>\n<p style=\"text-align: justify;\" align=\"LEFT\">\u00a0<\/p>\n<p style=\"text-align: justify;\" align=\"LEFT\"><span style=\"font-family: Arial, sans-serif;\"><span style=\"font-size: small;\"><span style=\"color: #000000;\">Cette r\u00e9alit\u00e9 n&rsquo;est pas toujours bien comprise. On aime mieux parler de victoire et de d\u00e9livrance. Or, il faut l&rsquo;avouer, l&rsquo;ancien vit assez souvent des situations qui lui apparaissent comme des \u00e9checs. L&rsquo;on sait que Dieu ne conna\u00eet aucune limite dans l&rsquo;exercice de son autorit\u00e9. Les responsables de l&rsquo;Eglise sont \u00e0 Son service, mandat\u00e9s par Lui, et semblent pourtant d\u00e9sarm\u00e9s, impuissants. C&rsquo;est une r\u00e9alit\u00e9. Pour mieux la comprendre, prenons un texte-cl\u00e9 : <\/span><\/span><\/span><\/p>\n<p align=\"LEFT\">\u00a0<\/p>\n<h3 align=\"LEFT\">1) <span style=\"background-color: #ccffff;\"><em>2 Corinthiens 10<\/em><\/span><\/h3>\n<p style=\"text-align: justify;\" align=\"LEFT\"><span style=\"font-family: Arial, sans-serif;\"><span style=\"font-size: small;\"><span style=\"color: #000000;\">(II faut absolument relire ce chapitre dans nos Bibles avant d&rsquo;aller plus loin&#8230;) <\/span><\/span><\/span><\/p>\n<p style=\"text-align: justify;\" align=\"LEFT\">\u00a0<\/p>\n<p style=\"text-align: justify;\" align=\"LEFT\"><span style=\"font-family: Arial, sans-serif;\"><span style=\"font-size: small;\"><span style=\"color: #000000;\">A Corinthe, Paul affronte de grandes difficult\u00e9s ; il voit son autorit\u00e9 contest\u00e9e et r\u00e9pond en trois \u00e9tapes : l&rsquo;ap\u00f4tre donne d&rsquo;abord le profil de sa propre autorit\u00e9. Ensuite il parle de la r\u00e9sistance rencontr\u00e9e. Enfin il montre la voie \u00e0 suivre. <\/span><\/span><\/span><\/p>\n<p style=\"text-align: justify;\" align=\"LEFT\">\u00a0<\/p>\n<p style=\"text-align: justify;\" align=\"LEFT\"><span style=\"font-family: Arial, sans-serif;\"><span style=\"font-size: small;\"><span style=\"color: #000000;\"><b>a) Son autorit\u00e9 : <\/b><\/span><span style=\"color: #000000;\">Elle est marqu\u00e9e par la douceur et la bienveillance <em><span style=\"background-color: #ccffff;\">(v.1)<\/span><\/em>. Pourtant il a re\u00e7u le mandat de combattre devant Dieu avec des armes puissantes <span style=\"background-color: #ccffff;\"><em>(v.4)<\/em><\/span>. Son minist\u00e8re est d&rsquo;amener les hommes \u00e0 la soumission totale \u00e0 Christ <span style=\"background-color: #ccffff;\"><em>(v.5)<\/em><\/span>. Son assurance et sa gloire, c&rsquo;est d&rsquo;\u00eatre \u00e0 Christ <span style=\"background-color: #ccffff;\"><em>(v.7)<\/em><\/span>. Son autorit\u00e9 sert \u00e0 \u00e9difier et non \u00e0 abattre <em><span style=\"background-color: #ccffff;\">(v.8)<\/span><\/em>. Il ne cherche jamais \u00e0 se comparer aux autres <span style=\"background-color: #ccffff;\"><em>(v.12)<\/em><\/span>. Il prend comme mesure de gloire, la mesure de gr\u00e2ce que le Seigneur lui a donn\u00e9e <span style=\"background-color: #ccffff;\"><em>(v.13)<\/em><\/span>. Il veille \u00e0 ne pas interf\u00e9rer dans les travaux d&rsquo;autrui <span style=\"background-color: #ccffff;\"><em>(v. 15-16)<\/em><\/span>. Il conclut en rappelant que la seule recommandation valable est celle que le Seigneur lui-m\u00eame accorde <span style=\"background-color: #ccffff;\"><em>(v.18)<\/em><\/span>. Peut-on trouver une meilleure attitude ? <\/span><\/span><\/span><\/p>\n<p style=\"text-align: justify;\" align=\"LEFT\">\u00a0<\/p>\n<p style=\"text-align: justify;\" align=\"LEFT\"><span style=\"font-family: Arial, sans-serif;\"><span style=\"font-size: small;\"><span style=\"color: #000000;\"><b>b) La r\u00e9sistance des Corinthiens <\/b><\/span><\/span><\/span><\/p>\n<p style=\"text-align: justify;\" align=\"LEFT\"><span style=\"font-family: Arial, sans-serif;\"><span style=\"font-size: small;\"><span style=\"color: #000000;\"><em><span style=\"background-color: #ccffff;\">(v.2)<\/span><\/em>: Ils d\u00e9clarent que Paul est charnel, hypocrite, faible quand il est pr\u00e9sent, et dur dans ses lettres. Cette accusation neutralise l&rsquo;autorit\u00e9 de Paul aupr\u00e8s des Corinthiens. <\/span><\/span><\/span><\/p>\n<p style=\"text-align: justify;\" align=\"LEFT\">\u00a0<\/p>\n<p style=\"text-align: justify;\" align=\"LEFT\"><span style=\"font-family: Arial, sans-serif;\"><span style=\"font-size: small;\"><span style=\"color: #000000;\"><b>c) La riposte de Paul : <\/b><\/span><span style=\"color: #000000;\">avant d&rsquo;agir parmi les Corinthiens, il est \u00e0 la fois ferme pour contester certaines accusations, et patient pour attendre des r\u00e9sultats. Il veut \u00e9viter deux pi\u00e8ges : se vexer, se f\u00e2cher, et les abandonner \u00e0 eux-m\u00eames, ou faire une arriv\u00e9e en force.\u00a0<\/span><\/span><\/span><\/p>\n<p style=\"padding-left: 30px;\"><span style=\"font-family: arial,helvetica,sans-serif; font-size: small;\"><span style=\"color: #000000;\">\u2022 <\/span>II conteste d&#8217;embl\u00e9e l&rsquo;accusation de faiblesse, non \u00e0 cause de sa personne, mais \u00e0 cause du message. Laisser planer la m\u00e9fiance sur le messager, <span style=\"color: #000000;\">ce serait laisser le doute s&rsquo;installer sur le message. Car c&rsquo;est moins son autorit\u00e9 personnelle qui est en cause que l&rsquo;autorit\u00e9 de la Parole de Dieu.<\/span><\/span><\/p>\n<p>&nbsp;<\/p>\n<p style=\"text-align: justify; padding-left: 30px;\" align=\"LEFT\"><span style=\"font-family: Arial, sans-serif;\"><span style=\"font-size: small;\"><span style=\"color: #000000;\">\u2022 <\/span><span style=\"color: #000000;\">II ne veut pas agir pr\u00e9cipitamment contre l&rsquo;Eglise, mais le faire avec l&rsquo;Eglise <span style=\"background-color: #ccffff;\"><em>(v.6)<\/em><\/span>.\u00a0<\/span><\/span><\/span><\/p>\n<p style=\"text-align: justify;\" align=\"LEFT\">\u00a0<\/p>\n<p style=\"text-align: justify;\" align=\"LEFT\"><span style=\"font-family: Arial, sans-serif;\"><span style=\"font-size: small;\"><span style=\"color: #000000;\">Dans l&rsquo;exercice de son autorit\u00e9, Paul respecte les priorit\u00e9s : 1\u00b0 le Seigneur et sa Parole, 2\u00b0 l&rsquo;Eglise, 3\u00b0 lui-m\u00eame dans son apparente faiblesse. <\/span><\/span><\/span><\/p>\n<p style=\"text-align: justify;\" align=\"LEFT\">\u00a0<\/p>\n<p style=\"text-align: justify;\" align=\"LEFT\"><span style=\"font-family: Arial, sans-serif;\"><span style=\"font-size: small;\"><span style=\"color: #000000;\">Respectons-nous ces priorit\u00e9s ? Sommes-nous trop sensibles \u00e0 l&rsquo;image que les autres peuvent avoir de nous ? Supportons-nous mal que notre autorit\u00e9 soit remise en cause ? Peut-\u00eatre oublions-nous que ce que nous avons vient du Seigneur. <\/span><\/span><\/span><\/p>\n<p align=\"LEFT\">\u00a0<\/p>\n<h3 align=\"LEFT\">2) J\u00e9sus-Christ au coeur de l\u2019Histoire<\/h3>\n<p style=\"text-align: justify;\" align=\"LEFT\">\u00a0<\/p>\n<p style=\"text-align: justify;\" align=\"LEFT\"><span style=\"font-family: Arial, sans-serif;\"><span style=\"font-size: small;\"><span style=\"color: #000000; background-color: #ccffff;\"><i>J&rsquo;ai voulu rassembler [\u2026] vous ne l&rsquo;avez pas voulu <\/i><\/span><span style=\"color: #000000;\"><span style=\"background-color: #ccffff;\">(Mt 23.37-39)<\/span>. L&rsquo;opposition venait principalement des chefs religieux. Comment comprendre que l&rsquo;autorit\u00e9 de J\u00e9sus n&rsquo;ait pas suffi dans tous les cas ? Faiblesse, lacune, impuissance ? Gardons-nous de le croire. En r\u00e9alit\u00e9, la volont\u00e9 du Seigneur s&rsquo;accomplit toujours. Si ce n&rsquo;est pas celle de son d\u00e9sir en vue du salut, ce sera celle de ses d\u00e9crets en vue du jugement. Le Seigneur n&rsquo;est pas d&rsquo;abord venu pour juger mais pour sauver <span style=\"background-color: #ccffff;\"><em>(Jn 3)<\/em><\/span>. <\/span><\/span><\/span><\/p>\n<p style=\"text-align: justify;\" align=\"LEFT\">\u00a0<\/p>\n<p style=\"text-align: justify;\" align=\"LEFT\"><span style=\"font-family: Arial, sans-serif;\"><span style=\"font-size: small;\"><span style=\"color: #000000;\">J\u00e9sus r\u00e9capitule aussi en sa personne tous les proph\u00e8tes de l&rsquo;AT. Ils ont \u00e9t\u00e9 investis d&rsquo;une autorit\u00e9 divine exceptionnelle. Or, non seulement ils n&rsquo;ont pas toujours \u00e9t\u00e9 \u00e9cout\u00e9s et suivis, mais trop souvent ont fini par y laisser leur vie, eux aussi. Ecoutez Etienne dans son dernier discours : <\/span><span style=\"background-color: #ccffff;\"><span style=\"color: #000000;\"><i>Hommes au cou raide <\/i><\/span><span style=\"color: #000000;\">! \/&#8230;\/ <\/span><span style=\"color: #000000;\"><i>Vous vous opposez toujours au Saint-Esprit, [&#8230;] comme vos p\u00e8res <\/i><\/span><span style=\"color: #000000;\">(pers\u00e9cutant) <\/span><span style=\"color: #000000;\"><i>les proph\u00e8tes qui annon\u00e7aient \u00e0 l&rsquo;avance la venue du Juste <\/i><\/span><\/span><span style=\"color: #000000;\"><span style=\"background-color: #ccffff;\">(Ac 7.52)<\/span>. Sur ces paroles il fut lapid\u00e9. <\/span><\/span><\/span><\/p>\n<p style=\"text-align: justify;\" align=\"LEFT\">\u00a0<\/p>\n<p style=\"text-align: justify;\" align=\"LEFT\"><span style=\"font-family: Arial, sans-serif;\"><span style=\"font-size: small;\"><span style=\"color: #000000;\">Pour terminer, il faut remarquer aussi que l&rsquo;autorit\u00e9 des anciens se heurte \u00e0 de rudes concurrences : <\/span><\/span><\/span><\/p>\n<p align=\"LEFT\">\u00a0<\/p>\n<h3 align=\"LEFT\">3) Notre autorit\u00e9 dans un march\u00e9 encombr\u00e9 !<\/h3>\n<p style=\"text-align: justify;\" align=\"LEFT\">\u00a0<\/p>\n<p style=\"text-align: justify;\" align=\"LEFT\"><span style=\"font-family: Arial, sans-serif;\"><span style=\"font-size: small;\"><span style=\"color: #000000;\">Dressons un bref bilan comparant autrefois et aujourd&rsquo;hui. Non pas par nostalgie du pass\u00e9, mais, comme tout navigateur, pour faire de temps \u00e0 autre le point sur l&rsquo;itin\u00e9raire suivi : est-on dans la meilleure trajectoire qui conduit vers le but ? <\/span><\/span><\/span><\/p>\n<table cellspacing=\"5\" cellpadding=\"5\">\n<tbody>\n<tr>\n<td><span style=\"background-color: #ffcc99;\"><b>AUTREFOIS<\/b><\/span><\/td>\n<td><span style=\"background-color: #ffcc99;\"><b>\u00a0AUJOURD&rsquo;HUI<\/b><\/span><\/td>\n<\/tr>\n<tr>\n<td>\n<p align=\"LEFT\"><span style=\"background-color: #ffcc99;\">Une ligne \u00e9vang\u00e9lique claire : la Bible.<\/span><\/p>\n<\/td>\n<td><span style=\"background-color: #ffcc99;\">Options diverses sous l&rsquo;influence de tendances oecum\u00e9niques, charismatiques.<\/span><\/td>\n<\/tr>\n<tr>\n<td><span style=\"background-color: #ffcc99;\">Une identit\u00e9 par d\u00e9nomination.<\/span><\/td>\n<td><span style=\"background-color: #ffcc99;\">Plusieurs identit\u00e9s selon les courants et les sympathies de chacun.<\/span><\/td>\n<\/tr>\n<tr>\n<td><span style=\"background-color: #ffcc99;\">Regroupement et coordination des forces.<\/span><\/td>\n<td><span style=\"background-color: #ffcc99;\">Dispersion des engagements, en particulier de la jeunesse et des finances.<\/span><\/td>\n<\/tr>\n<tr>\n<td><span style=\"background-color: #ffcc99;\">Priorit\u00e9 donn\u00e9e \u00e0 l&rsquo;Eglise locale. Les oeuvres et missions cr\u00e9\u00e9es par l&rsquo;Eglise sont soutenues en priorit\u00e9.<\/span><\/td>\n<td><span style=\"background-color: #ffcc99;\">Eglises sollicit\u00e9es par des organisations internationales qui fragmentent les int\u00e9r\u00eats de l&rsquo;Eglise et donnent le ton.\u00a0<\/span><\/td>\n<\/tr>\n<tr>\n<td><span style=\"background-color: #ffcc99;\">Les orateurs sont du terroir.<\/span><\/td>\n<td><span style=\"background-color: #ffcc99;\">Plus les orateurs viennent de loin, plus ils ont la cote !<\/span><\/td>\n<\/tr>\n<tr>\n<td><span style=\"background-color: #ffcc99;\">Beaucoup d&rsquo;engagements de la part des membres.<\/span><\/td>\n<td><span style=\"background-color: #ffcc99;\">Esprit de consommation de plus en plus exigeant. Fragilit\u00e9 plus grande des membres.<\/span><\/td>\n<\/tr>\n<\/tbody>\n<\/table>\n<p style=\"text-align: justify;\" align=\"LEFT\"><span style=\"font-family: Arial, sans-serif;\"><span style=\"font-size: small;\"><span style=\"color: #000000;\">\u00a0\u00a0\u00a0\u00a0<\/span><span style=\"color: #000000;\">\u00a0 <\/span><\/span><\/span><\/p>\n<p style=\"text-align: justify;\" align=\"LEFT\"><span style=\"font-family: Arial, sans-serif;\"><span style=\"font-size: small;\"><span style=\"color: #000000;\">Ce tableau est trop sch\u00e9matique, mais il indique malheureusement des tendances bien r\u00e9elles. <\/span><\/span><\/span><\/p>\n<p style=\"text-align: justify;\" align=\"LEFT\">\u00a0<\/p>\n<p style=\"text-align: justify;\" align=\"LEFT\"><span style=\"font-family: Arial, sans-serif;\"><span style=\"font-size: small;\"><span style=\"color: #000000;\">Aujourd\u2019hui, jeunes et moins jeunes sont sensibles aux nombreuses sollicitations ext\u00e9rieures. L\u2019ordinaire et le r\u00e9gulier sont plut\u00f4t \u00e0 la tra\u00eene. Sur le plan local, ce sont souvent les rencontres de pri\u00e8re et l&rsquo;\u00e9tude biblique, les diverses activit\u00e9s organis\u00e9es par l&rsquo;Eglise qui en p\u00e2tissent. <\/span><\/span><\/span><\/p>\n<p style=\"text-align: justify;\" align=\"LEFT\">\u00a0<\/p>\n<p style=\"text-align: justify;\" align=\"LEFT\"><span style=\"font-family: Arial, sans-serif;\"><span style=\"font-size: small;\"><span style=\"color: #000000;\">Sur un plan plus \u00e9tendu, ce sont les oeuvres et les missions exer\u00e7ant un minist\u00e8re b\u00e9ni depuis de nombreuses ann\u00e9es qui peinent financi\u00e8rement. Elles n&rsquo;ont pourtant pas d\u00e9m\u00e9rit\u00e9. Mais les fid\u00e8les de la premi\u00e8re heure s&rsquo;en vont et ne sont pas n\u00e9cessairement remplac\u00e9s. Les jeunes g\u00e9n\u00e9rations privil\u00e9gient le nouveau et l&rsquo;extraordinaire. Une situation qui, \u00e0 longue \u00e9ch\u00e9ance, pourrait bien fragiliser aussi les Eglises locales comme les oeuvres plus anciennes. <\/span><\/span><\/span><\/p>\n<p style=\"text-align: justify;\" align=\"LEFT\">\u00a0<\/p>\n<p style=\"text-align: justify;\" align=\"LEFT\"><span style=\"font-family: Arial, sans-serif;\"><span style=\"font-size: small;\"><span style=\"color: #000000;\">Faut-il rester les bras crois\u00e9s, impuissants ? Poser une telle question c&rsquo;est d\u00e9j\u00e0 y r\u00e9pondre. Bien s\u00fbr que non. Qu&rsquo;en est-il de l&rsquo;autorit\u00e9 spirituelle dans ce march\u00e9 encombr\u00e9 ? Que doit-on faire ? Que peut-on faire ? D\u00e9missionner ? Certainement pas. Donner de la voix pour condamner la tendance actuelle ? Ce n&rsquo;est s\u00fbrement pas la bonne m\u00e9thode. Et puis, il ne faudrait pas s&rsquo;opposer \u00e0 ce que le Seigneur pourrait approuver. C&rsquo;est lui qui jugera toute chose et chacun. <\/span><\/span><\/span><\/p>\n<p style=\"text-align: justify;\" align=\"LEFT\">\u00a0<\/p>\n<p style=\"text-align: justify;\" align=\"LEFT\"><span style=\"font-family: Arial, sans-serif;\"><span style=\"font-size: small;\"><span style=\"color: #000000;\">Nous avons pourtant la responsabilit\u00e9 devant Dieu et devant les hommes d&rsquo;avertir ceux qui veulent bien \u00e9couter, et d&rsquo;accompagner ceux qui sont pr\u00eats. Dans ce minist\u00e8re, il n&rsquo;y a rien de tr\u00e8s spectaculaire. Qu&rsquo;importe. Pourvu que nous soyons utiles par une vie de tous les jours qui prouvera que le sel n&rsquo;a pas encore perdu sa saveur ni la lumi\u00e8re son \u00e9clat. Rappelons-nous ce que Paul demandait \u00e0 Timoth\u00e9e: <\/span><span style=\"color: #000000; background-color: #ccffff;\"><i>Convaincs, reprends, exhorte avec toute douceur et en instruisant. [&#8230;] Sois sobre en tout, supporte les souffrances, fais l&rsquo;oeuvre d&rsquo;un \u00e9vang\u00e9liste, remplis bien ton minist\u00e8re <\/i><\/span><span style=\"color: #000000;\"><span style=\"background-color: #ccffff;\">(2 Tm 4.1-5)<\/span>. <\/span><\/span><\/span><\/p>\n<p style=\"text-align: justify;\" align=\"LEFT\">\u00a0<\/p>\n<p style=\"text-align: justify;\" align=\"LEFT\"><span style=\"font-family: Arial, sans-serif;\"><span style=\"font-size: small;\"><span style=\"color: #000000;\">Et n&rsquo;oublions pas le chemin de la pri\u00e8re, de l&rsquo;intercession, de la supplication, avec des actions de gr\u00e2ces. <\/span><\/span><\/span><\/p>\n<p align=\"LEFT\">\u00a0<\/p>\n<h2 align=\"LEFT\">Conclusion<\/h2>\n<p style=\"text-align: justify;\" align=\"LEFT\">\u00a0<\/p>\n<p style=\"text-align: justify;\" align=\"LEFT\"><span style=\"font-family: Arial, sans-serif;\"><span style=\"font-size: small;\"><span style=\"color: #000000;\">II n&rsquo;y aucune place l\u00e9gitime dans les Ecritures pour une autorit\u00e9 euphorique et triomphaliste. <\/span><\/span><\/span><\/p>\n<p style=\"text-align: justify;\" align=\"LEFT\">\u00a0<\/p>\n<p style=\"text-align: justify;\" align=\"LEFT\"><span style=\"font-family: Arial, sans-serif;\"><span style=\"font-size: small;\"><span style=\"color: #000000;\">Malgr\u00e9 de nombreux livres et t\u00e9moignages qui se multiplient dans un mouvement croissant de surench\u00e8re, nous savons par l&rsquo;Evangile que le serviteur n&rsquo;est pas plus grand que son Ma\u00eetre. Nous savons aussi que l&rsquo;autorit\u00e9 qu&rsquo;il nous a donn\u00e9e, n&rsquo;est pas encore celle du tr\u00f4ne, mais celle de la croix : <\/span><span style=\"color: #000000; background-color: #ccffff;\"><i>L&rsquo;Esprit lui-m\u00eame rend t\u00e9moignage \u00e0 notre esprit que nous sommes enfants de Dieu [&#8230;] si toutefois nous souffrons avec lui, afin d&rsquo;\u00eatre aussi glorifi\u00e9s avec Lui <\/i><\/span><span style=\"color: #000000;\"><span style=\"background-color: #ccffff;\">(Rm 8.16-17)<\/span>. <\/span><\/span><\/span><\/p>\n<p style=\"text-align: justify;\" align=\"LEFT\">\u00a0<\/p>\n<p style=\"text-align: justify;\" align=\"LEFT\"><span style=\"font-family: Arial, sans-serif;\"><span style=\"font-size: small;\"><span style=\"color: #000000;\">Nous acceptons cette parole de Dieu et sommes heureux de pouvoir ici-bas, dans nos Eglises locales et dans le monde entier, servir le Seigneur avec les moyens qu&rsquo;il nous donne. Et qu&rsquo;importe notre faiblesse, si par elle, le Seigneur peut encore se glorifier par sa force toute-puissante. <\/span><\/span><\/span><\/p>\n<p style=\"text-align: justify;\" align=\"LEFT\">\u00a0<\/p>\n<p style=\"text-align: justify;\" align=\"LEFT\"><span style=\"font-family: Arial, sans-serif;\"><span style=\"font-size: small;\"><span style=\"color: #000000;\">J.D.<\/span><\/span><\/span><\/p>\n<hr \/>\n<p style=\"text-align: justify;\" align=\"LEFT\">\u00a0NOTES<\/p>\n<p style=\"text-align: justify;\" align=\"LEFT\">\u00a0<\/p>\n<p align=\"LEFT\"><strong>1.<\/strong> Ce texte est celui du 3\u00b0 et dernier expos\u00e9 que Jacques DUBOIS a donn\u00e9 \u00e0 la <i>Conf\u00e9rence nationale des CAEF <\/i>AUTORITE parus dans Servir n\u00b02\/98 et 3\/98.<\/p>\n<p align=\"LEFT\">\u00a0<\/p>\n<p align=\"LEFT\"><strong>2.<\/strong> Relire <i>Servir n\u00b03, <\/i>mai-juin 1998, p.1ss<\/p>\n","protected":false},"excerpt":{"rendered":"<p>L&rsquo;autorit\u00e9 dans l&rsquo;Eglise locale1 \u00a0 (3\u00e8me partie) \u00a0 \u00a0 \u00a0 \u00a0 \u00a0 \u00a0 \u00a0 \u00a0 \u00a0 par Jacques Dubois \u00a0 \u00a0 LES LIMITES DE L&rsquo;AUTORITE \u00a0 \u00a0 Le P\u00e8re de gloire [&#8230;] a mis en action sa force souveraine dans le Christ, en le ressuscitant d&rsquo;entre les morts et en le faisant asseoir \u00e0 sa [&hellip;]<\/p>\n","protected":false},"author":141,"featured_media":0,"comment_status":"closed","ping_status":"closed","sticky":false,"template":"","format":"standard","meta":{"footnotes":""},"categories":[17,32,13],"tags":[],"class_list":["post-8194","post","type-post","status-publish","format-standard","hentry","category-lautorite","category-le-nouveau-testament","category-la-vie-de-leglise"],"_links":{"self":[{"href":"https:\/\/www.servir.caef.net\/index.php?rest_route=\/wp\/v2\/posts\/8194","targetHints":{"allow":["GET"]}}],"collection":[{"href":"https:\/\/www.servir.caef.net\/index.php?rest_route=\/wp\/v2\/posts"}],"about":[{"href":"https:\/\/www.servir.caef.net\/index.php?rest_route=\/wp\/v2\/types\/post"}],"author":[{"embeddable":true,"href":"https:\/\/www.servir.caef.net\/index.php?rest_route=\/wp\/v2\/users\/141"}],"replies":[{"embeddable":true,"href":"https:\/\/www.servir.caef.net\/index.php?rest_route=%2Fwp%2Fv2%2Fcomments&post=8194"}],"version-history":[{"count":0,"href":"https:\/\/www.servir.caef.net\/index.php?rest_route=\/wp\/v2\/posts\/8194\/revisions"}],"wp:attachment":[{"href":"https:\/\/www.servir.caef.net\/index.php?rest_route=%2Fwp%2Fv2%2Fmedia&parent=8194"}],"wp:term":[{"taxonomy":"category","embeddable":true,"href":"https:\/\/www.servir.caef.net\/index.php?rest_route=%2Fwp%2Fv2%2Fcategories&post=8194"},{"taxonomy":"post_tag","embeddable":true,"href":"https:\/\/www.servir.caef.net\/index.php?rest_route=%2Fwp%2Fv2%2Ftags&post=8194"}],"curies":[{"name":"wp","href":"https:\/\/api.w.org\/{rel}","templated":true}]}}