{"id":8456,"date":"2008-12-07T07:24:48","date_gmt":"2008-12-07T07:24:48","guid":{"rendered":"\/?p=8456"},"modified":"2017-04-18T14:47:09","modified_gmt":"2017-04-18T14:47:09","slug":"evangeliser-aujourdhui-outils-apologetiques","status":"publish","type":"post","link":"https:\/\/www.servir.caef.net\/?p=8456","title":{"rendered":"\u00c9vang\u00e9liser aujourd\u2019hui &#8211; OUTILS APOLOGETIQUES"},"content":{"rendered":"<p><a href=\"\/wp-content\/uploads\/2013\/04\/CEIE-colombe.jpg\"><img loading=\"lazy\" decoding=\"async\" class=\"alignnone size-full wp-image-7074\" title=\"CEIE colombe\" src=\"\/wp-content\/uploads\/2013\/04\/CEIE-colombe.jpg\" alt=\"\" width=\"93\" height=\"85\" align=\"left\" hspace=\"10\" vspace=\"10\" \/><\/a><\/p>\n<p style=\"background-color: #ffb758; text-align: center;\">\u00a0<\/p>\n<p style=\"background-color: #ffb758; text-align: center;\"><span style=\"font-size: 20px;\"><strong>C.E.I.E. : \u00c9vang\u00e9liser aujourd&rsquo;hui<\/strong> <\/span><\/p>\n<p style=\"background-color: #ffb758;\">\u00a0<\/p>\n<p style=\"background-color: #ffb758;\"><strong>Rubrique de la Commission d&rsquo;\u00c9vang\u00e9lisation et d&rsquo;Implantation d&rsquo;Eglises (C.E.I.E.) des C.A.E.F.<br \/> <\/strong><\/p>\n<p style=\"background-color: #ffb758;\">\u00a0<span style=\"font-family: Arial, sans-serif;\"><span style=\"font-size: small;\"><span style=\"color: #231f20;\">Il est \u00e9vident que pour \u00eatre t\u00e9moin de l\u2019\u00c9vangile, le plus important est d\u2019abord de vivre sa foi, puis d\u2019oser la partager, non comme une sorte d\u2019obligation, mais parce que l\u2019amour du Christ nous presse et nous invite \u00e0 \u00eatre ses ambassadeurs. Pourtant, dans nos discussions, nous nous sentons parfois d\u00e9sarm\u00e9s. S\u2019il est vrai que Dieu promet de nous donner par son Esprit les paroles qu\u2019il faut, cela n\u2019exclut pas l\u2019importance de se documenter un peu pour savoir r\u00e9pondre de notre foi. Dans cet article, nous vous proposons quelques outils pour annoncer l\u2019\u00c9vangile \u00e0 partir d\u2019ouvrages assez r\u00e9cents : <\/span><\/span><\/span><\/p>\n<p style=\"background-color: #ffb758;\">\u00a0<\/p>\n<p style=\"text-align: justify; padding-left: 30px; background-color: #ffb758;\" align=\"LEFT\"><span style=\"font-family: Arial, sans-serif;\"><span style=\"font-size: small;\"><span style=\"color: #231f20;\">1. Outils apolog\u00e9tiques, c\u2019est-\u00e0-dire nous permettant de mieux nous \u00e9quiper pour r\u00e9pondre \u00e0 certaines questions fr\u00e9quentes.\u00a0<\/span><\/span><\/span><\/p>\n<p style=\"text-align: justify; padding-left: 30px; background-color: #ffb758;\" align=\"LEFT\">\u00a0<\/p>\n<p style=\"text-align: justify; padding-left: 30px; background-color: #ffb758;\" align=\"LEFT\"><span style=\"font-family: Arial, sans-serif;\"><span style=\"font-size: small;\"><span style=\"color: #231f20;\">2. Ouvrages pouvant \u00eatre propos\u00e9s \u00e0 des personnes en recherche. <\/span><\/span><\/span><\/p>\n<p style=\"text-align: justify; padding-left: 30px; background-color: #ffb758;\" align=\"LEFT\">\u00a0<\/p>\n<p style=\"text-align: justify; padding-left: 30px; background-color: #ffb758;\" align=\"LEFT\">\u00a0<span style=\"font-family: arial,helvetica,sans-serif; font-size: small;\">Reynald Kozycki<\/span><\/p>\n<p style=\"text-align: justify; padding-left: 30px;\" align=\"LEFT\">\u00a0<\/p>\n<p align=\"LEFT\"><span style=\"font-family: Arial, sans-serif;\"><span style=\"font-size: small;\"><span style=\"color: #231f20;\">\u00a0<\/span><\/span><\/span><\/p>\n<p align=\"LEFT\"><!--more--><\/p>\n<p align=\"LEFT\">\u00a0<\/p>\n<h1 style=\"text-align: center;\" align=\"LEFT\"><em><span style=\"color: #008000;\"><a href=\"\/wp-content\/uploads\/2008\/pdf2008\/SERVIR%206-2008%20Cahier.pdf#page=25\"><img loading=\"lazy\" decoding=\"async\" title=\"iconePDF\" src=\"\/wp-content\/uploads\/2011\/01\/iconePDF.jpg\" alt=\"\" width=\"81\" height=\"76\" align=\"right\" hspace=\"8\" vspace=\"8\" \/><\/a>OUTILS APOLOGETIQUES<\/span><\/em><\/h1>\n<p>&nbsp;<\/p>\n<p>&nbsp;<\/p>\n<table cellspacing=\"7\" cellpadding=\"7\">\n<tbody>\n<tr>\n<td width=\"33%\">\n<h3 style=\"text-align: justify;\" align=\"LEFT\"><span style=\"font-family: Arial, sans-serif;\"><span style=\"font-size: small;\"><span style=\"color: #231f20;\"><b>Moi aussi je voudrais croire<\/b><\/span><\/span><\/span><\/h3>\n<p style=\"text-align: justify;\" align=\"LEFT\"><span style=\"font-family: Arial, sans-serif;\"><span style=\"font-size: small;\"><span style=\"color: #231f20; font-size: x-small;\">RAPHA\u00cbL ANZENBERGER, BLF ET FRANCE \u00c9VANG\u00c9LISATION, 2008, 92 PAGES, 5,00 <\/span><span style=\"color: #231f20;\"><span style=\"font-size: x-small;\">\u20ac<\/span> <\/span><\/span><\/span><\/p>\n<p style=\"text-align: justify;\" align=\"LEFT\"><span style=\"font-family: Arial, sans-serif;\"><span style=\"font-size: small;\"><span style=\"color: #231f20;\"><a href=\"\/wp-content\/uploads\/2008\/12\/livre-1.jpg\"><img loading=\"lazy\" decoding=\"async\" class=\"alignleft\" style=\"margin-right: 5px; margin-left: 5px;\" src=\"\/wp-content\/uploads\/2008\/12\/livre-1.jpg\" alt=\"livre-1\" width=\"81\" height=\"130\" \/><\/a>L\u2019auteur est secr\u00e9taire g\u00e9n\u00e9ral de <\/span><\/span><\/span><span style=\"font-family: Arial, sans-serif;\"><span style=\"font-size: small;\"><span style=\"color: #231f20;\"><i>France \u00c9vang\u00e9lisation<\/i><\/span><span style=\"color: #231f20;\">, il est aussi intervenant r\u00e9gulier aux GBU, ancien cadre du groupe Michelin aux USA. A plusieurs reprises, Rapha\u00ebl a sign\u00e9 des articles dans notre revue. Dans un style tr\u00e8s facile \u00e0 lire avec de nombreuses anecdotes, il nous conduit \u00e0 une s\u00e9rie de formulations pertinentes en r\u00e9ponse aux grandes questions qui reviennent sans cesse d\u00e8s que nous t\u00e9moignons de notre foi. Livre \u00e0 la fois int\u00e9ressant \u00e0 offrir \u00e0 un non-croyant, mais aussi pour une bonne formation \u00e0 l\u2019annonce de l\u2019Evangile. <\/span><\/span><\/span><\/p>\n<p align=\"LEFT\">\u00a0<\/p>\n<p align=\"LEFT\">\u00a0<\/p>\n<h3 style=\"text-align: justify;\" align=\"LEFT\"><span style=\"font-family: Arial, sans-serif;\"><span style=\"font-size: small;\"><span style=\"color: #231f20;\"><b>De l\u2019enfer \u00e0 l\u2019endroit J\u2019ai pass\u00e9 10 ans dans une secte <\/b><\/span><\/span><\/span><\/h3>\n<p style=\"text-align: justify;\" align=\"LEFT\"><span style=\"font-family: Arial, sans-serif;\"><span style=\"font-size: small;\"><span style=\"color: #231f20; font-size: x-small;\">MYRIAM DECLAIR, EDITION OURANIA, 2008, 240 PAGES, 14,50 <\/span><span style=\"color: #231f20;\"><span style=\"font-size: x-small;\">\u20ac<\/span> <\/span><\/span><\/span><\/p>\n<p style=\"text-align: justify;\" align=\"LEFT\"><span style=\"font-family: Arial, sans-serif;\"><span style=\"font-size: small;\"><span style=\"color: #231f20;\"><a href=\"\/wp-content\/uploads\/2008\/12\/livre-2.jpg\"><img loading=\"lazy\" decoding=\"async\" class=\"alignright\" style=\"margin-right: 10px; margin-left: 10px;\" src=\"\/wp-content\/uploads\/2008\/12\/livre-2.jpg\" alt=\"livre-2\" width=\"78\" height=\"131\" \/><\/a>Les \u00e9ditions Ourania de la Maison de la Bible nous ont habitu\u00e9s \u00e0 des t\u00e9moignages percutants. La r\u00e8gle est confirm\u00e9e par ce livre. L\u2019auteure a \u00e9t\u00e9 pendant 10 ans dans le mouvement des \u00ab Enfants de Dieu \u00bb. Cette secte, qui avait commenc\u00e9 pourtant sur des bases bien \u00e9vang\u00e9liques, a compl\u00e8tement d\u00e9raill\u00e9 par les d\u00e9lires de son fondateur et par des pratiques perverses \u00e9tonnantes. Avec pudeur et r\u00e9alisme, Myriam DECLAIR (nom d\u2019emprunt) aborde la m\u00e9canique diabolique \u00e0 l\u2019oeuvre dans ce mouvement s\u00e9ducteur. La deuxi\u00e8me partie est une \u00e9tude int\u00e9ressante sur la logique et le fonctionnement des sectes. Ce livre peut faire un beau cadeau \u00e0 une personne qui s\u2019int\u00e9resse aux ph\u00e9nom\u00e8nes sectaires ou \u00e0 une personne attir\u00e9e par des mouvements un peu farfelus <\/span><\/span><\/span><\/p>\n<p><span style=\"font-family: Arial, sans-serif;\"><span style=\"font-size: small;\"><span style=\"color: #231f20;\">\u00a0<\/span><\/span><\/span><\/p>\n<\/td>\n<td width=\"33%\">\n<h3 style=\"text-align: justify;\"><span style=\"font-family: Arial, sans-serif;\"><span style=\"font-size: small;\"><span style=\"color: #231f20;\"><b>Le guide des religions, Perspective chr\u00e9tienne <\/b><\/span><\/span><\/span><\/h3>\n<p style=\"text-align: justify;\"><span style=\"font-family: Arial, sans-serif;\"><span style=\"font-size: small;\"><span style=\"color: #231f20; font-size: x-small;\">DEAN HALVERSON, MAISON DE LA BIBLE, 2008, 285 PAGES, 28,00 <\/span><span style=\"color: #231f20;\"><span style=\"font-size: x-small;\">\u20ac<\/span> <\/span><\/span><\/span><\/p>\n<p style=\"text-align: justify;\"><span style=\"font-family: Arial, sans-serif;\"><span style=\"font-size: small;\"><span style=\"color: #231f20;\"><a href=\"\/wp-content\/uploads\/2008\/12\/livre-3.jpg\"><img loading=\"lazy\" decoding=\"async\" class=\"alignleft\" style=\"margin-right: 10px; margin-left: 10px;\" src=\"\/wp-content\/uploads\/2008\/12\/livre-3.jpg\" alt=\"livre-3\" width=\"84\" height=\"131\" \/><\/a>En 15 articles et de nombreuses photos ou tableaux, ce guide \u00e9tudie les principales religions, loin des clich\u00e9s simplistes. Les huit auteurs qui ont particip\u00e9 sont de vrais experts des questions qu\u2019ils traitent (cinq ont des doctorats). Le but est clair d\u00e8s le d\u00e9part, il ne s\u2019agit pas d\u2019un ouvrage neutre de sociologie religieuse, mais d\u2019une vision \u00e9vang\u00e9lique et biblique du ph\u00e9nom\u00e8ne religieux. Il est int\u00e9ressant d\u2019avoir trait\u00e9 l\u2019ath\u00e9isme et le marxisme comme des religions. On y trouve par exemple un d\u00e9veloppement sur l\u2019islam, le bouddhisme, l\u2019hindouisme, le tao\u00efsme, le juda\u00efsme, le Nouvel Age\u2026 A chaque affirmation forte d\u2019un syst\u00e8me religieux, une r\u00e9ponse biblique est apport\u00e9e. Ravi ZACHARIA, le c\u00e9l\u00e8bre \u00e9vang\u00e9liste, le pr\u00e9sente comme le guide le plus complet et pratique qu\u2019il connaisse sur ce sujet. <\/span><\/span><\/span><\/p>\n<p style=\"text-align: justify;\">\u00a0<\/p>\n<p style=\"text-align: justify;\">\u00a0<\/p>\n<h3 style=\"text-align: justify;\"><span style=\"font-family: Arial, sans-serif;\"><span style=\"font-size: small;\"><span style=\"color: #231f20;\"><b>En qu\u00eate des origines Les premi\u00e8res \u00e9tapes de l\u2019histoire de la R\u00e9v\u00e9lation : Gen\u00e8se 1 \u00e0 11 <\/b><\/span><\/span><\/span><\/h3>\n<p style=\"text-align: justify;\"><span style=\"font-size: x-small;\"><span style=\"font-family: Arial, sans-serif;\"><span style=\"color: #231f20;\">PIERRE BERTHOUD, EXCELSIS <\/span><\/span><span style=\"font-family: Arial, sans-serif;\"><span style=\"color: #231f20;\">ET KERYGMA, 2008, 420 PAGES, 36,00 <\/span><span style=\"color: #231f20;\">\u20ac<\/span><\/span><\/span><\/p>\n<p style=\"text-align: justify;\"><span style=\"font-family: Arial, sans-serif;\"><span style=\"font-size: small;\"><span style=\"color: #231f20;\"><a href=\"\/wp-content\/uploads\/2008\/12\/livre-4.jpg\"><img loading=\"lazy\" decoding=\"async\" class=\"alignright\" style=\"margin-right: 10px; margin-left: 10px;\" src=\"\/wp-content\/uploads\/2008\/12\/livre-4.jpg\" alt=\"livre-4\" width=\"92\" height=\"130\" \/><\/a>En cette ann\u00e9e \u00ab Darwin \u00bb o\u00f9 la Gen\u00e8se est souvent ridiculis\u00e9e ou caricatur\u00e9e, ce livre arrive \u00e0 propos. Pierre BERTHOUD est professeur d\u2019Ancien Testament et doyen de la Facult\u00e9 de Th\u00e9ologie R\u00e9form\u00e9e d\u2019Aix-en-Provence. Il commence par aborder le d\u00e9bat incontournable des sources de l\u2019Ancien Testament. Ce domaine d\u2019\u00e9tude est tr\u00e8s majoritairement domin\u00e9 dans les milieux non \u00e9vang\u00e9liques par l\u2019approche dite <\/span><span style=\"color: #231f20;\"><i>historico<\/i><\/span><span style=\"color: #231f20;\">&#8211;<\/span><span style=\"color: #231f20;\"><i>critique <\/i><\/span><span style=\"color: #231f20;\">qui remet s\u00e9rieusement en question la notion d\u2019inspiration. Avec beaucoup de tact et d\u2019\u00e9rudition, Pierre BERTHOUD donne une r\u00e9ponse hautement respectueuse de l\u2019autorit\u00e9 biblique. Il en est de m\u00eame pour la question du premier chapitre de la Gen\u00e8se. En \u00e9num\u00e9rant les grandes interpr\u00e9tations avec honn\u00eatet\u00e9 et clart\u00e9, il se positionne seulement \u00e0 la page 210 dans une lecture <\/span><span style=\"color: #231f20;\"><i>non litt\u00e9rale, <\/i><\/span><span style=\"color: #231f20;\">mais plut\u00f4t <\/span><span style=\"color: #231f20;\"><i>litt\u00e9raire <\/i><\/span><span style=\"color: #231f20;\">\u00e0 laquelle nous avait habitu\u00e9s Henri Blocher dans <\/span><span style=\"color: #231f20;\"><i>\u00ab R\u00e9v\u00e9lation des origines \u00bb<\/i><\/span><span style=\"color: #231f20;\">, avec toutefois plus de scepticisme sur la vision <\/span><span style=\"color: #231f20;\"><i>\u00e9volutionniste<\/i><\/span><span style=\"color: #231f20;\">. Le niveau n\u2019est pas des plus simples, mais pour ceux qui ont d\u00e9j\u00e0 une certaine habitude de lecture, ils appr\u00e9cieront de voir un livre de cette teneur apporter une position clairement \u00e9vang\u00e9lique.<\/span><\/span><\/span><\/p>\n<\/td>\n<td width=\"33%\">\n<p style=\"text-align: justify;\"><span style=\"font-family: Arial, sans-serif; font-size: medium;\"><span style=\"color: #ab7d2e;\"><i><strong>IDEES DE LIVRES A OFFRIR<\/strong> <\/i><\/span><\/span><\/p>\n<p style=\"text-align: justify;\">\u00a0<\/p>\n<h3 style=\"text-align: justify;\"><span style=\"font-family: Arial, sans-serif;\"><span style=\"font-size: small;\"><span style=\"color: #231f20;\"><b>Manga, le Messie, Vient-il d\u00e9truire le monde ou le sauver ? <\/b><\/span><\/span><\/span><\/h3>\n<p style=\"text-align: justify;\"><span style=\"font-family: Arial, sans-serif;\"><span style=\"font-size: small;\"><span style=\"color: #231f20; font-size: x-small;\">EDITIONS BLF, 2008, 288 PAGES, 9,50 <\/span><span style=\"color: #231f20;\"><span style=\"font-size: x-small;\">\u20ac<\/span> <\/span><\/span><\/span><\/p>\n<p style=\"text-align: justify;\"><span style=\"font-family: Arial, sans-serif;\"><span style=\"font-size: small;\"><span style=\"color: #231f20;\"><a href=\"\/wp-content\/uploads\/2008\/12\/livre-6.jpg\"><img loading=\"lazy\" decoding=\"async\" class=\"alignleft\" style=\"margin-right: 10px; margin-left: 10px;\" src=\"\/wp-content\/uploads\/2008\/12\/livre-6.jpg\" alt=\"livre-6\" width=\"86\" height=\"130\" \/><\/a>C\u2019est os\u00e9 de la part des Editions BLF que de se lancer dans la publication d\u2019un <\/span><span style=\"color: #231f20;\"><i>manga <\/i><\/span><span style=\"color: #231f20;\">sur l\u2019histoire de J\u00e9sus ! Rappelons que le manga d\u00e9signe les BD japonaises \u00e0 l\u2019origine et s\u2019est impos\u00e9 comme un style de dessin assez original dans le monde entier. En anglais, cette BD a eu un grand succ\u00e8s depuis 2006 (voir le site nextmanga.com). Pour ma part, sans \u00eatre un amateur de BD, je trouve le r\u00e9sultat remarquable et pouvant toucher des 10-16 ans habitu\u00e9s \u00e0 ce style de livres. Le texte fran\u00e7ais est bas\u00e9 sur la version d\u2019Alfred Kuen, Parole Vivante. <\/span><\/span><\/span><\/p>\n<p style=\"text-align: justify;\">\u00a0<\/p>\n<p style=\"text-align: justify;\">\u00a0<\/p>\n<h3 style=\"text-align: justify;\"><span style=\"font-family: Arial, sans-serif;\"><span style=\"font-size: small;\"><span style=\"color: #231f20;\"><b>Le miracle de No\u00ebl <\/b><\/span><\/span><\/span><\/h3>\n<p style=\"text-align: justify;\"><span style=\"font-family: Arial, sans-serif;\"><span style=\"font-size: small;\"><span style=\"color: #231f20; font-size: x-small;\">LA MAISON DE LA BIBLE, 2008, 35 PAGES, RELI\u00c9, 8,90 <\/span><span style=\"color: #231f20;\"><span style=\"font-size: x-small;\">\u20ac<\/span> <\/span><\/span><\/span><\/p>\n<p style=\"text-align: justify;\"><span style=\"font-family: Arial, sans-serif;\"><span style=\"font-size: small;\"><span style=\"color: #231f20;\"><a href=\"\/wp-content\/uploads\/2008\/12\/livre-5.jpg\"><img loading=\"lazy\" decoding=\"async\" class=\"alignright\" style=\"margin-right: 10px; margin-left: 10px;\" src=\"\/wp-content\/uploads\/2008\/12\/livre-5.jpg\" alt=\"livre-5\" width=\"107\" height=\"107\" \/><\/a>Ce livre reli\u00e9, plut\u00f4t de \u00ab standing \u00e9lev\u00e9 \u00bb, reprend les textes fondamentaux de la Bible sur No\u00ebl en version Segond 21. Des photos de grande qualit\u00e9 \u00e9maillent le texte. Beau cadeau \u00e0 une personne peu int\u00e9ress\u00e9e \u00e0 la lecture d\u2019une vraie Bible. <\/span><\/span><\/span><\/p>\n<p style=\"text-align: justify;\">\u00a0<\/p>\n<p style=\"text-align: justify;\">\u00a0<\/p>\n<h3 style=\"text-align: justify;\"><span style=\"font-family: Arial, sans-serif;\"><span style=\"font-size: small;\"><span style=\"color: #231f20;\"><b>J\u00e9sus en questions, volume 1 <\/b><\/span><\/span><\/span><\/h3>\n<p style=\"text-align: justify;\"><span style=\"font-family: Arial, sans-serif;\"><span style=\"font-size: small;\"><span style=\"color: #231f20; font-size: x-small;\">COLLECTIF, \u00c9DITIONS CROIRE POCKET, 2008, 82 PAGES, 5,00 <\/span><span style=\"color: #231f20;\"><span style=\"font-size: x-small;\">\u20ac<\/span> <\/span><\/span><\/span><\/p>\n<p style=\"text-align: justify;\"><span style=\"font-family: Arial, sans-serif;\"><span style=\"font-size: small;\"><span style=\"color: #231f20;\"><a href=\"\/wp-content\/uploads\/2008\/12\/livre-7.jpg\"><img loading=\"lazy\" decoding=\"async\" class=\"alignleft\" style=\"margin-right: 10px; margin-left: 10px;\" src=\"\/wp-content\/uploads\/2008\/12\/livre-7.jpg\" alt=\"livre-7\" width=\"77\" height=\"128\" \/><\/a>Bel outil de pr\u00e9sentation de la personne de J\u00e9sus autour des questions courantes que nos contemporains se posent. En 15 questions (et articles), ce premier volume aborde des points comme \u00ab Les preuves de l\u2019existence de J\u00e9sus \u00bb, \u00ab Les premiers manuscrits \u00bb, \u00ab Les \u00e9vangiles apocryphes \u00bb, \u00ab Les contradictions apparentes \u00bb, \u2026 Plusieurs th\u00e9ologiens et pasteurs \u00e9vang\u00e9liques r\u00e9pondent avec beaucoup de simplicit\u00e9. On m\u2019a demand\u00e9 de r\u00e9diger le dernier article sur le th\u00e8me : \u00ab En quoi J\u00e9sus et son message sont-ils uniques ? \u00bb<\/span><\/span><\/span><\/p>\n<p>&nbsp;<\/p>\n<\/td>\n<\/tr>\n<\/tbody>\n<\/table>\n","protected":false},"excerpt":{"rendered":"<p>\u00a0 C.E.I.E. : \u00c9vang\u00e9liser aujourd&rsquo;hui \u00a0 Rubrique de la Commission d&rsquo;\u00c9vang\u00e9lisation et d&rsquo;Implantation d&rsquo;Eglises (C.E.I.E.) des C.A.E.F. \u00a0Il est \u00e9vident que pour \u00eatre t\u00e9moin de l\u2019\u00c9vangile, le plus important est d\u2019abord de vivre sa foi, puis d\u2019oser la partager, non comme une sorte d\u2019obligation, mais parce que l\u2019amour du Christ nous presse et nous invite [&hellip;]<\/p>\n","protected":false},"author":16,"featured_media":0,"comment_status":"closed","ping_status":"closed","sticky":false,"template":"","format":"standard","meta":{"footnotes":""},"categories":[8,30],"tags":[],"class_list":["post-8456","post","type-post","status-publish","format-standard","hentry","category-evangelisation","category-notes-de-lecture"],"_links":{"self":[{"href":"https:\/\/www.servir.caef.net\/index.php?rest_route=\/wp\/v2\/posts\/8456","targetHints":{"allow":["GET"]}}],"collection":[{"href":"https:\/\/www.servir.caef.net\/index.php?rest_route=\/wp\/v2\/posts"}],"about":[{"href":"https:\/\/www.servir.caef.net\/index.php?rest_route=\/wp\/v2\/types\/post"}],"author":[{"embeddable":true,"href":"https:\/\/www.servir.caef.net\/index.php?rest_route=\/wp\/v2\/users\/16"}],"replies":[{"embeddable":true,"href":"https:\/\/www.servir.caef.net\/index.php?rest_route=%2Fwp%2Fv2%2Fcomments&post=8456"}],"version-history":[{"count":0,"href":"https:\/\/www.servir.caef.net\/index.php?rest_route=\/wp\/v2\/posts\/8456\/revisions"}],"wp:attachment":[{"href":"https:\/\/www.servir.caef.net\/index.php?rest_route=%2Fwp%2Fv2%2Fmedia&parent=8456"}],"wp:term":[{"taxonomy":"category","embeddable":true,"href":"https:\/\/www.servir.caef.net\/index.php?rest_route=%2Fwp%2Fv2%2Fcategories&post=8456"},{"taxonomy":"post_tag","embeddable":true,"href":"https:\/\/www.servir.caef.net\/index.php?rest_route=%2Fwp%2Fv2%2Ftags&post=8456"}],"curies":[{"name":"wp","href":"https:\/\/api.w.org\/{rel}","templated":true}]}}