{"id":870,"date":"2009-09-06T18:52:37","date_gmt":"2009-09-06T18:52:37","guid":{"rendered":"\/?p=870"},"modified":"2017-05-16T13:02:15","modified_gmt":"2017-05-16T13:02:15","slug":"terre-a-vendre","status":"publish","type":"post","link":"https:\/\/www.servir.caef.net\/?p=870","title":{"rendered":"Terre \u00e0 vendre"},"content":{"rendered":"<h1 style=\"text-align: center;\">Terre \u00e0 vendre<\/h1>\n<p>&nbsp;<\/p>\n<p>&nbsp;<\/p>\n<p><span style=\"color: #b22222;\"><span style=\"font-size: 16px;\"><strong><img loading=\"lazy\" decoding=\"async\" class=\"alignnone size-full wp-image-873\" title=\"Fran\u00e7ois-Jean Martin\" src=\"\/wp-content\/uploads\/2009\/09\/Fran\u00e7ois-Jean-Martin.jpg\" alt=\"\" width=\"79\" height=\"98\" align=\"left\" hspace=\"10\" vspace=\"10\" \/>Par Fran\u00e7ois-Jean Martin <\/strong><\/span><\/span><\/p>\n<p>&nbsp;<\/p>\n<p>&nbsp;<\/p>\n<p>&nbsp;<\/p>\n<p>&nbsp;<\/p>\n<p>&nbsp;<\/p>\n<div>\n<p>&nbsp;<\/p>\n<p>&nbsp;<\/p>\n<p style=\"text-align: justify;\"><strong><sub>1<\/sub>Les Cor\u00e9ens \u00e0 Madagascar, les Saoudiens au Soudan : les acheteurs se ruent vers les pays du Sud pour y produire leurs aliments ou des agrocarburants.<\/strong><\/p>\n<p style=\"text-align: justify;\">\u00a0<\/p>\n<p style=\"text-align: justify;\">\u00a0<\/p>\n<\/div>\n<div>\n<div style=\"text-align: justify;\">Quand j\u2019ai \u00e9crit mon livre sur l\u2019\u00e9thique biblique de l\u2019\u00e9cologie, il y a un an et demi, cette question ne faisait pas la une des m\u00e9dias, seuls les milieux autoris\u00e9s commen\u00e7aient \u00e0 en parler. Aujourd\u2019hui, on prend conscience que le rapport \u00e0 la terre est effectivement sur le devant de la sc\u00e8ne<sub><strong>2<\/strong><\/sub>.<\/p>\n<p style=\"text-align: right;\">\u00a0<\/p>\n<\/div>\n<div style=\"text-align: justify;\">\u00a0<\/div>\n<div style=\"text-align: justify;\">C\u2019est un jeu plan\u00e9taire qui devient ind\u00e9cent quand un milliard de personnes souffrent de la faim. En effet, un peu partout dans le monde, des \u00c9tats, mais aussi de grandes entreprises<sub><strong>3<\/strong><\/sub> et des fonds d\u2019investissement, se mettent \u00e0 acheter de la terre, des milliers, voire des centaines de milliers d\u2019hectares, en Afrique et en Asie. Pour des acheteurs comme la Chine, il s\u2019agit d\u2019un r\u00e9flexe de survie face \u00e0 une d\u00e9mographie importante et \u00e0 une urbanisation et une industrialisation \u00e0 marche forc\u00e9e qui ont entra\u00een\u00e9 de nombreux d\u00e9g\u00e2ts environnementaux comme la d\u00e9forestation, l\u2019\u00e9rosion des sols et la p\u00e9nurie d\u2019eau. On peut penser qu\u2019une telle d\u00e9marche est pr\u00e9f\u00e9rable \u00e0 des conflits ouverts comme ceux de l\u2019Irak, bien qu\u2019ils puissent en entra\u00eener indirectement.<\/div>\n<div><img loading=\"lazy\" decoding=\"async\" class=\"alignnone size-medium wp-image-874\" title=\"Madagascar\" src=\"\/wp-content\/uploads\/2009\/09\/Madagascar-300x173.jpg\" alt=\"\" width=\"300\" height=\"173\" align=\"right\" hspace=\"10\" vspace=\"10\" srcset=\"https:\/\/www.servir.caef.net\/wp-content\/uploads\/2009\/09\/Madagascar-300x173.jpg 300w, https:\/\/www.servir.caef.net\/wp-content\/uploads\/2009\/09\/Madagascar.jpg 425w\" sizes=\"auto, (max-width: 300px) 100vw, 300px\" \/><\/div>\n<div>\u00a0<\/div>\n<div style=\"text-align: justify;\">Mais que dire de l\u2019action des grandes entreprises comme Daewoo et des fonds d\u2019investissement ? Ainsi au B\u00e9nin<sub>4<\/sub>, riche d\u2019une agriculture paysanne vivri\u00e8re et dynamique qui fait vivre plus de la moiti\u00e9 de la population dans de petites fermes de moins de 5 hectares, des hommes d\u2019affaires li\u00e9s aux autorit\u00e9s locales et au gouvernement introduisent la culture du \u00ab jatropha \u00bb pour la fabrication de biodiesel. Ils r\u00eavent d\u2019\u00eatre les p\u00e9troliers de demain. C\u2019est d\u00e9j\u00e0 le cas de plusieurs pays qui subissent de fortes d\u00e9forestations et la perte des cultures vivri\u00e8res pour produire des agrocarburants. Cela cause des ravages non seulement environnementaux, mais aussi socio-\u00e9conomiques par un exode rural important.<\/div>\n<div><!--more--><\/div>\n<div style=\"text-align: justify;\">\u00a0<\/div>\n<div style=\"text-align: justify;\"><a href=\"\/wp-content\/uploads\/2009\/pdf2009\/Servir2009_5.pdf#page=21\" target=\"_blank\"><img loading=\"lazy\" decoding=\"async\" title=\"iconePDF\" src=\"\/wp-content\/uploads\/2011\/01\/iconePDF.jpg\" alt=\"\" width=\"81\" height=\"76\" align=\"right\" hspace=\"8\" vspace=\"8\" \/><\/a>Souvenez-vous des \u00e9meutes de la faim, il y a un an, dans 38 pays. C\u2019est un paradoxe cruel quand on sait, selon le Comit\u00e9 catholique contre la Faim et pour le D\u00e9veloppement (CCFD) que, sur le milliard d\u2019\u00eatres humains souffrant de la faim, 70 % sont des paysans.<\/div>\n<div style=\"text-align: justify;\">\u00a0<\/div>\n<div style=\"text-align: justify;\">La conjonction des crises alimentaire et financi\u00e8re a transform\u00e9 les terres agricoles en un nouvel actif strat\u00e9gique. Dans de nombreux endroits du monde, les prix alimentaires sont \u00e9lev\u00e9s et les prix des terres sont faibles. Voici venu le temps d\u2019une nouvelle ru\u00e9e vers \u00ab l\u2019or vert \u00bb. On ne semble gu\u00e8re tirer de le\u00e7ons de l\u2019exp\u00e9rience de la ru\u00e9e vers le coton. Non seulement il a ruin\u00e9 pour des g\u00e9n\u00e9rations de tr\u00e8s nombreuses familles, mais il a aussi appauvri les sols. Entre 1992 et 2002, le prix des engrais a tripl\u00e9, tandis que le cours du coton a chut\u00e9 de moiti\u00e9.<\/div>\n<div><img loading=\"lazy\" decoding=\"async\" class=\"alignnone size-full wp-image-875\" title=\"glaneur\" src=\"\/wp-content\/uploads\/2009\/09\/glaneur.jpg\" alt=\"\" width=\"143\" height=\"117\" align=\"right\" hspace=\"10\" vspace=\"10\" \/><\/div>\n<div style=\"text-align: justify;\">Au travers de l\u2019emploi d\u2019OGM, la d\u00e9pendance \u00e0 l\u2019\u00e9gard des semenciers comme Monsanto s\u2019est accrue. Or ces cultures sont destin\u00e9es au b\u00e9tail ou aux besoins de l\u2019industrie ; elles aggravent par l\u00e0, le probl\u00e8me de la faim et de la malnutrition.<\/div>\n<div>\u00a0<\/div>\n<div style=\"text-align: justify;\">L\u2019\u00e9thique biblique de l\u2019\u00e9cologie d\u00e9veloppe justement le rapport \u00e0 la terre selon la Bible. Elle reste, pour nous protestants, l\u2019autorit\u00e9 en mati\u00e8re de foi et de vie. Plus que jamais, elle nous propose des principes forts et des valeurs qui d\u00e9coulent de notre foi en J\u00e9sus- Christ et que nos soci\u00e9t\u00e9s ont besoin d\u2019entendre.<\/div>\n<div>\u00a0<\/div>\n<div style=\"text-align: justify;\">L\u2019\u00c9glise doit s\u2019engager pour permettre une protection financi\u00e8re et juridique des paysans de ces pays dont les droits sont ni\u00e9s, encourager les mouvements de solidarit\u00e9 (communaut\u00e9s paysannes, coop\u00e9ratives, micro-entreprises, micro-cr\u00e9dits). Pour cela, il faut aussi encourager la d\u00e9mocratie, seule garante de progr\u00e8s possibles, en particulier au travers de l\u2019\u00e9ducation, et qui peut permettre une r\u00e9gulation \u00e9tatique.<\/div>\n<div style=\"text-align: justify;\">\u00a0<\/div>\n<div style=\"text-align: justify;\">Notre pays a choisi, il y a plus de deux si\u00e8cles, une belle devise : \u00ab Libert\u00e9, \u00c9galit\u00e9, Fraternit\u00e9 \u00bb. Ces valeurs pourraient \u00eatre les objectifs de nos \u00c9glises, car elles d\u00e9coulent de l\u2019oeuvre du Christ-J\u00e9sus dans une personne, une famille, une soci\u00e9t\u00e9. Elles sont bien au centre de l\u2019\u00e9thique biblique de l\u2019\u00e9cologie, c\u2019est-\u00e0-dire de l\u2019\u00e9thique biblique du village plan\u00e9taire. C\u2019est bien \u00e0 cela que Dieu nous appelle en nous poussant \u00e0 travailler <span style=\"background-color: #add8e6;\"><em>au bien de la ville. (Jr 29.1-14)<\/em><\/span><\/div>\n<div>\u00a0<\/div>\n<div>\u00a0<\/div>\n<div style=\"text-align: center;\"><strong>Fran\u00e7ois-Jean Martin<br \/> <\/strong><\/div>\n<div>\u00a0<\/div>\n<div>\u00a0<\/div>\n<div>\n<hr \/>\n<p>NOTES<\/p>\n<p>&nbsp;<\/p>\n<p>&nbsp;<\/p>\n<div style=\"text-align: justify;\"><strong>1.<\/strong> Ce texte que j\u2019ai \u00e9crit dans une salle d\u2019a\u00e9roport en attendant une correspondance pour Madagascar, a \u00e9t\u00e9 lu en avril 2009 lors de la pr\u00e9sentation par les autorit\u00e9s catalanes du livre qu\u2019ils avaient demand\u00e9 aux \u00c9glises \u00e9vang\u00e9liques sur l\u2019\u00e9thique protestante des sujets de soci\u00e9t\u00e9. On m\u2019avait demand\u00e9 d\u2019y souligner ce qui avait \u00e9volu\u00e9 de fa\u00e7on nette depuis que j\u2019avais \u00e9crit mon livre en 2007 pour le congr\u00e8s \u00e9vang\u00e9lique espagnol. On aurait pu aborder plusieurs points, en particulier sur ma sp\u00e9cialit\u00e9 qui est le r\u00e9chauffement climatique et ses r\u00e9percussions sur la biodiversit\u00e9, mais il me semble que ce qui est le plus fort aujourd\u2019hui est la question de la propri\u00e9t\u00e9 de la terre. Or justement c\u2019est l\u2019axe principal de mon livre.<\/div>\n<div style=\"text-align: justify;\">\u00a0<\/div>\n<div style=\"text-align: justify;\">\u00a0<\/div>\n<div style=\"text-align: justify;\"><strong>2.<\/strong> En effet, \u00e0 toutes les p\u00e9riodes, la possession de la terre a \u00e9t\u00e9 un enjeu vital, source de beaucoup de conflits. Proche de nous, la th\u00e9ologie de la lib\u00e9ration est n\u00e9e en Am\u00e9rique du Sud dans un contexte o\u00f9 l\u2019on trouve un petit nombre de poss\u00e9dants de vastes latifundia et un tr\u00e8s grand nombre de paysans exclus du sol.<\/div>\n<div style=\"text-align: justify;\">\u00a0<\/div>\n<div style=\"text-align: justify;\">\u00a0<\/div>\n<div style=\"text-align: justify;\"><strong>3.<\/strong> J\u2019ai \u00e9crit cet article durant un de mes voyages de travail \u00e0 Madagascar o\u00f9 le groupe cor\u00e9en Daewoo veut louer pour 99 ans, 1,3 million d\u2019hectares, pr\u00e8s de la moiti\u00e9 de la superficie aujourd\u2019hui cultiv\u00e9e dans l\u2019\u00eele. En f\u00e9vrier 2009, les \u00e9meutes entre les partisans du pr\u00e9sident Ravalomanana et du maire Rajoelina n\u2019\u00e9taient pas dues qu\u2019\u00e0 la rivalit\u00e9 entre les deux hommes, mais aussi \u00e0 la r\u00e9action des paysans contre ce projet.<\/div>\n<div style=\"text-align: justify;\">\u00a0<\/div>\n<div style=\"text-align: justify;\">\u00a0<\/div>\n<div style=\"text-align: justify;\"><strong>4<\/strong>. J\u2019ai choisi le B\u00e9nin, car il est le seul pays d\u2019Afrique de l\u2019Ouest \u00e0 avoir \u00e9chapp\u00e9 aux \u00e9meutes de la faim. Bien qu\u2019il ne subisse pas les m\u00eames fl\u00e9aux naturels que ses voisins et qu\u2019il soit auto-suffisant en cultures vivri\u00e8res, il n\u2019en demeure pas moins l\u2019enjeu de pressions importantes.<\/div>\n<\/div>\n<\/div>\n","protected":false},"excerpt":{"rendered":"<p>Terre \u00e0 vendre &nbsp; &nbsp; Par Fran\u00e7ois-Jean Martin &nbsp; &nbsp; &nbsp; &nbsp; &nbsp; &nbsp; &nbsp; 1Les Cor\u00e9ens \u00e0 Madagascar, les Saoudiens au Soudan : les acheteurs se ruent vers les pays du Sud pour y produire leurs aliments ou des agrocarburants. \u00a0 \u00a0 Quand j\u2019ai \u00e9crit mon livre sur l\u2019\u00e9thique biblique de l\u2019\u00e9cologie, il y [&hellip;]<\/p>\n","protected":false},"author":3,"featured_media":0,"comment_status":"closed","ping_status":"closed","sticky":false,"template":"","format":"standard","meta":{"footnotes":""},"categories":[16,13],"tags":[],"class_list":["post-870","post","type-post","status-publish","format-standard","hentry","category-le-chretien-et-la-societe","category-la-vie-de-leglise"],"_links":{"self":[{"href":"https:\/\/www.servir.caef.net\/index.php?rest_route=\/wp\/v2\/posts\/870","targetHints":{"allow":["GET"]}}],"collection":[{"href":"https:\/\/www.servir.caef.net\/index.php?rest_route=\/wp\/v2\/posts"}],"about":[{"href":"https:\/\/www.servir.caef.net\/index.php?rest_route=\/wp\/v2\/types\/post"}],"author":[{"embeddable":true,"href":"https:\/\/www.servir.caef.net\/index.php?rest_route=\/wp\/v2\/users\/3"}],"replies":[{"embeddable":true,"href":"https:\/\/www.servir.caef.net\/index.php?rest_route=%2Fwp%2Fv2%2Fcomments&post=870"}],"version-history":[{"count":0,"href":"https:\/\/www.servir.caef.net\/index.php?rest_route=\/wp\/v2\/posts\/870\/revisions"}],"wp:attachment":[{"href":"https:\/\/www.servir.caef.net\/index.php?rest_route=%2Fwp%2Fv2%2Fmedia&parent=870"}],"wp:term":[{"taxonomy":"category","embeddable":true,"href":"https:\/\/www.servir.caef.net\/index.php?rest_route=%2Fwp%2Fv2%2Fcategories&post=870"},{"taxonomy":"post_tag","embeddable":true,"href":"https:\/\/www.servir.caef.net\/index.php?rest_route=%2Fwp%2Fv2%2Ftags&post=870"}],"curies":[{"name":"wp","href":"https:\/\/api.w.org\/{rel}","templated":true}]}}