{"id":8724,"date":"2013-07-24T14:32:58","date_gmt":"2013-07-24T14:32:58","guid":{"rendered":"\/?p=8724"},"modified":"2017-05-18T12:33:37","modified_gmt":"2017-05-18T12:33:37","slug":"elections-au-cnef","status":"publish","type":"post","link":"https:\/\/www.servir.caef.net\/?p=8724","title":{"rendered":"\u00c9LECTIONS AU CNEF"},"content":{"rendered":"<p><a href=\"\/wp-content\/uploads\/2015\/01\/elections-cnef-1.jpg\"><img loading=\"lazy\" decoding=\"async\" class=\" wp-image-8725 aligncenter\" src=\"\/wp-content\/uploads\/2015\/01\/elections-cnef-1.jpg\" alt=\"elections-cnef-1\" width=\"675\" height=\"344\" srcset=\"https:\/\/www.servir.caef.net\/wp-content\/uploads\/2015\/01\/elections-cnef-1.jpg 675w, https:\/\/www.servir.caef.net\/wp-content\/uploads\/2015\/01\/elections-cnef-1-300x152.jpg 300w\" sizes=\"auto, (max-width: 675px) 100vw, 675px\" \/><\/a><\/p>\n<p>&nbsp;<\/p>\n<p style=\"text-align: justify;\" align=\"LEFT\"><span style=\"color: #517eb2;\"><span style=\"font-family: Arial, sans-serif;\"><span style=\"font-size: small;\"><span style=\"font-size: medium;\">L\u2019Assembl\u00e9e pl\u00e9ni\u00e8re du CNEF s\u2019est r\u00e9unie \u00e0 l\u2019Institut Biblique de Nogent-sur- Marne le 28 mai 2013 afin de proc\u00e9der \u00e0 l\u2019\u00e9lection de ses diff\u00e9rentes structures, les mandats en cours depuis 3 ann\u00e9es s\u2019achevant.<\/span> <\/span><\/span><\/span><\/p>\n<p style=\"text-align: justify;\" align=\"LEFT\">\u00a0<!--more--><\/p>\n<p style=\"text-align: justify;\" align=\"LEFT\"><strong><span style=\"font-family: arial,helvetica,sans-serif; font-size: x-small;\">DE GAUCHE \u00c0 DROITE : PIERRE JEUCH, CHRISTIAN BLANC, \u00c9TIENNE LHERMENAULT, DANIEL LIECHTI ET CHRISTIAN CARON<\/span><\/strong><\/p>\n<p style=\"text-align: justify;\" align=\"LEFT\"><span style=\"color: #231f20;\"><span style=\"font-family: Arial, sans-serif;\"><span style=\"font-size: small;\"><a href=\"\/wp-content\/uploads\/2015\/01\/elections-cnef-2.jpg\"><img loading=\"lazy\" decoding=\"async\" class=\"size-full wp-image-8726 alignleft\" style=\"margin: 10px;\" src=\"\/wp-content\/uploads\/2015\/01\/elections-cnef-2.jpg\" alt=\"elections-cnef-2\" width=\"246\" height=\"121\" \/><\/a><\/span><\/span><\/span><\/p>\n<p style=\"text-align: justify;\" align=\"LEFT\">\u00a0<\/p>\n<p style=\"text-align: justify;\" align=\"LEFT\"><span style=\"color: #231f20;\"><span style=\"font-family: Arial, sans-serif;\"><span style=\"font-size: small;\"><a href=\"\/wp-content\/uploads\/2013\/pdf2013\/Servir%203-2013%20Disciple.pdf#page=34\"><strong><em><strong><em><img loading=\"lazy\" decoding=\"async\" title=\"iconePDF\" src=\"\/wp-content\/uploads\/2011\/01\/iconePDF.jpg\" alt=\"\" width=\"81\" height=\"76\" align=\"right\" hspace=\"8\" vspace=\"8\" \/><\/em><\/strong><\/em><\/strong><\/a>Apr\u00e8s son discours pr\u00e9sentant un bilan de cette premi\u00e8re mandature<strong><sub>1<\/sub><\/strong> \u00c9tienne LHERMENAULT, actuel pr\u00e9sident du CNEF a \u00e9t\u00e9 r\u00e9\u00e9lu pour un nouveau mandat de 3 ans, ainsi que Daniel LIECHTI, en qualit\u00e9 de vice-pr\u00e9sident et Christian CARON en qualit\u00e9 de secr\u00e9taire. <\/span><\/span><\/span><\/p>\n<p style=\"text-align: justify;\" align=\"LEFT\">\u00a0<\/p>\n<p style=\"text-align: justify;\" align=\"LEFT\"><span style=\"color: #231f20;\"><span style=\"font-family: Arial, sans-serif;\"><span style=\"font-size: small;\">Deux nouveaux \u00e9lus ont rejoint ce Bureau : Christian BLANC (repr\u00e9sentant du p\u00f4le ADD) vice-pr\u00e9sident et Pierre JEUCH (repr\u00e9sentant du p\u00f4le FPF) tr\u00e9sorier. <\/span><\/span><\/span><\/p>\n<p style=\"text-align: justify;\" align=\"LEFT\">\u00a0<\/p>\n<p style=\"text-align: justify;\" align=\"LEFT\"><span style=\"color: #231f20;\"><span style=\"font-family: Arial, sans-serif;\"><span style=\"font-size: small;\">Quant au Comit\u00e9 Repr\u00e9sentatif<strong><sub>2<\/sub><\/strong>, il est dor\u00e9navant compos\u00e9 de : Christian BLANC, Laurent BOSHI et Daniel POTTIER (p\u00f4le ADD), Christian CARON, Luc R\u00c9AUX et Albert WATTO (p\u00f4le d\u2019expression pentec\u00f4tiste charismatique), Patrick DUDAS, Pierre JEUCH et Jean-Marc POTENTI (p\u00f4le FPF), Daniel LIECHTI, Reynald KOZYCKI et Eric WAECHTER (p\u00f4le R\u00e9seau FEF) et Rapha\u00ebl ANZENBERGER, Ren\u00e9 DELATTRE, Philippe FLAHAUT et \u00c9tienne LHERMENAULT (p\u00f4le oeuvres). <\/span><\/span><\/span><\/p>\n<p style=\"text-align: justify;\" align=\"LEFT\">\u00a0<\/p>\n<p style=\"text-align: justify;\" align=\"LEFT\"><span style=\"color: #231f20;\"><span style=\"font-family: Arial, sans-serif;\"><span style=\"font-size: small;\">Pour d\u00e9couvrir les d\u00e9l\u00e9gu\u00e9s des unions<i> <\/i>membres \u00e0 l\u2019Assembl\u00e9e pl\u00e9ni\u00e8re<strong><sub>3<\/sub><\/strong> visitez le site web du CNEF. <\/span><\/span><\/span><\/p>\n<p style=\"text-align: justify;\" align=\"LEFT\">\u00a0<\/p>\n<p style=\"text-align: justify;\" align=\"LEFT\"><span style=\"font-family: arial,helvetica,sans-serif;\"><strong><span style=\"font-size: x-small;\">LES PASTEURS FRAN\u00c7OIS DE CLAVAIROLY ET CLAUDE BATY<\/span><\/strong><\/span><\/p>\n<p style=\"text-align: justify;\" align=\"LEFT\"><span style=\"color: #231f20;\"><span style=\"font-family: Arial, sans-serif;\"><span style=\"font-size: small;\"><a href=\"\/wp-content\/uploads\/2015\/01\/elections-cnef-3.jpg\"><img loading=\"lazy\" decoding=\"async\" class=\"size-full wp-image-8727 alignleft\" style=\"margin: 10px;\" src=\"\/wp-content\/uploads\/2015\/01\/elections-cnef-3.jpg\" alt=\"elections-cnef-3\" width=\"246\" height=\"176\" \/><\/a><\/span><\/span><\/span><\/p>\n<p style=\"text-align: justify;\" align=\"LEFT\">\u00a0<\/p>\n<p style=\"text-align: justify;\" align=\"LEFT\">\u00a0<\/p>\n<p style=\"text-align: justify;\" align=\"LEFT\">\u00a0<\/p>\n<p style=\"text-align: justify;\" align=\"LEFT\"><span style=\"color: #231f20;\"><span style=\"font-family: Arial, sans-serif;\"><span style=\"font-size: small;\">\u00c0 l\u2019occasion de cette rencontre \u00e9taient pr\u00e9sents les pasteurs Claude BATY Pr\u00e9sident de la FPF et Fran\u00e7ois DE CLAVAIROLY son successeur. <\/span><\/span><\/span><\/p>\n<p style=\"text-align: justify;\" align=\"LEFT\">\u00a0<\/p>\n<p style=\"text-align: justify;\" align=\"LEFT\">\u00a0<\/p>\n<p style=\"text-align: justify;\" align=\"LEFT\">\u00a0<\/p>\n<p style=\"text-align: justify;\" align=\"LEFT\">\u00a0<\/p>\n<p style=\"text-align: justify;\" align=\"LEFT\">\u00a0<\/p>\n<p style=\"text-align: justify;\" align=\"LEFT\">\u00a0<\/p>\n<p style=\"text-align: justify;\" align=\"LEFT\">\u00a0<\/p>\n<p align=\"LEFT\">\u00a0<span style=\"font-family: arial,helvetica,sans-serif; font-size: x-small;\"><strong>DE GAUCHE \u00c0 DROITE : CL\u00c9MENT DIEDRICHS, THIERRY LE GALL, NANCY LEF\u00c8VRE, LAURA GROS ET RACHEL CARLIER<\/strong><\/span><\/p>\n<p style=\"text-align: justify;\" align=\"LEFT\"><span style=\"color: #231f20;\"><span style=\"font-family: Arial, sans-serif;\"><span style=\"font-size: small;\"><a href=\"\/wp-content\/uploads\/2015\/01\/elections-cnef-4.jpg\"><img loading=\"lazy\" decoding=\"async\" class=\"size-full wp-image-8728 alignleft\" style=\"margin: 10px;\" src=\"\/wp-content\/uploads\/2015\/01\/elections-cnef-4.jpg\" alt=\"elections-cnef-4\" width=\"244\" height=\"119\" \/><\/a><\/span><\/span><\/span><\/p>\n<p style=\"text-align: justify;\" align=\"LEFT\">\u00a0<\/p>\n<p style=\"text-align: justify;\" align=\"LEFT\">\u00a0<\/p>\n<p style=\"text-align: justify;\" align=\"LEFT\"><span style=\"color: #231f20;\"><span style=\"font-family: Arial, sans-serif;\"><span style=\"font-size: small;\">L\u2019\u00e9quipe des permanents du CNEF ne change pas, elle est toujours compos\u00e9e de Cl\u00e9ment DIEDRICHS directeur, Thierry LE GALL directeur de la communication, Nancy LEF\u00c8VRE juriste, Rachel CARLIER et Laura GROS, assistantes. <\/span><\/span><\/span><\/p>\n<p style=\"text-align: justify;\" align=\"LEFT\">\u00a0<\/p>\n<p style=\"text-align: justify;\" align=\"LEFT\">\u00a0<\/p>\n<p style=\"text-align: justify;\" align=\"LEFT\">\u00a0<\/p>\n<p style=\"text-align: justify;\" align=\"LEFT\">\u00a0<\/p>\n<hr \/>\n<p style=\"text-align: justify;\" align=\"LEFT\">NOTES<\/p>\n<p style=\"text-align: justify;\" align=\"LEFT\">\u00a0<\/p>\n<p style=\"text-align: justify;\"><span style=\"color: #000000;\"><span style=\"font-family: Arial, sans-serif;\"><span style=\"font-size: small;\"><strong>1.<\/strong> <a href=\"http:\/\/lecnef.org\/images\/CNEF_message_president_AP_130528.pdf\"><span style=\"color: #231f20;\">http:\/\/lecnef.org\/images\/CNEF_message_president_AP_130528.pdf <\/span><\/a><\/span><\/span><\/span><\/p>\n<p style=\"text-align: justify;\"><span style=\"color: #000000;\"><span style=\"font-family: Arial, sans-serif;\"><span style=\"font-size: small;\"><span style=\"color: #231f20;\"><strong>2.<\/strong> <a href=\"http:\/\/lecnef.org\/images\/CNEF_composition_Bureau_CR_130528.pdf\">http:\/\/lecnef.org\/images\/CNEF_composition_Bureau_CR_130528.pdf<\/a><\/span><\/span><\/span><\/span><\/p>\n<p style=\"text-align: justify;\"><span style=\"color: #000000;\"><span style=\"font-family: Arial, sans-serif;\"><span style=\"font-size: small;\"><span style=\"color: #231f20;\"><strong>3.<\/strong> <a href=\"http:\/\/lecnef.org\/images\/Liste_del_unions_membres_130603.pdf\">http:\/\/lecnef.org\/images\/Liste_del_unions_membres_130603.pdf<\/a><\/span><\/span><\/span><\/span><\/p>\n","protected":false},"excerpt":{"rendered":"<p>&nbsp; L\u2019Assembl\u00e9e pl\u00e9ni\u00e8re du CNEF s\u2019est r\u00e9unie \u00e0 l\u2019Institut Biblique de Nogent-sur- Marne le 28 mai 2013 afin de proc\u00e9der \u00e0 l\u2019\u00e9lection de ses diff\u00e9rentes structures, les mandats en cours depuis 3 ann\u00e9es s\u2019achevant. \u00a0<\/p>\n","protected":false},"author":10,"featured_media":0,"comment_status":"closed","ping_status":"closed","sticky":false,"template":"","format":"standard","meta":{"footnotes":""},"categories":[14,18],"tags":[],"class_list":["post-8724","post","type-post","status-publish","format-standard","hentry","category-eglises-et-oeuvres","category-leadership"],"_links":{"self":[{"href":"https:\/\/www.servir.caef.net\/index.php?rest_route=\/wp\/v2\/posts\/8724","targetHints":{"allow":["GET"]}}],"collection":[{"href":"https:\/\/www.servir.caef.net\/index.php?rest_route=\/wp\/v2\/posts"}],"about":[{"href":"https:\/\/www.servir.caef.net\/index.php?rest_route=\/wp\/v2\/types\/post"}],"author":[{"embeddable":true,"href":"https:\/\/www.servir.caef.net\/index.php?rest_route=\/wp\/v2\/users\/10"}],"replies":[{"embeddable":true,"href":"https:\/\/www.servir.caef.net\/index.php?rest_route=%2Fwp%2Fv2%2Fcomments&post=8724"}],"version-history":[{"count":0,"href":"https:\/\/www.servir.caef.net\/index.php?rest_route=\/wp\/v2\/posts\/8724\/revisions"}],"wp:attachment":[{"href":"https:\/\/www.servir.caef.net\/index.php?rest_route=%2Fwp%2Fv2%2Fmedia&parent=8724"}],"wp:term":[{"taxonomy":"category","embeddable":true,"href":"https:\/\/www.servir.caef.net\/index.php?rest_route=%2Fwp%2Fv2%2Fcategories&post=8724"},{"taxonomy":"post_tag","embeddable":true,"href":"https:\/\/www.servir.caef.net\/index.php?rest_route=%2Fwp%2Fv2%2Ftags&post=8724"}],"curies":[{"name":"wp","href":"https:\/\/api.w.org\/{rel}","templated":true}]}}