{"id":8889,"date":"2013-10-23T07:18:28","date_gmt":"2013-10-23T07:18:28","guid":{"rendered":"\/?p=8889"},"modified":"2017-05-18T12:55:20","modified_gmt":"2017-05-18T12:55:20","slug":"le-commerce-equitable-est-un-commerce-ethique","status":"publish","type":"post","link":"https:\/\/www.servir.caef.net\/?p=8889","title":{"rendered":"Le commerce \u00e9quitable est un commerce \u00e9thique !"},"content":{"rendered":"<h1 style=\"text-align: center;\">Le commerce \u00e9quitable est un commerce \u00e9thique !<\/h1>\n<p>&nbsp;<\/p>\n<p>&nbsp;<\/p>\n<p><span style=\"color: #800000;\"><strong>Par CHRISTIAN HOUEL<\/strong><\/span><\/p>\n<p><a href=\"\/wp-content\/uploads\/2015\/04\/houel.jpg\"><img loading=\"lazy\" decoding=\"async\" class=\" size-full wp-image-8890 alignleft\" src=\"\/wp-content\/uploads\/2015\/04\/houel.jpg\" alt=\"houel\" width=\"112\" height=\"146\" hspace=\"10\" \/><\/a><\/p>\n<p style=\"text-align: justify;\" align=\"LEFT\">\u00a0<\/p>\n<p style=\"text-align: justify;\" align=\"LEFT\">\u00a0<\/p>\n<p style=\"text-align: justify;\" align=\"LEFT\"><span style=\"font-family: Arial, sans-serif;\"><span style=\"font-size: small;\"><strong><span style=\"color: #000000; font-size: 12pt;\"><i>Le terme m\u00eame de commerce <\/i><\/span><\/strong><i><span style=\"font-size: 12pt;\"><strong>\u00e9quitable semble un oxymore, tant la course aux profits s\u2019est empar\u00e9e<\/strong> de ce qui est au d\u00e9part un \u00e9change entre quelqu\u2019un qui a et quelqu\u2019un qui veut ou a besoin de quelque chose. Cela a commenc\u00e9 avec le troc puis les choses ont \u00e9volu\u00e9. Un objet, un bien, une denr\u00e9e passent d\u2019une main \u00e0 une autre moyennant un paiement dans le processus.<\/span> <\/i><\/span><\/span><\/p>\n<p style=\"text-align: justify;\" align=\"LEFT\">\u00a0<\/p>\n<p style=\"text-align: justify;\" align=\"LEFT\"><!--more--><\/p>\n<p style=\"text-align: justify;\" align=\"LEFT\">\u00a0<\/p>\n<p style=\"text-align: justify;\"><span style=\"font-family: Arial, sans-serif;\"><span style=\"font-size: small;\"><span style=\"color: #000000;\"><i><em><a href=\"\/wp-content\/uploads\/2013\/pdf2013\/Servir%204-2013%20Ethique.pdf#page=28\" target=\"_blank\"><img loading=\"lazy\" decoding=\"async\" class=\" alignright\" title=\"iconePDF\" src=\"\/wp-content\/uploads\/2011\/01\/iconePDF.jpg\" alt=\"\" width=\"81\" height=\"76\" align=\"right\" hspace=\"8\" vspace=\"8\" \/><\/a><\/em>D<\/i><\/span><span style=\"color: #000000;\"><i>ans <\/i><span style=\"background-color: #ccffff;\"><em>l\u2019\u00e9vangile de Matthieu (6.3)<\/em> <\/span><\/span><span style=\"background-color: #ccffff;\">J\u00e9sus d\u00e9clare : <\/span><span style=\"background-color: #ccffff;\">Mais quand tu fais l\u2019aum\u00f4ne, que ta main gauche ne sache pas ce que fait ta droite, afin que ton aum\u00f4ne se fasse en secret ; et ton P\u00e8re, qui voit dans le secret, te le rendra<\/span><i>. <\/i>Il parle ici de l\u2019aum\u00f4ne, de donner \u00e0 quelqu\u2019un qui a besoin, il parle de don et nous invite \u00e0 le faire de fa\u00e7on discr\u00e8te. <\/span><\/span><\/p>\n<p style=\"text-align: justify;\"><span style=\"font-family: Arial, sans-serif;\"><span style=\"font-size: small;\">Par contre, dans le domaine du commerce, de nos achats, il faudrait que notre main gauche sache ce que fait notre main droite. En vue de nous poser les bonnes questions. Les questions que nous nous posons \u2013 ou devrions nous poser \u2013 en tant que chr\u00e9tiens, par rapport au contenu de nos lectures, de certains films, des m\u00e9dias, de nos relations\u2026 Toute notre vie et chac<\/span><\/span><span style=\"font-family: Arial, sans-serif;\"><span style=\"font-size: small;\"><span style=\"color: #000000;\"><i>un des actes de notre vie doivent <\/i><\/span>tendre \u00e0 glorifier Dieu, m\u00eame notre consommation ; car certes nous ne sommes pas du monde, mais nous sommes dedans et nous consommons comme les autres, nous sommes soumis aux m\u00eames incitations. <\/span><\/span><\/p>\n<p style=\"text-align: justify;\">\u00a0<\/p>\n<p style=\"text-align: justify;\">\u00a0<\/p>\n<p style=\"text-align: right;\"><strong><span style=\"font-size: 8pt;\">L\u2019IMMEUBLE DU RANA PLAZA, \u00c0 DACCA\u00a0\u00a0\u00a0\u00a0\u00a0\u00a0\u00a0\u00a0\u00a0\u00a0\u00a0\u00a0\u00a0\u00a0\u00a0\u00a0\u00a0\u00a0\u00a0\u00a0\u00a0\u00a0\u00a0\u00a0\u00a0\u00a0\u00a0\u00a0\u00a0\u00a0\u00a0\u00a0\u00a0\u00a0\u00a0\u00a0\u00a0\u00a0\u00a0\u00a0\u00a0\u00a0\u00a0\u00a0\u00a0\u00a0\u00a0\u00a0\u00a0\u00a0<span style=\"font-family: Arial, sans-serif;\">BANGLADESH, TRAVAIL DE LA FIBRE DE PALME<\/span><\/span><\/strong><\/p>\n<p style=\"text-align: justify;\"><span style=\"font-family: Arial, sans-serif;\"><span style=\"font-size: small;\"><a href=\"\/wp-content\/uploads\/2015\/04\/artisan-inde.jpg\"><img loading=\"lazy\" decoding=\"async\" class=\"alignright wp-image-8891 size-full\" src=\"\/wp-content\/uploads\/2015\/04\/artisan-inde-e1429774633592.jpg\" alt=\"artisan-inde\" width=\"300\" height=\"372\" hspace=\"10\" \/><\/a><a href=\"\/wp-content\/uploads\/2015\/04\/ruines.jpg\"><img loading=\"lazy\" decoding=\"async\" class=\"alignleft wp-image-8892 size-full\" src=\"\/wp-content\/uploads\/2015\/04\/ruines-e1429774748796.jpg\" alt=\"ruines\" width=\"330\" height=\"186\" hspace=\"10\" \/><\/a>D\u2019o\u00f9 vient ce que j\u2019ach\u00e8te, dans quelles conditions cela a-t-il \u00e9t\u00e9 fabriqu\u00e9, vendu\u2026 ? L\u2019actualit\u00e9, avec Dacca<sub><strong>1<\/strong><\/sub>, nous montre le prix pay\u00e9 par certains dans la course aux v\u00eatements toujours moins chers. Quelle est l\u2019histoire du produit dont j\u2019ai envie ? Oh, pardon !, dont j\u2019ai besoin ! Suis-je devant ce produit un consommateur aveugle ou aveugl\u00e9 ou au contraire un consommateur avis\u00e9, conscient et responsable de ses actes (y compris d\u2019achat) devant Dieu et devant les hommes ? Est-ce que, par mes achats, je me rends complice de l\u2019exploitation, de l\u2019esclavage, de la maltraitance d\u2019autres \u00eatres humains cr\u00e9\u00e9s \u00e0 l\u2019image de Dieu ? Voil\u00e0 beaucoup de questions, mais des questions fondamentales\u2026 <\/span><\/span><\/p>\n<p style=\"text-align: justify;\"><span style=\"font-family: Arial, sans-serif;\"><span style=\"font-size: small;\">\u00a0\u00a0\u00a0 Le commerce \u00e9quitable, par sa dynamique, ses caract\u00e9ristiques, son soutien et son accompagnement des petits producteurs et artisans des pays en voie de d\u00e9veloppement, est la r\u00e9ponse pour des \u00e9changes commerciaux dignes, justes, porteurs d\u2019avenir. <\/span><\/span><\/p>\n<p style=\"text-align: justify;\"><span style=\"font-family: Arial, sans-serif;\"><span style=\"font-size: small;\">Le commerce \u00e9quitable nous permet de r\u00e9pondre aux probl\u00e8mes d\u2019\u00e9thique qui sont tant n\u00e9glig\u00e9s dans nos soci\u00e9t\u00e9s, de montrer aussi \u00e0 nos contemporains que nous sommes soucieux du sort de notre prochain sur tous les plans et pas uniquement spirituels. <\/span><\/span><\/p>\n<p style=\"text-align: justify;\">\u00a0<\/p>\n<p style=\"text-align: justify;\"><span style=\"font-family: Arial, sans-serif;\"><span style=\"font-size: small;\">Je cite, en conclusion, cette pri\u00e8re de l\u2019\u00e9v\u00eaque de Meaux (lue dans une aum\u00f4nerie) : <\/span><\/span><\/p>\n<p style=\"text-align: justify;\"><span style=\"font-family: Arial, sans-serif;\"><span style=\"font-size: small;\"><span style=\"background-color: #ffff99;\">L\u2019appel de ceux qui militent pour le commerce \u00e9quitable me touche. Je ne suis pas s\u00fbr, Seigneur, de la validit\u00e9 de tous leurs raisonnements, mais je te demande la force de devenir un \u00ab consomm\u2019acteur \u00bb, quelqu\u2019un qui n\u2019ach\u00e8te pas aveugl\u00e9ment, mais qui fait attention \u00e0 l\u2019immense cha\u00eene du travail des hommes qui permet de b\u00e9n\u00e9ficier du pain que tu nous donnes. Seigneur, je te demande le discernement, pour que la mani\u00e8re dont je remplis mon caddie soit aussi un signe de l\u2019amour que je te porte.<\/span> <\/span><\/span><\/p>\n<p style=\"text-align: center;\"><span style=\"font-family: Arial, sans-serif;\"><span style=\"font-size: small;\">C.H. <\/span><\/span><\/p>\n<p style=\"text-align: center;\"><span style=\"font-family: Arial, sans-serif;\"><span style=\"font-size: small;\">\u00a0<\/span><\/span><span style=\"color: #ffffff; font-family: Arial, sans-serif; background-color: #000000;\"><span style=\"font-size: small;\"><b>Pour aller plus loin : <a style=\"color: #ffffff; background-color: #000000;\" href=\"http:\/\/www.agir-autrement.fr\" target=\"_blank\">www.agir-autrement.fr<\/a>\u00a0\u00a0\u00a0\u00a0 &#8211;\u00a0\u00a0\u00a0 Pour mettre en pratique : <a style=\"color: #ffffff; background-color: #000000;\" href=\"http:\/\/www.artisanatsel.com\" target=\"_blank\">http:\/\/www.artisanatsel.com<\/a><\/b><\/span><\/span><\/p>\n<p style=\"text-align: center;\">\u00a0<\/p>\n<hr \/>\n<p style=\"text-align: justify;\">NOTE<\/p>\n<p style=\"text-align: justify;\">\u00a0<\/p>\n<p style=\"text-align: justify;\"><span style=\"font-family: Arial, sans-serif;\"><span style=\"font-size: small;\"><strong>1.<\/strong> Le 24 avril 2013, \u00e0 Dacca, capitale du Bangladesh, l\u2019immeuble du Rana Plaza, qui abritait des ateliers de confection travaillant notamment pour des marques occidentales, s\u2019est soudainement effondr\u00e9. L\u2019accident a fait 1229 morts, le pire bilan dans l\u2019histoire industrielle du pays.<\/span><\/span><\/p>\n","protected":false},"excerpt":{"rendered":"<p>Le commerce \u00e9quitable est un commerce \u00e9thique ! &nbsp; &nbsp; Par CHRISTIAN HOUEL \u00a0 \u00a0 Le terme m\u00eame de commerce \u00e9quitable semble un oxymore, tant la course aux profits s\u2019est empar\u00e9e de ce qui est au d\u00e9part un \u00e9change entre quelqu\u2019un qui a et quelqu\u2019un qui veut ou a besoin de quelque chose. Cela a [&hellip;]<\/p>\n","protected":false},"author":43,"featured_media":0,"comment_status":"closed","ping_status":"closed","sticky":false,"template":"","format":"standard","meta":{"footnotes":""},"categories":[16,21,72],"tags":[],"class_list":["post-8889","post","type-post","status-publish","format-standard","hentry","category-le-chretien-et-la-societe","category-ethique","category-service"],"_links":{"self":[{"href":"https:\/\/www.servir.caef.net\/index.php?rest_route=\/wp\/v2\/posts\/8889","targetHints":{"allow":["GET"]}}],"collection":[{"href":"https:\/\/www.servir.caef.net\/index.php?rest_route=\/wp\/v2\/posts"}],"about":[{"href":"https:\/\/www.servir.caef.net\/index.php?rest_route=\/wp\/v2\/types\/post"}],"author":[{"embeddable":true,"href":"https:\/\/www.servir.caef.net\/index.php?rest_route=\/wp\/v2\/users\/43"}],"replies":[{"embeddable":true,"href":"https:\/\/www.servir.caef.net\/index.php?rest_route=%2Fwp%2Fv2%2Fcomments&post=8889"}],"version-history":[{"count":0,"href":"https:\/\/www.servir.caef.net\/index.php?rest_route=\/wp\/v2\/posts\/8889\/revisions"}],"wp:attachment":[{"href":"https:\/\/www.servir.caef.net\/index.php?rest_route=%2Fwp%2Fv2%2Fmedia&parent=8889"}],"wp:term":[{"taxonomy":"category","embeddable":true,"href":"https:\/\/www.servir.caef.net\/index.php?rest_route=%2Fwp%2Fv2%2Fcategories&post=8889"},{"taxonomy":"post_tag","embeddable":true,"href":"https:\/\/www.servir.caef.net\/index.php?rest_route=%2Fwp%2Fv2%2Ftags&post=8889"}],"curies":[{"name":"wp","href":"https:\/\/api.w.org\/{rel}","templated":true}]}}