{"id":8896,"date":"2013-10-23T13:03:36","date_gmt":"2013-10-23T13:03:36","guid":{"rendered":"\/?p=8896"},"modified":"2017-05-18T12:43:06","modified_gmt":"2017-05-18T12:43:06","slug":"un-noel-parfait","status":"publish","type":"post","link":"https:\/\/www.servir.caef.net\/?p=8896","title":{"rendered":"Un No\u00ebl parfait"},"content":{"rendered":"<p><a href=\"\/wp-content\/uploads\/2015\/04\/bande-Noel.jpg\"><img loading=\"lazy\" decoding=\"async\" class=\" size-full wp-image-8897 aligncenter\" src=\"\/wp-content\/uploads\/2015\/04\/bande-Noel.jpg\" alt=\"bande Noel\" width=\"523\" height=\"109\" srcset=\"https:\/\/www.servir.caef.net\/wp-content\/uploads\/2015\/04\/bande-Noel.jpg 523w, https:\/\/www.servir.caef.net\/wp-content\/uploads\/2015\/04\/bande-Noel-300x63.jpg 300w\" sizes=\"auto, (max-width: 523px) 100vw, 523px\" \/><\/a><\/p>\n<p style=\"text-align: justify;\">\u00a0<\/p>\n<p style=\"text-align: justify;\"><span style=\"color: #800000;\"><strong>Par ANNICK WAECHTER<\/strong><\/span><\/p>\n<p style=\"text-align: justify;\">\u00a0<\/p>\n<p style=\"text-align: justify;\" align=\"LEFT\"><span style=\"font-family: Arial, sans-serif;\"><span style=\"font-size: small;\"><span style=\"color: #a80b1c;\">L<\/span><span style=\"color: #000000;\">a lame glisse doucement le long du ruban rouge ; une fois, puis deux. Les boucles \u00e9carlates forment de jolies courbes sur le papier illustr\u00e9. Le paquet est beau, bien emball\u00e9, et Julie le dispose harmonieusement sous le sapin aupr\u00e8s des autres cadeaux d\u00e9j\u00e0 pr\u00eats. Elle fait un pas en arri\u00e8re, penche l\u00e9g\u00e8rement la t\u00eate et, satisfaite du r\u00e9sultat, \u00e9bauche un petit sourire. Quand ils viendront, tout sera parfait. Adrien sera l\u00e0 avec Anna et leur petit Louis, quant \u00e0 H\u00e9l\u00e8na, elle viendra avec Romain ; il est gentil, bien \u00e9lev\u00e9, et, maintenant qu\u2019on le conna\u00eet mieux, il est plus d\u00e9tendu. <\/span><\/span><\/span><\/p>\n<p style=\"text-align: justify;\" align=\"LEFT\"><!--more--><\/p>\n<p style=\"text-align: justify;\" align=\"LEFT\">\u00a0<\/p>\n<p style=\"text-align: justify;\" align=\"LEFT\"><span style=\"font-family: Arial, sans-serif;\"><span style=\"font-size: small;\"><span style=\"color: #000000;\"><a href=\"\/wp-content\/uploads\/2013\/pdf2013\/Servir%204-2013%20Ethique.pdf#page=31\" target=\"_blank\"><img loading=\"lazy\" decoding=\"async\" class=\" alignright\" title=\"iconePDF\" src=\"\/wp-content\/uploads\/2011\/01\/iconePDF.jpg\" alt=\"\" width=\"81\" height=\"76\" align=\"right\" hspace=\"8\" vspace=\"8\" \/><\/a>Julie a pr\u00e9par\u00e9 les chambres, les lits sont faits ; les menus choisis refl\u00e8tent les pr\u00e9f\u00e9rences des uns et des autres et, surtout, la dinde aux marrons sera servie comme chaque ann\u00e9e depuis toujours, chez ses propres m\u00e8re et grand-m\u00e8re. De bons souvenirs reviennent, \u00e0 cette simple \u00e9vocation, et Julie est heureuse de perp\u00e9tuer la tradition des f\u00eates familiales. Vivement demain. <\/span><\/span><\/span><\/p>\n<p style=\"text-align: justify;\" align=\"LEFT\">\u00a0<\/p>\n<p style=\"text-align: justify;\" align=\"LEFT\"><span style=\"font-family: Arial, sans-serif;\"><span style=\"font-size: small;\"><span style=\"color: #000000;\">Hier, c\u2019\u00e9tait dimanche, le dernier dimanche avant No\u00ebl. Jo\u00ebl a allum\u00e9 la derni\u00e8re bougie de la couronne de l\u2019avent, celle qui nous rappelle que No\u00ebl arrive, que nous l\u2019attendons. Ensuite il a donn\u00e9 un beau message, il faut le reconna\u00eetre. \u00c7a fait du bien de se rappeler que No\u00ebl, c\u2019est le moment o\u00f9 J\u00e9sus s\u2019est donn\u00e9 pour les hommes, est venu sur terre pour s\u2019approcher de nous, pour vivre ce que nous vivons. Quelle joie de se savoir compris par notre Dieu ! Comment imaginer que le Dieu cr\u00e9ateur a accept\u00e9 de s\u2019humilier au point de na\u00eetre comme tous les b\u00e9b\u00e9s, d\u2019une femme, et dans une \u00e9table de surcro\u00eet ? Pas de couronnes pour lui, ni de draps blancs. <\/span><\/span><\/span><\/p>\n<p style=\"text-align: justify;\" align=\"LEFT\">\u00a0<\/p>\n<p style=\"text-align: justify;\" align=\"LEFT\"><span style=\"font-family: Arial, sans-serif;\"><span style=\"font-size: small;\"><span style=\"color: #000000;\">Le plus touchant reste le message de J\u00e9sus : l\u2019amour du prochain, l\u2019exhortation \u00e0 devenir serviteur de l\u2019autre, \u00e0 l\u2019aimer comme soi-m\u00eame. Il a tout donn\u00e9 pour nous sauver, et, sans avoir de mission salvatrice comme le Christ, nous pouvons nous ouvrir aux autres et leur montrer ce m\u00eame amour divin. Finalement, No\u00ebl, c\u2019est une f\u00eate extraordinaire parce qu\u2019elle ne passe pas inaper\u00e7ue : la plupart des gens ont cong\u00e9, beaucoup s\u2019offrent des cadeaux, certains croient et pensent \u00e0 J\u00e9sus, et tous peuvent entendre l\u2019histoire de J\u00e9sus et accepter son amour. C\u2019\u00e9tait vraiment une belle pr\u00e9dication qui faisait du bien. <\/span><\/span><\/span><\/p>\n<p style=\"text-align: justify;\" align=\"LEFT\">\u00a0<\/p>\n<p style=\"text-align: justify;\" align=\"LEFT\"><span style=\"font-family: Arial, sans-serif;\"><span style=\"font-size: small;\"><span style=\"color: #000000;\">Julie prend son manteau et se dirige vers la boucherie du quartier. Il fait froid, et elle remonte son col, serre son \u00e9charpe et met ses gants. C\u2019est dommage, il ne neige pas, cela ferait tellement plus \u00ab No\u00ebl \u00bb si les flocons se mettaient \u00e0 tomber ; c\u2019est Louis qui serait fou de joie. Il y a du monde dehors et, au d\u00e9tour d\u2019un trottoir, Julie croise Fran\u00e7oise. \u00c7a n\u2019a pas l\u2019air d\u2019aller fort pour elle, m\u00eame si elle a souri et r\u00e9pondu : \u00ab Oui, \u00e7a va bien, merci. \u00bb C\u2019est vrai qu\u2019elle vit seule, Fran\u00e7oise ; elle est c\u00e9libataire et, depuis qu\u2019elle s\u2019est convertie, elle fr\u00e9quente l\u2019\u00c9glise \u00e9vang\u00e9lique. Elle doit avoir de la famille, mais, \u00e0 ce qu\u2019elle a dit, ils ne se r\u00e9unissent pas pour les f\u00eates. Dommage. Pour Jean que Julie a vu passer devant la vitrine du boucher, c\u2019est encore pire : il d\u00e9teste les f\u00eates, et pr\u00e9f\u00e8re travailler pour ne pas y penser. Il est divorc\u00e9 et n\u2019aura pas ses enfants pendant ces vacances, il les a si rarement de toute fa\u00e7on. \u00c0 se demander comment il supporte \u00e7a, pourtant il ne le montre pas, mais quelle tristesse ! <\/span><\/span><\/span><\/p>\n<p style=\"text-align: justify;\" align=\"LEFT\">\u00a0<\/p>\n<p style=\"text-align: justify;\" align=\"LEFT\"><span style=\"font-family: Arial, sans-serif;\"><span style=\"font-size: small;\"><span style=\"color: #000000;\">Il en faut plus pour faire descendre Julie de son petit nuage ; elle est toute \u00e0 son bonheur du sapin qui sera \u00e9clair\u00e9 demain soir, des yeux brillants de Louis quand il ouvrira ses cadeaux, de ses enfants autour d\u2019elle, de son Antoine de mari avec qui elle s\u2019entend si bien. Son coeur bat plus fort tout d\u2019un coup. <\/span><\/span><\/span><\/p>\n<p style=\"text-align: justify;\" align=\"LEFT\">\u00a0<\/p>\n<p style=\"text-align: justify;\" align=\"LEFT\"><span style=\"font-family: Arial, sans-serif;\"><span style=\"font-size: small;\"><span style=\"color: #000000;\">C\u2019est vraiment triste pour Fran\u00e7oise, alors Julie l\u2019invitera en janvier, quand les f\u00eates seront finies parce que pour l\u2019instant, elle n\u2019a pas le temps. Elle pourrait m\u00eame inviter Jean en m\u00eame temps, pourquoi pas ? Il faudra en parler \u00e0 Antoine \u00e0 l\u2019occasion. <\/span><\/span><\/span><\/p>\n<p style=\"text-align: justify;\" align=\"LEFT\">\u00a0<\/p>\n<p style=\"text-align: justify;\" align=\"LEFT\"><span style=\"font-family: Arial, sans-serif;\"><span style=\"font-size: small;\"><span style=\"color: #000000;\">Le silence de la nuit a chang\u00e9, les quelques bruits de la rue sont assourdis. Les flocons tant attendus par Julie tombent du ciel et recouvrent lentement les toits des maisons, les branches des arbres, les illuminations des rues. Au matin, Julie ouvre la porte pour accueillir ses enfants, ouvre ses bras pour embrasser Louis, ouvre son coeur \u00e0 tant de bonheur. Tout est parfait. <\/span><\/span><\/span><\/p>\n<p style=\"text-align: justify;\" align=\"LEFT\">\u00a0<\/p>\n<p style=\"text-align: justify;\" align=\"LEFT\"><span style=\"font-family: Arial, sans-serif;\"><span style=\"font-size: small;\"><span style=\"color: #000000;\">Fran\u00e7oise pousse la porte et rencontre le regard d\u2019Hortense, 85 ans, dans le hall de la maison de retraite. C\u2019est ici qu\u2019elle a choisi de passer No\u00ebl cette ann\u00e9e, comme l\u2019an dernier. Le message de dimanche a \u00e9t\u00e9 comme un clin d\u2019oeil pour elle, un clin d\u2019oeil de J\u00e9sus : \u00ab Va donner mon amour aux autres, va ! \u00bb Elle avait rendez-vous avec Hortense, Sophie, Claude et d\u2019autres r\u00e9sidents, tous ceux qui voudront chanter des cantiques de No\u00ebl et \u00e9couter le r\u00e9cit biblique avant de partager un repas de f\u00eate dans la joie d\u2019\u00eatre ensemble et de pouvoir annoncer le message du salut. <\/span><\/span><\/span><\/p>\n<p style=\"text-align: justify;\" align=\"LEFT\">\u00a0<\/p>\n<p style=\"text-align: justify;\" align=\"LEFT\"><span style=\"font-family: Arial, sans-serif;\"><span style=\"font-size: small;\"><span style=\"color: #000000;\">Jean ne travaillera pas cette ann\u00e9e, Julie s\u2019est tromp\u00e9e. Parce que Jo\u00ebl et Anne l\u2019ont invit\u00e9 \u00e0 f\u00eater No\u00ebl chez eux, avec leurs enfants et petitse nfants. D\u2019habitude, Jean a le coeur serr\u00e9 le 24 et le 25, mais cette ann\u00e9e, il se r\u00e9jouit, il a trouv\u00e9 une famille avec J\u00e9sus : une famille qui lui a dit que, non, il ne serait pas de trop au milieu d\u2019eux, que, oui, ils aimeraient vraiment qu\u2019il vienne. Ils lui ont ouvert la porte, les bras, le coeur. <\/span><\/span><\/span><\/p>\n<p align=\"LEFT\">\u00a0<\/p>\n<p style=\"text-align: center;\" align=\"LEFT\"><span style=\"font-family: Arial, sans-serif;\"><span style=\"font-size: small;\"><span style=\"color: #000000;\">A.W.<\/span><\/span><\/span><\/p>\n<p>\u00a0<a href=\"\/wp-content\/uploads\/2013\/10\/cadeaux.jpg\"><img loading=\"lazy\" decoding=\"async\" class=\" size-full wp-image-8899 alignleft\" src=\"\/wp-content\/uploads\/2013\/10\/cadeaux.jpg\" alt=\"cadeaux\" width=\"598\" height=\"333\" srcset=\"https:\/\/www.servir.caef.net\/wp-content\/uploads\/2013\/10\/cadeaux.jpg 598w, https:\/\/www.servir.caef.net\/wp-content\/uploads\/2013\/10\/cadeaux-300x167.jpg 300w\" sizes=\"auto, (max-width: 598px) 100vw, 598px\" \/><\/a><\/p>\n","protected":false},"excerpt":{"rendered":"<p>\u00a0 Par ANNICK WAECHTER \u00a0 La lame glisse doucement le long du ruban rouge ; une fois, puis deux. Les boucles \u00e9carlates forment de jolies courbes sur le papier illustr\u00e9. Le paquet est beau, bien emball\u00e9, et Julie le dispose harmonieusement sous le sapin aupr\u00e8s des autres cadeaux d\u00e9j\u00e0 pr\u00eats. Elle fait un pas en [&hellip;]<\/p>\n","protected":false},"author":88,"featured_media":0,"comment_status":"closed","ping_status":"closed","sticky":false,"template":"","format":"standard","meta":{"footnotes":""},"categories":[79,84,25,28,72],"tags":[],"class_list":["post-8896","post","type-post","status-publish","format-standard","hentry","category-amour","category-fete","category-histoires-et-contes","category-jesus-christ","category-service"],"_links":{"self":[{"href":"https:\/\/www.servir.caef.net\/index.php?rest_route=\/wp\/v2\/posts\/8896","targetHints":{"allow":["GET"]}}],"collection":[{"href":"https:\/\/www.servir.caef.net\/index.php?rest_route=\/wp\/v2\/posts"}],"about":[{"href":"https:\/\/www.servir.caef.net\/index.php?rest_route=\/wp\/v2\/types\/post"}],"author":[{"embeddable":true,"href":"https:\/\/www.servir.caef.net\/index.php?rest_route=\/wp\/v2\/users\/88"}],"replies":[{"embeddable":true,"href":"https:\/\/www.servir.caef.net\/index.php?rest_route=%2Fwp%2Fv2%2Fcomments&post=8896"}],"version-history":[{"count":0,"href":"https:\/\/www.servir.caef.net\/index.php?rest_route=\/wp\/v2\/posts\/8896\/revisions"}],"wp:attachment":[{"href":"https:\/\/www.servir.caef.net\/index.php?rest_route=%2Fwp%2Fv2%2Fmedia&parent=8896"}],"wp:term":[{"taxonomy":"category","embeddable":true,"href":"https:\/\/www.servir.caef.net\/index.php?rest_route=%2Fwp%2Fv2%2Fcategories&post=8896"},{"taxonomy":"post_tag","embeddable":true,"href":"https:\/\/www.servir.caef.net\/index.php?rest_route=%2Fwp%2Fv2%2Ftags&post=8896"}],"curies":[{"name":"wp","href":"https:\/\/api.w.org\/{rel}","templated":true}]}}