{"id":9147,"date":"2014-01-24T13:46:17","date_gmt":"2014-01-24T13:46:17","guid":{"rendered":"\/?p=9147"},"modified":"2017-05-18T13:04:31","modified_gmt":"2017-05-18T13:04:31","slug":"jesus-educateur","status":"publish","type":"post","link":"https:\/\/www.servir.caef.net\/?p=9147","title":{"rendered":"J\u00e9sus \u00e9ducateur"},"content":{"rendered":"<h1 style=\"text-align: center;\">J\u00e9sus \u00e9ducateur<sub>1<\/sub><\/h1>\n<p>&nbsp;<\/p>\n<p><a href=\"\/wp-content\/uploads\/2015\/09\/disciples.jpg\"><img loading=\"lazy\" decoding=\"async\" class=\" size-full wp-image-9148 aligncenter\" src=\"\/wp-content\/uploads\/2015\/09\/disciples.jpg\" alt=\"disciples\" width=\"575\" height=\"463\" srcset=\"https:\/\/www.servir.caef.net\/wp-content\/uploads\/2015\/09\/disciples.jpg 575w, https:\/\/www.servir.caef.net\/wp-content\/uploads\/2015\/09\/disciples-300x242.jpg 300w\" sizes=\"auto, (max-width: 575px) 100vw, 575px\" \/><\/a><\/p>\n<p style=\"text-align: center;\">\u00a0<span style=\"font-size: 8pt;\"><strong>J\u00c9SUS ENSEIGNE SES DISCIPLES &#8211; VITRAIL, BASILIQUE BRUXELLES &#8211; \u00a9 REN\u00c1TA SEDM\u00c1KOV\u00c1<\/strong><\/span><\/p>\n<p style=\"text-align: center;\">\u00a0<\/p>\n<p style=\"text-align: center;\">\u00a0<\/p>\n<p><span style=\"color: #000000;\"><span style=\"font-family: Arial, sans-serif;\"><span style=\"font-size: small;\"><span style=\"color: #231f20;\"><i><a href=\"\/wp-content\/uploads\/2011\/05\/Henri-Blocher.jpg\"><img loading=\"lazy\" decoding=\"async\" class=\" size-full wp-image-1677 alignleft\" src=\"\/wp-content\/uploads\/2011\/05\/Henri-Blocher.jpg\" alt=\"Henri Blocher\" width=\"76\" height=\"99\" hspace=\"10\" \/><\/a><\/i><\/span><\/span><\/span><\/span><span style=\"font-size: 8pt;\">R\u00c9SUM\u00c9 FAIT PAR<\/span>\u00a0<span style=\"font-size: 14pt;\"><strong><span style=\"color: #800000;\">MARCEL REUTENAUER<\/span><\/strong><\/span><\/p>\n<p align=\"LEFT\"><span style=\"font-size: 8pt;\">SUR LA BASE DE NOTES\u00a0PRISES LORS D\u2019UN\u00a0EXPOS\u00c9<\/span><\/p>\n<p align=\"LEFT\"><span style=\"color: #800000;\"><span style=\"color: #000000; font-size: 8pt;\">D\u2019<\/span><strong><span style=\"font-size: 14pt;\">HENRI\u00a0BLOCHER<\/span><\/strong> (1974)<\/span><\/p>\n<p><span class=\"Apple-style-span\" style=\"color: #231f20; font-family: Arial, sans-serif; font-size: small;\"><span class=\"Apple-style-span\" style=\"line-height: 19px;\"><i>\u00a0<\/i><\/span><\/span><\/p>\n<p style=\"text-align: left;\">\u00a0<\/p>\n<p style=\"text-align: justify;\" align=\"LEFT\"><span style=\"color: #231f20; font-size: 12pt;\"><span style=\"font-family: Arial, sans-serif;\"><i>La plus grande part du \u00ab jour \u00bb que J\u00e9sus a pass\u00e9 sur la terre avant sa \u00ab passion \u00bb, il l\u2019a consacr\u00e9e \u00e0 former ses disciples. Quelle a \u00e9t\u00e9 sa p\u00e9dagogie ? Ce n\u2019est pas par simple curiosit\u00e9 que nous nous posons cette question. Nous esp\u00e9rons pouvoir appliquer quelques-uns de ses principes et de ses <\/i><i>m\u00e9thodes aujourd\u2019hui.<\/i><\/span><\/span><\/p>\n<p style=\"text-align: justify;\" align=\"LEFT\">\u00a0<\/p>\n<p style=\"text-align: justify;\" align=\"LEFT\"><!--more--><\/p>\n<p>&nbsp;<\/p>\n<h2><span style=\"color: #ff0000;\"><em>Jusqu\u2019\u00e0 quel point pouvons-nous et devons-nous essayer d\u2019imiter J\u00e9sus ? <\/em><\/span><\/h2>\n<p style=\"text-align: justify;\">\u00a0<\/p>\n<p style=\"text-align: justify;\"><span style=\"color: #c5151c;\"><span style=\"font-family: Arial, sans-serif;\"><span style=\"font-size: small;\"><span style=\"color: #231f20;\"><a href=\"\/wp-content\/uploads\/2014\/\/pdf2014\/Servir%201-2014.pdf#page=20\"><img loading=\"lazy\" decoding=\"async\" class=\" size-full wp-image-115 alignright\" src=\"\/wp-content\/uploads\/2011\/01\/iconePDF.jpg\" alt=\"iconePDF\" width=\"81\" height=\"76\" \/><\/a>Sa mission d\u2019\u00e9ducateur, J\u00e9sus l\u2019a remplie dans un autre si\u00e8cle, en Orient : le contexte culturel de sa p\u00e9dagogie peut-il se comparer au n\u00f4tre ? <\/span><\/span><\/span><\/span><\/p>\n<p style=\"text-align: justify;\"><span style=\"color: #c5151c;\"><span style=\"font-family: Arial, sans-serif;\"><span style=\"font-size: small;\"><span style=\"color: #231f20;\">J\u00e9sus \u00e9tait lui-m\u00eame une personnalit\u00e9 hors du commun (m\u00eame sur un plan humain : autorit\u00e9, diversit\u00e9 de ses talents). Il \u00e9tait le Messie, le Fils \u00e9ternel venu en chair. <\/span><\/span><\/span><\/span><\/p>\n<p style=\"text-align: justify;\"><span style=\"color: #c5151c;\"><span style=\"font-family: Arial, sans-serif;\"><span style=\"font-size: small;\"><span style=\"color: #231f20;\">Ce sont des ap\u00f4tres, cofondateurs de l\u2019\u00c9glise qu\u2019il a form\u00e9s. <\/span><\/span><\/span><\/span><\/p>\n<p style=\"text-align: justify;\"><span style=\"color: #c5151c;\"><span style=\"font-family: Arial, sans-serif;\"><span style=\"font-size: small;\"><span style=\"color: #231f20;\">Peut-on transposer ? Pouvons-nous comparer les jeunes que nous avons \u00e0 former aux ap\u00f4tres (adultes) ? <\/span><\/span><\/span><\/span><\/p>\n<p style=\"text-align: justify;\"><span style=\"color: #c5151c;\"><span style=\"font-family: Arial, sans-serif;\"><span style=\"font-size: small;\"><span style=\"color: #231f20;\">Il n\u2019est pas question de copier servilement J\u00e9sus. Cependant, malgr\u00e9 la distance entre lui et nous, divinement et humainement, il nous est command\u00e9 de suivre son exemple. En d\u00e9pit de sa dignit\u00e9 exclu<span style=\"color: #231f20;\"><span style=\"font-family: Arial, sans-serif;\"><span style=\"font-size: small;\">sive, du r\u00f4le unique que J\u00e9sus a jou\u00e9<i>, <\/i>il nous dit : <span style=\"background-color: #ccffff;\"><i>Je vous ai donn\u00e9 un exemple<sub><strong>2<\/strong><\/sub><\/i><\/span>. Il y a donc une analogie n\u00e9cessaire entre notre comportement et celui de J\u00e9sus. Le domaine de la p\u00e9dagogie n\u2019est pas un domaine \u00e0 part. <\/span><\/span><\/span><\/span><\/span><\/span><\/span><\/p>\n<p style=\"text-align: justify;\"><span style=\"color: #c5151c;\"><span style=\"font-family: Arial, sans-serif;\"><span style=\"font-size: small;\"><span style=\"color: #231f20;\"><span style=\"color: #231f20;\"><span style=\"font-family: Arial, sans-serif;\"><span style=\"font-size: small;\">Contre le relativisme culturel pr\u00f4n\u00e9 actuellement, nous devons souligner que la vision biblique de l\u2019homme conduit \u00e0 dire que les diff\u00e9rences culturelles sont assez minimes entre la situation de J\u00e9sus, sa p\u00e9dagogie et la n\u00f4tre. <\/span><\/span><\/span><\/span><\/span><\/span><\/span><\/p>\n<p style=\"text-align: justify;\"><span style=\"color: #c5151c;\"><span style=\"font-family: Arial, sans-serif;\"><span style=\"font-size: small;\"><span style=\"color: #231f20;\"><span style=\"color: #231f20;\"><span style=\"font-family: Arial, sans-serif;\"><span style=\"font-size: small;\">Ces diff\u00e9rences p\u00e8sent d\u2019un certain poids. La tendance autour de nous est de dire qu\u2019il n\u2019y a plus de point commun entre deux cultures tr\u00e8s \u00e9loign\u00e9es, deux situations historiques tr\u00e8s diff\u00e9rentes. <\/span><\/span><\/span><\/span><\/span><\/span><\/span><\/p>\n<p style=\"text-align: justify;\"><span style=\"color: #c5151c;\"><span style=\"font-family: Arial, sans-serif;\"><span style=\"font-size: small;\"><span style=\"color: #231f20;\"><span style=\"color: #231f20;\"><span style=\"font-family: Arial, sans-serif;\"><span style=\"font-size: small;\">Mais ce n\u2019est pas l\u2019essentiel qui est atteint. Nous risquons tous d\u2019\u00eatre influenc\u00e9s par un relativisme culturel dangereux qui n\u00e9glige les grands th\u00e8mes bibliques de l\u2019unit\u00e9 de l\u2019Histoire et d\u2019une nature humaine d\u00e9termin\u00e9e par des faits m\u00e9tahistoriques de cr\u00e9ation divine et de p\u00e9ch\u00e9 qui enveloppent toute l\u2019humanit\u00e9. <\/span><\/span><\/span><\/span><\/span><\/span><\/span><\/p>\n<p style=\"text-align: justify;\"><span style=\"color: #c5151c;\"><span style=\"font-family: Arial, sans-serif;\"><span style=\"font-size: small;\"><span style=\"color: #231f20;\"><span style=\"color: #231f20;\"><span style=\"font-family: Arial, sans-serif;\"><span style=\"font-size: small;\">M\u00eame ce qui a \u00e9t\u00e9 contingent, couleur locale, dans la vie de J\u00e9sus, a \u00e9t\u00e9 calcul\u00e9 par Dieu pour que la vie de J\u00e9sus reste exemplaire pour nous et pour tous les si\u00e8cles. Cela fait partie du concept de pl\u00e9nitude des temps<sub><strong>3<\/strong><\/sub>. Dieu a choisi ce lieu particulier, ce temps particulier, ces caract\u00e9ristiques circonstancielles particuli\u00e8res pour que la valeur d\u2019exemple pour tous les temps et tous les lieux ne soit pas entam\u00e9e. <\/span><\/span><\/span><\/span><\/span><\/span><\/span><\/p>\n<p style=\"text-align: justify;\"><span style=\"color: #c5151c;\"><span style=\"font-family: Arial, sans-serif;\"><span style=\"font-size: small;\"><span style=\"color: #231f20;\"><span style=\"color: #231f20;\"><span style=\"font-family: Arial, sans-serif;\"><span style=\"font-size: small;\">Nous prenons un risque herm\u00e9neutique en cherchant \u00e0 distinguer ce qui est essentiel, correspondant \u00e0 la nature de l\u2019homme, aux principes constants de l\u2019action de Dieu parmi les hommes, et ce qui est li\u00e9 au temps et aux circonstances et que nous ne puissions pas reproduire. Nous avons \u00e0 discerner nous-m\u00eames ce qui est essentiel, normatif pour nous, et ce que nous pourrions modifier selon nos propres circonstances. Ce risque est limit\u00e9 par le fait que nous n\u2019avons pas seulement les donn\u00e9es sur J\u00e9sus et sur l\u2019\u00e9ducation de J\u00e9sus, mais que nous avons toute la Bible. Nous ne sommes pas simplement appel\u00e9s \u00e0 l\u2019imitation de J\u00e9sus-Christ, mais instruits par une r\u00e9v\u00e9lation qui s\u2019est \u00e9tendue sur des si\u00e8cles, avec des situations diff\u00e9rentes, des personnalit\u00e9s diverses humainement. Si nous prenions chez J\u00e9sus quelque chose qu\u2019on ne retrouve absolument pas chez Paul ou chez Mo\u00efse pour en faire une loi absolue et rigide, nous irions contre ce principe d\u2019une correction, d\u2019un balancement, par le reste de l\u2019\u00c9criture. <\/span><\/span><\/span><\/span><\/span><\/span><\/span><\/p>\n<p style=\"text-align: justify;\">\u00a0<\/p>\n<p style=\"text-align: justify;\">\u00a0<\/p>\n<h2><span style=\"color: #ff0000;\"><em>J\u00e9sus a us\u00e9 d\u2019une p\u00e9dagogie <\/em><\/span><\/h2>\n<p style=\"text-align: justify;\">\u00a0<\/p>\n<p style=\"text-align: justify;\"><span style=\"color: #c5151c;\"><span style=\"font-family: Arial, sans-serif;\"><span style=\"font-size: small;\"><span style=\"color: #231f20;\"><span style=\"color: #231f20;\"><span style=\"font-family: Arial, sans-serif;\"><span style=\"font-size: small;\">J\u00e9sus a choisi le statut de ma\u00eetre<sub><strong>4<\/strong><\/sub>, entour\u00e9 de ses disciples. C\u2019est l\u2019\u00e9tat du p\u00e9dagogue. Il ne s\u2019est pas content\u00e9 de r\u00e9v\u00e9ler fid\u00e8lement ce qu\u2019il avait entendu aupr\u00e8s du P\u00e8re ; il s\u2019est intens\u00e9ment int\u00e9ress\u00e9 \u00e0 l\u2019assimilation de cette v\u00e9rit\u00e9 par ses disciples. Il n\u2019y a pas seulement veill\u00e9 de fa\u00e7on spontan\u00e9e ; il y a r\u00e9fl\u00e9chi, il a mis en oeuvre une tactique d\u00e9lib\u00e9r\u00e9e. J\u00e9sus n\u2019a pas laiss\u00e9 d\u2019expos\u00e9 de sa p\u00e9dagogie, mais seulement un th\u00e9or\u00e8me p\u00e9dagogique qui d\u00e9finit la finalit\u00e9 de l\u2019\u00e9ducation telle que la concevait J\u00e9sus : <span style=\"background-color: #ccffff;\"><i>Tout disciple accompli sera comme son ma\u00eetre<\/i><strong><sub>5<\/sub><\/strong><\/span>. <\/span><\/span><\/span><\/span><\/span><\/span><\/span><\/p>\n<p style=\"text-align: justify;\"><span style=\"color: #231f20;\"><span style=\"font-family: Arial, sans-serif;\"><span style=\"font-size: small;\">Les rabbins affirmaient \u00e0 peu pr\u00e8s la m\u00eame chose. Ils pr\u00e9servaient l\u2019exactitude de la retransmission traditionnelle : que le disciple soit capable de r\u00e9p\u00e9ter aussi bien que le ma\u00eetre ce qui \u00e9tait \u00e0 transmettre. J\u00e9sus aussi fait apprendre par coeur des choses \u00e0 ses disciples pour qu\u2019ils soient capables de restituer sans aucune d\u00e9formation ce qu\u2019il leur a appris. Mais il ne s\u2019agit pas seulement d\u2019un enseignement assimil\u00e9 par le disciple, il s\u2019agit d\u2019une assimilation du disciple \u00e0 J\u00e9sus- Christ, au ma\u00eetre. Il s\u2019agit d\u2019une association \u00e0 l\u2019oeuvre de J\u00e9sus-Christ. <span style=\"background-color: #ccffff;\"><i>Celui qui re\u00e7oit celui que j\u2019aurai envoy\u00e9 me re\u00e7oit et celui qui me re\u00e7oit, re\u00e7oit aussi celui qui m\u2019a envoy\u00e9 <\/i><strong><sub>6<\/sub><\/strong><\/span> sugg\u00e8re qu\u2019il n\u2019y a pas que la retransmission d\u2019un enseignement, mais aussi l\u2019association \u00e0 toute la mission de J\u00e9sus-Christ. <\/span><\/span><\/span><\/p>\n<p style=\"text-align: justify;\"><span style=\"color: #231f20;\"><span style=\"font-family: Arial, sans-serif;\"><span style=\"font-size: small;\">L\u2019assimilation \u00e0 J\u00e9sus-Christ est la finalit\u00e9 p\u00e9dagogique de l\u2019\u00e9ducation chr\u00e9tienne sans qu\u2019il s\u2019agisse toutefois d\u2019un coulage dans un m\u00eame moule. <\/span><\/span><\/span><\/p>\n<p style=\"text-align: justify;\">\u00a0<\/p>\n<p style=\"text-align: justify;\">\u00a0<\/p>\n<h2><em>Comment J\u00e9sus aboutit-il \u00e0 cette finalit\u00e9 ? <\/em><\/h2>\n<p style=\"text-align: justify;\">\u00a0<\/p>\n<h3><em>Cadre <\/em><\/h3>\n<p style=\"text-align: justify;\">\u00a0<\/p>\n<p><strong>1. Vie communautaire <\/strong><\/p>\n<p style=\"text-align: justify;\">\u00a0<\/p>\n<p style=\"text-align: justify;\"><span style=\"color: #231f20;\"><span style=\"font-family: Arial, sans-serif;\"><span style=\"font-size: small;\">J\u00e9sus a choisi de former une cellule unique, \u00e9conomique, presque familiale. J\u00e9sus a choisi les douze <span style=\"background-color: #ccffff;\"><em>pour qu\u2019ils soient avec lui<\/em> (Mc 3.14)<\/span>. Dans les Actes, les ap\u00f4tres sont ceux qui ont \u00e9t\u00e9 <span style=\"background-color: #ccffff;\"><i>avec J\u00e9sus<\/i><\/span>. Dans l\u2019Histoire universelle, le choix de la vie communautaire comme cadre est assez courant. Notre Occident fait exception. Dans beaucoup de cultures, le ma\u00eetre s\u2019attache \u00e0 ses disciples et vit avec eux.<\/span><\/span><\/span><\/p>\n<p style=\"text-align: justify;\"><span style=\"color: #231f20;\"><span style=\"font-family: Arial, sans-serif;\"><span style=\"font-size: small;\"> Nous ne devons pas copier servilement, mais remarquer que cette formule a de grands avantages p\u00e9dagogiques. Deux ou trois jours de vie en commun ont un grand impact sur notre mentalit\u00e9. Dans les facult\u00e9s, instituts, mais aussi camps, colonies\u2026 cet aspect est fondamental. <\/span><\/span><\/span><\/p>\n<p style=\"text-align: justify;\">\u00a0<\/p>\n<p><strong>2. J\u00e9sus a choisi une vie communautaire structur\u00e9e <\/strong><\/p>\n<p style=\"text-align: justify;\">\u00a0<\/p>\n<p style=\"text-align: justify;\"><span style=\"color: #231f20;\"><span style=\"font-family: Arial, sans-serif;\"><span style=\"font-size: small;\">Les relations \u00e0 l\u2019int\u00e9rieur du groupe des douze sont presque hi\u00e9rarchiques. Le statut de J\u00e9sus est bien d\u00e9fini, il y a le respect \u00e0 son \u00e9gard : <span style=\"background-color: #ccffff;\"><em>Vous m\u2019appelez ma\u00eetre et Seigneur, et vous dites bien car je le suis (Jn 13.13)<\/em><\/span>. La port\u00e9e du fait que J\u00e9sus lave les pieds de ses disciples nous montre que ce n\u2019est pas lui qui le faisait habituellement. J\u00e9sus gardait une sorte de distance entre lui et ses disciples : ses disciples craignaient de l\u2019interroger, parfois ils n\u2019osent pas lui r\u00e9pondre.<\/span><\/span><\/span><\/p>\n<p style=\"text-align: justify;\">\u00a0<\/p>\n<p><strong> 3. Des \u00e9tudes montrent que J\u00e9sus a donn\u00e9 une structure au groupe lui-m\u00eame <\/strong><\/p>\n<p style=\"text-align: justify;\">\u00a0<\/p>\n<p style=\"text-align: justify;\"><span style=\"color: #231f20;\"><span style=\"font-family: Arial, sans-serif;\"><span style=\"font-size: small;\">Il en choisit douze et en fait trois quatuors. En comparant les listes des ap\u00f4tres donn\u00e9es par les divers \u00e9vangiles, on les retrouve dans des ordres diff\u00e9rents, mais toujours par groupes de quatre, les m\u00eames quatre, avec le m\u00eame premier. Il y avait donc trois groupes de quatre avec trois chefs : Pierre, Philippe et Jacques, fils d\u2019Alph\u00e9e. Il y avait aussi un tr\u00e9sorier.<\/span><\/span><\/span><\/p>\n<p style=\"text-align: justify;\">\u00a0<\/p>\n<p><strong> 4. J\u00e9sus prend grand soin des d\u00e9tails mat\u00e9riels <\/strong><\/p>\n<p style=\"text-align: justify;\">\u00a0<\/p>\n<p style=\"text-align: justify;\"><span style=\"color: #231f20;\"><span style=\"font-family: Arial, sans-serif;\"><span style=\"font-size: small;\">Par exemple : <\/span><\/span><\/span><\/p>\n<ul>\n<li style=\"text-align: justify;\"><span style=\"color: #231f20;\"><span style=\"font-family: Arial, sans-serif;\"><span style=\"font-size: small;\">Lorsqu\u2019il envoie les douze en mission, il leur dit tout : quoi emporter, quoi faire, etc. <span style=\"color: #ffffff;\">\u00a0\u00a0<\/span><\/span><\/span><\/span><\/li>\n<li style=\"text-align: justify;\"><span style=\"color: #231f20;\"><span style=\"font-family: Arial, sans-serif;\"><span style=\"font-size: small;\">Il prend soin de leur \u00e9tat physique : <span style=\"background-color: #ccffff;\"><em>Reposez-vous un peu (Mc 6.31)<\/em><\/span>. <\/span><\/span><\/span><\/li>\n<li style=\"text-align: justify;\"><span style=\"color: #231f20;\"><span style=\"font-family: Arial, sans-serif;\"><span style=\"font-size: small;\">Lors de la multiplication des pains, il organise la foule, veille \u00e0 ne pas laisser perdre les restes, etc. <\/span><\/span><\/span><\/li>\n<\/ul>\n<p style=\"text-align: justify;\">\u00a0<\/p>\n<p><strong>5. J\u00e9sus organise la vie du groupe avec beaucoup de fermet\u00e9, mais sans rigidit\u00e9 <\/strong><\/p>\n<p style=\"text-align: justify;\">\u00a0<\/p>\n<p style=\"text-align: justify;\"><span style=\"color: #231f20;\"><span style=\"font-family: Arial, sans-serif;\"><span style=\"font-size: small;\">Les ap\u00f4tres n\u2019ont pas l\u2019air d\u00e9personnalis\u00e9s par un r\u00e8glement trop d\u00e9taill\u00e9. Quand on pense \u00e0 l\u2019autorit\u00e9 personnelle de J\u00e9sus, \u00e0 cause de la sup\u00e9riorit\u00e9 fantastique de sa pens\u00e9e, de sa p\u00e9n\u00e9tration, des miracles qu\u2019il faisait, il est \u00e9trange et bouleversant que les ap\u00f4tres aient \u00e9t\u00e9 si libres. Leurs questions, leurs reproches \u00e0 J\u00e9sus, l\u2019attitude de Pierre dans<span style=\"background-color: #ccffff;\"> Jean 13<\/span>, etc., montrent que les ap\u00f4tres n\u2019\u00e9taient pas \u00e9touff\u00e9s ni \u00e9cras\u00e9s par l\u2019organisation, ni par la personne m\u00eame de J\u00e9sus, ni par son autorit\u00e9. Cette proximit\u00e9 quotidienne n\u2019a pas non plus \u00e9t\u00e9 d\u00e9courageante. <\/span><\/span><\/span><\/p>\n<p style=\"text-align: justify;\">\u00a0<\/p>\n<p style=\"text-align: justify;\">\u00a0<\/p>\n<h3><em>Ambiance <\/em><\/h3>\n<p style=\"text-align: justify;\">\u00a0<\/p>\n<p><strong>1. La libert\u00e9 des disciples s\u2019explique par la libert\u00e9 de J\u00e9sus <\/strong><\/p>\n<p style=\"text-align: justify;\">\u00a0<\/p>\n<p style=\"text-align: justify;\"><span style=\"color: #231f20;\"><span style=\"font-family: Arial, sans-serif;\"><span style=\"font-size: small;\">J\u00e9sus vit humainement avec ses proches, il n\u2019est pas enferm\u00e9 dans son personnage de ma\u00eetre ou de Messie. Il s\u2019exprime avec naturel, sans fausse retenue : il jubile, s\u2019exalte <span style=\"background-color: #ccffff;\"><em>(Lc 10.18)<\/em><\/span>, tressaille de joie en lui-m\u00eame <em><span style=\"background-color: #ccffff;\">(Lc 10.21)<\/span><\/em>. J\u00e9sus n\u2019h\u00e9site pas \u00e0 exprimer sa joie ou sa tristesse : il est admiratif <span style=\"background-color: #ccffff;\"><em>(Mt 8.10 ; Lc 7.9)<\/em><\/span>, spontan\u00e9ment. Sa libert\u00e9 a eu beaucoup d\u2019influence sur le groupe et a contribu\u00e9 \u00e0 cette ambiance de libert\u00e9.<\/span><\/span><\/span><\/p>\n<p style=\"text-align: justify;\">\u00a0<\/p>\n<p><strong> 2. Le rapport de J\u00e9sus aux disciples est personnel, personnalis\u00e9 avec chacun<\/strong><\/p>\n<p style=\"text-align: justify;\">\u00a0<\/p>\n<p style=\"text-align: justify;\"><span style=\"color: #231f20;\"><span style=\"font-family: Arial, sans-serif;\"><span style=\"font-size: small;\"> Exemples : <\/span><\/span><\/span><\/p>\n<ul>\n<li style=\"text-align: justify;\"><span style=\"color: #231f20;\"><span style=\"font-family: Arial, sans-serif;\"><span style=\"font-size: small;\">Don de surnom \u00e0 plusieurs.<\/span><\/span><\/span><\/li>\n<li style=\"text-align: justify;\"><span style=\"color: #231f20;\"><span style=\"font-family: Arial, sans-serif;\"><span style=\"font-size: small;\">Il ne craint pas d\u2019\u00eatre accus\u00e9 de favoritisme. Il en choisit trois (Pierre, Jacques et Jean) pour quelques moments privil\u00e9gi\u00e9s (transfiguration, Geths\u00e9man\u00e9). L\u2019ambiance \u00e9tait telle que les autres ne se sont pas sentis l\u00e9s\u00e9s. <\/span><\/span><\/span><\/li>\n<li style=\"text-align: justify;\"><span style=\"color: #231f20;\"><span style=\"font-family: Arial, sans-serif;\"><span style=\"font-size: small;\">J\u00e9sus fait alterner f\u00e9licitations et bl\u00e2mes <em><span style=\"background-color: #ccffff;\">(Mt 16.15-23)<\/span><\/em> et n\u2019h\u00e9site pas \u00e0 employer un langage tr\u00e8s fort dans les deux sens. <\/span><\/span><\/span><\/li>\n<\/ul>\n<p style=\"text-align: justify;\">\u00a0<\/p>\n<p><strong>3. Quand J\u00e9sus f\u00e9licite, ce n\u2019est jamais flatteusement <\/strong><\/p>\n<p style=\"text-align: justify;\">\u00a0<\/p>\n<p style=\"text-align: justify;\"><span style=\"color: #231f20;\"><span style=\"font-family: Arial, sans-serif;\"><span style=\"font-size: small;\">\u00c0 Pierre, il dit : <i><span style=\"background-color: #ccffff;\">ce n\u2019est pas la chair et le sang qui t\u2019ont r\u00e9v\u00e9l\u00e9 cela, mais mon P\u00e8re<\/span>\u2026<\/i>, et non ton intelligence personnelle. J\u00e9sus remet les choses en place. Ou <span style=\"background-color: #ccffff;\"><em>ne vous r\u00e9jouissez pas de ce que les d\u00e9mons vous soient soumis en mon nom, mais plut\u00f4t de ce que vos noms soient inscrits dans le royaume des cieux (Lc 10.20)<\/em><\/span>. <\/span><\/span><\/span><\/p>\n<p style=\"text-align: justify;\">\u00a0<\/p>\n<p style=\"text-align: justify;\"><strong>4. Quand J\u00e9sus fait des reproches, il n\u2019\u00e9crase pas<\/strong><\/p>\n<p style=\"text-align: justify;\">\u00a0<\/p>\n<p style=\"text-align: justify;\"><span style=\"color: #231f20;\"><span style=\"font-family: Arial, sans-serif;\"><span style=\"font-size: small;\"><em><span style=\"background-color: #ccffff;\">Matthieu 20.20ss<\/span><\/em>, J\u00e9sus n\u2019\u00e9crase pas les fr\u00e8res, mais donne un enseignement \u00e0 tous. <\/span><\/span><\/span><\/p>\n<p style=\"text-align: justify;\">\u00a0<\/p>\n<p><strong>5. J\u00e9sus fait alterner les avertissements et les promesses <\/strong><\/p>\n<p style=\"text-align: justify;\">\u00a0<\/p>\n<p style=\"text-align: justify;\"><span style=\"color: #231f20;\"><span style=\"font-family: Arial, sans-serif;\"><span style=\"font-size: small;\"><span style=\"background-color: #ccffff;\"><em>On vous tra\u00eenera devant les tribunaux (Mc 13.9)<\/em><\/span> et ailleurs : <span style=\"background-color: #ccffff;\"><em>Ne crains pas (Lc 12.4, 7)<\/em><\/span>.<\/span><\/span><\/span><\/p>\n<p style=\"text-align: justify;\">\u00a0<\/p>\n<p style=\"text-align: justify;\">\u00a0<\/p>\n<h3><em> Principes p\u00e9dagogiques <\/em><\/h3>\n<p style=\"text-align: justify;\">\u00a0<\/p>\n<p><strong>1. J\u00e9sus veut inculquer la v\u00e9rit\u00e9 <\/strong><\/p>\n<p style=\"text-align: justify;\">\u00a0<\/p>\n<p style=\"text-align: justify;\"><span style=\"color: #231f20;\"><span style=\"font-family: Arial, sans-serif;\"><span style=\"font-size: small;\">Priorit\u00e9 : v\u00e9rit\u00e9-commandement \u00e0 mettre en pratique. (<span style=\"background-color: #ccffff;\"><i>Si vous savez ces choses, heureux \u00eates-vous si vous les pra<\/i><span style=\"color: #ffffff;\">\u00a0<\/span><i>tiquez\u2026 sachant cela, si vous le faites\u2026 <\/i>Jean 13<\/span>). Priorit\u00e9 de la v\u00e9rit\u00e9. J\u00e9sus n\u2019h\u00e9site pas \u00e0 l\u2019inculquer aux disciples avant m\u00eame qu\u2019ils soient capables de la comprendre. J\u00e9sus leur apprend des choses en leur disant : \u00ab Vous comprendrez plus tard \u00bb. Par exemple, pour le sens du lavement des pieds, J\u00e9sus dit \u00e0 Pierre : <span style=\"background-color: #ccffff;\"><i>Tu ne peux pas le comprendre pour le moment<\/i><\/span>. Dans <em><span style=\"background-color: #ccffff;\">Jean 16,<\/span><\/em> J\u00e9sus dit aussi qu\u2019il a mesur\u00e9 les r\u00e9v\u00e9lations qu\u2019il a d\u00fb faire selon la facult\u00e9 qu\u2019avaient ses disciples de supporter ces choses. <\/span><\/span><\/span><\/p>\n<p style=\"text-align: justify;\">\u00a0<\/p>\n<p style=\"text-align: justify;\"><span style=\"font-size: 8pt;\"><strong>Groupe de maison<\/strong><\/span><\/p>\n<p style=\"text-align: justify;\"><span style=\"color: #231f20;\"><span style=\"font-family: Arial, sans-serif;\"><span style=\"font-size: small;\">\u00a0<a href=\"\/wp-content\/uploads\/2014\/01\/groupe-maison.jpg\"><img loading=\"lazy\" decoding=\"async\" class=\" size-full wp-image-9152 alignleft\" src=\"\/wp-content\/uploads\/2014\/01\/groupe-maison.jpg\" alt=\"groupe-maison\" width=\"273\" height=\"155\" hspace=\"10\" \/><\/a>J\u00e9sus inculque la v\u00e9rit\u00e9 d\u2019une mani\u00e8re progressive, qui anticipe un peu sur la facult\u00e9 de compr\u00e9hension de ses disciples ; il calcule ses doses ; il ne noie pas les disciples dans une masse de choses incoh\u00e9rentes pour eux. L\u00e0, nous voyons que J\u00e9sus a une p\u00e9dagogie tr\u00e8s d\u00e9lib\u00e9r\u00e9e ; il a us\u00e9 de progressivit\u00e9. Exemple : <i><span style=\"background-color: #ccffff;\">Il commen\u00e7a \u00e0 leur dire qu\u2019il fallait que le Fils de l\u2019homme<\/span>\u2026 <\/i><\/span><\/span><\/span><\/p>\n<p style=\"text-align: justify;\">\u00a0<\/p>\n<p style=\"text-align: justify;\">\u00a0<\/p>\n<p style=\"text-align: justify;\">\u00a0<\/p>\n<p style=\"text-align: justify;\">\u00a0<\/p>\n<p><span style=\"color: #3366ff;\"><strong>2. La r\u00e9ception de l\u2019enseignement par les disciples doit \u00eatre la plus active possible, m\u00eame d\u00e8s avant la mise en pratique <\/strong><\/span><\/p>\n<p style=\"text-align: justify;\">\u00a0<\/p>\n<p style=\"text-align: justify;\"><span style=\"color: #231f20;\"><span style=\"font-family: Arial, sans-serif;\"><span style=\"font-size: small;\">Le fait de recevoir l\u2019enseignement de J\u00e9sus ne peut \u00eatre une simple inertie passive (comme le buvard recevant l\u2019encre), mais doit \u00eatre une mise en cause personnelle tr\u00e8s marqu\u00e9e. <\/span><\/span><\/span><\/p>\n<p style=\"text-align: justify;\"><span style=\"color: #231f20;\"><span style=\"font-family: Arial, sans-serif;\"><span style=\"font-size: small;\">J\u00e9sus a toujours tenu \u00e0 ce que les personnes qu\u2019il avait en face de lui, les disciples \u00e9ventuels \u00e0 former, marquent leurs dispositions personnelles \u00e0 recevoir ce qu\u2019il voulait leur donner. Ils re\u00e7oivent en s\u2019impliquant. J\u00e9sus se tait quand ses interlocuteurs sont mal dispos\u00e9s. Il renvoie constamment ses auditeurs et ses disciples \u00e0 leurs probl\u00e8mes personnels, \u00e0 leur propre situation devant la v\u00e9rit\u00e9<strong><sub>7<\/sub><\/strong>. <i><span style=\"background-color: #ccffff;\">Et vous, qui dites-vous que je suis ?<\/span> <span style=\"background-color: #ccffff;\">Efforcez-vous d\u2019entrer<\/span>\u2026 <\/i><\/span><\/span><\/span><\/p>\n<p style=\"text-align: justify;\"><span style=\"color: #231f20;\"><span style=\"font-family: Arial, sans-serif;\"><span style=\"font-size: small;\">J\u00e9sus cherche \u00e0 susciter des r\u00e9solutions, des engagements fermes, correspondant \u00e0 un combat int\u00e9rieur, \u00e0 une victoire sur soi. C\u2019est pourquoi il se montre souvent si intransigeant envers ceux qui sont bien dispos\u00e9s \u2013 aucune concession, aucun compromis<i>\u2026 <\/i>\u2013 <i><span style=\"background-color: #ccffff;\">Les renards ont des tani\u00e8res, les oiseaux du ciel ont des nids<\/span>\u2026 <\/i>Paroles terribles de J\u00e9sus qui semblent faites pour d\u00e9courager les disciples, mais qui les am\u00e8nent \u00e0 une d\u00e9cision o\u00f9 ils se jettent tout entier eux-m\u00eames. Autre exemple, fin de <em><span style=\"background-color: #ccffff;\">Jean 6<\/span><\/em> : <span style=\"background-color: #ccffff;\"><i>Et vous, ne voulez-vous pas aussi vous en allez ? <\/i><\/span><\/span><\/span><\/span><\/p>\n<p style=\"text-align: justify;\"><span style=\"color: #231f20;\"><span style=\"font-family: Arial, sans-serif;\"><span style=\"font-size: small;\">Mais J\u00e9sus agit avec souplesse, selon les individus. La diversit\u00e9 de ses approches est remarquable : Parfois il semble d\u00e9courager, renvoyer presque ; parfois il se montre interventionniste, il plonge au plus vif de la vie personnelle de ceux \u00e0 qui il s\u2019adresse : <span style=\"background-color: #ccffff;\"><i>Toi, suis-moi <\/i><\/span>\u2013 <span style=\"background-color: #ccffff;\"><i>Laisse les morts ensevelir leurs morts<\/i><\/span>. J\u00e9sus harponne, saisit. <\/span><\/span><\/span><\/p>\n<p style=\"text-align: justify;\">\u00a0<\/p>\n<p><span style=\"color: #3366ff;\"><strong>3. J\u00e9sus mobilise toutes les ressources de la personnalit\u00e9 <\/strong><\/span><\/p>\n<p style=\"text-align: justify;\">\u00a0<\/p>\n<p style=\"text-align: justify;\"><span style=\"color: #231f20;\"><span style=\"font-family: Arial, sans-serif;\"><span style=\"font-size: small;\">Il suscite l\u2019intelligence, mais jamais s\u00e9par\u00e9ment. Il ne joue pas sur les \u00e9motions ni sur la volont\u00e9 comme s\u00e9par\u00e9es. <span style=\"color: #ffffff;\">SE <\/span>Il fait appel \u00e0 toute la personnalit\u00e9. Il le fait gr\u00e2ce \u00e0 la mobilit\u00e9 extr\u00eame de son style. <\/span><\/span><\/span><\/p>\n<p style=\"text-align: justify;\"><span style=\"color: #231f20;\"><span style=\"font-family: Arial, sans-serif;\"><span style=\"font-size: small;\">Cl\u00e9ment d\u2019Alexandrie : \u00ab Le Sauveur, pour sauver l\u2019homme, emploie tous les accents et varie \u00e0 l\u2019infini son langage. Tant\u00f4t il menace et il avertit, tant\u00f4t il s\u2019indigne, tant\u00f4t sa piti\u00e9 se r\u00e9pand sur tous avec larmes \u00bb. <\/span><\/span><\/span><\/p>\n<p style=\"text-align: justify;\">\u00a0<\/p>\n<p style=\"text-align: justify;\">\u00a0<\/p>\n<h3><span style=\"color: #ff0000;\"><em>Techniques p\u00e9dagogiques <\/em><\/span><\/h3>\n<p style=\"text-align: justify;\">\u00a0<\/p>\n<p style=\"text-align: justify;\"><span style=\"color: #231f20;\"><span style=\"font-family: Arial, sans-serif;\"><span style=\"font-size: small;\">J\u00e9sus a partiellement employ\u00e9 les techniques des rabbins de son temps, qui privil\u00e9giaient la m\u00e9moire, et qui utilisaient la r\u00e9p\u00e9tition, ainsi que d\u2019autres moyens mn\u00e9motechniques (<i>Revue R\u00e9form\u00e9e <\/i>no 2 de 1963 \u2013 B. Gerhardson, \u00ab M\u00e9moire et manuscrit \u00bb).<\/span><\/span><\/span><\/p>\n<p style=\"text-align: justify;\"><span style=\"color: #231f20;\"><span style=\"font-family: Arial, sans-serif;\"><span style=\"font-size: small;\"> (Technique au service du premier principe p\u00e9dagogique : Assimiler une v\u00e9rit\u00e9.) <\/span><\/span><\/span><\/p>\n<p style=\"text-align: justify;\">\u00a0<\/p>\n<p><span style=\"color: #3366ff;\"><strong>1. Multiplication des paraboles <\/strong><\/span><\/p>\n<p style=\"text-align: justify;\">\u00a0<\/p>\n<p style=\"text-align: justify;\"><span style=\"color: #231f20;\"><span style=\"font-family: Arial, sans-serif;\"><span style=\"font-size: small;\">Aucun autre p\u00e9dagogue n\u2019a jamais us\u00e9 d\u2019autant de paraboles.<\/span><\/span><\/span><\/p>\n<ul>\n<li style=\"text-align: justify;\"><span style=\"color: #231f20;\"><span style=\"font-family: Arial, sans-serif;\"><span style=\"font-size: small;\">La parabole voile la v\u00e9rit\u00e9 pour ceux du dehors malgr\u00e9 sa transparence apparente. J\u00e9sus dit : <span style=\"background-color: #ccffff;\"><i>Pour ceux du dehors, tout se passe en paraboles ; \u00e0 vous, il est donn\u00e9 de conna\u00eetre le myst\u00e8re du royaume des cieux<\/i>.<\/span> \u00ab Tout se passe en paraboles \u00bb = tout reste \u00e9nigmatique. \u00c0 cause du caract\u00e8re indirect de la parabole, donc en parlant de fa\u00e7on indirecte, J\u00e9sus laisse de c\u00f4t\u00e9 ceux qui ne veulent pas s\u2019impliquer personnellement. (Technique au service du deuxi\u00e8me principe p\u00e9dagogique : Celui qui veut comprendre est oblig\u00e9 de faire un pas de plus vers J\u00e9sus.) <\/span><\/span><\/span><\/li>\n<li style=\"text-align: justify;\"><span style=\"color: #231f20;\"><span style=\"font-family: Arial, sans-serif;\"><span style=\"font-size: small;\">La parabole a parfois un r\u00f4le s\u00e9ducteur. Ceux qui sont bien dispos\u00e9s, elle les attire vers J\u00e9sus. Si on est bien dispos\u00e9, on \u00e9coute avec plaisir, puis on essaye de comprendre, et enfin on choisit d\u2019agir ou non en cons\u00e9quence. (Exemple : Parabole de Nathan \u00e0 David \u2013 <span style=\"background-color: #ccffff;\"><i>Tu es cet homme-l\u00e0 !<\/i><\/span>) <\/span><\/span><\/span><\/li>\n<li style=\"text-align: justify;\"><span style=\"color: #231f20;\"><span style=\"font-family: Arial, sans-serif;\"><span style=\"font-size: small;\">La parabole aide la m\u00e9moire en favorisant l\u2019imagination. Le r\u00f4le de l\u2019imagination dans la vie int\u00e9rieure est capital (th\u00e8me qui serait \u00e0 creuser). Que J\u00e9sus ait tellement mis\u00e9 sur l\u2019imagination montre que la psychologie est une psychologie holistique, non pas atomistique ; elle consid\u00e8re la vie int\u00e9rieure dans sa diversit\u00e9. L\u2019imagination est le liant qui met l\u2019affectivit\u00e9 dans l\u2019intelligence et r\u00e9ciproquement. L\u2019imagination pr\u00e9pare aussi les voies de l\u2019action. Elle inscrit la v\u00e9rit\u00e9 en nous et fera que nous r\u00e9agirons selon cette v\u00e9rit\u00e9. L\u2019imagination et la parabole permettent aussi parfois le grain d\u2019humour qui d\u00e9tend la situation (cf. le livre de R. Voeltzel \u00ab Le rire du Seigneur \u00bb). (Une \u00e9tude approfondie serait int\u00e9ressante.) L\u2019humour permet aussi de percevoir les disproportions. Il permet aussi de se voir dans ce qu\u2019on a de ridicule soi-m\u00eame.<\/span><\/span><\/span><\/li>\n<li style=\"text-align: justify;\"><span style=\"color: #231f20;\"><span style=\"font-family: Arial, sans-serif;\"><span style=\"font-size: small;\">La parabole pr\u00e9suppose une conception du monde d\u00e9termin\u00e9e, des correspondances entre le visible et l\u2019invisible, entre le corporel et le spirituel. Un seul monde de Dieu, avec des r\u00e9sonances, des harmoniques, des correspondances diverses. <\/span><\/span><\/span><\/li>\n<\/ul>\n<p>&nbsp;<\/p>\n<p><span style=\"color: #3366ff;\"><strong>2. \u00ab Opportunisme \u00bb quant au choix des mani\u00e8res <\/strong><\/span><\/p>\n<p>&nbsp;<\/p>\n<p style=\"text-align: justify;\"><span style=\"color: #231f20;\"><span style=\"font-family: Arial, sans-serif;\"><span style=\"font-size: small;\">Dans le choix du sujet de ce que J\u00e9sus a \u00e0 dire, et dans la mani\u00e8re de le traiter, il a tenu compte de ses auditeurs. J\u00e9sus tient compte des circonstances dans lesquelles il donne un enseignement. <\/span><\/span><\/span><\/p>\n<p style=\"text-align: justify;\"><span style=\"color: #231f20;\"><span style=\"font-family: Arial, sans-serif;\"><span style=\"font-size: small;\">Exemples : <\/span><\/span><\/span><\/p>\n<ul>\n<li style=\"text-align: justify;\"><span style=\"color: #231f20;\"><span style=\"font-family: Arial, sans-serif;\"><span style=\"font-size: small;\"><span style=\"background-color: #ccffff;\"><em>Jean 13<\/em><\/span>, ils avaient sans doute pris le bain rituel de la P\u00e2que. Le pain et le vin faisaient aussi partie des rites. <\/span><\/span><\/span><\/li>\n<li style=\"text-align: justify;\"><span style=\"color: #231f20;\"><span style=\"font-family: Arial, sans-serif;\"><span style=\"font-size: small;\"><span style=\"background-color: #ccffff;\"><em>Matthieu 18<\/em><\/span>, c\u2019est une le\u00e7on pratique.\u00a0<\/span><\/span><\/span><span class=\"Apple-style-span\" style=\"color: #231f20; font-family: Arial, sans-serif; line-height: 19px; font-size: small;\">J\u00e9sus voulait souder la v\u00e9rit\u00e9 \u00e0 enseigner \u00e0 la vie, de fa\u00e7on \u00e0 faire rena\u00eetre l\u2019attention.<\/span><\/li>\n<\/ul>\n<p>&nbsp;<\/p>\n<p><strong>3. Effort syst\u00e9matique pour frapper <\/strong><\/p>\n<p>&nbsp;<\/p>\n<p style=\"text-align: justify;\"><span style=\"color: #231f20;\"><span style=\"font-family: Arial, sans-serif;\"><span style=\"font-size: small;\">J\u00e9sus utilise beaucoup de figures de style : antith\u00e8ses, paradoxes, hyperboles, etc. Quelquefois J\u00e9sus va jusqu\u2019\u00e0 une mise en sc\u00e8ne pour frapper, jusqu\u2019\u00e0 un comportement qui peut para\u00eetre \u00e9trange. <\/span><\/span><\/span><\/p>\n<p style=\"text-align: justify;\"><span style=\"color: #231f20;\"><span style=\"font-family: Arial, sans-serif;\"><span style=\"font-size: small;\">Exemples : <\/span><\/span><\/span><\/p>\n<ul style=\"text-align: justify;\">\n<li><span style=\"color: #231f20;\"><span style=\"font-family: Arial, sans-serif;\"><span style=\"font-size: small;\">Dans sa mani\u00e8re d\u2019\u00e9prouver Philippe <span style=\"background-color: #ccffff;\"><em>(Jn 6.5)<\/em><\/span> au moment de la multiplication des pains. <\/span><\/span><\/span><\/li>\n<li><span style=\"color: #231f20;\"><span style=\"font-family: Arial, sans-serif;\"><span style=\"font-size: small;\">Par sa duret\u00e9 \u00e0 l\u2019\u00e9gard de la femme syro-ph\u00e9nicienne <em><span style=\"background-color: #ccffff;\">(Mt 15.21-28)<\/span><\/em>. Que J\u00e9sus r\u00e9ponde comme cela \u00e0 cette femme dans la d\u00e9tresse nous montre bien que c\u2019est un proc\u00e9d\u00e9 p\u00e9dagogique qu\u2019il emploie. Il veut amener cette femme \u00e0 se d\u00e9passer par cet acte d\u2019humilit\u00e9 et de foi o\u00f9 elle accepte d\u2019\u00eatre appel\u00e9e \u00ab chien \u00bb, et o\u00f9 elle s\u2019accroche \u00e0 J\u00e9sus. <\/span><\/span><\/span><\/li>\n<li><span style=\"color: #231f20;\"><span style=\"font-family: Arial, sans-serif;\"><span style=\"font-size: small;\">Envers Pierre marchant sur les eaux. J\u00e9sus le laisse, comme Pierre le demande, marcher sur les eaux, mais il le laisse s\u2019enfoncer aussi et le rattrape au dernier moment. J\u00e9sus a voulu marquer Pierre.\u00a0<\/span><\/span><\/span><\/li>\n<\/ul>\n<p style=\"text-align: justify;\"><span class=\"Apple-style-span\" style=\"color: #231f20; font-family: Arial, sans-serif; line-height: 19px; font-size: small;\">Voeltzel parle dans un de ses livres de \u00ab la duplicit\u00e9 n\u00e9cessaire de l\u2019\u00e9ducateur \u00bb, mot un peu fort, mais qui souligne que l\u2019\u00e9ducateur a des plans \u00e0 longue \u00e9ch\u00e9ance, qu\u2019il en sait beaucoup plus et qu\u2019il doit dissimuler \u00e0 son \u00e9l\u00e8ve le sens m\u00eame de sa conduite. <\/span><\/p>\n<p style=\"text-align: justify;\"><span class=\"Apple-style-span\" style=\"color: #231f20; font-family: Arial, sans-serif; line-height: 19px; font-size: small;\">J\u00e9sus consid\u00e8re l\u2019inertie, la distraction, comme le grand ennemi chez ses disciples. Sa p\u00e9dagogie vise \u00e0 r\u00e9veiller chacun. Pour cela il use des paraboles, des choses agr\u00e9ables \u00e0 \u00e9couter, mais aussi des chocs qui secouent l\u2019individu, des mises \u00e0 l\u2019\u00e9preuve. Il s\u2019agit toujours de conduire le disciple plus loin, au-del\u00e0 de ses limites per\u00e7ues. Gr\u00e2ce \u00e0 l\u2019assimilation progressive d\u2019une v\u00e9rit\u00e9, J\u00e9sus donne la force \u00e0 son disciple de d\u00e9passer tout ce que sa chair lui permettra de faire. Il le conduit \u00e0 des crises pour qu\u2019il franchisse un pas de plus aboutissant \u00e0 l\u2019affermissement de ce disciple. <\/span><\/p>\n<p style=\"text-align: justify;\"><span class=\"Apple-style-span\" style=\"color: #231f20; font-family: Arial, sans-serif; line-height: 19px; font-size: small;\">Je reconnais que j\u2019extrapole un peu \u00e0 partir d\u2019un seul cas tr\u00e8s clair, celui de Pierre. C\u2019est l\u2019\u00e9ducation de Pierre qui nous est d\u00e9crite avec le plus de d\u00e9tails dans le Nouveau Testament. J\u00e9sus s\u2019occupe sp\u00e9cialement de Pierre et le conduit assez loin par ses avertissements, par le don d\u2019un surnom, etc., pour que Pierre, mis \u00e0 l\u2019\u00e9preuve finalement soit capable, non sans pleurs amers, d\u2019aller plus loin, de surmonter victorieusement l\u2019\u00e9preuve au bout du compte, allant au-del\u00e0 de ce vieux Simon qu\u2019il \u00e9tait. L\u2019\u00e9preuve ne lui est pas \u00e9pargn\u00e9e. J\u00e9sus le laisse \u00e9tonnamment conna\u00eetre cette \u00e9preuve, mais il lui dit aussi : <span style=\"background-color: #ccffff;\"><i>J\u2019ai pri\u00e9 pour toi <\/i><\/span>; J\u00e9sus l\u2019a port\u00e9 dans la pri\u00e8re. Apr\u00e8s le \u00ab nettoyage \u00bb parfait que J\u00e9sus op\u00e8re \u2013 \u00ab m\u2019aimes-tu ? \u00bb r\u00e9p\u00e9t\u00e9 trois fois en rappel des trois reniements \u2013, Pierre pourra repartir vraiment affermi et affermir ses fr\u00e8res. <\/span><\/p>\n<p style=\"text-align: justify;\"><span class=\"Apple-style-span\" style=\"color: #231f20; font-family: Arial, sans-serif; line-height: 19px; font-size: small;\">Derni\u00e8re r\u00e9flexion : On peut dire que la p\u00e9dagogie de J\u00e9sus avec les siens, telle que les \u00e9vangiles nous la font conna\u00eetre, refl\u00e8te \u00e9tonnamment celle de Dieu avec son peuple tout au long de l\u2019Histoire.<\/span><\/p>\n<p style=\"text-align: justify;\">\u00a0<\/p>\n<hr \/>\n<p>&nbsp;<\/p>\n<p>NOTES<\/p>\n<p>&nbsp;<\/p>\n<p style=\"text-align: justify;\"><span style=\"color: #000000;\"> <span style=\"font-family: Arial, sans-serif;\"><span style=\"font-size: small;\"><span style=\"color: #231f20;\"><strong>1.<\/strong>\u00a0<\/span><span style=\"color: #231f20;\">Article paru dans le \u00ab Bulletin des chefs \u00bb no 21 du Mouvement des \u00a0<\/span><span style=\"color: #231f20;\">Flambeaux \u2013 2 rue des Magasins \u2013 67000 Strasbourg. Reproduit avec autorisation. <\/span><\/span><\/span><\/span><\/p>\n<p style=\"text-align: justify;\">\u00a0<\/p>\n<p style=\"text-align: justify;\"><span style=\"color: #000000;\"><span style=\"font-family: Arial, sans-serif;\"><span style=\"font-size: small;\"><span style=\"color: #231f20;\"><strong>2.<\/strong> Jn 13.15<\/span><\/span><\/span><\/span><\/p>\n<p style=\"text-align: justify;\">\u00a0\u00a0<\/p>\n<p style=\"text-align: justify;\" align=\"LEFT\"><span style=\"color: #000000;\"><span style=\"font-family: Arial, sans-serif;\"><span style=\"font-size: small;\"><span style=\"color: #231f20;\"><strong>3.<\/strong> Ga 4.4 <\/span><span style=\"color: #231f20;\">Lorsque les temps furent accomplis\u2026 <\/span><\/span><\/span><\/span><\/p>\n<p style=\"text-align: justify;\" align=\"LEFT\">\u00a0<\/p>\n<p style=\"text-align: justify;\" align=\"LEFT\"><span style=\"color: #000000;\"><span style=\"font-family: Arial, sans-serif;\"><span style=\"font-size: small;\"><span style=\"color: #231f20;\"><strong>4.<\/strong> J\u00e9sus n\u2019est pas appel\u00e9 \u00ab p\u00e9dagogue \u00bb (<\/span><span style=\"color: #231f20;\"><i>paidagogos<\/i><\/span><span style=\"color: #231f20;\">). C\u2019est la loi qui est appel\u00e9e \u00ab p\u00e9dagogue \u00bb. Ce mot n\u2019avait pas le m\u00eame sens qu\u2019aujourd\u2019hui. Le p\u00e9dagogue, c\u2019\u00e9tait l\u2019esclave qui menait les enfants \u00e0 l\u2019\u00e9cole, pas le formateur. <\/span><\/span><\/span><\/span><\/p>\n<p style=\"text-align: justify;\" align=\"LEFT\">\u00a0<\/p>\n<p style=\"text-align: justify;\" align=\"LEFT\"><span style=\"color: #000000;\"><span style=\"font-family: Arial, sans-serif;\"><span style=\"font-size: small;\"><span style=\"color: #231f20;\"><strong>5.<\/strong> Lc 6.40 <\/span><\/span><\/span><\/span><\/p>\n<p style=\"text-align: justify;\" align=\"LEFT\">\u00a0<\/p>\n<p style=\"text-align: justify;\" align=\"LEFT\"><span style=\"color: #000000;\"><span style=\"font-family: Arial, sans-serif;\"><span style=\"font-size: small;\"><span style=\"color: #231f20;\"><strong>6.<\/strong> Jn 13.20 <\/span><\/span><\/span><\/span><\/p>\n<p style=\"text-align: justify;\" align=\"LEFT\">\u00a0<\/p>\n<p style=\"text-align: justify;\" align=\"LEFT\"><span style=\"color: #000000;\"><span style=\"font-family: Arial, sans-serif;\"><span style=\"font-size: small;\"><span style=\"color: #231f20;\"><strong>7.<\/strong> \u00c0 comparer avec la p\u00e9dagogie de Socrate : \u00ab Connais-toi toim\u00eame<\/span><\/span><\/span><\/span><\/p>\n","protected":false},"excerpt":{"rendered":"<p>J\u00e9sus \u00e9ducateur1 &nbsp; \u00a0J\u00c9SUS ENSEIGNE SES DISCIPLES &#8211; VITRAIL, BASILIQUE BRUXELLES &#8211; \u00a9 REN\u00c1TA SEDM\u00c1KOV\u00c1 \u00a0 \u00a0 R\u00c9SUM\u00c9 FAIT PAR\u00a0MARCEL REUTENAUER SUR LA BASE DE NOTES\u00a0PRISES LORS D\u2019UN\u00a0EXPOS\u00c9 D\u2019HENRI\u00a0BLOCHER (1974) \u00a0 \u00a0 La plus grande part du \u00ab jour \u00bb que J\u00e9sus a pass\u00e9 sur la terre avant sa \u00ab passion \u00bb, il l\u2019a consacr\u00e9e [&hellip;]<\/p>\n","protected":false},"author":31,"featured_media":0,"comment_status":"closed","ping_status":"closed","sticky":false,"template":"","format":"standard","meta":{"footnotes":""},"categories":[42,81,28],"tags":[],"class_list":["post-9147","post","type-post","status-publish","format-standard","hentry","category-foi","category-formation","category-jesus-christ"],"_links":{"self":[{"href":"https:\/\/www.servir.caef.net\/index.php?rest_route=\/wp\/v2\/posts\/9147","targetHints":{"allow":["GET"]}}],"collection":[{"href":"https:\/\/www.servir.caef.net\/index.php?rest_route=\/wp\/v2\/posts"}],"about":[{"href":"https:\/\/www.servir.caef.net\/index.php?rest_route=\/wp\/v2\/types\/post"}],"author":[{"embeddable":true,"href":"https:\/\/www.servir.caef.net\/index.php?rest_route=\/wp\/v2\/users\/31"}],"replies":[{"embeddable":true,"href":"https:\/\/www.servir.caef.net\/index.php?rest_route=%2Fwp%2Fv2%2Fcomments&post=9147"}],"version-history":[{"count":0,"href":"https:\/\/www.servir.caef.net\/index.php?rest_route=\/wp\/v2\/posts\/9147\/revisions"}],"wp:attachment":[{"href":"https:\/\/www.servir.caef.net\/index.php?rest_route=%2Fwp%2Fv2%2Fmedia&parent=9147"}],"wp:term":[{"taxonomy":"category","embeddable":true,"href":"https:\/\/www.servir.caef.net\/index.php?rest_route=%2Fwp%2Fv2%2Fcategories&post=9147"},{"taxonomy":"post_tag","embeddable":true,"href":"https:\/\/www.servir.caef.net\/index.php?rest_route=%2Fwp%2Fv2%2Ftags&post=9147"}],"curies":[{"name":"wp","href":"https:\/\/api.w.org\/{rel}","templated":true}]}}