{"id":9177,"date":"2014-04-07T07:43:18","date_gmt":"2014-04-07T07:43:18","guid":{"rendered":"\/?p=9177"},"modified":"2017-05-18T13:16:59","modified_gmt":"2017-05-18T13:16:59","slug":"grandes-lignes-de-lhistoire-disrael","status":"publish","type":"post","link":"https:\/\/www.servir.caef.net\/?p=9177","title":{"rendered":"Grandes lignes de l\u2019histoire d\u2019Isra\u00ebl"},"content":{"rendered":"<h1 style=\"text-align: center;\">Grandes lignes<\/h1>\n<p style=\"text-align: center;\">\u00a0<\/p>\n<h1 style=\"text-align: center; padding-left: 180px;\"><span style=\"color: #3366ff;\">de l\u2019histoire d\u2019Isra\u00ebl<\/span><\/h1>\n<p>&nbsp;<\/p>\n<p><span style=\"color: #800000;\"><strong>Par\u00a0DANIEL MATTIOLI<\/strong><\/span><\/p>\n<p><a href=\"\/wp-content\/uploads\/2015\/10\/mattioli.jpg\"><img loading=\"lazy\" decoding=\"async\" class=\" size-full wp-image-9178 alignleft\" src=\"\/wp-content\/uploads\/2015\/10\/mattioli.jpg\" alt=\"mattioli\" width=\"112\" height=\"146\" hspace=\"10\" \/><\/a><\/p>\n<p style=\"text-align: justify;\" align=\"LEFT\"><a href=\"\/wp-content\/uploads\/2014\/04\/pyramides.jpg\"><img loading=\"lazy\" decoding=\"async\" class=\"  wp-image-9180 alignright\" src=\"\/wp-content\/uploads\/2014\/04\/pyramides.jpg\" alt=\"pyramides\" width=\"565\" height=\"314\" srcset=\"https:\/\/www.servir.caef.net\/wp-content\/uploads\/2014\/04\/pyramides.jpg 875w, https:\/\/www.servir.caef.net\/wp-content\/uploads\/2014\/04\/pyramides-300x167.jpg 300w\" sizes=\"auto, (max-width: 565px) 100vw, 565px\" \/><\/a><\/p>\n<p style=\"text-align: justify;\" align=\"LEFT\">\u00a0<\/p>\n<p style=\"text-align: justify;\" align=\"LEFT\">\u00a0<\/p>\n<p align=\"LEFT\">\u00a0<\/p>\n<p align=\"LEFT\">\u00a0<\/p>\n<p align=\"LEFT\">\u00a0<\/p>\n<p align=\"LEFT\">\u00a0<\/p>\n<p align=\"LEFT\">\u00a0<\/p>\n<p align=\"LEFT\">\u00a0<\/p>\n<p align=\"LEFT\">\u00a0<\/p>\n<p align=\"LEFT\">\u00a0<\/p>\n<p align=\"LEFT\">\u00a0<\/p>\n<p align=\"LEFT\">\u00a0<\/p>\n<p align=\"LEFT\">\u00a0<\/p>\n<p align=\"LEFT\">\u00a0<\/p>\n<p align=\"LEFT\">\u00a0<\/p>\n<p align=\"LEFT\">\u00a0<\/p>\n<p align=\"LEFT\">\u00a0<\/p>\n<h2 align=\"LEFT\"><span style=\"color: #800080;\"><em>Les Patriarches <\/em><\/span><\/h2>\n<p style=\"text-align: justify;\" align=\"LEFT\">\u00a0<\/p>\n<p style=\"text-align: justify;\" align=\"LEFT\"><span style=\"color: #6400cf;\"><span style=\"font-family: Arial, sans-serif;\"><span style=\"font-size: small;\"><span style=\"color: #000000;\">Apr\u00e8s son corps \u00e0 corps avec Jacob, Dieu lui donne le nom d\u2019<\/span><span style=\"color: #000000;\"><i>Isra\u00ebl <\/i><\/span><span style=\"color: #000000;\">(lutter avec Dieu)<strong><sub>1<\/sub><\/strong>. Si l\u2019histoire du peuple d\u2019Isra\u00ebl commence formellement ici, sa source, cependant, remonte \u00e0 Abram<strong><sub>2<\/sub><\/strong>. Alors idol\u00e2tre, vers 2 000 av. J.- C., Abram est subitement appel\u00e9 par YHWH. Avant de devenir une grande nation, il passera par la circoncision, la naissance et la survie miraculeuses de sa descendance. Abram (P\u00e8re \u00e9minent) re\u00e7oit \u00e9galement un nouveau nom, <\/span><span style=\"color: #000000;\"><i>Abraham <\/i><\/span><span style=\"color: #000000;\">(P\u00e8re d\u2019une multitude d\u2019hommes)<strong><sub>3<\/sub><\/strong>. Son fils Isaac est h\u00e9ritier de la promesse. Isaac maintient la b\u00e9n\u00e9diction \u00e0 son fils cadet Jacob (celui qui supplante) malgr\u00e9 la roublardise de ce dernier. De Jacob et de ses douze fils sont issues les douze tribus d\u2019Isra\u00ebl. <\/span><\/span><\/span><\/span><\/p>\n<p style=\"text-align: justify;\" align=\"LEFT\">\u00a0<\/p>\n<p style=\"text-align: justify;\" align=\"LEFT\">\u00a0<!--more--><\/p>\n<h2 align=\"LEFT\"><span style=\"color: #800080;\"><em>De l\u2019\u00c9gypte \u00e0 la royaut\u00e9 <\/em><\/span><\/h2>\n<p style=\"text-align: justify;\" align=\"LEFT\">\u00a0<\/p>\n<p style=\"text-align: justify;\" align=\"LEFT\"><span style=\"color: #6400cf;\"><span style=\"font-family: Arial, sans-serif;\"><span style=\"font-size: small;\"><span style=\"color: #000000;\"><a href=\"\/wp-content\/uploads\/2014\/pdf2014\/Servir%202-2014.pdf#page=12\"><img loading=\"lazy\" decoding=\"async\" class=\" size-full wp-image-115 alignright\" src=\"\/wp-content\/uploads\/2011\/01\/iconePDF.jpg\" alt=\"iconePDF\" width=\"81\" height=\"76\" \/><\/a>L\u2019histoire d\u2019Isra\u00ebl passe ensuite par l\u2019\u00c9gypte, o\u00f9, cons\u00e9cutivement \u00e0 l\u2019exil forc\u00e9 de Joseph et \u00e0 un changement de r\u00e9gime, le\u00a0<\/span><\/span><\/span><\/span><span class=\"Apple-style-span\" style=\"font-family: Arial, sans-serif; line-height: 19px; font-size: small;\"><span style=\"color: #000000;\">peuple sera contraint \u00e0 l\u2019esclavage. Ce ne sera qu\u2019apr\u00e8s 430 ans<strong><sub>4<\/sub><\/strong> que cette sombre p\u00e9riode prendra fin. Mo\u00efse, l\u2019homme providentiel \u00e9lev\u00e9 \u00e0 la cour de Pharaon, embrasse bient\u00f4t la cause de ses fr\u00e8res h\u00e9breux. Oblig\u00e9 \u00e0 la fuite, il trouve asile en terre de Madian o\u00f9 YHWH se manifeste \u00e0 lui ; au travers du buisson incandescent, le Dieu de ses p\u00e8res l\u2019appelle \u00e0 d\u00e9livrer son peuple. Sous la conduite de son lib\u00e9rateur, le peuple marque ses portes du signe du salut et, pendant que l\u2019\u00c9gypte panse ses plaies, il s\u2019affranchit. Quarante ann\u00e9es dans le d\u00e9sert vont l\u2019amener \u00e0 conna\u00eetre la d\u00e9pendance et la Loi de Dieu. Apr\u00e8s ses r\u00e9voltes r\u00e9p\u00e9t\u00e9es, le peuple arrive enfin en Terre Promise, o\u00f9, sous le commandement de Josu\u00e9, la seconde g\u00e9n\u00e9ration peut entreprendre son installation. J\u00e9richo tombe miraculeusement, puis, en deux ou trois si\u00e8cles<strong><sub>5<\/sub><\/strong> de guerre et de mixit\u00e9 raciale, une quinzaine de juges (celui qui prot\u00e8ge avec justice) se succ\u00e8dent pour achever l\u2019\u00e9tablissement en Canaan. Isra\u00ebl, envieux des traditions environnantes, ambitionne d\u2019\u00e9voluer et de s\u2019organiser en \u00c9tat. Il lui faut un roi. En 1040, Sa\u00fcl semble \u00eatre l\u2019homme de la situation, il est beau et son allure n\u2019est \u00e9gal\u00e9e par aucun Isra\u00e9lite. Sa derni\u00e8re erreur, en consultant la pythonisse, lui est fatale, il mourra ainsi que la plupart de ses fils.<\/span><\/span><\/p>\n<p style=\"text-align: justify;\" align=\"LEFT\">\u00a0<\/p>\n<p style=\"text-align: justify;\" align=\"LEFT\"><span style=\"font-size: 8pt; color: #800080;\"><strong>MAQUETTE\u00a0DU TEMPLE\u00a0DE\u00a0J\u00c9RUSALEM<\/strong><\/span><\/p>\n<p style=\"text-align: justify;\" align=\"LEFT\"><span class=\"Apple-style-span\" style=\"font-family: Arial, sans-serif; line-height: 19px; font-size: small;\"><span style=\"color: #000000;\"> <a href=\"\/wp-content\/uploads\/2014\/04\/temple.jpg\"><img loading=\"lazy\" decoding=\"async\" class=\" size-full wp-image-9182 alignleft\" src=\"\/wp-content\/uploads\/2014\/04\/temple.jpg\" alt=\"temple\" width=\"474\" height=\"283\" hspace=\"10\" srcset=\"https:\/\/www.servir.caef.net\/wp-content\/uploads\/2014\/04\/temple.jpg 474w, https:\/\/www.servir.caef.net\/wp-content\/uploads\/2014\/04\/temple-300x179.jpg 300w\" sizes=\"auto, (max-width: 474px) 100vw, 474px\" \/><\/a>L\u2019ascension de son successeur David est inaugur\u00e9e par sa victoire sur Goliath. Il est estim\u00e9 de tout le peuple, des ministres, des femmes, de Juda. Ses bonnes ann\u00e9es, comme roi, le voient remporter des victoires, transporter l\u2019arche dans la capitale et recevoir la promesse d\u2019une descendance. Ses mauvaises ann\u00e9es, en revanche, sont la cons\u00e9quence de sa faute \u00e0 l\u2019endroit d\u2019Urie ; il verra le d\u00e9sordre dans sa maison jusqu\u2019\u00e0 la r\u00e9volte d\u2019Absalom, la r\u00e9volte de Ch\u00e9ba et la fragilisation du royaume d\u2019Isra\u00ebl. Salomon succ\u00e8de \u00e0 David ; malgr\u00e9 un d\u00e9but de r\u00e8gne fait d\u2019humilit\u00e9 et de sagesse, il se laissera subrepticement s\u00e9duire par les fastes alentour. N\u00e9gligent quant aux avertissements divins, Salomon \u00e9tablit une importante arm\u00e9e de cavaliers et de chars de guerre, d\u00e9passe tous les rois de la terre en richesses et constitue un harem immod\u00e9r\u00e9 (1000 femmes) \u00e0 des fins politiques. En ayant \u00e9galement aim\u00e9 ses \u00e9pouses, il permet malheureusement aux coutumes de leurs nations d\u2019influencer les siennes<strong><sub>6<\/sub><\/strong>. <\/span><\/span><\/p>\n<p style=\"text-align: justify;\" align=\"LEFT\">\u00a0<\/p>\n<p style=\"text-align: justify;\" align=\"LEFT\">\u00a0<\/p>\n<h2 align=\"LEFT\"><span style=\"color: #800080;\"><em>Exil et diaspora <\/em><\/span><\/h2>\n<p style=\"text-align: justify;\" align=\"LEFT\">\u00a0<\/p>\n<p style=\"text-align: justify;\" align=\"LEFT\"><span class=\"Apple-style-span\" style=\"font-family: Arial, sans-serif; line-height: 19px; font-size: small;\"><span style=\"color: #000000;\"><a href=\"\/wp-content\/uploads\/2014\/04\/nebuccanedzar.jpg\"><img loading=\"lazy\" decoding=\"async\" class=\" size-full wp-image-9181 alignleft\" src=\"\/wp-content\/uploads\/2014\/04\/nebuccanedzar.jpg\" alt=\"nebuccanedzar\" width=\"257\" height=\"429\" hspace=\"10\" srcset=\"https:\/\/www.servir.caef.net\/wp-content\/uploads\/2014\/04\/nebuccanedzar.jpg 257w, https:\/\/www.servir.caef.net\/wp-content\/uploads\/2014\/04\/nebuccanedzar-180x300.jpg 180w\" sizes=\"auto, (max-width: 257px) 100vw, 257px\" \/><\/a>Les exc\u00e8s r\u00e9p\u00e9t\u00e9s de Salomon conduisent au m\u00e9contentement g\u00e9n\u00e9ralis\u00e9 qui se cristallisera, en 931, en un schisme entre le Nord et le Sud. J\u00e9roboam 1er prend le pouvoir sur les tribus d\u2019Isra\u00ebl, et Roboam sur la tribu de Juda. De 931 \u00e0 722, vingt rois<strong><sub>7<\/sub><\/strong> se succ\u00e8dent au Nord jusqu\u2019\u00e0 la chute de Samarie ; au Sud, <\/span>vingt rois se suivent jusqu\u2019\u00e0 la prise de J\u00e9rusalem par Neboukadnetsar en 606. Tant d\u2019un c\u00f4t\u00e9 que de l\u2019autre, certains rois restent fid\u00e8les \u00e0 Dieu et conduisent des r\u00e9formes, suppriment les hauts lieux, assainissent les dirigeants, restaurent le Temple et la P\u00e2que, retournent \u00e0 la Parole de Dieu ; d\u2019autres au contraire d\u00e9sob\u00e9issent \u00e0 Dieu, volent le tr\u00e9sor du Temple, \u00e9difient des hauts lieux, promeuvent la prostitution sacr\u00e9e, sacrifient des humains et s\u2019adonnent \u00e0 la divination. Neboukadnetsar proc\u00e8de \u00e0 deux autres raids sur J\u00e9rusalem (597, 587), ach\u00e8ve sa destruction et emm\u00e8ne bon nombre de ses habitants en exil. Apr\u00e8s soixante-dix ans, Babylone tombe sous Cyrus le Perse, qui, soucieux d\u2019\u00e9tendre ses fronti\u00e8res, \u00e9dite en 538 un manifeste (Cylindre de Cyrus) permettant \u00e0 ceux qui le souhaitent de rentrer chez eux. Plusieurs d\u00e9port\u00e9s \u2013 mais pas tous \u2013 retrouveront leur patrie par vagues successives. Sous la conduite de Zorobabel et de Josu\u00e9, de 537 \u00e0 516, on reb\u00e2tit le Temple ; en 458, Esdras rentre et s\u2019occupe du probl\u00e8me des mariages mixtes ; en 445, N\u00e9h\u00e9mie rentre \u00e9galement et reconstruit la muraille. <\/span><\/p>\n<p style=\"text-align: justify;\" align=\"LEFT\">\u00a0<\/p>\n<p style=\"text-align: justify;\" align=\"LEFT\"><span class=\"Apple-style-span\" style=\"font-family: Arial, sans-serif; line-height: 19px; font-size: small;\">La d\u00e9portation en Chald\u00e9e a subrepticement engag\u00e9 le processus de Diaspora juive. Beaucoup parmi les exil\u00e9s, parvenus \u00e0 des positions sociales avantageuses, choisissent de rester dans leur nouveau pays. Cette fracture fera passer de la notion d\u2019\u00ab Isra\u00ebl \u00bb \u00e0 la notion de \u00ab juda\u00efsme \u00bb. La dispersion s\u2019accentue encore sous le r\u00e8gne d\u2019Alexandre, des Juifs jadis rest\u00e9s en M\u00e9sopotamie s\u2019enr\u00f4lent dans son arm\u00e9e. D\u2019autres sont attir\u00e9s par l\u2019essor \u00e9conomique \u00e9gyptien, ils \u00e9migrent \u00e0 Alexandrie et adoptent la langue grecque (la traduction de la Septante voit le jour). Quant \u00e0 J\u00e9rusalem, interdite de culte par le S\u00e9leucide Antiochus IV, entre 167 et 165, elle est forc\u00e9e \u00e0 l\u2019hell\u00e9nisation (le Temple est d\u00e9di\u00e9 \u00e0 Zeus et un cochon est sacrifi\u00e9 sur l\u2019autel). Une famille se r\u00e9volte pourtant, Judas Maccab\u00e9e prend le dessus sur l\u2019arm\u00e9e ennemie et purifie le Temple. Le peuple juif reste pourtant passablement d\u00e9suni. Les sadduc\u00e9ens mettent l\u2019accent sur le pouvoir politique et ne conservent du religieux que le minimum. Les pharisiens pr\u00f4nent la rigueur morale, ils codifient la Torah en d\u2019innombrables r\u00e8gles faites de pr\u00e9ceptes et d\u2019interdictions. Les ess\u00e9niens refusent de reconna\u00eetre les autorit\u00e9s religieuses qui sont indignes \u00e0 leurs yeux, ils s\u2019organisent en communaut\u00e9 et r\u00e9digent de nombreux \u00e9crits \u00e0 teneur apocalyptique. Sous le pouvoir romain, de 63 \u00e0 4 av. J.-C., la Jud\u00e9e devient un \u00c9tat de l\u2019empire. C\u00e9sar permet \u00e0 la religion juive d\u2019\u00eatre exerc\u00e9e librement. <\/span><\/p>\n<p style=\"text-align: justify;\" align=\"LEFT\">\u00a0<\/p>\n<p style=\"text-align: justify;\" align=\"LEFT\">\u00a0<\/p>\n<h2 align=\"LEFT\"><em>L\u2019irruption du Messie <\/em><\/h2>\n<p style=\"text-align: justify;\" align=\"LEFT\">\u00a0<\/p>\n<p style=\"text-align: justify;\" align=\"LEFT\"><span class=\"Apple-style-span\" style=\"font-family: Arial, sans-serif; line-height: 19px; font-size: small;\">L\u2019oeuvre de J\u00e9sus et l\u2019av\u00e8nement de la Pentec\u00f4te, environ de 0 \u00e0 33, inaugurent l\u2019\u00e9conomie nouvelle de l\u2019\u00c9glise. Depuis, tout en conservant un d\u00e9roulement qui lui est propre, l\u2019histoire du peuple juif sera toutefois inextricablement li\u00e9e \u00e0 l\u2019histoire des pa\u00efens convertis au christianisme qui est son couronnement. <\/span><\/p>\n<p style=\"text-align: justify;\" align=\"LEFT\">\u00a0<\/p>\n<p style=\"text-align: right;\" align=\"LEFT\"><span class=\"Apple-style-span\" style=\"font-family: Arial, sans-serif; line-height: 19px; font-size: small;\">D.M.<\/span><\/p>\n<p style=\"text-align: justify;\" align=\"LEFT\">\u00a0<\/p>\n<hr \/>\n<p style=\"text-align: justify;\" align=\"LEFT\">\u00a0<\/p>\n<p style=\"text-align: justify;\" align=\"LEFT\">NOTES<\/p>\n<p style=\"text-align: justify;\" align=\"LEFT\">\u00a0<\/p>\n<p style=\"text-align: justify;\" align=\"LEFT\"><span style=\"color: #000000;\"> <span style=\"font-family: Arial, sans-serif;\"><span style=\"font-size: small;\"><strong>1.<\/strong> Ce nouveau nom d\u00e9signe d\u00e9sormais \u00e0 la fois les descendants de Jacob et les tribus autres que Juda. <\/span><\/span><\/span><\/p>\n<p style=\"text-align: justify;\" align=\"LEFT\">\u00a0<\/p>\n<p style=\"text-align: justify;\" align=\"LEFT\"><span style=\"color: #000000;\"><span style=\"font-family: Arial, sans-serif;\"><span style=\"font-size: small;\"><strong>2.<\/strong> \u00c9tant du fait du Dieu de l\u2019alliance, l\u2019histoire d\u2019Isra\u00ebl remonte plus exactement \u00e0 Adam. <\/span><\/span><\/span><\/p>\n<p style=\"text-align: justify;\" align=\"LEFT\">\u00a0<\/p>\n<p style=\"text-align: justify;\" align=\"LEFT\"><span style=\"color: #000000;\"><span style=\"font-family: Arial, sans-serif;\"><span style=\"font-size: small;\"><strong>3.<\/strong> Dans toutes les races primitives, en Orient en particulier, le nom d\u00e9signe, cr\u00e9e et suscite. L\u2019\u00e9tymologie d\u2019\u00ab Abram \u00bb se r\u00e9f\u00e9rait \u00e0 un dieu sum\u00e9rien ; par son nouveau nom, le patriarche doit dor\u00e9navant \u00e9voquer le destin b\u00e9ni d\u2019une multitude d\u2019hommes ; voir Daniel ROPS, <i>Histoire sainte<\/i>, Paris, Fayard, 1943, p. 28. <\/span><\/span><\/span><\/p>\n<p style=\"text-align: justify;\" align=\"LEFT\">\u00a0<\/p>\n<p style=\"text-align: justify;\" align=\"LEFT\"><span style=\"color: #000000;\"><span style=\"font-family: Arial, sans-serif;\"><span style=\"font-size: small;\"><strong>4.<\/strong> Selon la LXX qui situe l\u2019Exode vers 1225. Une autre chronologie admissible fait remonter le d\u00e9part du pays d\u2019\u00c9gypte vers 1440, ce qui r\u00e9duit de moiti\u00e9 la p\u00e9riode d\u2019esclavage (ROPS, 96-103). <\/span><\/span><\/span><\/p>\n<p style=\"text-align: justify;\" align=\"LEFT\">\u00a0<\/p>\n<p style=\"text-align: justify;\" align=\"LEFT\"><span style=\"color: #000000;\"><span style=\"font-family: Arial, sans-serif;\"><span style=\"font-size: small;\"><strong>5.<\/strong> Selon les chronologies courtes ou longues. <\/span><\/span><\/span><\/p>\n<p style=\"text-align: justify;\" align=\"LEFT\">\u00a0<\/p>\n<p style=\"text-align: justify;\" align=\"LEFT\"><span style=\"color: #000000;\"><span style=\"font-family: Arial, sans-serif;\"><span style=\"font-size: small;\"><strong>6.<\/strong> Simon J. DEVRIES, <i>1 Kings<\/i>, Word Biblical Commentary, vol. 12, Word Books Publisher, Waco, 1985, p. 142. <\/span><\/span><\/span><\/p>\n<p style=\"text-align: justify;\" align=\"LEFT\">\u00a0<\/p>\n<p style=\"text-align: justify;\" align=\"LEFT\"><span style=\"color: #000000;\"><span style=\"font-family: Arial, sans-serif;\"><span style=\"font-size: small;\"><strong>7.<\/strong> Selon le compte de Brian TIDIMAN ; voir <i>Cours d\u2019Histoire sainte<\/i>, 3e part., Institut Biblique de Nogent, p. 4.\u00a0<\/span><\/span><\/span><\/p>\n","protected":false},"excerpt":{"rendered":"<p>Grandes lignes \u00a0 de l\u2019histoire d\u2019Isra\u00ebl &nbsp; Par\u00a0DANIEL MATTIOLI \u00a0 \u00a0 \u00a0 \u00a0 \u00a0 \u00a0 \u00a0 \u00a0 \u00a0 \u00a0 \u00a0 \u00a0 \u00a0 \u00a0 \u00a0 \u00a0 \u00a0 Les Patriarches \u00a0 Apr\u00e8s son corps \u00e0 corps avec Jacob, Dieu lui donne le nom d\u2019Isra\u00ebl (lutter avec Dieu)1. Si l\u2019histoire du peuple d\u2019Isra\u00ebl commence formellement ici, sa source, [&hellip;]<\/p>\n","protected":false},"author":51,"featured_media":0,"comment_status":"closed","ping_status":"closed","sticky":false,"template":"","format":"standard","meta":{"footnotes":""},"categories":[31,23],"tags":[],"class_list":["post-9177","post","type-post","status-publish","format-standard","hentry","category-lancien-testament","category-israel"],"_links":{"self":[{"href":"https:\/\/www.servir.caef.net\/index.php?rest_route=\/wp\/v2\/posts\/9177","targetHints":{"allow":["GET"]}}],"collection":[{"href":"https:\/\/www.servir.caef.net\/index.php?rest_route=\/wp\/v2\/posts"}],"about":[{"href":"https:\/\/www.servir.caef.net\/index.php?rest_route=\/wp\/v2\/types\/post"}],"author":[{"embeddable":true,"href":"https:\/\/www.servir.caef.net\/index.php?rest_route=\/wp\/v2\/users\/51"}],"replies":[{"embeddable":true,"href":"https:\/\/www.servir.caef.net\/index.php?rest_route=%2Fwp%2Fv2%2Fcomments&post=9177"}],"version-history":[{"count":0,"href":"https:\/\/www.servir.caef.net\/index.php?rest_route=\/wp\/v2\/posts\/9177\/revisions"}],"wp:attachment":[{"href":"https:\/\/www.servir.caef.net\/index.php?rest_route=%2Fwp%2Fv2%2Fmedia&parent=9177"}],"wp:term":[{"taxonomy":"category","embeddable":true,"href":"https:\/\/www.servir.caef.net\/index.php?rest_route=%2Fwp%2Fv2%2Fcategories&post=9177"},{"taxonomy":"post_tag","embeddable":true,"href":"https:\/\/www.servir.caef.net\/index.php?rest_route=%2Fwp%2Fv2%2Ftags&post=9177"}],"curies":[{"name":"wp","href":"https:\/\/api.w.org\/{rel}","templated":true}]}}