{"id":9320,"date":"2016-01-04T11:12:30","date_gmt":"2016-01-04T11:12:30","guid":{"rendered":"\/?p=9320"},"modified":"2016-11-30T11:27:57","modified_gmt":"2016-11-30T11:27:57","slug":"editorial-du-n1-janvier-fevrier-mars-2016-jai-pas-tue-jai-pas-vole","status":"publish","type":"post","link":"https:\/\/www.servir.caef.net\/?p=9320","title":{"rendered":"Editorial du n\u00b01 Janvier-F\u00e9vrier-Mars 2016 &#8211; J\u2019ai pas tu\u00e9, j\u2019ai pas vol\u00e9\u2026"},"content":{"rendered":"<h1 style=\"text-align: center;\"><img loading=\"lazy\" decoding=\"async\" class=\"size-full wp-image-9319 aligncenter\" src=\"\/wp-content\/uploads\/2016\/02\/couv-2016-1.jpg\" alt=\"couv-2016-1\" width=\"541\" height=\"762\" srcset=\"https:\/\/www.servir.caef.net\/wp-content\/uploads\/2016\/02\/couv-2016-1.jpg 541w, https:\/\/www.servir.caef.net\/wp-content\/uploads\/2016\/02\/couv-2016-1-213x300.jpg 213w\" sizes=\"auto, (max-width: 541px) 100vw, 541px\" \/><\/h1>\n<h1 style=\"text-align: center;\">Editorial du n\u00b01 Janvier-F\u00e9vrier-Mars 2016<\/h1>\n<h1 style=\"text-align: center;\">\u00a0<\/h1>\n<h1 style=\"text-align: center;\">&#8211; J\u2019ai pas tu\u00e9, j\u2019ai pas vol\u00e9\u2026 &#8211;<\/h1>\n<p>&nbsp;<\/p>\n<p>&nbsp;<\/p>\n<p><span style=\"font-size: 14pt;\"><strong><span style=\"color: #993300;\">Par Marcel Reutenauer<\/span><\/strong><\/span><\/p>\n<p>&nbsp;<\/p>\n<p><img loading=\"lazy\" decoding=\"async\" class=\"wp-image-9322 alignleft\" src=\"\/wp-content\/uploads\/2016\/01\/reutenauer.jpg\" alt=\"reutenauer\" width=\"150\" height=\"159\" hspace=\"10\" \/><\/p>\n<p style=\"text-align: justify;\" align=\"LEFT\">\u00a0<\/p>\n<p style=\"text-align: justify;\" align=\"LEFT\">\u00a0<\/p>\n<p style=\"text-align: center;\" align=\"LEFT\"><span style=\"font-family: Arial, sans-serif;\"><span style=\"font-size: small;\"><span style=\"color: #1b1c20;\"><span style=\"font-size: 12pt;\">Il est probable que l\u2019on vous a d\u00e9j\u00e0 r\u00e9pondu par ces mots lorsque vous avez cherch\u00e9 \u00e0 sensibiliser quelqu\u2019un \u00e0 la r\u00e9alit\u00e9 de notre nature p\u00e9cheresse et au besoin d\u2019obtenir le pardon par J\u00e9sus-Christ, <span style=\"background-color: #ccffff;\"><em>car tous ont p\u00e9ch\u00e9 et sont priv\u00e9s de la gloire de Dieu ; et ils sont gratuitement justifi\u00e9s par sa gr\u00e2ce, par le moyen de la r\u00e9demption qui est en J\u00e9sus-Christ (Rm 3.23-24)<\/em><\/span>.<\/span> <\/span><\/span><\/span><\/p>\n<p style=\"text-align: center;\" align=\"LEFT\">\u00a0<\/p>\n<p style=\"text-align: center;\" align=\"LEFT\">\u00a0<\/p>\n<p style=\"text-align: justify;\" align=\"LEFT\"><!--more--><\/p>\n<p style=\"text-align: justify;\" align=\"LEFT\"><span style=\"font-family: Arial, sans-serif;\"><span style=\"font-size: small;\"><span style=\"color: #1b1c20;\"><strong><em><a href=\"\/wp-content\/uploads\/2016\/pdf2016\/Servir%201-2016%20-%20le%20p\u00e9ch\u00e9.pdf#page=3\" target=\"_blank\"><img loading=\"lazy\" decoding=\"async\" title=\"iconePDF\" src=\"\/wp-content\/uploads\/2011\/01\/iconePDF.jpg\" alt=\"\" width=\"81\" height=\"76\" align=\"right\" hspace=\"8\" vspace=\"8\" \/><\/a><\/em><\/strong><\/span><\/span><\/span><\/p>\n<p style=\"text-align: justify;\" align=\"LEFT\">\u00a0<\/p>\n<p style=\"text-align: justify;\" align=\"LEFT\"><span style=\"font-family: Arial, sans-serif;\"><span style=\"font-size: small;\"><span style=\"color: #1b1c20;\">Cela vient de ce que, dans le langage de M et Mme Tout-le-Monde, on a perdu la d\u00e9finition de ce qu\u2019est le p\u00e9ch\u00e9 \u2013 d\u2019ailleurs le mot m\u00eame, s\u2019il est encore employ\u00e9 par les non-croyants, sert surtout pour certaines formules o\u00f9 sa gravit\u00e9 est minimis\u00e9e : \u00ab J\u2019ai p\u00e9ch\u00e9 par omission ; c\u2019est mon p\u00e9ch\u00e9 mignon \u00bb. La dimension du mot dans son rapport \u00e0 Dieu n\u2019est plus per\u00e7ue. Dans notre soci\u00e9t\u00e9 s\u00e9cularis\u00e9e, ce ne sont que les actes entrainant des cons\u00e9quences p\u00e9nales qui sont consid\u00e9r\u00e9s comme gravissimes\u2026 et qui seront suivis de la recherche de circonstances att\u00e9nuantes ! <\/span><\/span><\/span><\/p>\n<p style=\"text-align: justify;\" align=\"LEFT\">\u00a0<\/p>\n<p style=\"text-align: justify;\" align=\"LEFT\"><span style=\"font-family: Arial, sans-serif;\"><span style=\"font-size: small;\"><span style=\"color: #1b1c20;\">Mais il faut sinc\u00e8rement nous poser la question de la compr\u00e9hension du p\u00e9ch\u00e9 dans nos \u00c9glises. N\u2019y-a-t-il pas l\u00e0 aussi une lente d\u00e9rive et perte de la notion de gravit\u00e9 ? Et, partant de l\u00e0, de perte de la notion de culpabilit\u00e9 qui minimise alors le besoin de pardon, de purification, de sanctification ? <\/span><\/span><\/span><\/p>\n<p style=\"text-align: justify;\" align=\"LEFT\"><span style=\"font-family: Arial, sans-serif;\"><span style=\"font-size: small;\"><span style=\"color: #1b1c20;\">On ne voit pas de mal \u00e0 faire des choses que tout le monde fait, dans le domaine moral, social, financier, etc. <\/span><\/span><\/span><\/p>\n<p style=\"text-align: justify;\" align=\"LEFT\">\u00a0<\/p>\n<p style=\"text-align: justify;\" align=\"LEFT\"><span style=\"font-family: Arial, sans-serif;\"><span style=\"font-size: small;\"><span style=\"color: #1b1c20;\">I<\/span><\/span><\/span><span style=\"font-family: Arial, sans-serif;\"><span style=\"font-size: small;\"><span style=\"color: #1b1c20;\">l est donc utile de nous pencher sur la question du p\u00e9ch\u00e9 dans la Bible : de son origine, de ses m\u00e9canismes, de sa gravit\u00e9\u2026, mais aussi des enjeux pour notre vie quotidienne et pour notre salut \u00e9ternel. <\/span><\/span><\/span><\/p>\n<p style=\"text-align: justify;\" align=\"LEFT\"><span style=\"font-family: Arial, sans-serif;\"><span style=\"font-size: small;\"><span style=\"color: #1b1c20;\">Puissent les articles de ce num\u00e9ro de \u00ab Servir en L\u2019attendant \u00bb vous \u00e9clairer, et l\u2019\u00e9tude de la Parole <span style=\"background-color: #ccffff;\"><em>(H\u00e9 4.12)<\/em><\/span> produire, par l\u2019Esprit saint, un renouveau dans votre relation \u00e0 Dieu et aux prochains !<\/span><\/span><\/span><\/p>\n<p style=\"text-align: justify;\" align=\"LEFT\">\u00a0<\/p>\n<p><img loading=\"lazy\" decoding=\"async\" class=\"size-full wp-image-9323 aligncenter\" src=\"\/wp-content\/uploads\/2016\/01\/epines.jpg\" alt=\"epines\" width=\"804\" height=\"282\" srcset=\"https:\/\/www.servir.caef.net\/wp-content\/uploads\/2016\/01\/epines.jpg 804w, https:\/\/www.servir.caef.net\/wp-content\/uploads\/2016\/01\/epines-300x105.jpg 300w, https:\/\/www.servir.caef.net\/wp-content\/uploads\/2016\/01\/epines-768x269.jpg 768w\" sizes=\"auto, (max-width: 804px) 100vw, 804px\" \/><\/p>\n<p>&nbsp;<\/p>\n<p>&nbsp;<\/p>\n","protected":false},"excerpt":{"rendered":"<p>Editorial du n\u00b01 Janvier-F\u00e9vrier-Mars 2016 \u00a0 &#8211; J\u2019ai pas tu\u00e9, j\u2019ai pas vol\u00e9\u2026 &#8211; &nbsp; &nbsp; Par Marcel Reutenauer &nbsp; \u00a0 \u00a0 Il est probable que l\u2019on vous a d\u00e9j\u00e0 r\u00e9pondu par ces mots lorsque vous avez cherch\u00e9 \u00e0 sensibiliser quelqu\u2019un \u00e0 la r\u00e9alit\u00e9 de notre nature p\u00e9cheresse et au besoin d\u2019obtenir le pardon par [&hellip;]<\/p>\n","protected":false},"author":22,"featured_media":0,"comment_status":"closed","ping_status":"closed","sticky":false,"template":"","format":"standard","meta":{"footnotes":""},"categories":[39,74,13],"tags":[],"class_list":["post-9320","post","type-post","status-publish","format-standard","hentry","category-editorial","category-peche","category-la-vie-de-leglise"],"_links":{"self":[{"href":"https:\/\/www.servir.caef.net\/index.php?rest_route=\/wp\/v2\/posts\/9320","targetHints":{"allow":["GET"]}}],"collection":[{"href":"https:\/\/www.servir.caef.net\/index.php?rest_route=\/wp\/v2\/posts"}],"about":[{"href":"https:\/\/www.servir.caef.net\/index.php?rest_route=\/wp\/v2\/types\/post"}],"author":[{"embeddable":true,"href":"https:\/\/www.servir.caef.net\/index.php?rest_route=\/wp\/v2\/users\/22"}],"replies":[{"embeddable":true,"href":"https:\/\/www.servir.caef.net\/index.php?rest_route=%2Fwp%2Fv2%2Fcomments&post=9320"}],"version-history":[{"count":0,"href":"https:\/\/www.servir.caef.net\/index.php?rest_route=\/wp\/v2\/posts\/9320\/revisions"}],"wp:attachment":[{"href":"https:\/\/www.servir.caef.net\/index.php?rest_route=%2Fwp%2Fv2%2Fmedia&parent=9320"}],"wp:term":[{"taxonomy":"category","embeddable":true,"href":"https:\/\/www.servir.caef.net\/index.php?rest_route=%2Fwp%2Fv2%2Fcategories&post=9320"},{"taxonomy":"post_tag","embeddable":true,"href":"https:\/\/www.servir.caef.net\/index.php?rest_route=%2Fwp%2Fv2%2Ftags&post=9320"}],"curies":[{"name":"wp","href":"https:\/\/api.w.org\/{rel}","templated":true}]}}