{"id":9326,"date":"2016-01-04T14:35:45","date_gmt":"2016-01-04T14:35:45","guid":{"rendered":"\/?p=9326"},"modified":"2018-06-22T15:26:51","modified_gmt":"2018-06-22T15:26:51","slug":"parler-du-peche-aujourdhui","status":"publish","type":"post","link":"https:\/\/www.servir.caef.net\/?p=9326","title":{"rendered":"Parler du p\u00e9ch\u00e9 aujourd\u2019hui ?"},"content":{"rendered":"<h1 style=\"text-align: center;\" align=\"LEFT\">Parler du p\u00e9ch\u00e9 aujourd\u2019hui ?<\/h1>\n<p>&nbsp;<\/p>\n<p><img loading=\"lazy\" decoding=\"async\" class=\"size-full wp-image-9327 aligncenter\" src=\"\/wp-content\/uploads\/2016\/02\/doux-dur.jpg\" alt=\"doux-dur\" width=\"802\" height=\"214\" srcset=\"https:\/\/www.servir.caef.net\/wp-content\/uploads\/2016\/02\/doux-dur.jpg 802w, https:\/\/www.servir.caef.net\/wp-content\/uploads\/2016\/02\/doux-dur-300x80.jpg 300w, https:\/\/www.servir.caef.net\/wp-content\/uploads\/2016\/02\/doux-dur-768x205.jpg 768w\" sizes=\"auto, (max-width: 802px) 100vw, 802px\" \/><\/p>\n<p>&nbsp;<\/p>\n<p>&nbsp;<\/p>\n<p align=\"LEFT\"><span style=\"font-family: Arial, sans-serif; font-size: 14pt;\"><span style=\"color: #1b1c20;\"><span style=\"color: #800000;\">Par Paul M.<\/span><strong><sub><span style=\"color: #800000;\">1<\/span> <\/sub><\/strong><\/span><\/span><\/p>\n<p align=\"LEFT\"><img loading=\"lazy\" decoding=\"async\" class=\"wp-image-9325 alignleft\" src=\"\/wp-content\/uploads\/2016\/02\/monclair.jpg\" alt=\"monclair\" width=\"150\" height=\"159\" \/><\/p>\n<p align=\"LEFT\">\u00a0<\/p>\n<p style=\"text-align: center;\" align=\"LEFT\"><span style=\"font-family: Arial, sans-serif;\"><span style=\"font-size: small;\"><span style=\"color: #1b1c20;\"><span style=\"font-size: 12pt;\">On entend souvent dire dans nos \u00c9glises que parler du p\u00e9ch\u00e9 devient de plus en plus difficile dans la soci\u00e9t\u00e9 actuelle. Pourtant, il suffit de regarder aux proph\u00e8tes de l\u2019Ancien Testament ou m\u00eame aux premiers chr\u00e9tiens pour se rendre compte que rien n\u2019est vraiment nouveau. Il semble n\u2019avoir jamais \u00e9t\u00e9 facile de mettre en lumi\u00e8re le p\u00e9ch\u00e9 de l\u2019homme.<\/span> <\/span><\/span><\/span><\/p>\n<p style=\"text-align: justify;\" align=\"LEFT\">\u00a0<\/p>\n<p style=\"text-align: justify;\" align=\"LEFT\">\u00a0<\/p>\n<p style=\"text-align: justify;\" align=\"LEFT\"><!--more--><\/p>\n<p style=\"text-align: justify;\" align=\"LEFT\">\u00a0<\/p>\n<p style=\"text-align: justify;\" align=\"LEFT\"><span style=\"font-family: Arial, sans-serif;\"><span style=\"font-size: small;\"><span style=\"color: #1b1c20;\"><strong><em><a href=\"\/wp-content\/uploads\/2016\/pdf2016\/Servir%201-2016%20-%20le%20p\u00e9ch\u00e9.pdf#page=30\" target=\"_blank\"><img loading=\"lazy\" decoding=\"async\" title=\"iconePDF\" src=\"\/wp-content\/uploads\/2011\/01\/iconePDF.jpg\" alt=\"\" width=\"81\" height=\"76\" align=\"right\" hspace=\"8\" vspace=\"8\" \/><\/a><\/em><\/strong>Ce qui est probl\u00e9matique, n\u00e9anmoins, c\u2019est que parler du p\u00e9ch\u00e9 devient parfois tabou pour certains chr\u00e9tiens. Il est bien \u00e9videmment plus confortable d\u2019\u00e9viter le sujet dans nos discussions avec ceux qui ne partagent pas notre foi en J\u00e9sus-Christ. D\u2019un autre c\u00f4t\u00e9, on entend aussi certains chr\u00e9tiens parler du p\u00e9ch\u00e9 d\u2019une mani\u00e8re qui ne correspond en rien \u00e0 l\u2019\u00c9vangile. Et si l\u2019on est honn\u00eate, on se retrouve parfois simplement d\u00e9courag\u00e9\u2026 <\/span><\/span><\/span><\/p>\n<p style=\"text-align: justify;\" align=\"LEFT\"><span style=\"font-family: Arial, sans-serif;\"><span style=\"font-size: small;\"><span style=\"color: #1b1c20;\"><b>Alors, pourquoi parler du p\u00e9ch\u00e9 aujourd\u2019hui ? Comment en parler ? Dans quel but ? <\/b><\/span><\/span><\/span><\/p>\n<p style=\"text-align: justify;\" align=\"LEFT\">\u00a0<\/p>\n<p style=\"text-align: justify;\" align=\"LEFT\">\u00a0<\/p>\n<p style=\"text-align: justify;\" align=\"LEFT\"><span style=\"font-family: Arial, sans-serif;\"><span style=\"font-size: small;\"><span style=\"color: #1b1c20;\"><b>1. Parler du p\u00e9ch\u00e9 : pour parler de l\u2019\u00c9vangile <\/b><\/span><\/span><\/span><\/p>\n<p style=\"text-align: justify;\" align=\"LEFT\">\u00a0<\/p>\n<p style=\"text-align: justify;\" align=\"LEFT\"><span style=\"font-family: Arial, sans-serif;\"><span style=\"font-size: small;\"><span style=\"color: #1b1c20;\">Pourquoi parler du p\u00e9ch\u00e9 ? Tout simplement parce que l\u2019\u00c9vangile nous enseigne que <\/span><span style=\"background-color: #ccffff;\"><em><span style=\"color: #1b1c20;\">tous ont p\u00e9ch\u00e9 et sont priv\u00e9s de la gloire de Dieu <\/span><span style=\"color: #1b1c20;\">(Rm 3.23). <\/span><\/em><\/span><\/span><\/span><\/p>\n<p style=\"text-align: justify;\" align=\"LEFT\"><span style=\"font-family: Arial, sans-serif;\"><span style=\"font-size: small;\"><span style=\"color: #1b1c20;\">\u00c0 cause de son p\u00e9ch\u00e9, l\u2019homme est priv\u00e9 de son bien le plus pr\u00e9cieux : il est s\u00e9par\u00e9 de Dieu, son cr\u00e9ateur. La col\u00e8re de Dieu repose sur l\u2019homme p\u00e9cheur. C\u2019est une r\u00e9alit\u00e9 qui sera encore actuelle jusqu\u2019au retour de Christ, et il est crucial pour l\u2019\u00c9glise d\u2019aujourd\u2019hui d\u2019en saisir l\u2019enjeu. <\/span><\/span><\/span><\/p>\n<p style=\"text-align: justify;\" align=\"LEFT\"><span style=\"font-family: Arial, sans-serif;\"><span style=\"font-size: small;\"><span style=\"color: #1b1c20;\">L\u2019homme d\u2019aujourd\u2019hui n\u2019est pas simplement moralement mauvais, mais il est mort dans son p\u00e9ch\u00e9. Ce dont l\u2019homme a besoin va donc bien au-del\u00e0 d\u2019un changement de valeurs \u00e9thiques ou d\u2019estime de soi, l\u2019homme a besoin d\u2019un changement de coeur. Seul l\u2019\u00c9vangile de J\u00e9sus-Christ peut sauver le p\u00e9cheur perdu et lui donner un coeur nouveau. <\/span><\/span><\/span><\/p>\n<p style=\"text-align: justify;\" align=\"LEFT\"><span style=\"font-family: Arial, sans-serif;\"><span style=\"font-size: small;\"><span style=\"color: #1b1c20;\">Pour pouvoir parler de la bonne nouvelle de l\u2019\u00c9vangile, il faut \u00e0 un moment ou un autre parler du p\u00e9ch\u00e9, pour qu\u2019une prise de conscience de notre \u00e9tat de p\u00e9cheur soit rendue possible. Il faut parler du p\u00e9ch\u00e9 pour expliquer la gr\u00e2ce de Dieu qui sauve. Il nous faut <\/span><span style=\"color: #1b1c20;\"><i>parler du p\u00e9ch\u00e9, pour parler de l\u2019\u00c9vangile. <\/i><\/span><\/span><\/span><\/p>\n<p style=\"text-align: justify;\" align=\"LEFT\">\u00a0<\/p>\n<p style=\"text-align: justify;\" align=\"LEFT\">\u00a0<\/p>\n<p style=\"text-align: justify;\" align=\"LEFT\"><span style=\"font-family: Arial, sans-serif;\"><span style=\"font-size: small;\"><span style=\"color: #1b1c20;\"><b>2. Parler du p\u00e9ch\u00e9 : en mettant en pratique l\u2019\u00c9vangile <\/b><\/span><\/span><\/span><\/p>\n<p style=\"text-align: justify;\" align=\"LEFT\">\u00a0<\/p>\n<p style=\"text-align: justify;\" align=\"LEFT\"><span style=\"font-family: Arial, sans-serif;\"><span style=\"font-size: small;\"><span style=\"color: #1b1c20;\">Un v\u00e9ritable danger pour les chr\u00e9tiens est de parler du p\u00e9ch\u00e9 avec m\u00e9chancet\u00e9 et un esprit de jugement. J\u2019ose utiliser ces termes forts. Pourquoi sommes-nous si rapides \u00e0 oublier que nous \u00e9tions aussi des leurs ? Si nous connaissons Dieu, c\u2019est uniquement parce que J\u00e9sus est mort pour nous alors que nous \u00e9tions encore p\u00e9cheurs. Cela devrait nous pousser \u00e0<\/span> <span style=\"color: #1b1c20;\">parler du p\u00e9ch\u00e9 avec gr\u00e2ce, amour et compassion, sachant que le p\u00e9ch\u00e9 blesse profond\u00e9ment ceux qui sont encore sous son esclavage. <\/span><\/span><\/span><\/p>\n<p style=\"text-align: justify;\" align=\"LEFT\"><span style=\"font-family: Arial, sans-serif;\"><span style=\"font-size: small;\"><span style=\"color: #1b1c20;\">L\u2019ap\u00f4tre Pierre nous encourage donc \u00e0 partager l\u2019esp\u00e9rance de l\u2019\u00c9vangile avec <\/span><em><span style=\"color: #1b1c20; background-color: #ccffff;\">douceur et respect <\/span><\/em><span style=\"color: #1b1c20;\"><em><span style=\"background-color: #ccffff;\">(1 P 3.15-16)<\/span><\/em>. <\/span><\/span><\/span><\/p>\n<p style=\"text-align: justify;\" align=\"LEFT\"><span style=\"font-family: Arial, sans-serif;\"><span style=\"font-size: small;\"><span style=\"color: #1b1c20;\">Aujourd\u2019hui, beaucoup de personnes sont pr\u00eates \u00e0 entendre nos convictions si notre attitude est celle du respect. On peut \u00eatre d\u2019accord ou ne pas \u00eatre d\u2019accord. On peut se respecter m\u00eame avec des convictions diff\u00e9rentes, si l\u2019on n\u2019attaque pas la personne dans nos propos. <\/span><\/span><\/span><\/p>\n<p style=\"text-align: justify;\" align=\"LEFT\"><span style=\"font-family: Arial, sans-serif;\"><span style=\"font-size: small;\"><span style=\"color: #1b1c20;\">Parler avec respect, c\u2019est accepter l\u2019individu dans sa personne et son choix. Dans l\u2019\u00c9vangile de Luc, J\u00e9sus parle aux disciples, qui avaient cette tendance \u00e0 juger rapidement. Il leur rappelle qu\u2019il n\u2019est <\/span><span style=\"background-color: #ccffff;\"><em><span style=\"color: #1b1c20;\">pas venu pour perdre les \u00e2mes des hommes, mais pour les sauver <\/span><\/em><\/span><span style=\"color: #1b1c20;\"><span style=\"background-color: #ccffff;\"><em>(Lc 9.51-56)<\/em><\/span>. J\u00e9sus part ensuite de la ville qui le rejette tout en respectant son choix. Il nous faut <\/span><span style=\"color: #1b1c20;\"><i>parler du p\u00e9ch\u00e9, en mettant en pratique l\u2019\u00c9vangile. <\/i><\/span><\/span><\/span><\/p>\n<p style=\"text-align: justify;\" align=\"LEFT\">\u00a0<\/p>\n<p style=\"text-align: justify;\" align=\"LEFT\">\u00a0<\/p>\n<p style=\"text-align: justify;\" align=\"LEFT\"><span style=\"font-family: Arial, sans-serif;\"><span style=\"font-size: small;\"><span style=\"color: #1b1c20;\"><b>3. Parler du p\u00e9ch\u00e9 : avec foi dans la puissance de l\u2019\u00c9vangile <\/b><\/span><\/span><\/span><\/p>\n<p style=\"text-align: justify;\" align=\"LEFT\">\u00a0<\/p>\n<p style=\"text-align: justify;\" align=\"LEFT\"><span style=\"font-family: Arial, sans-serif;\"><span style=\"font-size: small;\"><span style=\"color: #1b1c20;\">Le pasteur am\u00e9ricain Timothy Keller aime r\u00e9sumer le message de l\u2019\u00c9vangile ainsi : \u00ab J\u00e9sus est venu sauver des p\u00e9cheurs. \u00bb Et j\u2019ai une bonne nouvelle pour nous, l\u2019\u00c9vangile est le m\u00eame aujourd\u2019hui qu\u2019au temps des premiers ap\u00f4tres. L\u2019\u00c9vangile a encore aujourd\u2019hui la puissance de sauver des p\u00e9cheurs ! L\u2019\u00c9vangile est toujours la <\/span><span style=\"background-color: #ccffff;\"><em><span style=\"color: #1b1c20;\">puissance de Dieu pour tout homme qui croit<\/span><span style=\"color: #1b1c20;\">. (Rm 1.16) <\/span><\/em><\/span><\/span><\/span><\/p>\n<p style=\"text-align: justify;\" align=\"LEFT\"><span style=\"font-family: Arial, sans-serif;\"><span style=\"font-size: small;\"><span style=\"color: #1b1c20;\">Parfois, \u00e0 force de faire face \u00e0 l\u2019opposition, aux moqueries ou \u00e0 l\u2019indiff\u00e9rence de nos amis ou famille, on a tendance \u00e0 capituler et laisser la flamme s\u2019\u00e9teindre dans nos coeurs pour l\u2019\u00e9vang\u00e9lisation. <\/span><\/span><\/span><\/p>\n<p style=\"text-align: justify;\" align=\"LEFT\"><span style=\"font-family: Arial, sans-serif;\"><span style=\"font-size: small;\"><span style=\"color: #1b1c20;\">Si aujourd\u2019hui nous osons parler du p\u00e9ch\u00e9 aux gens, c\u2019est que nous croyons encore que l\u2019\u00c9vangile a la puissance pour les sauver du p\u00e9ch\u00e9 ! Dieu l\u2019a fait pour nous en J\u00e9sus-Christ, pourquoi ne le ferait-il pas pour eux ? <\/span><\/span><\/span><\/p>\n<p style=\"text-align: justify;\" align=\"LEFT\"><span style=\"font-family: Arial, sans-serif;\"><span style=\"font-size: small;\"><span style=\"color: #1b1c20;\">Dieu d\u00e9sire aujourd\u2019hui ranimer cette flamme dans nos coeurs par son Saint- Esprit et l\u2019amour ardent de Christ. Il nous faut <\/span><span style=\"color: #1b1c20;\"><i>parler du p\u00e9ch\u00e9, avec foi dans la puissance de l\u2019\u00c9vangile. <\/i><\/span><\/span><\/span><\/p>\n<p style=\"text-align: justify;\" align=\"LEFT\">\u00a0<\/p>\n<p style=\"text-align: justify;\" align=\"LEFT\">\u00a0<\/p>\n<p style=\"text-align: justify;\" align=\"LEFT\"><span style=\"font-family: Arial, sans-serif;\"><span style=\"font-size: small;\"><span style=\"color: #1b1c20;\"><b>4. La Parole de Dieu nous lance donc un appel clair \u00e0 parler du p\u00e9ch\u00e9 aujourd\u2019hui <\/b><\/span><\/span><\/span><\/p>\n<p style=\"text-align: justify;\" align=\"LEFT\">\u00a0<\/p>\n<p style=\"text-align: justify;\" align=\"LEFT\"><span style=\"font-family: Arial, sans-serif;\"><span style=\"font-size: small;\"><span style=\"color: #1b1c20;\">\u00c0 en parler pour parler du glorieux message de l\u2019\u00c9vangile, \u00e0 parler du p\u00e9ch\u00e9 tout en mettant en pratique l\u2019\u00c9vangile dans notre attitude envers ceux qui ne partagent pas encore notre foi en J\u00e9sus- Christ, et finalement, \u00e0 parler du p\u00e9ch\u00e9 avec foi que l\u2019\u00c9vangile a la puissance de sauver des p\u00e9cheurs encore aujourd\u2019hui. Prions que le Seigneur nous remplisse d\u2019amour et d\u2019audace pour continuer \u00e0 proclamer la bonne nouvelle de l\u2019\u00c9vangile aujourd\u2019hui.<\/span><\/span><\/span><\/p>\n<hr \/>\n<p style=\"text-align: justify;\" align=\"LEFT\">NOTE<\/p>\n<p style=\"text-align: justify;\" align=\"LEFT\">\u00a0<\/p>\n<p style=\"text-align: justify;\" align=\"LEFT\"><span style=\"font-family: Arial, sans-serif;\"><span style=\"font-size: small;\"><span style=\"color: #1b1c20;\"><strong>1.<\/strong> \u00c9vang\u00e9liste avec France \u00c9vang\u00e9lisation, dans le Sud-Ouest. http:\/\/www.france-evangelisation.com\/<\/span><\/span><\/span><\/p>\n","protected":false},"excerpt":{"rendered":"<p>Parler du p\u00e9ch\u00e9 aujourd\u2019hui ? &nbsp; &nbsp; &nbsp; Par Paul M.1 \u00a0 On entend souvent dire dans nos \u00c9glises que parler du p\u00e9ch\u00e9 devient de plus en plus difficile dans la soci\u00e9t\u00e9 actuelle. Pourtant, il suffit de regarder aux proph\u00e8tes de l\u2019Ancien Testament ou m\u00eame aux premiers chr\u00e9tiens pour se rendre compte que rien n\u2019est [&hellip;]<\/p>\n","protected":false},"author":322,"featured_media":0,"comment_status":"closed","ping_status":"closed","sticky":false,"template":"","format":"standard","meta":{"footnotes":""},"categories":[8,69,41,74],"tags":[],"class_list":["post-9326","post","type-post","status-publish","format-standard","hentry","category-evangelisation","category-grace","category-lhomme","category-peche"],"_links":{"self":[{"href":"https:\/\/www.servir.caef.net\/index.php?rest_route=\/wp\/v2\/posts\/9326","targetHints":{"allow":["GET"]}}],"collection":[{"href":"https:\/\/www.servir.caef.net\/index.php?rest_route=\/wp\/v2\/posts"}],"about":[{"href":"https:\/\/www.servir.caef.net\/index.php?rest_route=\/wp\/v2\/types\/post"}],"author":[{"embeddable":true,"href":"https:\/\/www.servir.caef.net\/index.php?rest_route=\/wp\/v2\/users\/322"}],"replies":[{"embeddable":true,"href":"https:\/\/www.servir.caef.net\/index.php?rest_route=%2Fwp%2Fv2%2Fcomments&post=9326"}],"version-history":[{"count":0,"href":"https:\/\/www.servir.caef.net\/index.php?rest_route=\/wp\/v2\/posts\/9326\/revisions"}],"wp:attachment":[{"href":"https:\/\/www.servir.caef.net\/index.php?rest_route=%2Fwp%2Fv2%2Fmedia&parent=9326"}],"wp:term":[{"taxonomy":"category","embeddable":true,"href":"https:\/\/www.servir.caef.net\/index.php?rest_route=%2Fwp%2Fv2%2Fcategories&post=9326"},{"taxonomy":"post_tag","embeddable":true,"href":"https:\/\/www.servir.caef.net\/index.php?rest_route=%2Fwp%2Fv2%2Ftags&post=9326"}],"curies":[{"name":"wp","href":"https:\/\/api.w.org\/{rel}","templated":true}]}}