{"id":9588,"date":"2015-04-08T09:50:53","date_gmt":"2015-04-08T09:50:53","guid":{"rendered":"\/?p=9588"},"modified":"2016-11-08T09:57:15","modified_gmt":"2016-11-08T09:57:15","slug":"in-memoriam-maurice-fourel","status":"publish","type":"post","link":"https:\/\/www.servir.caef.net\/?p=9588","title":{"rendered":"In memoriam &#8211; Maurice Fourel"},"content":{"rendered":"<p><img loading=\"lazy\" decoding=\"async\" class=\"size-full wp-image-8567 aligncenter\" src=\"\/wp-content\/uploads\/2011\/07\/in-memoriam.gif\" alt=\"in-memoriam\" width=\"301\" height=\"62\" \/><\/p>\n<p>&nbsp;<\/p>\n<p>&nbsp;<\/p>\n<h1 style=\"text-align: center;\">Maurice Fourel<\/h1>\n<p>&nbsp;<\/p>\n<h3 style=\"text-align: center;\">\u00a0<\/h3>\n<p><img loading=\"lazy\" decoding=\"async\" class=\"wp-image-9589 aligncenter\" src=\"\/wp-content\/uploads\/2016\/11\/fourel.jpg\" alt=\"fourel\" width=\"156\" height=\"246\" srcset=\"https:\/\/www.servir.caef.net\/wp-content\/uploads\/2016\/11\/fourel.jpg 198w, https:\/\/www.servir.caef.net\/wp-content\/uploads\/2016\/11\/fourel-190x300.jpg 190w\" sizes=\"auto, (max-width: 156px) 100vw, 156px\" \/><\/p>\n<p style=\"text-align: center;\" align=\"LEFT\">\u00a0<\/p>\n<h3 style=\"text-align: center;\" align=\"LEFT\">le 27 f\u00e9vrier 2015<\/h3>\n<p style=\"text-align: justify;\" align=\"LEFT\">\u00a0<\/p>\n<p style=\"text-align: center;\" align=\"LEFT\"><span style=\"font-family: Arial, sans-serif;\"><span style=\"font-size: small;\"><span style=\"color: #000000;\"><i>Condens\u00e9 de l\u2019intervention de David Sutherland lors du culte d\u2019adieu <\/i><\/span><\/span><\/span><\/p>\n<p style=\"text-align: justify;\" align=\"LEFT\">\u00a0<\/p>\n<p style=\"text-align: center;\" align=\"LEFT\"><span style=\"font-family: Arial, sans-serif;\"><span style=\"font-size: small;\"><span style=\"color: #4d4d4d;\">Maurice Fourel \u00e9tait l\u2019a\u00een\u00e9 de 6 enfants. Il s\u2019est converti lors d\u2019un camp \u00e0 l\u2019Hermon, au Chambon-sur-Lignon. C\u2019est \u00e0 l\u2019Hermon d\u2019ailleurs qu\u2019il a rencontr\u00e9 une certaine Liliane, une jeune ni\u00e7oise, qui est venue au camp gr\u00e2ce \u00e0 son pasteur \u00e0 Nice, Gaston Racine ! <\/span><\/span><\/span><\/p>\n<p style=\"text-align: justify;\" align=\"LEFT\">\u00a0<!--more--><\/p>\n<p style=\"text-align: justify;\" align=\"LEFT\"><span style=\"font-family: Arial, sans-serif;\"><span style=\"font-size: small;\"><span style=\"color: #000000;\"><strong><em><a href=\"\/wp-content\/uploads\/2015\/pdf2015\/Servir%202-2015.pdf#page=24\" target=\"_blank\"><img loading=\"lazy\" decoding=\"async\" title=\"iconePDF\" src=\"\/wp-content\/uploads\/2011\/01\/iconePDF.jpg\" alt=\"\" width=\"81\" height=\"76\" align=\"right\" hspace=\"8\" vspace=\"8\" \/><\/a><\/em><\/strong>Apr\u00e8s son service en Alg\u00e9rie, Maurice et Liliane se sont mari\u00e9s. Marc Ernst a offici\u00e9 au mariage dans l\u2019\u00c9glise de la rue Dunoir \u00e0 Lyon. Nous sommes en novembre 1959. De cette union sont n\u00e9s trois enfants : Arlette, Jean-Paul et Patricia. Maurice \u00e9tait grand-p\u00e8re de 4 petits-enfants\u2026 Maurice et Liliane ont f\u00eat\u00e9 leurs 55 ans de mariage il y a 4 mois\u2026 <\/span><\/span><\/span><\/p>\n<p style=\"text-align: justify;\" align=\"LEFT\">\u00a0<\/p>\n<p style=\"text-align: justify;\" align=\"LEFT\"><span style=\"font-family: Arial, sans-serif;\"><span style=\"font-size: small;\"><span style=\"color: #000000;\">Maurice a travaill\u00e9 comme fraiseur \u00e0 l\u2019usine Berliet \u00e0 V\u00e9nissieux, mais il aimait aussi les chiffres. <\/span><\/span><\/span><\/p>\n<p style=\"text-align: justify;\" align=\"LEFT\"><span style=\"font-family: Arial, sans-serif;\"><span style=\"font-size: small;\"><span style=\"color: #000000;\">Tr\u00e8s fort en calcul mental et ayant une tr\u00e8s bonne m\u00e9moire, il a suivi des cours de comptabilit\u00e9 tout en travaillant \u00e0 l\u2019usine. <\/span><\/span><\/span><\/p>\n<p style=\"text-align: justify;\" align=\"LEFT\">\u00a0<\/p>\n<p style=\"text-align: justify;\" align=\"LEFT\"><span style=\"font-family: Arial, sans-serif;\"><span style=\"font-size: small;\"><span style=\"color: #000000;\">La scoliose dont il a souffert pendant la guerre d\u2019Alg\u00e9rie s\u2019est aggrav\u00e9e pendant le travail \u00e0 l\u2019usine. <\/span><\/span><\/span><\/p>\n<p style=\"text-align: justify;\" align=\"LEFT\">\u00a0<\/p>\n<p style=\"text-align: justify;\" align=\"LEFT\"><span style=\"font-family: Arial, sans-serif;\"><span style=\"font-size: small;\"><span style=\"color: #000000;\">Il demanda de travailler au bureau \u00e9tant donn\u00e9 ses connaissances en comptabilit\u00e9 et cette demande a \u00e9t\u00e9 accept\u00e9e. <\/span><\/span><\/span><\/p>\n<p style=\"text-align: justify;\" align=\"LEFT\">\u00a0<\/p>\n<p style=\"text-align: justify;\" align=\"LEFT\"><span style=\"font-family: Arial, sans-serif;\"><span style=\"font-size: small;\"><span style=\"color: #000000;\">Conduit par Dieu, le couple Fourel a quitt\u00e9 l\u2019\u00c9glise de la rue Dunoir pour en fonder une autre \u00e0 St-Priest. Ils ont commenc\u00e9 \u00e0 se r\u00e9unir dans des foyers, puis dans des salles de la Mairie pour enfin acheter &#8211; en 1990 &#8211; les locaux actuels. Dans cette t\u00e2che immense, ils ont \u00e9t\u00e9 aid\u00e9s de plusieurs personnes &#8211; dont les Losti et plusieurs missionnaires am\u00e9ricains\u2026 les Foreman<\/span><span style=\"color: #000000;\">, <\/span><span style=\"color: #000000;\">Pavey, Walsh, Stuart parmi d\u2019autres. <\/span><\/span><\/span><\/p>\n<p style=\"text-align: justify;\" align=\"LEFT\">\u00a0<\/p>\n<p style=\"text-align: justify;\" align=\"LEFT\"><span style=\"font-family: Arial, sans-serif;\"><span style=\"font-size: small;\"><span style=\"color: #000000;\">Maurice et Liliane ont aussi particip\u00e9 aux d\u00e9buts de l\u2019\u00c9glise de Villefontaine. <\/span><\/span><\/span><\/p>\n<p style=\"text-align: justify;\" align=\"LEFT\">\u00a0<\/p>\n<p style=\"text-align: justify;\" align=\"LEFT\"><span style=\"font-family: Arial, sans-serif;\"><span style=\"font-size: small;\"><span style=\"color: #000000;\">Ancien de l\u2019\u00c9glise de St-Priest, Maurice gardait ses pr\u00e9dications soigneusement class\u00e9es et conserv\u00e9es dans des cartons chez Liliane\u2026 Il avait aussi la bonne habitude de prier pour chaque personne qui fr\u00e9quentait cette \u00c9glise par son nom \u2013 quel que soit son \u00e2ge\u2026 <\/span><\/span><\/span><\/p>\n<p style=\"text-align: justify;\" align=\"LEFT\">\u00a0<\/p>\n<p style=\"text-align: justify;\" align=\"LEFT\"><span style=\"font-family: Arial, sans-serif;\"><span style=\"font-size: small;\"><span style=\"color: #000000;\">Il lisait la Bible tous les jours ; il emportait un N.T. de poche \u00e0 l\u2019usine et il lisait pendant des moments creux. Maurice aimait le Seigneur. Il aimait l\u2019\u00c9glise\u2026 Il aimait son \u00c9glise\u2026 Il aimait les \u00c9glises\u2026 <\/span><\/span><\/span><\/p>\n<p style=\"text-align: justify;\" align=\"LEFT\">\u00a0<\/p>\n<p style=\"text-align: justify;\" align=\"LEFT\"><span style=\"font-family: Arial, sans-serif;\"><span style=\"font-size: small;\"><span style=\"color: #000000;\">\u00c9tant donn\u00e9 son amour des chiffres, il a servi sa famille d\u2019\u00c9glises &#8211; les CAEF &#8211; en tant qu\u2019administrateur financier. Il a accompli ce minist\u00e8re pendant une vingtaine d\u2019ann\u00e9es de mani\u00e8re totalement b\u00e9n\u00e9vole et d\u00e9sint\u00e9ress\u00e9e\u2026 Il s\u2019occupait des affiliations des pasteurs CAEF \u00e0 la CAVIMAC, il s\u2019occupait de payer les salaires des pasteurs CAEF\u2026, il transmettait des dons aussi\u2026 Rappelezvous : tout se faisait \u00e0 la main\u2026 Pas encore d\u2019ordinateurs\u2026 Maurice a effectu\u00e9 une masse de travail \u00e9norme. Il \u00e9tait tr\u00e8s ordonn\u00e9, consciencieux et m\u00e9ticuleux\u2026 Tous les registres, avec son \u00e9criture impeccable, sont conserv\u00e9s au bureau de l\u2019Entente \u00c9vang\u00e9lique des CAEF \u00e0 Valence. <\/span><\/span><\/span><\/p>\n<p style=\"text-align: justify;\" align=\"LEFT\">\u00a0<\/p>\n<p style=\"text-align: justify;\" align=\"LEFT\"><span style=\"font-family: Arial, sans-serif;\"><span style=\"font-size: small;\"><span style=\"color: #000000;\">Aujourd\u2019hui encore, s\u2019il y a besoin de renseignements sur un pasteur qui a commenc\u00e9 son minist\u00e8re dans les CAEF dans les ann\u00e9es 80, toutes les donn\u00e9es peuvent \u00eatre retrouv\u00e9es sans difficult\u00e9 : les dossiers \u00e9taient class\u00e9s avec une pr\u00e9cision parfaite dans des cartons ! <\/span><\/span><\/span><\/p>\n<p style=\"text-align: justify;\" align=\"LEFT\">\u00a0<\/p>\n<p style=\"text-align: justify;\" align=\"LEFT\"><span style=\"font-family: Arial, sans-serif;\"><span style=\"font-size: small;\"><span style=\"color: #000000;\">Maurice \u00e9tait dot\u00e9 d\u2019une tr\u00e8s bonne m\u00e9moire ; il se souvenait des noms et des pr\u00e9noms de chacun. Souvent il appelait tel serviteur pour prendre des nouvelles, demander des sujets de pri\u00e8re &#8211; malgr\u00e9 le co\u00fbt des communications t\u00e9l\u00e9phoniques \u00e0 l\u2019\u00e9poque. <\/span><\/span><\/span><\/p>\n<p style=\"text-align: justify;\" align=\"LEFT\">\u00a0<\/p>\n<p style=\"text-align: justify;\" align=\"LEFT\"><span style=\"font-family: Arial, sans-serif;\"><span style=\"font-size: small;\"><span style=\"color: #000000;\">M\u00eame il y a quelques mois, il le faisait\u2026 Un pasteur a dit : \u00ab Ses appels \u00e9taient toujours \u00e9difiants et encourageants. \u00bb Il faisait tout cela pour le Seigneur\u2026 sans aucun d\u00e9dommagement ! <\/span><\/span><\/span><\/p>\n<p style=\"text-align: justify;\" align=\"LEFT\">\u00a0<\/p>\n<p style=\"text-align: justify;\" align=\"LEFT\"><span style=\"font-family: Arial, sans-serif;\"><span style=\"font-size: small;\"><span style=\"color: #000000;\">Maurice restera dans nos m\u00e9moires comme un homme rempli de sagesse, d\u2019amour, de z\u00e8le et du Saint-Esprit. <\/span><\/span><\/span><\/p>\n<p style=\"text-align: justify;\" align=\"LEFT\">\u00a0<\/p>\n<p style=\"text-align: justify;\" align=\"LEFT\"><span style=\"font-family: Arial, sans-serif;\"><span style=\"font-size: small;\"><span style=\"color: #000000;\">Marqu\u00e9 par une certaine sensibilit\u00e9, il lui est arriv\u00e9 de pleurer parfois quand il voyait les d\u00e9g\u00e2ts que le diable causait dans certaines \u00c9glises\u2026 <\/span><\/span><\/span><\/p>\n<p style=\"text-align: justify;\" align=\"LEFT\">\u00a0<\/p>\n<p style=\"text-align: justify;\" align=\"LEFT\"><span style=\"font-family: Arial, sans-serif;\"><span style=\"font-size: small;\"><span style=\"color: #000000;\">L\u2019ap\u00f4tre Paul a dit \u00e0 Archippe son ami : <\/span><span style=\"color: #000000;\"><i>Veille sur le minist\u00e8re que tu as re\u00e7u de la part du Seigneur, accomplis-le avec fid\u00e9lit\u00e9 et de tout ton coeur. <\/i><\/span><span style=\"color: #000000;\">Maurice Fourel a veill\u00e9 sur son minist\u00e8re, il a veill\u00e9 sur celui des autres\u2026 Maurice a accompli son minist\u00e8re avec fid\u00e9lit\u00e9 et de tout son coeur\u2026 Qui parmi nous va suivre son exemple ? <\/span><\/span><\/span><\/p>\n<p style=\"text-align: justify;\" align=\"LEFT\">\u00a0<\/p>\n<h2 style=\"text-align: center;\" align=\"LEFT\">T\u00e9moignages d\u2019amis au loin<\/h2>\n<p style=\"text-align: justify;\" align=\"LEFT\">\u00a0<\/p>\n<p style=\"text-align: justify;\" align=\"LEFT\"><span style=\"font-family: Arial, sans-serif;\"><span style=\"font-size: small;\"><span style=\"color: #4d4d4d;\">\u00ab Maurice a toujours \u00e9t\u00e9 un tr\u00e8s bon ami. Il n\u2019\u00e9tait pas un homme compliqu\u00e9\u2026 Et quel travailleur !\u00bb <\/span><\/span><\/span><\/p>\n<p style=\"text-align: justify;\" align=\"LEFT\"><span style=\"font-family: Arial, sans-serif;\"><span style=\"font-size: small;\"><span style=\"color: #4d4d4d;\"><i>David Pavey Ancien \u00e0 St-Priest dans les ann\u00e9es 70 <\/i><\/span><\/span><\/span><\/p>\n<p style=\"text-align: justify;\" align=\"LEFT\">\u00a0<\/p>\n<p style=\"text-align: justify;\" align=\"LEFT\"><span style=\"font-family: Arial, sans-serif;\"><span style=\"font-size: small;\"><span style=\"color: #4d4d4d;\">\u00ab Nous avons perdu un cher fr\u00e8re qui a \u00e9t\u00e9 tellement fid\u00e8le\u2026 \u00bb <\/span><\/span><\/span><\/p>\n<p style=\"text-align: justify;\" align=\"LEFT\"><span style=\"font-family: Arial, sans-serif;\"><span style=\"font-size: small;\"><span style=\"color: #4d4d4d;\"><i>Koeun et K\u00e4thy Path <\/i><\/span><\/span><\/span><\/p>\n<p style=\"text-align: justify;\" align=\"LEFT\">\u00a0<\/p>\n<p style=\"text-align: justify;\" align=\"LEFT\"><span style=\"font-family: Arial, sans-serif;\"><span style=\"font-size: small;\"><span style=\"color: #4d4d4d;\">\u00ab Maurice a \u00e9t\u00e9 une grande b\u00e9n\u00e9diction pour nous. Il nous a beaucoup aid\u00e9s pendant notre minist\u00e8re &#8211; toujours serviable, toujours pr\u00eat \u00e0 aller plus loin pour nous. Nous avons \u00e9t\u00e9 touch\u00e9s par sa vie \u00bb. <\/span><\/span><\/span><\/p>\n<p style=\"text-align: justify;\" align=\"LEFT\"><span style=\"font-family: Arial, sans-serif;\"><span style=\"font-size: small;\"><span style=\"color: #4d4d4d;\"><i>David et Jeanne Goold<\/i><\/span><\/span><\/span><\/p>\n","protected":false},"excerpt":{"rendered":"<p>&nbsp; &nbsp; Maurice Fourel &nbsp; \u00a0 \u00a0 le 27 f\u00e9vrier 2015 \u00a0 Condens\u00e9 de l\u2019intervention de David Sutherland lors du culte d\u2019adieu \u00a0 Maurice Fourel \u00e9tait l\u2019a\u00een\u00e9 de 6 enfants. Il s\u2019est converti lors d\u2019un camp \u00e0 l\u2019Hermon, au Chambon-sur-Lignon. C\u2019est \u00e0 l\u2019Hermon d\u2019ailleurs qu\u2019il a rencontr\u00e9 une certaine Liliane, une jeune ni\u00e7oise, qui est [&hellip;]<\/p>\n","protected":false},"author":27,"featured_media":0,"comment_status":"closed","ping_status":"closed","sticky":false,"template":"","format":"standard","meta":{"footnotes":""},"categories":[15],"tags":[],"class_list":["post-9588","post","type-post","status-publish","format-standard","hentry","category-in-memoriam"],"_links":{"self":[{"href":"https:\/\/www.servir.caef.net\/index.php?rest_route=\/wp\/v2\/posts\/9588","targetHints":{"allow":["GET"]}}],"collection":[{"href":"https:\/\/www.servir.caef.net\/index.php?rest_route=\/wp\/v2\/posts"}],"about":[{"href":"https:\/\/www.servir.caef.net\/index.php?rest_route=\/wp\/v2\/types\/post"}],"author":[{"embeddable":true,"href":"https:\/\/www.servir.caef.net\/index.php?rest_route=\/wp\/v2\/users\/27"}],"replies":[{"embeddable":true,"href":"https:\/\/www.servir.caef.net\/index.php?rest_route=%2Fwp%2Fv2%2Fcomments&post=9588"}],"version-history":[{"count":0,"href":"https:\/\/www.servir.caef.net\/index.php?rest_route=\/wp\/v2\/posts\/9588\/revisions"}],"wp:attachment":[{"href":"https:\/\/www.servir.caef.net\/index.php?rest_route=%2Fwp%2Fv2%2Fmedia&parent=9588"}],"wp:term":[{"taxonomy":"category","embeddable":true,"href":"https:\/\/www.servir.caef.net\/index.php?rest_route=%2Fwp%2Fv2%2Fcategories&post=9588"},{"taxonomy":"post_tag","embeddable":true,"href":"https:\/\/www.servir.caef.net\/index.php?rest_route=%2Fwp%2Fv2%2Ftags&post=9588"}],"curies":[{"name":"wp","href":"https:\/\/api.w.org\/{rel}","templated":true}]}}